{"id":10567,"date":"2022-01-23T20:52:26","date_gmt":"2022-01-23T19:52:26","guid":{"rendered":"https:\/\/takbrzmimiasto.pl\/?p=10567"},"modified":"2023-02-23T00:01:58","modified_gmt":"2023-02-22T23:01:58","slug":"najbardziej-zapracowana-perkusistka-w-polsce-wywiad-z-wiktoria-jakubowska","status":"publish","type":"post","link":"https:\/\/takbrzmimiasto.pl\/en\/najbardziej-zapracowana-perkusistka-w-polsce-wywiad-z-wiktoria-jakubowska\/","title":{"rendered":"\u201cNajbardziej zapracowana perkusistka w Polsce\u201d \u2013 wywiad z Wiktori\u0105 Jakubowsk\u0105"},"content":{"rendered":"<p><strong>Uwa\u017cacie, \u017ce ilo\u015b\u0107 muzycznych projekt\u00f3w was przerasta? Nie znajdujecie czasu na kolejne pr\u00f3by z zespo\u0142em? Zaczynacie zastanawia\u0107 si\u0119 czy nie sprzeda\u0107 mieszkania, bo wi\u0119kszo\u015b\u0107 czasu i tak sp\u0119dzacie w trasie? Poznajcie Wiktori\u0119 Jakubowsk\u0105, perkusistk\u0119 wsp\u00f3\u0142pracuj\u0105c\u0105 mi\u0119dzy innymi z Kara\u015b\/Rogucki, Ralphem Kami\u0144skim, Kasi\u0105 Lins czy Paulin\u0105 Przybysz. Wokalistk\u0105, flecistk\u0105 oraz oczywi\u015bcie jedn\u0105 z czo\u0142owych polskich perkusistek. Poznajcie \u015bwiat osoby, kt\u00f3ra ca\u0142e swoje \u017cycie po\u015bwi\u0119ci\u0142a muzyce.<\/strong><\/p>\n<p>&nbsp;<\/p>\n<p><b>Jak zostaje si\u0119 perkusistk\u0105 gwiazd?<\/b><\/p>\n<p>O, nie wiedzia\u0142am, \u017ce gram z gwiazdami! Rozumiem, \u017ce chodzi o rozpoznawalno\u015b\u0107 artyst\u00f3w. U mnie wszystkie wsp\u00f3\u0142prace zacz\u0119\u0142y si\u0119 przez kontakty personalne. Poznawali\u015bmy si\u0119 na imprezie, premierze lub po prostu kto\u015b us\u0142ysza\u0142 o mnie i zaprzyja\u017anili\u015bmy si\u0119. Zdarzaj\u0105 si\u0119 te\u017c jakie\u015b przes\u0142uchania, castingi itd., ale wtedy kontakt mi\u0119dzyludzki staje si\u0119 mniej kluczowy, a on jest dla mnie najwa\u017cniejszy. Z tymi lud\u017ami potem sp\u0119dzasz du\u017co czasu w busie, studio czy na pr\u00f3bach. Je\u015bli mi\u0119dzy wami nie ma chemii, to od razu to s\u0142ycha\u0107 chocia\u017cby na koncertach.<\/p>\n<p><b>Historia zna wiele przypadk\u00f3w muzyk\u00f3w, kt\u00f3rzy pomimo jawnej nienawi\u015bci do siebie grali razem i koncertowali.<\/b><\/p>\n<p>To tzw. czyste sidema\u0144stwo, a mnie to za bardzo nie interesuje. Z przyja\u017ani i dobrych relacji powstaj\u0105 najlepsze rzeczy. Wi\u0119kszo\u015b\u0107 moich wsp\u00f3\u0142pracy jest na sta\u0142e i te relacje s\u0105 bardzo wa\u017cne.<\/p>\n<p><b>Jak odnajdujesz si\u0119 w tak wielu stylach muzycznych. Wiem, \u017ce jeste\u015b po akademii jazzowej, czy nadal s\u0105 to dla Ciebie swego rodzaju wyzwania?<\/b><\/p>\n<p>Tak. I ja bardzo lubi\u0119 wszelkie wyzwania. Jest dla mnie wa\u017cne w \u017cyciu muzycznym, by ca\u0142y czas si\u0119 rozwija\u0107. Powstaj\u0105 nowe kombinacje gatunk\u00f3w, nowe style, s\u0105 ich prekursorzy. Na przyk\u0142ad Herbie Hancock, kt\u00f3ry jest w bran\u017cy muzycznej od wielu lat, pomimo bycia jazzowym pianist\u0105 chyba jako pierwszy, po\u0142\u0105czy\u0142 hiphopowe skrecze z jazzem. Chodzi mi o rozw\u00f3j, a je\u015bli co\u015b ci odpowiada, z czym\u015b si\u0119 uto\u017csamiasz, to dlaczego masz tego nie robi\u0107? Sama s\u0142ucham przer\u00f3\u017cnej muzyki i czasami fajnie jest oscylowa\u0107 mi\u0119dzy wieloma gatunkami, stara\u0107 si\u0119 z ka\u017cdego co\u015b wyci\u0105gn\u0105\u0107. To wp\u0142ywa na twoj\u0105 to\u017csamo\u015b\u0107 artystyczn\u0105, tak jak malarz ma ro\u017cne barwy, a z po\u0142\u0105czenia dw\u00f3ch powstaje nowy kolor.<\/p>\n<p><b>Gdzie na to wszystko znajdujesz czas? Pr\u00f3by, koncerty, wyjazdy przecie\u017c nasza doba ma jednakow\u0105 d\u0142ugo\u015b\u0107!<\/b><\/p>\n<p>Wi\u0119kszo\u015b\u0107 swojego \u017cycia po\u015bwi\u0119ci\u0142am na granie, st\u0105d taka du\u017ca liczba projekt\u00f3w. Oczywi\u015bcie zdarzaj\u0105 si\u0119 sytuacje, kiedy musz\u0119 komu\u015b odm\u00f3wi\u0107 i powiedzie\u0107, \u017ce nie mog\u0119 wej\u015b\u0107 w dany projekt, bo nie wystarcza mi tej doby. To nawet nie jest kwestia wyboru. Co\u015b mi si\u0119 bardziej podoba, co\u015b mniej, i chocia\u017c to te\u017c czasem ma znaczenie, to staram si\u0119 coraz bardziej \u015bwiadomie wybiera\u0107 projekty. Jednak dla mnie najwa\u017cniejsze jest, gdzie mam najwi\u0119kszy wk\u0142ad artystyczny i tw\u00f3rczy. Przyk\u0142adowo, wsp\u00f3\u0142pracuj\u0105c teraz z Kara\u015b\/Rogucki kolektywnie piszemy drug\u0105 p\u0142yt\u0119, razem pracujemy nad piosenkami i razem je nagrywamy. Z tego w\u0142a\u015bnie wzgl\u0119du jest to w tej chwili bardzo istotny dla mnie zesp\u00f3\u0142, bo spe\u0142niam si\u0119 na ka\u017cdym polu. Je\u015bli chodzi o pr\u00f3by, to w gor\u0105cym okresie koncertowym jest ich mniej, ale ka\u017cdy z nas po\u015bwi\u0119ca na nie sw\u00f3j czas, kiedy tylko mo\u017ce, by by\u0107 dobrze przygotowanym do grania.<\/p>\n<p><b>Chcia\u0142bym zapyta\u0107 o wizerunkow\u0105 stron\u0119 wyst\u0119p\u00f3w. Jak to wygl\u0105da w zespo\u0142ach, z kt\u00f3rymi wsp\u00f3\u0142pracujesz, s\u0105 ro\u017cne przemiany, outfity? Jak si\u0119 w nich odnajdujesz?<\/b><\/p>\n<p>Ralph Kami\u0144ski ma ca\u0142\u0105 swoj\u0105 wizj\u0119 i kreacje na dany album. On bardzo wybiega w prz\u00f3d: wie jak b\u0119dzie wygl\u0105da\u0142a kolejna p\u0142yta, jak\u0105 b\u0119dzie mia\u0142a szat\u0119 graficzn\u0105, jak ubierze swoich muzyk\u00f3w i siebie. Traktuje to jak wydarzenie teatralne, audiowizualne, a nie tylko zwyk\u0142y koncert. U Kasi Lins wizerunek odgrywa r\u00f3wnie\u017c bardzo du\u017c\u0105 rol\u0119, s\u0105 wykorzystywane na przyk\u0142ad elementy ko\u015bcielne. Nie chodzi tu o \u017cadn\u0105 profanacj\u0119 czy wyd\u017awi\u0119k antyko\u015bcielny, tylko o wykorzystywanie element\u00f3w, kt\u00f3re nas otaczaj\u0105. Je\u015bli chodzi o moje podej\u015bcie do tego typu kreacji, to na pocz\u0105tku miewam ma\u0142y zgrzyt, gdy nie do ko\u0144ca si\u0119 z nimi uto\u017csamiam, ale staram si\u0119 dostosowywa\u0107 tak, by dla obu stron by\u0142o to satysfakcjonuj\u0105ce i komfortowe.<\/p>\n<p><span style=\"font-weight: 400;\"><\/div><\/div><\/div><\/main>\n        <a class=\"d-block\" href=\"https:\/\/takbrzmimiasto.pl\/sklep\/produkt\/tak-brzmi-miasto-toolbox-branding-w-muzyce-jak-zbudowac-silna-marke\/\" style=\"background-color: #000000;\">\n            <div class=\"container py-5\">\n                <div class=\"row py-5 align-items-center\">\n                    <div class=\"col-6 col-md-5 col-lg-4 offset-0 offset-lg-1 order-1 d-flex flex-row justify-content-center\">\n                        <img decoding=\"async\" class=\"image \" src=\"https:\/\/takbrzmimiasto.pl\/wp-content\/uploads\/2023\/02\/toolbox-wladek-cover-v1-kwadrat-800x800.png\" alt=\"Baner Zobacz Toolbox Branding w muzyce - jak zbudowa\u0107 siln\u0105 mark\u0119\">\n                    <\/div>\n                    <div class=\"col-6 col-md-7 col-lg-6 order-2\">\n                        <div class=\"text text-uppercase ps-3 ps-lg-0 fs-3 text-start text-lg-center text-white lh-1\">\n                            Zobacz Toolbox Branding w muzyce - jak zbudowa\u0107 siln\u0105 mark\u0119\n                        <\/div>\n                    <\/div>\n                <\/div>\n            <\/div>\n        <\/a>\n    <main id=\"main\" class=\"site-main\"><div class=\"container py-5\"><div class=\"entry-content row mb-3\"><div class=\"col-12 col-lg-8 offset-lg-2\">\u00a0<\/span><\/p>\n<p><b>Czy grasz jeszcze jakie\u015b ma\u0142e koncerty, takie dla 50 os\u00f3b? Masz swoje ulubione preferencje koncertowe, je\u015bli chodzi o wielko\u015b\u0107 wyst\u0119p\u00f3w?<\/b><\/p>\n<p>Wci\u0105\u017c zdarza mi si\u0119 gra\u0107 dla zaledwie 20 os\u00f3b, na przyk\u0142ad koncerty improwizowane. Zupe\u0142nie nie chodzi tu o liczb\u0119 s\u0142uchaczy, tylko o to, co mo\u017cemy przekaza\u0107, ile to nam sprawia satysfakcji i jaka jest energia mi\u0119dzy nami a odbiorcami. Tak naprawd\u0119 to nigdy nie wiesz, co z danego koncertu wyniknie. Czasem mo\u017cesz mie\u0107 gorszy humor, mo\u017ce przez jak\u0105\u015b sytuacj\u0119 niezwi\u0105zan\u0105 z koncertem i totalnie beznadziejnie b\u0119dzie ci si\u0119 gra\u0142o, ale to nie jest kwestia tego, \u017ce na koncert przysz\u0142a okre\u015blona liczba os\u00f3b. Natomiast je\u015bli jeste\u015b w stanie wyrzuci\u0107 z siebie te negatywne emocje, to b\u0119dziesz mie\u0107 satysfakcj\u0119 z ka\u017cdego wyst\u0119pu.<\/p>\n<p><b>Czy jest co\u015b takiego, co chcia\u0142aby\u015b przekaza\u0107 publiczno\u015bci swoj\u0105 gr\u0105?<\/b><\/p>\n<p>Jestem w tej komfortowej sytuacji, \u017ce mog\u0119 gra\u0107 muzyk\u0119, kt\u00f3ra mi si\u0119 podoba i nie musz\u0119 i\u015b\u0107 na \u017cadne ust\u0119pstwa, dlatego wszystko co wykonuj\u0119 na \u017cywo jest totalnie szczere. Najistotniejsza jest ta wymiana energetyczna mi\u0119dzy wykonawc\u0105 a publiczno\u015bci\u0105 oraz lud\u017ami, kt\u00f3rzy s\u0105 na scenie. Gdy schodzimy ze sceny i przybijamy sobie pi\u0105tki po bardzo dobrym wyst\u0119pie, to mam ogromn\u0105 satysfakcj\u0119, bo dobrze wykona\u0142am swoj\u0105 robot\u0119 i wszyscy, \u0142\u0105cznie z publik\u0105, \u015bwietnie si\u0119 przy tym bawili. Te emocje s\u0105 dla mnie najwa\u017cniejsze.<\/p>\n<p><b>Jak wygl\u0105da w Twoim przypadku kwestia praw autorskich?<\/b><\/p>\n<p>Do muzyki, kt\u00f3r\u0105 wsp\u00f3\u0142tworz\u0119 mam pe\u0142ne prawa: podzia\u0142 jest r\u00f3wny, a ka\u017cda z os\u00f3b zaanga\u017cowanych w proces komponowania ma sw\u00f3j procent. Tak jest na przyk\u0142ad w Kara\u015b\/Rogucki, oczywi\u015bcie poza tekstami, kt\u00f3re g\u0142\u00f3wnie pisze Piotr. Wa\u017cne jest, by po prostu nie ba\u0107 si\u0119 o tym rozmawia\u0107, by potem nie siedzie\u0107 z boku i nie m\u00f3wi\u0107 sobie:\u00a0 wymy\u015bli\u0142am p\u00f3\u0142 piosenki, ale to nie wa\u017cne. Oczywi\u015bcie z perspektywy czasu widz\u0119, \u017ce sama musia\u0142am nauczy\u0107 si\u0119 o tym rozmawia\u0107, i to najlepiej przed nagraniem, a nie po fakcie. To na pewno jest istotny element, o kt\u00f3rym warto pami\u0119ta\u0107.<\/p>\n<p><b>No w\u0142a\u015bnie, pieni\u0105dze, czyli kwestia kt\u00f3ra wszystkich interesuje. Jak wygl\u0105da zr\u00f3\u017cnicowanie stawek przy tylu projektach?<\/b><\/p>\n<p>To nie jest dla mnie najwa\u017cniejsza kwestia, ale oczywi\u015bcie z tego \u017cyj\u0119 i nie gram za darmo, chocia\u017c je\u015bli jaki\u015b artysta niszowy poprosi mnie o dogranie partii, a mnie si\u0119 projekt spodoba, to nie ma problemu bym zrobi\u0142a to <i>pro bono<\/i>. Mam jakie\u015b swoje stawki, jednak tu jest w\u0142a\u015bnie r\u00f3\u017cnica mi\u0119dzy byciem pe\u0142noprawnym cz\u0142onkiem zespo\u0142u, a jedynie <i>sidemanem<\/i>. Zazwyczaj jest to ustalane wcze\u015bniej i zale\u017cne, przyk\u0142adowo, od liczby utwor\u00f3w. Warto te\u017c zapyta\u0107 do\u015bwiadczonych koleg\u00f3w, jak\u0105 stawk\u0119 poda\u0107, gdy pojawi si\u0119 jaka\u015b propozycja koncertowa. Przy tym nie wchodz\u0119 w szczeg\u00f3\u0142y czy to bardzo du\u017cy czy mniejszy koncert, trzymam si\u0119 raczej jednej stawki. Mam jednak w tych kwestiach bardziej kole\u017ce\u0144skie ni\u017c biznesowe podej\u015bcie.<\/p>\n<p><b>Jakie kobiety odegra\u0142y w Twoim \u017cyciu najwi\u0119ksz\u0105 rol\u0119?<\/b><\/p>\n<p>Przede wszystkim moja najbli\u017csza rodzina, czyli mama, kt\u00f3ra mnie od dziecka wspiera\u0142a, zawozi\u0142a na konkursy, koncerty. Tak\u017ce moja matka chrzestna, kt\u00f3ra kupi\u0142a mi na osiemnastk\u0119 zestaw perkusyjny. Gra\u0142am wtedy dwa lata i gdy zobaczy\u0142a, \u017ce powa\u017cnie podchodz\u0119 do muzyki, to chcia\u0142a mi w tej drodze tw\u00f3rczej pom\u00f3c. Wsparcie rodziny we wczesnych latach by\u0142o ogromnie wa\u017cne i wiem, \u017ce bez nich by mnie tutaj na pewno nie by\u0142o.\u00a0 Je\u015bli chodzi o artystki, to Erykah Badu jest dla mnie bardzo wa\u017cn\u0105 osob\u0105 i \u015bwiadom\u0105 kobiet\u0105, zgadzam si\u0119 z przekazem, kt\u00f3ry p\u0142ynie z jej tw\u00f3rczo\u015bci.<\/p>\n<p><b>Czy s\u0105 jeszcze jakie\u015b inne osoby, kt\u00f3re stan\u0119\u0142y na Twojej \u017cyciowej drodze i s\u0105 dla Ciebie szczeg\u00f3lnie wa\u017cne?<\/b><\/p>\n<p>My\u015bl\u0119, \u017ce opinia ka\u017cdego cz\u0142owieka mia\u0142a na mnie du\u017cy wp\u0142yw. Spotka\u0142am w swoim \u017cyciu mas\u0119 ludzi, po cz\u0119\u015bci wszyscy mnie jako\u015b ukszta\u0142towali. Super jest s\u0142ysze\u0107 mi\u0142e i pozytywne komentarze, aczkolwiek najwi\u0119ksza nauka p\u0142ynie z tych krytycznych, lecz konstruktywnych opinii, poniewa\u017c chcesz by\u0107 coraz lepszy w tym co robisz.<\/p>\n<p><b>Czujesz jak\u0105\u015b inn\u0105 energi\u0119 graj\u0105c z kobietami, wolisz te bardziej \u017ce\u0144skie sk\u0142ady?<\/b><\/p>\n<p>Bardzo sobie ceni\u0119 ludzi i ich charaktery, nie jest tutaj kluczowa p\u0142e\u0107. Wszystko zale\u017cy od cz\u0142owieka i nie ma tu r\u00f3\u017cnicy czy s\u0105 same kobiety w zespole czy jednak wi\u0119kszo\u015b\u0107 m\u0119\u017cczyzn. Lubi\u0119 jednak przypadki, gdy jest zachowana r\u00f3wnowaga w tej kwestii. Nie mog\u0119 powiedzie\u0107, \u017ce wol\u0119 gra\u0107 w sk\u0142adach z\u0142o\u017conych z samych dziewczyn, nie chc\u0119 nikogo dyskryminowa\u0107. Ka\u017cdy mo\u017ce wnie\u015b\u0107 co\u015b innego.<\/p>\n<p><b>Rzadko m\u00f3wi si\u0119 o pora\u017ckach lub zw\u0105tpieniu. Czy przychodz\u0105 Ci na my\u015bl jakie\u015b, kt\u00f3rymi chcia\u0142aby\u015b si\u0119 podzieli\u0107?<\/b><\/p>\n<p>Mam raczej pozytywne podej\u015bcie do \u017cycia i nie miewam szczeg\u00f3lnych moment\u00f3w zw\u0105tpienia, chocia\u017c czasem dotycz\u0105 one moich umiej\u0119tno\u015bci. Nie dochodzi natomiast do moment\u00f3w, w kt\u00f3rych zastanawiam si\u0119 po co ja to robi\u0119, albo \u017ce mog\u0142abym robi\u0107 co\u015b innego. Nie przypominam sobie, by w ostatnim czasie co\u015b takiego si\u0119 zdarzy\u0142o. Ma\u0142e pora\u017cki zawsze si\u0119 przytrafiaj\u0105, na przyk\u0142ad czasami nie dochodzi do realizacji projekt\u00f3w, w kt\u00f3rych pok\u0142ada\u0142am jakie\u015b swoje nadzieje. Ale to drobnostki i bardzo doceniam, \u017ce tych z\u0142ych moment\u00f3w jest stosunkowo niewiele.<\/p>\n<p><b>Czy masz jakie\u015b rady dla m\u0142odych muzyk\u00f3w, jak mogliby zaistnie\u0107 i wybi\u0107 si\u0119 w tym \u015bwiecie?<\/b><\/p>\n<p>Na pewno warto kreatywnie wykorzystywa\u0107 media spo\u0142eczno\u015bciowe. Cho\u0107 wiem, \u017ce Facebook jest ju\u017c troch\u0119 boomerski, to i tak uwa\u017cam, \u017ce warto mie\u0107 tam swoj\u0105 stron\u0119. Oczywi\u015bcie Instagram i nie chodzi tu, by od razu dzieli\u0107 si\u0119 ca\u0142ym swoim \u017cyciem, ale fajnie jest pokaza\u0107 co si\u0119 akurat robi. Przyk\u0142adowo, gdy siedzisz w salce, \u0107wiczysz i zagrasz jaki\u015b fajny motyw, to warto wrzuci\u0107 go do sieci, podzieli\u0107 si\u0119 z innymi. Cz\u0119sto poznaje si\u0119 innych muzyk\u00f3w w\u0142a\u015bnie przez internet, a je\u015bli ci\u0119 tam nie b\u0119dzie, to tracisz okazj\u0119 potencjalnej wsp\u00f3\u0142pracy. W\u0142a\u015bnie dzi\u0119ki Instagramowi zacz\u0119\u0142am wsp\u00f3\u0142prac\u0119 z mark\u0105 Sabian. Wracaj\u0105c do rad og\u00f3lnych, na pewno warto po prostu uwierzy\u0107 sobie. Wiadomo, \u017ce w tej bran\u017cy jest du\u017co niepewno\u015bci i trudno czasami zgasi\u0107 w sobie samokrytyk\u0119, ale je\u017celi wiesz, \u017ce co\u015b jest dobre i totalnie twoje, to warto w to brn\u0105\u0107. Je\u015bli ty w to wierzysz, to odbiorcy te\u017c uwierz\u0105, bo wiadomo, \u017ce jest to szczere.<\/p>\n<p><b>Jakie masz plany na przysz\u0142o\u015b\u0107?<\/b><\/p>\n<p>Na pewno po Nowym Roku wydamy p\u0142yt\u0119 z Kara\u015b\/Rogucki. R\u00f3wnie\u017c mo\u017cliwe, \u017ce w niedalekiej przysz\u0142o\u015bci uka\u017ce si\u0119 co\u015b, co jest stworzone tylko przeze mnie. Je\u015bli tylko mam chwil\u0119, to pracuj\u0119 nad w\u0142asnymi utworami, w kt\u00f3rych gram na wszystkich instrumentach, \u015bpiewam oraz produkuj\u0119 ca\u0142o\u015b\u0107. Wi\u0119cej nie b\u0119d\u0119 zdradza\u0107, gdzie, co i jak.<\/p>\n","protected":false},"excerpt":{"rendered":"<p>Uwa\u017cacie, \u017ce ilo\u015b\u0107 muzycznych projekt\u00f3w was przerasta? Nie znajdujecie czasu na kolejne pr\u00f3by z zespo\u0142em? Zaczynacie zastanawia\u0107 si\u0119 czy nie sprzeda\u0107 mieszkania, bo wi\u0119kszo\u015b\u0107 czasu i tak sp\u0119dzacie w trasie? Poznajcie Wiktori\u0119 Jakubowsk\u0105, perkusistk\u0119 wsp\u00f3\u0142pracuj\u0105c\u0105 mi\u0119dzy innymi z Kara\u015b\/Rogucki, Ralphem Kami\u0144skim, Kasi\u0105 Lins czy Paulin\u0105 Przybysz. Wokalistk\u0105, flecistk\u0105 oraz oczywi\u015bcie jedn\u0105 z czo\u0142owych polskich perkusistek. [&hellip;]<\/p>\n","protected":false},"author":33,"featured_media":10632,"comment_status":"open","ping_status":"open","sticky":false,"template":"","format":"standard","meta":{"inline_featured_image":false,"footnotes":""},"categories":[306],"tags":[],"class_list":["post-10567","post","type-post","status-publish","format-standard","has-post-thumbnail","hentry","category-wywiad"],"acf":[],"yoast_head":"<!-- This site is optimized with the Yoast SEO plugin v19.7.1 - https:\/\/yoast.com\/wordpress\/plugins\/seo\/ -->\n<title>\u201cNajbardziej zapracowana perkusistka w Polsce\u201d \u2013 wywiad z Wiktori\u0105 Jakubowsk\u0105 - Tak Brzmi Miasto<\/title>\n<meta name=\"robots\" content=\"index, follow, max-snippet:-1, max-image-preview:large, max-video-preview:-1\" \/>\n<link rel=\"canonical\" href=\"https:\/\/takbrzmimiasto.pl\/en\/najbardziej-zapracowana-perkusistka-w-polsce-wywiad-z-wiktoria-jakubowska\/\" \/>\n<meta property=\"og:locale\" content=\"en_US\" \/>\n<meta property=\"og:type\" content=\"article\" \/>\n<meta property=\"og:title\" content=\"\u201cNajbardziej zapracowana perkusistka w Polsce\u201d \u2013 wywiad z Wiktori\u0105 Jakubowsk\u0105 - Tak Brzmi Miasto\" \/>\n<meta property=\"og:description\" content=\"Uwa\u017cacie, \u017ce ilo\u015b\u0107 muzycznych projekt\u00f3w was przerasta? Nie znajdujecie czasu na kolejne pr\u00f3by z zespo\u0142em? Zaczynacie zastanawia\u0107 si\u0119 czy nie sprzeda\u0107 mieszkania, bo wi\u0119kszo\u015b\u0107 czasu i tak sp\u0119dzacie w trasie? Poznajcie Wiktori\u0119 Jakubowsk\u0105, perkusistk\u0119 wsp\u00f3\u0142pracuj\u0105c\u0105 mi\u0119dzy innymi z Kara\u015b\/Rogucki, Ralphem Kami\u0144skim, Kasi\u0105 Lins czy Paulin\u0105 Przybysz. Wokalistk\u0105, flecistk\u0105 oraz oczywi\u015bcie jedn\u0105 z czo\u0142owych polskich perkusistek. [&hellip;]\" \/>\n<meta property=\"og:url\" content=\"https:\/\/takbrzmimiasto.pl\/en\/najbardziej-zapracowana-perkusistka-w-polsce-wywiad-z-wiktoria-jakubowska\/\" \/>\n<meta property=\"og:site_name\" content=\"Tak Brzmi Miasto\" \/>\n<meta property=\"article:published_time\" content=\"2022-01-23T19:52:26+00:00\" \/>\n<meta property=\"article:modified_time\" content=\"2023-02-22T23:01:58+00:00\" \/>\n<meta property=\"og:image\" content=\"https:\/\/takbrzmimiasto.pl\/wp-content\/uploads\/2021\/12\/wj-1.jpg\" \/>\n\t<meta property=\"og:image:width\" content=\"1920\" \/>\n\t<meta property=\"og:image:height\" content=\"1080\" \/>\n\t<meta property=\"og:image:type\" content=\"image\/jpeg\" \/>\n<meta name=\"author\" content=\"Jarek Jazienicki\" \/>\n<meta name=\"twitter:card\" content=\"summary_large_image\" \/>\n<meta name=\"twitter:label1\" content=\"Written by\" \/>\n\t<meta name=\"twitter:data1\" content=\"Jarek Jazienicki\" \/>\n\t<meta name=\"twitter:label2\" content=\"Est. reading time\" \/>\n\t<meta name=\"twitter:data2\" content=\"10 minutes\" \/>\n<script type=\"application\/ld+json\" class=\"yoast-schema-graph\">{\"@context\":\"https:\/\/schema.org\",\"@graph\":[{\"@type\":\"Article\",\"@id\":\"https:\/\/takbrzmimiasto.pl\/en\/najbardziej-zapracowana-perkusistka-w-polsce-wywiad-z-wiktoria-jakubowska\/#article\",\"isPartOf\":{\"@id\":\"https:\/\/takbrzmimiasto.pl\/en\/najbardziej-zapracowana-perkusistka-w-polsce-wywiad-z-wiktoria-jakubowska\/\"},\"author\":{\"name\":\"Jarek Jazienicki\",\"@id\":\"https:\/\/takbrzmimiasto.pl\/#\/schema\/person\/672719f81f956a22930582b398f37de2\"},\"headline\":\"\u201cNajbardziej zapracowana perkusistka w Polsce\u201d \u2013 wywiad z Wiktori\u0105 Jakubowsk\u0105\",\"datePublished\":\"2022-01-23T19:52:26+00:00\",\"dateModified\":\"2023-02-22T23:01:58+00:00\",\"mainEntityOfPage\":{\"@id\":\"https:\/\/takbrzmimiasto.pl\/en\/najbardziej-zapracowana-perkusistka-w-polsce-wywiad-z-wiktoria-jakubowska\/\"},\"wordCount\":1996,\"commentCount\":0,\"publisher\":{\"@id\":\"https:\/\/takbrzmimiasto.pl\/#organization\"},\"articleSection\":[\"Wywiad\"],\"inLanguage\":\"en-US\",\"potentialAction\":[{\"@type\":\"CommentAction\",\"name\":\"Comment\",\"target\":[\"https:\/\/takbrzmimiasto.pl\/en\/najbardziej-zapracowana-perkusistka-w-polsce-wywiad-z-wiktoria-jakubowska\/#respond\"]}]},{\"@type\":\"WebPage\",\"@id\":\"https:\/\/takbrzmimiasto.pl\/en\/najbardziej-zapracowana-perkusistka-w-polsce-wywiad-z-wiktoria-jakubowska\/\",\"url\":\"https:\/\/takbrzmimiasto.pl\/en\/najbardziej-zapracowana-perkusistka-w-polsce-wywiad-z-wiktoria-jakubowska\/\",\"name\":\"\u201cNajbardziej zapracowana perkusistka w Polsce\u201d \u2013 wywiad z Wiktori\u0105 Jakubowsk\u0105 - Tak Brzmi Miasto\",\"isPartOf\":{\"@id\":\"https:\/\/takbrzmimiasto.pl\/#website\"},\"datePublished\":\"2022-01-23T19:52:26+00:00\",\"dateModified\":\"2023-02-22T23:01:58+00:00\",\"breadcrumb\":{\"@id\":\"https:\/\/takbrzmimiasto.pl\/en\/najbardziej-zapracowana-perkusistka-w-polsce-wywiad-z-wiktoria-jakubowska\/#breadcrumb\"},\"inLanguage\":\"en-US\",\"potentialAction\":[{\"@type\":\"ReadAction\",\"target\":[\"https:\/\/takbrzmimiasto.pl\/en\/najbardziej-zapracowana-perkusistka-w-polsce-wywiad-z-wiktoria-jakubowska\/\"]}]},{\"@type\":\"BreadcrumbList\",\"@id\":\"https:\/\/takbrzmimiasto.pl\/en\/najbardziej-zapracowana-perkusistka-w-polsce-wywiad-z-wiktoria-jakubowska\/#breadcrumb\",\"itemListElement\":[{\"@type\":\"ListItem\",\"position\":1,\"name\":\"Strona g\u0142\u00f3wna\",\"item\":\"https:\/\/takbrzmimiasto.pl\/en\/\"},{\"@type\":\"ListItem\",\"position\":2,\"name\":\"\u201cNajbardziej zapracowana perkusistka w Polsce\u201d \u2013 wywiad z Wiktori\u0105 Jakubowsk\u0105\"}]},{\"@type\":\"WebSite\",\"@id\":\"https:\/\/takbrzmimiasto.pl\/#website\",\"url\":\"https:\/\/takbrzmimiasto.pl\/\",\"name\":\"Tak Brzmi Miasto\",\"description\":\"Tak Brzmi Miasto to konferencja, festiwal, inkubator dla mened\u017cer\u00f3w i akademia\",\"publisher\":{\"@id\":\"https:\/\/takbrzmimiasto.pl\/#organization\"},\"potentialAction\":[{\"@type\":\"SearchAction\",\"target\":{\"@type\":\"EntryPoint\",\"urlTemplate\":\"https:\/\/takbrzmimiasto.pl\/?s={search_term_string}\"},\"query-input\":\"required name=search_term_string\"}],\"inLanguage\":\"en-US\"},{\"@type\":\"Organization\",\"@id\":\"https:\/\/takbrzmimiasto.pl\/#organization\",\"name\":\"Tak Brzmi Miasto\",\"url\":\"https:\/\/takbrzmimiasto.pl\/\",\"sameAs\":[],\"logo\":{\"@type\":\"ImageObject\",\"inLanguage\":\"en-US\",\"@id\":\"https:\/\/takbrzmimiasto.pl\/#\/schema\/logo\/image\/\",\"url\":\"https:\/\/takbrzmimiasto.pl\/wp-content\/uploads\/2021\/04\/www_miniatura_bezmenu.jpg\",\"contentUrl\":\"https:\/\/takbrzmimiasto.pl\/wp-content\/uploads\/2021\/04\/www_miniatura_bezmenu.jpg\",\"width\":1920,\"height\":1080,\"caption\":\"Tak Brzmi Miasto\"},\"image\":{\"@id\":\"https:\/\/takbrzmimiasto.pl\/#\/schema\/logo\/image\/\"}},{\"@type\":\"Person\",\"@id\":\"https:\/\/takbrzmimiasto.pl\/#\/schema\/person\/672719f81f956a22930582b398f37de2\",\"name\":\"Jarek Jazienicki\",\"image\":{\"@type\":\"ImageObject\",\"inLanguage\":\"en-US\",\"@id\":\"https:\/\/takbrzmimiasto.pl\/#\/schema\/person\/image\/\",\"url\":\"https:\/\/secure.gravatar.com\/avatar\/71132a4675045b0a9450f79f90247b98?s=96&d=mm&r=g\",\"contentUrl\":\"https:\/\/secure.gravatar.com\/avatar\/71132a4675045b0a9450f79f90247b98?s=96&d=mm&r=g\",\"caption\":\"Jarek Jazienicki\"},\"description\":\"Perkusista, mened\u017cer, operator, dzia\u0142acz zwi\u0105zany z Thvn i wroc\u0142awsk\u0105 scen\u0105.\",\"url\":\"https:\/\/takbrzmimiasto.pl\/en\/author\/jaroslaw-jazienicki\/\"}]}<\/script>\n<!-- \/ Yoast SEO plugin. -->","yoast_head_json":{"title":"\u201cNajbardziej zapracowana perkusistka w Polsce\u201d \u2013 wywiad z Wiktori\u0105 Jakubowsk\u0105 - Tak Brzmi Miasto","robots":{"index":"index","follow":"follow","max-snippet":"max-snippet:-1","max-image-preview":"max-image-preview:large","max-video-preview":"max-video-preview:-1"},"canonical":"https:\/\/takbrzmimiasto.pl\/en\/najbardziej-zapracowana-perkusistka-w-polsce-wywiad-z-wiktoria-jakubowska\/","og_locale":"en_US","og_type":"article","og_title":"\u201cNajbardziej zapracowana perkusistka w Polsce\u201d \u2013 wywiad z Wiktori\u0105 Jakubowsk\u0105 - Tak Brzmi Miasto","og_description":"Uwa\u017cacie, \u017ce ilo\u015b\u0107 muzycznych projekt\u00f3w was przerasta? Nie znajdujecie czasu na kolejne pr\u00f3by z zespo\u0142em? Zaczynacie zastanawia\u0107 si\u0119 czy nie sprzeda\u0107 mieszkania, bo wi\u0119kszo\u015b\u0107 czasu i tak sp\u0119dzacie w trasie? Poznajcie Wiktori\u0119 Jakubowsk\u0105, perkusistk\u0119 wsp\u00f3\u0142pracuj\u0105c\u0105 mi\u0119dzy innymi z Kara\u015b\/Rogucki, Ralphem Kami\u0144skim, Kasi\u0105 Lins czy Paulin\u0105 Przybysz. Wokalistk\u0105, flecistk\u0105 oraz oczywi\u015bcie jedn\u0105 z czo\u0142owych polskich perkusistek. [&hellip;]","og_url":"https:\/\/takbrzmimiasto.pl\/en\/najbardziej-zapracowana-perkusistka-w-polsce-wywiad-z-wiktoria-jakubowska\/","og_site_name":"Tak Brzmi Miasto","article_published_time":"2022-01-23T19:52:26+00:00","article_modified_time":"2023-02-22T23:01:58+00:00","og_image":[{"width":1920,"height":1080,"url":"https:\/\/takbrzmimiasto.pl\/wp-content\/uploads\/2021\/12\/wj-1.jpg","type":"image\/jpeg"}],"author":"Jarek Jazienicki","twitter_card":"summary_large_image","twitter_misc":{"Written by":"Jarek Jazienicki","Est. reading time":"10 minutes"},"schema":{"@context":"https:\/\/schema.org","@graph":[{"@type":"Article","@id":"https:\/\/takbrzmimiasto.pl\/en\/najbardziej-zapracowana-perkusistka-w-polsce-wywiad-z-wiktoria-jakubowska\/#article","isPartOf":{"@id":"https:\/\/takbrzmimiasto.pl\/en\/najbardziej-zapracowana-perkusistka-w-polsce-wywiad-z-wiktoria-jakubowska\/"},"author":{"name":"Jarek Jazienicki","@id":"https:\/\/takbrzmimiasto.pl\/#\/schema\/person\/672719f81f956a22930582b398f37de2"},"headline":"\u201cNajbardziej zapracowana perkusistka w Polsce\u201d \u2013 wywiad z Wiktori\u0105 Jakubowsk\u0105","datePublished":"2022-01-23T19:52:26+00:00","dateModified":"2023-02-22T23:01:58+00:00","mainEntityOfPage":{"@id":"https:\/\/takbrzmimiasto.pl\/en\/najbardziej-zapracowana-perkusistka-w-polsce-wywiad-z-wiktoria-jakubowska\/"},"wordCount":1996,"commentCount":0,"publisher":{"@id":"https:\/\/takbrzmimiasto.pl\/#organization"},"articleSection":["Wywiad"],"inLanguage":"en-US","potentialAction":[{"@type":"CommentAction","name":"Comment","target":["https:\/\/takbrzmimiasto.pl\/en\/najbardziej-zapracowana-perkusistka-w-polsce-wywiad-z-wiktoria-jakubowska\/#respond"]}]},{"@type":"WebPage","@id":"https:\/\/takbrzmimiasto.pl\/en\/najbardziej-zapracowana-perkusistka-w-polsce-wywiad-z-wiktoria-jakubowska\/","url":"https:\/\/takbrzmimiasto.pl\/en\/najbardziej-zapracowana-perkusistka-w-polsce-wywiad-z-wiktoria-jakubowska\/","name":"\u201cNajbardziej zapracowana perkusistka w Polsce\u201d \u2013 wywiad z Wiktori\u0105 Jakubowsk\u0105 - Tak Brzmi Miasto","isPartOf":{"@id":"https:\/\/takbrzmimiasto.pl\/#website"},"datePublished":"2022-01-23T19:52:26+00:00","dateModified":"2023-02-22T23:01:58+00:00","breadcrumb":{"@id":"https:\/\/takbrzmimiasto.pl\/en\/najbardziej-zapracowana-perkusistka-w-polsce-wywiad-z-wiktoria-jakubowska\/#breadcrumb"},"inLanguage":"en-US","potentialAction":[{"@type":"ReadAction","target":["https:\/\/takbrzmimiasto.pl\/en\/najbardziej-zapracowana-perkusistka-w-polsce-wywiad-z-wiktoria-jakubowska\/"]}]},{"@type":"BreadcrumbList","@id":"https:\/\/takbrzmimiasto.pl\/en\/najbardziej-zapracowana-perkusistka-w-polsce-wywiad-z-wiktoria-jakubowska\/#breadcrumb","itemListElement":[{"@type":"ListItem","position":1,"name":"Strona g\u0142\u00f3wna","item":"https:\/\/takbrzmimiasto.pl\/en\/"},{"@type":"ListItem","position":2,"name":"\u201cNajbardziej zapracowana perkusistka w Polsce\u201d \u2013 wywiad z Wiktori\u0105 Jakubowsk\u0105"}]},{"@type":"WebSite","@id":"https:\/\/takbrzmimiasto.pl\/#website","url":"https:\/\/takbrzmimiasto.pl\/","name":"Tak Brzmi Miasto","description":"Tak Brzmi Miasto to konferencja, festiwal, inkubator dla mened\u017cer\u00f3w i akademia","publisher":{"@id":"https:\/\/takbrzmimiasto.pl\/#organization"},"potentialAction":[{"@type":"SearchAction","target":{"@type":"EntryPoint","urlTemplate":"https:\/\/takbrzmimiasto.pl\/?s={search_term_string}"},"query-input":"required name=search_term_string"}],"inLanguage":"en-US"},{"@type":"Organization","@id":"https:\/\/takbrzmimiasto.pl\/#organization","name":"Tak Brzmi Miasto","url":"https:\/\/takbrzmimiasto.pl\/","sameAs":[],"logo":{"@type":"ImageObject","inLanguage":"en-US","@id":"https:\/\/takbrzmimiasto.pl\/#\/schema\/logo\/image\/","url":"https:\/\/takbrzmimiasto.pl\/wp-content\/uploads\/2021\/04\/www_miniatura_bezmenu.jpg","contentUrl":"https:\/\/takbrzmimiasto.pl\/wp-content\/uploads\/2021\/04\/www_miniatura_bezmenu.jpg","width":1920,"height":1080,"caption":"Tak Brzmi Miasto"},"image":{"@id":"https:\/\/takbrzmimiasto.pl\/#\/schema\/logo\/image\/"}},{"@type":"Person","@id":"https:\/\/takbrzmimiasto.pl\/#\/schema\/person\/672719f81f956a22930582b398f37de2","name":"Jarek Jazienicki","image":{"@type":"ImageObject","inLanguage":"en-US","@id":"https:\/\/takbrzmimiasto.pl\/#\/schema\/person\/image\/","url":"https:\/\/secure.gravatar.com\/avatar\/71132a4675045b0a9450f79f90247b98?s=96&d=mm&r=g","contentUrl":"https:\/\/secure.gravatar.com\/avatar\/71132a4675045b0a9450f79f90247b98?s=96&d=mm&r=g","caption":"Jarek Jazienicki"},"description":"Perkusista, mened\u017cer, operator, dzia\u0142acz zwi\u0105zany z Thvn i wroc\u0142awsk\u0105 scen\u0105.","url":"https:\/\/takbrzmimiasto.pl\/en\/author\/jaroslaw-jazienicki\/"}]}},"_links":{"self":[{"href":"https:\/\/takbrzmimiasto.pl\/en\/wp-json\/wp\/v2\/posts\/10567\/"}],"collection":[{"href":"https:\/\/takbrzmimiasto.pl\/en\/wp-json\/wp\/v2\/posts\/"}],"about":[{"href":"https:\/\/takbrzmimiasto.pl\/en\/wp-json\/wp\/v2\/types\/post\/"}],"author":[{"embeddable":true,"href":"https:\/\/takbrzmimiasto.pl\/en\/wp-json\/wp\/v2\/users\/33\/"}],"replies":[{"embeddable":true,"href":"https:\/\/takbrzmimiasto.pl\/en\/wp-json\/wp\/v2\/comments\/?post=10567"}],"version-history":[{"count":4,"href":"https:\/\/takbrzmimiasto.pl\/en\/wp-json\/wp\/v2\/posts\/10567\/revisions\/"}],"predecessor-version":[{"id":19077,"href":"https:\/\/takbrzmimiasto.pl\/en\/wp-json\/wp\/v2\/posts\/10567\/revisions\/19077\/"}],"wp:featuredmedia":[{"embeddable":true,"href":"https:\/\/takbrzmimiasto.pl\/en\/wp-json\/wp\/v2\/media\/10632\/"}],"wp:attachment":[{"href":"https:\/\/takbrzmimiasto.pl\/en\/wp-json\/wp\/v2\/media\/?parent=10567"}],"wp:term":[{"taxonomy":"category","embeddable":true,"href":"https:\/\/takbrzmimiasto.pl\/en\/wp-json\/wp\/v2\/categories\/?post=10567"},{"taxonomy":"post_tag","embeddable":true,"href":"https:\/\/takbrzmimiasto.pl\/en\/wp-json\/wp\/v2\/tags\/?post=10567"}],"curies":[{"name":"wp","href":"https:\/\/api.w.org\/{rel}","templated":true}]}}