{"id":10594,"date":"2021-12-13T16:40:12","date_gmt":"2021-12-13T15:40:12","guid":{"rendered":"https:\/\/takbrzmimiasto.pl\/?p=10594"},"modified":"2022-04-15T14:55:22","modified_gmt":"2022-04-15T12:55:22","slug":"tak-brzmi-miasto-ludzie-podsumowanie-konferencji-muzycznej","status":"publish","type":"post","link":"https:\/\/takbrzmimiasto.pl\/en\/tak-brzmi-miasto-ludzie-podsumowanie-konferencji-muzycznej\/","title":{"rendered":"Tak Brzmi Miasto: Ludzie. #podsumowanie konferencji muzycznej"},"content":{"rendered":"<p><strong>Po raz \u00f3smy miasto Krak\u00f3w by\u0142o gospodarzem najwi\u0119kszej konferencji bran\u017cy muzycznej w Polsce. Po raz drugi by\u0142o to wydarzenie, kt\u00f3re jednocze\u015bnie odbywa\u0142o si\u0119 w innych miastach i poza granicami kraju, dzi\u0119ki online&#8217;owej wersji spotka\u0144. 13 i 14 listopada rozegra\u0142a si\u0119 Tak Brzmi Miasto Konferencja pod has\u0142em LUDZIE, ludzki muzyczny networking bogaty w panele i warsztaty oraz znakomity program showcase&#8217;owy.<\/strong><\/p>\n<blockquote><p><em><span style=\"font-weight: 400;\">Konferencja odby\u0142a si\u0119 w Teatrze Nowym. W sobot\u0119 (13 listopada) uczestnicy mieli mogli pos\u0142ucha\u0107 rozm\u00f3w na temat tego, jaka jest przysz\u0142o\u015b\u0107 muzyki, czy muzyka jeszcze jest sztuk\u0105 czy ju\u017c produktem, czy mo\u017cna co\u015b robi\u0107 w bran\u017cy muzycznej, nie b\u0119d\u0105c muzykiem oraz jakie warto\u015bci ma polska bran\u017ca muzyczna. Niedzielne panele odpowiada\u0142y m.in. na pytania o dzia\u0142anie na lokalnej scenie muzycznej, mo\u017cna by\u0142o r\u00f3wnie\u017c dowiedzie\u0107 si\u0119, jakie zagro\u017cenia niesie ze sob\u0105 zaw\u00f3d artysty.<\/span><\/em><\/p>\n<h6>Oliwia Kopcik, Interia Muzyka <i>&#8220;Tak Brzmi Miasto&#8221;: Ludzie! Co tam si\u0119 dzia\u0142o? [relacja]<\/i><\/h6>\n<\/blockquote>\n<p><span style=\"font-weight: 400;\">Blisko czterdziestka ekspert\u00f3w i ekspertek wzi\u0119\u0142a udzia\u0142 w 9 panelach, poprowadzi\u0142a 8 warsztat\u00f3w i 4 wyk\u0142ady. Specjali\u015bci i specjalistki g\u0142\u00f3wnie z Polski, ale te\u017c z: Wielkiej Brytanii, Czech, W\u0119gier, Niemiec i Estonii.\u00a0<\/span><\/p>\n<p><iframe loading=\"lazy\" style=\"border: none; overflow: hidden;\" src=\"https:\/\/www.facebook.com\/plugins\/post.php?href=https%3A%2F%2Fwww.facebook.com%2Ftakbrzmimiasto%2Fposts%2F1899387583594569&amp;show_text=true&amp;width=500\" width=\"500\" height=\"787\" frameborder=\"0\" scrolling=\"no\" allowfullscreen=\"allowfullscreen\"><\/iframe><\/p>\n<p><span style=\"font-weight: 400;\">A\u017c 60 przedstawicieli_ek bran\u017cy muzycznej wzi\u0119\u0142a czynny udzia\u0142 w konferencji, udzielaj\u0105c ponad 130 indywidualnych konsultacji! Skorzystali_\u0142y z nich uczestnicy_czki konferencji: 122 osoby!<\/span><\/p>\n<p><span style=\"font-weight: 400;\">Z organizatork_ami i wolontariuszk_ami to blisko 250 os\u00f3b zamieszanych w ca\u0142\u0105 inicjatyw\u0119. 250 przedstawicieli_ek spo\u0142eczno\u015bci tworz\u0105cej now\u0105 bran\u017c\u0119 muzyczn\u0105. Bran\u017c\u0119 opart\u0105 na humanistycznych warto\u015bciach i ludzkich relacjach.<\/span><\/p>\n<p><iframe loading=\"lazy\" style=\"border: none; overflow: hidden;\" src=\"https:\/\/www.facebook.com\/plugins\/post.php?href=https%3A%2F%2Fwww.facebook.com%2Ftakbrzmimiasto%2Fposts%2F1900238263509501&amp;show_text=true&amp;width=500\" width=\"500\" height=\"806\" frameborder=\"0\" scrolling=\"no\" allowfullscreen=\"allowfullscreen\"><\/iframe><\/p>\n<blockquote><p><em><span style=\"font-weight: 400;\">Si\u0142\u0105 konferencji <\/span><b>Tak Brzmi Miasto<\/b><span style=\"font-weight: 400;\"> jest r\u00f3\u017cnorodno\u015b\u0107 podejmowanych temat\u00f3w. P\u0142e\u0107 w muzyce? Dyskryminacja i ci\u0105g\u0142e nier\u00f3wno\u015bci? Patrz\u0105c na parytetow\u0105 list\u0119 obecnych mo\u017cna odnie\u015b\u0107 wra\u017cenie, \u017ce to temat nieaktualny, a jednak\u2026 Tym, co wyra\u017anie przebija\u0142o si\u0119 podczas tegorocznej edycji, by\u0142a tak\u017ce samo\u015bwiadomo\u015b\u0107 drogi (artystycznej), jak\u0105 si\u0119 wybra\u0142o, i ci\u0105g\u0142a, konieczna praca nad ni\u0105. Odpowiedzialno\u015b\u0107, to\u017csamo\u015b\u0107, wiarygodno\u015b\u0107, wra\u017cliwo\u015b\u0107 (a nawet nadwra\u017cliwo\u015b\u0107) i problemy pi\u0119trz\u0105ce si\u0119 w psychice m\u0142odych tw\u00f3rc\u00f3w. Z drugiej strony \u2013 szanse, pokonane wyzwania, wsp\u00f3\u0142prace i korzy\u015bci, jak cho\u0107by te w ramach wsp\u00f3\u0142dzia\u0142a\u0144 z lokalnymi instytucjami. Budowanie przestrzeni szerzej, ni\u017c tylko wok\u00f3\u0142 siebie i dla siebie, w oparciu o wcale nie wyszukane warto\u015bci, wydaje si\u0119 jednym z wyzwa\u0144 dla nowej bran\u017cy.<\/span><\/em><\/p>\n<h6><strong>Darek Baran, Muzobar.pl: <i>Tak Brzmi Miasto: Ludzie. Podsumowanie<\/i><\/strong><\/h6>\n<\/blockquote>\n<p><iframe loading=\"lazy\" style=\"border: none; overflow: hidden;\" src=\"https:\/\/www.facebook.com\/plugins\/post.php?href=https%3A%2F%2Fwww.facebook.com%2Ftakbrzmimiasto%2Fposts%2F1897499140450080&amp;show_text=true&amp;width=500\" width=\"500\" height=\"462\" frameborder=\"0\" scrolling=\"no\" allowfullscreen=\"allowfullscreen\"><\/iframe><\/p>\n<blockquote><p><b>Tak Brzmi Miasto <\/b><span style=\"font-weight: 400;\">kolejny raz pokaza\u0142o si\u0142\u0119 spo\u0142eczno\u015bci. (&#8230;) da\u0142o si\u0119 odczu\u0107 kreatywn\u0105 atmosfer\u0119, kt\u00f3ra tam panowa\u0142a. Kolejna edycja otworzy\u0142a g\u0142ow\u0119 na nowe pomys\u0142y i na pewno da\u0142a sporo do my\u015blenia. Wszystkim m\u0142odym muzykom gor\u0105co polecamy to wydarzenie oraz projekt towarzysz\u0105cy &#8211; <\/span><b>Inkubator<\/b><span style=\"font-weight: 400;\">!<\/span><\/p>\n<h6><strong>Katarzyna Grzmielewska, Muzykoholicy: <i>Tak Brzmi Miasto \u2013 relacja z konferencji<\/i><\/strong><\/h6>\n<\/blockquote>\n<p><span style=\"font-weight: 400;\">Nieod\u0142\u0105czn\u0105 cz\u0119\u015bci\u0105 konferencji Tak Brzmi Miasto jest jej ods\u0142ona muzyczna. Porcja showcase&#8217;\u00f3w, kt\u00f3re w 2021 roku odby\u0142y si\u0119 w kultowych klubach na krakowskim Kazimierzu: w Alchemii, Bazie i HEVRE. Wyst\u0105pi\u0142o 14 zespo\u0142\u00f3w, kt\u00f3re organizatorzy wyselekcjonowali spo\u015br\u00f3d artyst\u00f3w bior\u0105cych udzia\u0142 w Inkubatorze, autorskim programie rozwojowym. To wokalistki, muzycy i sk\u0142ady, kt\u00f3re \u015bwiadcz\u0105 o r\u00f3\u017cnorodno\u015bci, sile i talencie m\u0142odej sceny muzycznej zwi\u0105zanej z TBM. Line-up uzupe\u0142nili arty\u015bci reprezentuj\u0105cy krakowsk\u0105 szko\u0142\u0119 Piano Lab, wschodz\u0105ce osobowo\u015bci polskiej elektroniki.\u00a0<\/span><\/p>\n<p><iframe loading=\"lazy\" style=\"border: none; overflow: hidden;\" src=\"https:\/\/www.facebook.com\/plugins\/post.php?href=https%3A%2F%2Fwww.facebook.com%2Ftakbrzmimiasto%2Fposts%2F1894945027372158&amp;show_text=true&amp;width=500\" width=\"500\" height=\"654\" frameborder=\"0\" scrolling=\"no\" allowfullscreen=\"allowfullscreen\"><\/iframe><\/p>\n<p>Misj\u0105 Tak Brzmi Miasto jest <strong>edukacja i profesjonalizacja m\u0142odej bran\u017cy muzycznej w duchu networkingu<\/strong>. Konferencja spe\u0142nia tutaj bardzo wa\u017cn\u0105 rol\u0119. To <strong>wydarzenie, kt\u00f3re stanowi kumulacj\u0119 szeregu inicjatyw Tak Brzmi Miasto na czele z Inkubatorem<\/strong>. Program rozwoju muzyk\u00f3w i mened\u017cer\u00f3w trwa kilka miesi\u0119cy, ko\u0144czy si\u0119 przed konferencj\u0105, a po jej zako\u0144czeniu trwaj\u0105 przygotowania do kolejnej edycji. <strong>Przedsi\u0119wzi\u0119cie Tak Brzmi Miasto stanowi te\u017c cz\u0119\u015b\u0107 europejskiej sieci partnerskiej HEMI Music Hub<\/strong>, kt\u00f3ra wspiera organizacj\u0119 i rozw\u00f3j wydarzenia. TBM reprezentuje Polsk\u0119 i Krak\u00f3w w klastrze, do kt\u00f3rego nale\u017cy 10 organizacji z 9 kraj\u00f3w Europy \u015arodkowej i Po\u0142udniowej.<\/p>\n<p>&nbsp;<\/p>\n","protected":false},"excerpt":{"rendered":"<p>Po raz \u00f3smy miasto Krak\u00f3w by\u0142o gospodarzem najwi\u0119kszej konferencji bran\u017cy muzycznej w Polsce. Po raz drugi by\u0142o to wydarzenie, kt\u00f3re jednocze\u015bnie odbywa\u0142o si\u0119 w innych miastach i poza granicami kraju, dzi\u0119ki online&#8217;owej wersji spotka\u0144. 13 i 14 listopada rozegra\u0142a si\u0119 Tak Brzmi Miasto Konferencja pod has\u0142em LUDZIE, ludzki muzyczny networking bogaty w panele i warsztaty [&hellip;]<\/p>\n","protected":false},"author":60,"featured_media":0,"comment_status":"open","ping_status":"open","sticky":false,"template":"","format":"standard","meta":{"inline_featured_image":false,"footnotes":""},"categories":[308,49],"tags":[],"class_list":["post-10594","post","type-post","status-publish","format-standard","hentry","category-aktualnosci","category-konferencja"],"acf":[],"yoast_head":"<!-- This site is optimized with the Yoast SEO plugin v19.7.1 - https:\/\/yoast.com\/wordpress\/plugins\/seo\/ -->\n<title>Tak Brzmi Miasto: Ludzie. #podsumowanie konferencji muzycznej - Tak Brzmi Miasto<\/title>\n<meta name=\"robots\" content=\"index, follow, max-snippet:-1, max-image-preview:large, max-video-preview:-1\" \/>\n<link rel=\"canonical\" href=\"https:\/\/takbrzmimiasto.pl\/en\/tak-brzmi-miasto-ludzie-podsumowanie-konferencji-muzycznej\/\" \/>\n<meta property=\"og:locale\" content=\"en_US\" \/>\n<meta property=\"og:type\" content=\"article\" \/>\n<meta property=\"og:title\" content=\"Tak Brzmi Miasto: Ludzie. #podsumowanie konferencji muzycznej - Tak Brzmi Miasto\" \/>\n<meta property=\"og:description\" content=\"Po raz \u00f3smy miasto Krak\u00f3w by\u0142o gospodarzem najwi\u0119kszej konferencji bran\u017cy muzycznej w Polsce. Po raz drugi by\u0142o to wydarzenie, kt\u00f3re jednocze\u015bnie odbywa\u0142o si\u0119 w innych miastach i poza granicami kraju, dzi\u0119ki online&#8217;owej wersji spotka\u0144. 13 i 14 listopada rozegra\u0142a si\u0119 Tak Brzmi Miasto Konferencja pod has\u0142em LUDZIE, ludzki muzyczny networking bogaty w panele i warsztaty [&hellip;]\" \/>\n<meta property=\"og:url\" content=\"https:\/\/takbrzmimiasto.pl\/en\/tak-brzmi-miasto-ludzie-podsumowanie-konferencji-muzycznej\/\" \/>\n<meta property=\"og:site_name\" content=\"Tak Brzmi Miasto\" \/>\n<meta property=\"article:published_time\" content=\"2021-12-13T15:40:12+00:00\" \/>\n<meta property=\"article:modified_time\" content=\"2022-04-15T12:55:22+00:00\" \/>\n<meta property=\"og:image\" content=\"https:\/\/takbrzmimiasto.pl\/wp-content\/uploads\/2021\/04\/www_miniatura_bezmenu.jpg\" \/>\n\t<meta property=\"og:image:width\" content=\"1920\" \/>\n\t<meta property=\"og:image:height\" content=\"1080\" \/>\n\t<meta property=\"og:image:type\" content=\"image\/jpeg\" \/>\n<meta name=\"author\" content=\"Ewelina Krawczyk\" \/>\n<meta name=\"twitter:card\" content=\"summary_large_image\" \/>\n<meta name=\"twitter:label1\" content=\"Written by\" \/>\n\t<meta name=\"twitter:data1\" content=\"Ewelina Krawczyk\" \/>\n\t<meta name=\"twitter:label2\" content=\"Est. reading time\" \/>\n\t<meta name=\"twitter:data2\" content=\"3 minutes\" \/>\n<script type=\"application\/ld+json\" class=\"yoast-schema-graph\">{\"@context\":\"https:\/\/schema.org\",\"@graph\":[{\"@type\":\"Article\",\"@id\":\"https:\/\/takbrzmimiasto.pl\/en\/tak-brzmi-miasto-ludzie-podsumowanie-konferencji-muzycznej\/#article\",\"isPartOf\":{\"@id\":\"https:\/\/takbrzmimiasto.pl\/en\/tak-brzmi-miasto-ludzie-podsumowanie-konferencji-muzycznej\/\"},\"author\":{\"name\":\"Ewelina Krawczyk\",\"@id\":\"https:\/\/takbrzmimiasto.pl\/#\/schema\/person\/1c946f5380dc2c5faa442dcd9665f577\"},\"headline\":\"Tak Brzmi Miasto: Ludzie. #podsumowanie konferencji muzycznej\",\"datePublished\":\"2021-12-13T15:40:12+00:00\",\"dateModified\":\"2022-04-15T12:55:22+00:00\",\"mainEntityOfPage\":{\"@id\":\"https:\/\/takbrzmimiasto.pl\/en\/tak-brzmi-miasto-ludzie-podsumowanie-konferencji-muzycznej\/\"},\"wordCount\":698,\"commentCount\":0,\"publisher\":{\"@id\":\"https:\/\/takbrzmimiasto.pl\/#organization\"},\"articleSection\":[\"Aktualno\u015bci\",\"Konferencja\"],\"inLanguage\":\"en-US\",\"potentialAction\":[{\"@type\":\"CommentAction\",\"name\":\"Comment\",\"target\":[\"https:\/\/takbrzmimiasto.pl\/en\/tak-brzmi-miasto-ludzie-podsumowanie-konferencji-muzycznej\/#respond\"]}]},{\"@type\":\"WebPage\",\"@id\":\"https:\/\/takbrzmimiasto.pl\/en\/tak-brzmi-miasto-ludzie-podsumowanie-konferencji-muzycznej\/\",\"url\":\"https:\/\/takbrzmimiasto.pl\/en\/tak-brzmi-miasto-ludzie-podsumowanie-konferencji-muzycznej\/\",\"name\":\"Tak Brzmi Miasto: Ludzie. #podsumowanie konferencji muzycznej - Tak Brzmi Miasto\",\"isPartOf\":{\"@id\":\"https:\/\/takbrzmimiasto.pl\/#website\"},\"datePublished\":\"2021-12-13T15:40:12+00:00\",\"dateModified\":\"2022-04-15T12:55:22+00:00\",\"breadcrumb\":{\"@id\":\"https:\/\/takbrzmimiasto.pl\/en\/tak-brzmi-miasto-ludzie-podsumowanie-konferencji-muzycznej\/#breadcrumb\"},\"inLanguage\":\"en-US\",\"potentialAction\":[{\"@type\":\"ReadAction\",\"target\":[\"https:\/\/takbrzmimiasto.pl\/en\/tak-brzmi-miasto-ludzie-podsumowanie-konferencji-muzycznej\/\"]}]},{\"@type\":\"BreadcrumbList\",\"@id\":\"https:\/\/takbrzmimiasto.pl\/en\/tak-brzmi-miasto-ludzie-podsumowanie-konferencji-muzycznej\/#breadcrumb\",\"itemListElement\":[{\"@type\":\"ListItem\",\"position\":1,\"name\":\"Strona g\u0142\u00f3wna\",\"item\":\"https:\/\/takbrzmimiasto.pl\/en\/\"},{\"@type\":\"ListItem\",\"position\":2,\"name\":\"Tak Brzmi Miasto: Ludzie. #podsumowanie konferencji muzycznej\"}]},{\"@type\":\"WebSite\",\"@id\":\"https:\/\/takbrzmimiasto.pl\/#website\",\"url\":\"https:\/\/takbrzmimiasto.pl\/\",\"name\":\"Tak Brzmi Miasto\",\"description\":\"Tak Brzmi Miasto to konferencja, festiwal, inkubator dla mened\u017cer\u00f3w i akademia\",\"publisher\":{\"@id\":\"https:\/\/takbrzmimiasto.pl\/#organization\"},\"potentialAction\":[{\"@type\":\"SearchAction\",\"target\":{\"@type\":\"EntryPoint\",\"urlTemplate\":\"https:\/\/takbrzmimiasto.pl\/?s={search_term_string}\"},\"query-input\":\"required name=search_term_string\"}],\"inLanguage\":\"en-US\"},{\"@type\":\"Organization\",\"@id\":\"https:\/\/takbrzmimiasto.pl\/#organization\",\"name\":\"Tak Brzmi Miasto\",\"url\":\"https:\/\/takbrzmimiasto.pl\/\",\"sameAs\":[],\"logo\":{\"@type\":\"ImageObject\",\"inLanguage\":\"en-US\",\"@id\":\"https:\/\/takbrzmimiasto.pl\/#\/schema\/logo\/image\/\",\"url\":\"https:\/\/takbrzmimiasto.pl\/wp-content\/uploads\/2021\/04\/www_miniatura_bezmenu.jpg\",\"contentUrl\":\"https:\/\/takbrzmimiasto.pl\/wp-content\/uploads\/2021\/04\/www_miniatura_bezmenu.jpg\",\"width\":1920,\"height\":1080,\"caption\":\"Tak Brzmi Miasto\"},\"image\":{\"@id\":\"https:\/\/takbrzmimiasto.pl\/#\/schema\/logo\/image\/\"}},{\"@type\":\"Person\",\"@id\":\"https:\/\/takbrzmimiasto.pl\/#\/schema\/person\/1c946f5380dc2c5faa442dcd9665f577\",\"name\":\"Ewelina Krawczyk\",\"image\":{\"@type\":\"ImageObject\",\"inLanguage\":\"en-US\",\"@id\":\"https:\/\/takbrzmimiasto.pl\/#\/schema\/person\/image\/\",\"url\":\"https:\/\/secure.gravatar.com\/avatar\/03e1748f22765fb67ad17a1be9f9214e?s=96&d=mm&r=g\",\"contentUrl\":\"https:\/\/secure.gravatar.com\/avatar\/03e1748f22765fb67ad17a1be9f9214e?s=96&d=mm&r=g\",\"caption\":\"Ewelina Krawczyk\"},\"description\":\"Organizatorka, promotorka i mened\u017cerka kultury. Dyrektorka Festiwalu Wschody promuj\u0105cego now\u0105 muzyk\u0119 artystyczn\u0105. Dotychczas m.in. specjalistka ds. promocji w Wydawnictwie Znak, dziennikarka w Polska Press, wsp\u00f3\u0142prowadz\u0105ca projekty rekrutacyjne i kreatywne. Z wykszta\u0142cenia psycholo\u017cka, prowadzi\u0142a zaj\u0119cia m.in. z psychologii osobowo\u015bci i tw\u00f3rczo\u015bci. Tworzy swoj\u0105 jednoosobow\u0105 agencj\u0119 kreatywn\u0105, Si\u0119 tworzy - promocyjny pomost mi\u0119dzy tw\u00f3rcami a reszt\u0105 \u015bwiata.\",\"url\":\"https:\/\/takbrzmimiasto.pl\/en\/author\/ewelina-krawczyk\/\"}]}<\/script>\n<!-- \/ Yoast SEO plugin. -->","yoast_head_json":{"title":"Tak Brzmi Miasto: Ludzie. #podsumowanie konferencji muzycznej - Tak Brzmi Miasto","robots":{"index":"index","follow":"follow","max-snippet":"max-snippet:-1","max-image-preview":"max-image-preview:large","max-video-preview":"max-video-preview:-1"},"canonical":"https:\/\/takbrzmimiasto.pl\/en\/tak-brzmi-miasto-ludzie-podsumowanie-konferencji-muzycznej\/","og_locale":"en_US","og_type":"article","og_title":"Tak Brzmi Miasto: Ludzie. #podsumowanie konferencji muzycznej - Tak Brzmi Miasto","og_description":"Po raz \u00f3smy miasto Krak\u00f3w by\u0142o gospodarzem najwi\u0119kszej konferencji bran\u017cy muzycznej w Polsce. Po raz drugi by\u0142o to wydarzenie, kt\u00f3re jednocze\u015bnie odbywa\u0142o si\u0119 w innych miastach i poza granicami kraju, dzi\u0119ki online&#8217;owej wersji spotka\u0144. 13 i 14 listopada rozegra\u0142a si\u0119 Tak Brzmi Miasto Konferencja pod has\u0142em LUDZIE, ludzki muzyczny networking bogaty w panele i warsztaty [&hellip;]","og_url":"https:\/\/takbrzmimiasto.pl\/en\/tak-brzmi-miasto-ludzie-podsumowanie-konferencji-muzycznej\/","og_site_name":"Tak Brzmi Miasto","article_published_time":"2021-12-13T15:40:12+00:00","article_modified_time":"2022-04-15T12:55:22+00:00","og_image":[{"width":1920,"height":1080,"url":"https:\/\/takbrzmimiasto.pl\/wp-content\/uploads\/2021\/04\/www_miniatura_bezmenu.jpg","type":"image\/jpeg"}],"author":"Ewelina Krawczyk","twitter_card":"summary_large_image","twitter_misc":{"Written by":"Ewelina Krawczyk","Est. reading time":"3 minutes"},"schema":{"@context":"https:\/\/schema.org","@graph":[{"@type":"Article","@id":"https:\/\/takbrzmimiasto.pl\/en\/tak-brzmi-miasto-ludzie-podsumowanie-konferencji-muzycznej\/#article","isPartOf":{"@id":"https:\/\/takbrzmimiasto.pl\/en\/tak-brzmi-miasto-ludzie-podsumowanie-konferencji-muzycznej\/"},"author":{"name":"Ewelina Krawczyk","@id":"https:\/\/takbrzmimiasto.pl\/#\/schema\/person\/1c946f5380dc2c5faa442dcd9665f577"},"headline":"Tak Brzmi Miasto: Ludzie. #podsumowanie konferencji muzycznej","datePublished":"2021-12-13T15:40:12+00:00","dateModified":"2022-04-15T12:55:22+00:00","mainEntityOfPage":{"@id":"https:\/\/takbrzmimiasto.pl\/en\/tak-brzmi-miasto-ludzie-podsumowanie-konferencji-muzycznej\/"},"wordCount":698,"commentCount":0,"publisher":{"@id":"https:\/\/takbrzmimiasto.pl\/#organization"},"articleSection":["Aktualno\u015bci","Konferencja"],"inLanguage":"en-US","potentialAction":[{"@type":"CommentAction","name":"Comment","target":["https:\/\/takbrzmimiasto.pl\/en\/tak-brzmi-miasto-ludzie-podsumowanie-konferencji-muzycznej\/#respond"]}]},{"@type":"WebPage","@id":"https:\/\/takbrzmimiasto.pl\/en\/tak-brzmi-miasto-ludzie-podsumowanie-konferencji-muzycznej\/","url":"https:\/\/takbrzmimiasto.pl\/en\/tak-brzmi-miasto-ludzie-podsumowanie-konferencji-muzycznej\/","name":"Tak Brzmi Miasto: Ludzie. #podsumowanie konferencji muzycznej - Tak Brzmi Miasto","isPartOf":{"@id":"https:\/\/takbrzmimiasto.pl\/#website"},"datePublished":"2021-12-13T15:40:12+00:00","dateModified":"2022-04-15T12:55:22+00:00","breadcrumb":{"@id":"https:\/\/takbrzmimiasto.pl\/en\/tak-brzmi-miasto-ludzie-podsumowanie-konferencji-muzycznej\/#breadcrumb"},"inLanguage":"en-US","potentialAction":[{"@type":"ReadAction","target":["https:\/\/takbrzmimiasto.pl\/en\/tak-brzmi-miasto-ludzie-podsumowanie-konferencji-muzycznej\/"]}]},{"@type":"BreadcrumbList","@id":"https:\/\/takbrzmimiasto.pl\/en\/tak-brzmi-miasto-ludzie-podsumowanie-konferencji-muzycznej\/#breadcrumb","itemListElement":[{"@type":"ListItem","position":1,"name":"Strona g\u0142\u00f3wna","item":"https:\/\/takbrzmimiasto.pl\/en\/"},{"@type":"ListItem","position":2,"name":"Tak Brzmi Miasto: Ludzie. #podsumowanie konferencji muzycznej"}]},{"@type":"WebSite","@id":"https:\/\/takbrzmimiasto.pl\/#website","url":"https:\/\/takbrzmimiasto.pl\/","name":"Tak Brzmi Miasto","description":"Tak Brzmi Miasto to konferencja, festiwal, inkubator dla mened\u017cer\u00f3w i akademia","publisher":{"@id":"https:\/\/takbrzmimiasto.pl\/#organization"},"potentialAction":[{"@type":"SearchAction","target":{"@type":"EntryPoint","urlTemplate":"https:\/\/takbrzmimiasto.pl\/?s={search_term_string}"},"query-input":"required name=search_term_string"}],"inLanguage":"en-US"},{"@type":"Organization","@id":"https:\/\/takbrzmimiasto.pl\/#organization","name":"Tak Brzmi Miasto","url":"https:\/\/takbrzmimiasto.pl\/","sameAs":[],"logo":{"@type":"ImageObject","inLanguage":"en-US","@id":"https:\/\/takbrzmimiasto.pl\/#\/schema\/logo\/image\/","url":"https:\/\/takbrzmimiasto.pl\/wp-content\/uploads\/2021\/04\/www_miniatura_bezmenu.jpg","contentUrl":"https:\/\/takbrzmimiasto.pl\/wp-content\/uploads\/2021\/04\/www_miniatura_bezmenu.jpg","width":1920,"height":1080,"caption":"Tak Brzmi Miasto"},"image":{"@id":"https:\/\/takbrzmimiasto.pl\/#\/schema\/logo\/image\/"}},{"@type":"Person","@id":"https:\/\/takbrzmimiasto.pl\/#\/schema\/person\/1c946f5380dc2c5faa442dcd9665f577","name":"Ewelina Krawczyk","image":{"@type":"ImageObject","inLanguage":"en-US","@id":"https:\/\/takbrzmimiasto.pl\/#\/schema\/person\/image\/","url":"https:\/\/secure.gravatar.com\/avatar\/03e1748f22765fb67ad17a1be9f9214e?s=96&d=mm&r=g","contentUrl":"https:\/\/secure.gravatar.com\/avatar\/03e1748f22765fb67ad17a1be9f9214e?s=96&d=mm&r=g","caption":"Ewelina Krawczyk"},"description":"Organizatorka, promotorka i mened\u017cerka kultury. Dyrektorka Festiwalu Wschody promuj\u0105cego now\u0105 muzyk\u0119 artystyczn\u0105. Dotychczas m.in. specjalistka ds. promocji w Wydawnictwie Znak, dziennikarka w Polska Press, wsp\u00f3\u0142prowadz\u0105ca projekty rekrutacyjne i kreatywne. Z wykszta\u0142cenia psycholo\u017cka, prowadzi\u0142a zaj\u0119cia m.in. z psychologii osobowo\u015bci i tw\u00f3rczo\u015bci. Tworzy swoj\u0105 jednoosobow\u0105 agencj\u0119 kreatywn\u0105, Si\u0119 tworzy - promocyjny pomost mi\u0119dzy tw\u00f3rcami a reszt\u0105 \u015bwiata.","url":"https:\/\/takbrzmimiasto.pl\/en\/author\/ewelina-krawczyk\/"}]}},"_links":{"self":[{"href":"https:\/\/takbrzmimiasto.pl\/en\/wp-json\/wp\/v2\/posts\/10594\/"}],"collection":[{"href":"https:\/\/takbrzmimiasto.pl\/en\/wp-json\/wp\/v2\/posts\/"}],"about":[{"href":"https:\/\/takbrzmimiasto.pl\/en\/wp-json\/wp\/v2\/types\/post\/"}],"author":[{"embeddable":true,"href":"https:\/\/takbrzmimiasto.pl\/en\/wp-json\/wp\/v2\/users\/60\/"}],"replies":[{"embeddable":true,"href":"https:\/\/takbrzmimiasto.pl\/en\/wp-json\/wp\/v2\/comments\/?post=10594"}],"version-history":[{"count":2,"href":"https:\/\/takbrzmimiasto.pl\/en\/wp-json\/wp\/v2\/posts\/10594\/revisions\/"}],"predecessor-version":[{"id":12007,"href":"https:\/\/takbrzmimiasto.pl\/en\/wp-json\/wp\/v2\/posts\/10594\/revisions\/12007\/"}],"wp:attachment":[{"href":"https:\/\/takbrzmimiasto.pl\/en\/wp-json\/wp\/v2\/media\/?parent=10594"}],"wp:term":[{"taxonomy":"category","embeddable":true,"href":"https:\/\/takbrzmimiasto.pl\/en\/wp-json\/wp\/v2\/categories\/?post=10594"},{"taxonomy":"post_tag","embeddable":true,"href":"https:\/\/takbrzmimiasto.pl\/en\/wp-json\/wp\/v2\/tags\/?post=10594"}],"curies":[{"name":"wp","href":"https:\/\/api.w.org\/{rel}","templated":true}]}}