{"id":11260,"date":"2022-03-19T13:23:47","date_gmt":"2022-03-19T12:23:47","guid":{"rendered":"https:\/\/takbrzmimiasto.pl\/?p=11260"},"modified":"2022-09-23T15:44:59","modified_gmt":"2022-09-23T13:44:59","slug":"instrukcja-obslugi-inkubatora-rady-od-bylych-uczestnikow","status":"publish","type":"post","link":"https:\/\/takbrzmimiasto.pl\/en\/instrukcja-obslugi-inkubatora-rady-od-bylych-uczestnikow\/","title":{"rendered":"Inkubator: Rady od by\u0142ych uczestnik\u00f3w"},"content":{"rendered":"<p style=\"text-align: justify;\"><strong>Tak Brzmi Miasto Inkubator w poprzednich trzech edycjach zrobi\u0142 dla swoich uczestnik\u00f3w bardzo wiele. Wiem, \u017ce mo\u017ce to wygl\u0105da\u0107 zarozumiale na blogu TBM, ale ja, jako by\u0142y uczestnik, bior\u0105c pod uwag\u0119 do\u015bwiadczenie moje i innych uczestnik\u00f3w, mam prawo tak napisa\u0107. Poniewa\u017c w\u0142a\u015bnie otworzy\u0142a si\u0119 \n    <span id=\"arrow-link-7f748d4c\" class=\"d-inline-block\">\n        <a href=\"https:\/\/takbrzmimiasto.pl\/inkubator-2022\/\" class=\"arrow-link underline\">\n            <span class=\"arrow-link_text\">rekrutacja na 4 edycj\u0119<\/span>\n            <span class=\"arrow-link_icon\">\n                <i class=\"fa-solid fa-arrow-right\"><\/i><i class=\"fa-solid fa-arrow-right\"><\/i>\n            <\/span>\n        <\/a>\n    <\/span>\n    , poprosi\u0142em moje kole\u017canki i koleg\u00f3w z poprzednich edycji Inkubatora o rady dla tych, kt\u00f3rzy chc\u0105 si\u0119 zg\u0142osi\u0107 w roku 2022. Z tego powsta\u0142 ten oto kr\u00f3tki poradnik w czterech punktach, kt\u00f3ry pozwoli wszystkim \u015bwie\u017cakom wyci\u0105gn\u0105\u0107 z Inkubatora jak najwi\u0119cej.<\/strong><\/p>\n<p>&nbsp;<\/p>\n<h2 style=\"text-align: justify;\"><strong>Zanim wy\u015blesz zg\u0142oszenie<\/strong><\/h2>\n<p style=\"text-align: justify;\">Przed wype\u0142nieniem formularza zg\u0142oszeniowego na TBM Inkubator, warto najpierw si\u0119 przyjrze\u0107 temu co masz i jak prezentujesz si\u0119 na zewn\u0105trz. Czy masz profile na portalach spo\u0142eczno\u015bciowych, gdzie mo\u017cna pos\u0142ucha\u0107 muzyki, gdzie poszuka\u0107 informacji o tobie itp. Nie musi by\u0107 ju\u017c teraz idealnie, poniewa\u017c na Inkubatorze si\u0119 dowiesz, jak to robi\u0107 dobrze. Lepiej jest jednak mie\u0107 od czego zaczyna\u0107, a i jury przegl\u0105daj\u0105c twoje zg\u0142oszenie, b\u0119dzie mia\u0142o u\u0142atwion\u0105 robot\u0119.<\/p>\n<p style=\"text-align: justify;\">Drug\u0105 wa\u017cn\u0105 kwesti\u0105 przed zg\u0142oszeniem si\u0119 do Inkubatora jest zadanie sobie pyta\u0144 o to czego teraz potrzebujesz, z czym masz problemy i jakie masz wyzwania. Spisuj je ju\u017c teraz i uwzgl\u0119dnij w formularzu. Organizatorzy dzi\u0119ki temu, b\u0119d\u0105 w stanie lepiej si\u0119 przygotowa\u0107 i oceni\u0107 w jakim stopniu Inkubator jest dla Ciebie. Zachowaj te pytania tak\u017ce na p\u00f3\u017aniej, Inkubator jest ogromn\u0105 skarbnic\u0105 wiedzy i by si\u0119 w niej nie pogubi\u0107, trzeba wiedzie\u0107 czego szuka\u0107.<\/p>\n<p style=\"text-align: justify;\">Jak ju\u017c jeste\u015bmy przy zastanawianiu si\u0119, warto pomy\u015ble\u0107 jak wyobra\u017casz sobie przysz\u0142o\u015b\u0107 po Inkubatorze. To te\u017c pozwoli ju\u017c w trakcie skupi\u0107 si\u0119 na najistotniejszych kwestiach. Je\u015bli gracie w zespole, porozmawiajcie o tym wsp\u00f3lnie! Wiele rzeczy w trakcie mo\u017ce si\u0119 wydarzy\u0107 i tylko zgodne zespo\u0142y s\u0105 w stanie wyci\u0105gn\u0105\u0107 z Inkubatora najwi\u0119cej.<\/p>\n<p>&nbsp;<\/p>\n<h2 style=\"text-align: justify;\"><strong>TBM Inkubator: Oczekiwania<\/strong><\/h2>\n<p style=\"text-align: justify;\">Zg\u0142aszaj\u0105c si\u0119 na Inkubator warto te\u017c zrewidowa\u0107 swoje oczekiwania. Nie wyci\u0105gniesz z tego programu wiele, je\u015bli oczekujesz co\u015b innego ni\u017c to, co mo\u017cesz od Inkubatora dosta\u0107. Po pierwsze na Inkubatorze nikt nic nie zrobi nic za Ciebie. Nikt nie przygotuje ci kampanii PR, nie zorganizuje trasy, nie wyda p\u0142yty, nie za\u0142atwi rotacji w rozg\u0142o\u015bniach, nie znajdzie ci managera, nie wypromuje w\u015br\u00f3d nastolatek i tym podobne. Inkubator jest programem, kt\u00f3ry jest w stanie nauczy\u0107 ci\u0119 jak to wszystko zrobi\u0107 samemu twoj\u0105 ci\u0119\u017ck\u0105 prac\u0105. Tylko i a\u017c tyle.<\/p>\n<p style=\"text-align: justify;\">Na pewno z Inkubatora wyci\u0105gniesz za to du\u017co wiedzy. Bardzo du\u017co wiedzy. Wiele z tych informacji przyda ci si\u0119 od razu. Zanim si\u0119 spostrze\u017cesz, b\u0119dziesz mie\u0107 do\u015b\u0107 d\u0142ug\u0105 list\u0119 rzeczy do zrobienia czy poprawienia i jak ju\u017c pisa\u0142em wcze\u015bniej, to b\u0119dzie to du\u017cy wysi\u0142ek. Na szcz\u0119\u015bcie mo\u017cesz liczy\u0107 na wsparcie merytoryczne i motywacyjne nie tylko kurator\u00f3w, wyk\u0142adowc\u00f3w, organizator\u00f3w, lecz tak\u017ce innych uczestnik\u00f3w. Wiele z zapytanych os\u00f3b m\u00f3wi\u0142o mi, \u017ce takiego kopa motywacyjnego nigdy wcze\u015bniej nie dostali. Je\u015bli ju\u017c m\u00f3wimy o wiedzy, trzeba te\u017c pami\u0119ta\u0107, \u017ce zdarz\u0105 si\u0119 rzeczy, kt\u00f3re w tym momencie niekoniecznie b\u0119d\u0105 skrojone pod ciebie, ale to nie do ko\u0144ca tak jest. Wiele rzeczy mo\u017ce si\u0119 przyda\u0107 nie teraz, ale np. za 5 lat, albo w innym projekcie, czy innej roli. Przysz\u0142o\u015b\u0107 jest niewiadom\u0105. A skoro ju\u017c m\u00f3wimy o przysz\u0142o\u015bci\u2026<\/p>\n<p>&nbsp;<\/p>\n<h2 style=\"text-align: justify;\"><strong>Przygotuj si\u0119 na:<\/strong><\/h2>\n<p style=\"text-align: justify;\">M\u00f3wi\u0142em, \u017ce b\u0119dzie sporo pracy? To powt\u00f3rz\u0119 raz jeszcze: b\u0119dzie sporo pracy. Self-management to praktycznie drugi etat i musisz si\u0119 na to przygotowa\u0107. Jednak\u017ce to nie jest jedyna rzecz, kt\u00f3r\u0105 trzeba wzi\u0105\u0107 pod uwag\u0119 bior\u0105c udzia\u0142 w Inkubatorze. Przygotuj si\u0119 na powa\u017cne zmiany. Powa\u017cne zmiany nie tylko w swojej karierze.<\/p>\n<p style=\"text-align: justify;\">Inkubator wielu uczestnikom zrewidowa\u0142 wiele rzeczy nie tylko muzycznie, lecz tak\u017ce w \u017cyciu. Przez Inkubator rozpad\u0142o si\u0119 kilka zespo\u0142\u00f3w (w tym m\u00f3j), inni zmieniali gatunki muzyki, zawody, pogl\u0105dy na \u015bwiat i ca\u0142\u0105 reszt\u0119, partner\u00f3w czy plany na przysz\u0142o\u015b\u0107. Udzia\u0142 w Inkubatorze naprawd\u0119 mo\u017ce wywr\u00f3ci\u0107 do g\u00f3ry nogami wiele rzeczy, kt\u00f3re teraz wydaj\u0105 si\u0119 dla ciebie oczywiste i sta\u0142e. Jedyne pocieszenie, jakie w tym momencie mog\u0119 ci da\u0107 to to, \u017ce nikt tych zmian nie \u017ca\u0142uje. To dobrze \u015bwiadczy!<\/p>\n<p>&nbsp;<\/p>\n<h2 style=\"text-align: justify;\"><strong>TBM Inkubator: Szanse<\/strong><\/h2>\n<p style=\"text-align: justify;\">Inkubator, opr\u00f3cz kwestii merytorycznych, daje ci jedyn\u0105 i niepowtarzaln\u0105 okazj\u0119 na poznanie wielu fantastycznych ludzi. Jakie inne osoby ludzi taki program dla bran\u017cy muzycznej mo\u017ce zbiera\u0107? To oczywiste, \u017ce tylko kreatywne, aktywne, otwarte, autentyczne i tw\u00f3rcze na wielu polach. Na Inkubatorze rodzi\u0142y si\u0119 nie tylko przyja\u017anie na d\u0142ugie lata, lecz tak\u017ce r\u00f3\u017cne kolaboracje, wsp\u00f3\u0142prace i wiele innych. Dzi\u015b dzi\u0119ki Inkubatorowi bez problemu jestem w stanie zorganizowa\u0107 wydarzenia w przer\u00f3\u017cnych miejscach i to nie dlatego, \u017ce mam jak\u0105\u015b magiczn\u0105 tabelk\u0119 z adresami, ale dlatego, \u017ce pozna\u0142em wiele os\u00f3b, kt\u00f3re w ka\u017cdej chwili s\u0105 w stanie mnie wspom\u00f3c rad\u0105, poleceniem, kontaktem w wielu miastach w ca\u0142ej Polsce. To s\u0105 kontakty na lata.<\/p>\n<p style=\"text-align: justify;\">A je\u015bli m\u00f3wimy o ludziach z ca\u0142ego kraju, warto wspomnie\u0107 o Summer Campie, kt\u00f3ry odb\u0119dzie si\u0119 jak co roku w sierpniu w \n    <span id=\"arrow-link-86395d74\" class=\"d-inline-block\">\n        <a href=\"https:\/\/dworek.eu\/\" class=\"arrow-link underline\">\n            <span class=\"arrow-link_text\">Centrum Kultury Dworek Bia\u0142opr\u0105dnicki<\/span>\n            <span class=\"arrow-link_icon\">\n                <i class=\"fa-solid fa-arrow-right\"><\/i><i class=\"fa-solid fa-arrow-right\"><\/i>\n            <\/span>\n        <\/a>\n    <\/span>\n    . Camp jest okazj\u0105, by dozna\u0107 tego wszystkiego w jednym miejscu w bardzo skoncentrowanej formie. Osobi\u015bcie bez Campu nie wyci\u0105gn\u0105\u0142bym z Inkubatora 1\/3 tego, co mam teraz, wi\u0119c radz\u0119 ju\u017c teraz zapisa\u0107 to sobie w kalendarzu i zorganizowa\u0107 czas, bo potem b\u0119dzie si\u0119 tylko \u017ca\u0142owa\u0107.<\/p>\n<p style=\"text-align: justify;\">Mam nadziej\u0119, \u017ce ten tekst pomo\u017ce ci dobrze przygotowa\u0107 si\u0119 do Inkubatora. Je\u015bli tak, \n    <span id=\"arrow-link-13bd5632\" class=\"d-inline-block\">\n        <a href=\"https:\/\/takbrzmimiasto.pl\/inkubator-2022\/\" class=\"arrow-link underline\">\n            <span class=\"arrow-link_text\">zapisz si\u0119<\/span>\n            <span class=\"arrow-link_icon\">\n                <i class=\"fa-solid fa-arrow-right\"><\/i><i class=\"fa-solid fa-arrow-right\"><\/i>\n            <\/span>\n        <\/a>\n    <\/span>\n     i czerp z niego jak najwi\u0119cej. To jest program przygotowany w\u0142a\u015bnie dla ciebie.<\/p>\n","protected":false},"excerpt":{"rendered":"<p>Tak Brzmi Miasto Inkubator w poprzednich trzech edycjach zrobi\u0142 dla swoich uczestnik\u00f3w bardzo wiele. Wiem, \u017ce mo\u017ce to wygl\u0105da\u0107 zarozumiale na blogu TBM, ale ja, jako by\u0142y uczestnik, bior\u0105c pod uwag\u0119 do\u015bwiadczenie moje i innych uczestnik\u00f3w, mam prawo tak napisa\u0107. Poniewa\u017c w\u0142a\u015bnie otworzy\u0142a si\u0119 , poprosi\u0142em moje kole\u017canki i koleg\u00f3w z poprzednich edycji Inkubatora o [&hellip;]<\/p>\n","protected":false},"author":36,"featured_media":11261,"comment_status":"open","ping_status":"open","sticky":false,"template":"","format":"standard","meta":{"inline_featured_image":false,"footnotes":""},"categories":[46,304],"tags":[66,326],"class_list":["post-11260","post","type-post","status-publish","format-standard","has-post-thumbnail","hentry","category-inkubator","category-poradnik","tag-inkubator","tag-tak-brzmi-miasto"],"acf":[],"yoast_head":"<!-- This site is optimized with the Yoast SEO plugin v19.7.1 - https:\/\/yoast.com\/wordpress\/plugins\/seo\/ -->\n<title>Inkubator: Rady od by\u0142ych uczestnik\u00f3w - Tak Brzmi Miasto<\/title>\n<meta name=\"description\" content=\"Chcesz si\u0119 zg\u0142osi\u0107 na Tak Brzmi Miasto Inkubator? Koniecznie przeczytaj rady by\u0142ych uczestnik\u00f3w, kt\u00f3rzy stworzyli instrukcj\u0119 zg\u0142oszenia.\" \/>\n<meta name=\"robots\" content=\"index, follow, max-snippet:-1, max-image-preview:large, max-video-preview:-1\" \/>\n<link rel=\"canonical\" href=\"https:\/\/takbrzmimiasto.pl\/en\/instrukcja-obslugi-inkubatora-rady-od-bylych-uczestnikow\/\" \/>\n<meta property=\"og:locale\" content=\"en_US\" \/>\n<meta property=\"og:type\" content=\"article\" \/>\n<meta property=\"og:title\" content=\"Inkubator: Rady od by\u0142ych uczestnik\u00f3w - Tak Brzmi Miasto\" \/>\n<meta property=\"og:description\" content=\"Chcesz si\u0119 zg\u0142osi\u0107 na Tak Brzmi Miasto Inkubator? Koniecznie przeczytaj rady by\u0142ych uczestnik\u00f3w, kt\u00f3rzy stworzyli instrukcj\u0119 zg\u0142oszenia.\" \/>\n<meta property=\"og:url\" content=\"https:\/\/takbrzmimiasto.pl\/en\/instrukcja-obslugi-inkubatora-rady-od-bylych-uczestnikow\/\" \/>\n<meta property=\"og:site_name\" content=\"Tak Brzmi Miasto\" \/>\n<meta property=\"article:published_time\" content=\"2022-03-19T12:23:47+00:00\" \/>\n<meta property=\"article:modified_time\" content=\"2022-09-23T13:44:59+00:00\" \/>\n<meta property=\"og:image\" content=\"https:\/\/takbrzmimiasto.pl\/wp-content\/uploads\/2022\/03\/TMB-template.jpg\" \/>\n\t<meta property=\"og:image:width\" content=\"1920\" \/>\n\t<meta property=\"og:image:height\" content=\"1080\" \/>\n\t<meta property=\"og:image:type\" content=\"image\/jpeg\" \/>\n<meta name=\"author\" content=\"Andrzej Czarnecki\" \/>\n<meta name=\"twitter:card\" content=\"summary_large_image\" \/>\n<meta name=\"twitter:creator\" content=\"@andrzejczarneck\" \/>\n<meta name=\"twitter:label1\" content=\"Written by\" \/>\n\t<meta name=\"twitter:data1\" content=\"Andrzej Czarnecki\" \/>\n\t<meta name=\"twitter:label2\" content=\"Est. reading time\" \/>\n\t<meta name=\"twitter:data2\" content=\"4 minutes\" \/>\n<script type=\"application\/ld+json\" class=\"yoast-schema-graph\">{\"@context\":\"https:\/\/schema.org\",\"@graph\":[{\"@type\":\"Article\",\"@id\":\"https:\/\/takbrzmimiasto.pl\/en\/instrukcja-obslugi-inkubatora-rady-od-bylych-uczestnikow\/#article\",\"isPartOf\":{\"@id\":\"https:\/\/takbrzmimiasto.pl\/en\/instrukcja-obslugi-inkubatora-rady-od-bylych-uczestnikow\/\"},\"author\":{\"name\":\"Andrzej Czarnecki\",\"@id\":\"https:\/\/takbrzmimiasto.pl\/#\/schema\/person\/ac2f374f40a419addf393937257b6d27\"},\"headline\":\"Inkubator: Rady od by\u0142ych uczestnik\u00f3w\",\"datePublished\":\"2022-03-19T12:23:47+00:00\",\"dateModified\":\"2022-09-23T13:44:59+00:00\",\"mainEntityOfPage\":{\"@id\":\"https:\/\/takbrzmimiasto.pl\/en\/instrukcja-obslugi-inkubatora-rady-od-bylych-uczestnikow\/\"},\"wordCount\":1031,\"commentCount\":0,\"publisher\":{\"@id\":\"https:\/\/takbrzmimiasto.pl\/#organization\"},\"keywords\":[\"inkubator\",\"Tak Brzmi Miasto\"],\"articleSection\":[\"Inkubator\",\"Poradnik\"],\"inLanguage\":\"en-US\",\"potentialAction\":[{\"@type\":\"CommentAction\",\"name\":\"Comment\",\"target\":[\"https:\/\/takbrzmimiasto.pl\/en\/instrukcja-obslugi-inkubatora-rady-od-bylych-uczestnikow\/#respond\"]}]},{\"@type\":\"WebPage\",\"@id\":\"https:\/\/takbrzmimiasto.pl\/en\/instrukcja-obslugi-inkubatora-rady-od-bylych-uczestnikow\/\",\"url\":\"https:\/\/takbrzmimiasto.pl\/en\/instrukcja-obslugi-inkubatora-rady-od-bylych-uczestnikow\/\",\"name\":\"Inkubator: Rady od by\u0142ych uczestnik\u00f3w - Tak Brzmi Miasto\",\"isPartOf\":{\"@id\":\"https:\/\/takbrzmimiasto.pl\/#website\"},\"datePublished\":\"2022-03-19T12:23:47+00:00\",\"dateModified\":\"2022-09-23T13:44:59+00:00\",\"description\":\"Chcesz si\u0119 zg\u0142osi\u0107 na Tak Brzmi Miasto Inkubator? Koniecznie przeczytaj rady by\u0142ych uczestnik\u00f3w, kt\u00f3rzy stworzyli instrukcj\u0119 zg\u0142oszenia.\",\"breadcrumb\":{\"@id\":\"https:\/\/takbrzmimiasto.pl\/en\/instrukcja-obslugi-inkubatora-rady-od-bylych-uczestnikow\/#breadcrumb\"},\"inLanguage\":\"en-US\",\"potentialAction\":[{\"@type\":\"ReadAction\",\"target\":[\"https:\/\/takbrzmimiasto.pl\/en\/instrukcja-obslugi-inkubatora-rady-od-bylych-uczestnikow\/\"]}]},{\"@type\":\"BreadcrumbList\",\"@id\":\"https:\/\/takbrzmimiasto.pl\/en\/instrukcja-obslugi-inkubatora-rady-od-bylych-uczestnikow\/#breadcrumb\",\"itemListElement\":[{\"@type\":\"ListItem\",\"position\":1,\"name\":\"Strona g\u0142\u00f3wna\",\"item\":\"https:\/\/takbrzmimiasto.pl\/en\/\"},{\"@type\":\"ListItem\",\"position\":2,\"name\":\"Inkubator: Rady od by\u0142ych uczestnik\u00f3w\"}]},{\"@type\":\"WebSite\",\"@id\":\"https:\/\/takbrzmimiasto.pl\/#website\",\"url\":\"https:\/\/takbrzmimiasto.pl\/\",\"name\":\"Tak Brzmi Miasto\",\"description\":\"Tak Brzmi Miasto to konferencja, festiwal, inkubator dla mened\u017cer\u00f3w i akademia\",\"publisher\":{\"@id\":\"https:\/\/takbrzmimiasto.pl\/#organization\"},\"potentialAction\":[{\"@type\":\"SearchAction\",\"target\":{\"@type\":\"EntryPoint\",\"urlTemplate\":\"https:\/\/takbrzmimiasto.pl\/?s={search_term_string}\"},\"query-input\":\"required name=search_term_string\"}],\"inLanguage\":\"en-US\"},{\"@type\":\"Organization\",\"@id\":\"https:\/\/takbrzmimiasto.pl\/#organization\",\"name\":\"Tak Brzmi Miasto\",\"url\":\"https:\/\/takbrzmimiasto.pl\/\",\"sameAs\":[],\"logo\":{\"@type\":\"ImageObject\",\"inLanguage\":\"en-US\",\"@id\":\"https:\/\/takbrzmimiasto.pl\/#\/schema\/logo\/image\/\",\"url\":\"https:\/\/takbrzmimiasto.pl\/wp-content\/uploads\/2021\/04\/www_miniatura_bezmenu.jpg\",\"contentUrl\":\"https:\/\/takbrzmimiasto.pl\/wp-content\/uploads\/2021\/04\/www_miniatura_bezmenu.jpg\",\"width\":1920,\"height\":1080,\"caption\":\"Tak Brzmi Miasto\"},\"image\":{\"@id\":\"https:\/\/takbrzmimiasto.pl\/#\/schema\/logo\/image\/\"}},{\"@type\":\"Person\",\"@id\":\"https:\/\/takbrzmimiasto.pl\/#\/schema\/person\/ac2f374f40a419addf393937257b6d27\",\"name\":\"Andrzej Czarnecki\",\"image\":{\"@type\":\"ImageObject\",\"inLanguage\":\"en-US\",\"@id\":\"https:\/\/takbrzmimiasto.pl\/#\/schema\/person\/image\/\",\"url\":\"https:\/\/secure.gravatar.com\/avatar\/a6c784b1061396cb961878cc72af20a6?s=96&d=mm&r=g\",\"contentUrl\":\"https:\/\/secure.gravatar.com\/avatar\/a6c784b1061396cb961878cc72af20a6?s=96&d=mm&r=g\",\"caption\":\"Andrzej Czarnecki\"},\"description\":\"Samodzielny muzyk, cz\u0142owiek wielu talent\u00f3w i niedoko\u0144czonych projekt\u00f3w, \u015bredni wokalista, dobry kolega\",\"sameAs\":[\"https:\/\/twitter.com\/@andrzejczarneck\"],\"url\":\"https:\/\/takbrzmimiasto.pl\/en\/author\/andrzej-czarnecki\/\"}]}<\/script>\n<!-- \/ Yoast SEO plugin. -->","yoast_head_json":{"title":"Inkubator: Rady od by\u0142ych uczestnik\u00f3w - Tak Brzmi Miasto","description":"Chcesz si\u0119 zg\u0142osi\u0107 na Tak Brzmi Miasto Inkubator? Koniecznie przeczytaj rady by\u0142ych uczestnik\u00f3w, kt\u00f3rzy stworzyli instrukcj\u0119 zg\u0142oszenia.","robots":{"index":"index","follow":"follow","max-snippet":"max-snippet:-1","max-image-preview":"max-image-preview:large","max-video-preview":"max-video-preview:-1"},"canonical":"https:\/\/takbrzmimiasto.pl\/en\/instrukcja-obslugi-inkubatora-rady-od-bylych-uczestnikow\/","og_locale":"en_US","og_type":"article","og_title":"Inkubator: Rady od by\u0142ych uczestnik\u00f3w - Tak Brzmi Miasto","og_description":"Chcesz si\u0119 zg\u0142osi\u0107 na Tak Brzmi Miasto Inkubator? Koniecznie przeczytaj rady by\u0142ych uczestnik\u00f3w, kt\u00f3rzy stworzyli instrukcj\u0119 zg\u0142oszenia.","og_url":"https:\/\/takbrzmimiasto.pl\/en\/instrukcja-obslugi-inkubatora-rady-od-bylych-uczestnikow\/","og_site_name":"Tak Brzmi Miasto","article_published_time":"2022-03-19T12:23:47+00:00","article_modified_time":"2022-09-23T13:44:59+00:00","og_image":[{"width":1920,"height":1080,"url":"https:\/\/takbrzmimiasto.pl\/wp-content\/uploads\/2022\/03\/TMB-template.jpg","type":"image\/jpeg"}],"author":"Andrzej Czarnecki","twitter_card":"summary_large_image","twitter_creator":"@andrzejczarneck","twitter_misc":{"Written by":"Andrzej Czarnecki","Est. reading time":"4 minutes"},"schema":{"@context":"https:\/\/schema.org","@graph":[{"@type":"Article","@id":"https:\/\/takbrzmimiasto.pl\/en\/instrukcja-obslugi-inkubatora-rady-od-bylych-uczestnikow\/#article","isPartOf":{"@id":"https:\/\/takbrzmimiasto.pl\/en\/instrukcja-obslugi-inkubatora-rady-od-bylych-uczestnikow\/"},"author":{"name":"Andrzej Czarnecki","@id":"https:\/\/takbrzmimiasto.pl\/#\/schema\/person\/ac2f374f40a419addf393937257b6d27"},"headline":"Inkubator: Rady od by\u0142ych uczestnik\u00f3w","datePublished":"2022-03-19T12:23:47+00:00","dateModified":"2022-09-23T13:44:59+00:00","mainEntityOfPage":{"@id":"https:\/\/takbrzmimiasto.pl\/en\/instrukcja-obslugi-inkubatora-rady-od-bylych-uczestnikow\/"},"wordCount":1031,"commentCount":0,"publisher":{"@id":"https:\/\/takbrzmimiasto.pl\/#organization"},"keywords":["inkubator","Tak Brzmi Miasto"],"articleSection":["Inkubator","Poradnik"],"inLanguage":"en-US","potentialAction":[{"@type":"CommentAction","name":"Comment","target":["https:\/\/takbrzmimiasto.pl\/en\/instrukcja-obslugi-inkubatora-rady-od-bylych-uczestnikow\/#respond"]}]},{"@type":"WebPage","@id":"https:\/\/takbrzmimiasto.pl\/en\/instrukcja-obslugi-inkubatora-rady-od-bylych-uczestnikow\/","url":"https:\/\/takbrzmimiasto.pl\/en\/instrukcja-obslugi-inkubatora-rady-od-bylych-uczestnikow\/","name":"Inkubator: Rady od by\u0142ych uczestnik\u00f3w - Tak Brzmi Miasto","isPartOf":{"@id":"https:\/\/takbrzmimiasto.pl\/#website"},"datePublished":"2022-03-19T12:23:47+00:00","dateModified":"2022-09-23T13:44:59+00:00","description":"Chcesz si\u0119 zg\u0142osi\u0107 na Tak Brzmi Miasto Inkubator? Koniecznie przeczytaj rady by\u0142ych uczestnik\u00f3w, kt\u00f3rzy stworzyli instrukcj\u0119 zg\u0142oszenia.","breadcrumb":{"@id":"https:\/\/takbrzmimiasto.pl\/en\/instrukcja-obslugi-inkubatora-rady-od-bylych-uczestnikow\/#breadcrumb"},"inLanguage":"en-US","potentialAction":[{"@type":"ReadAction","target":["https:\/\/takbrzmimiasto.pl\/en\/instrukcja-obslugi-inkubatora-rady-od-bylych-uczestnikow\/"]}]},{"@type":"BreadcrumbList","@id":"https:\/\/takbrzmimiasto.pl\/en\/instrukcja-obslugi-inkubatora-rady-od-bylych-uczestnikow\/#breadcrumb","itemListElement":[{"@type":"ListItem","position":1,"name":"Strona g\u0142\u00f3wna","item":"https:\/\/takbrzmimiasto.pl\/en\/"},{"@type":"ListItem","position":2,"name":"Inkubator: Rady od by\u0142ych uczestnik\u00f3w"}]},{"@type":"WebSite","@id":"https:\/\/takbrzmimiasto.pl\/#website","url":"https:\/\/takbrzmimiasto.pl\/","name":"Tak Brzmi Miasto","description":"Tak Brzmi Miasto to konferencja, festiwal, inkubator dla mened\u017cer\u00f3w i akademia","publisher":{"@id":"https:\/\/takbrzmimiasto.pl\/#organization"},"potentialAction":[{"@type":"SearchAction","target":{"@type":"EntryPoint","urlTemplate":"https:\/\/takbrzmimiasto.pl\/?s={search_term_string}"},"query-input":"required name=search_term_string"}],"inLanguage":"en-US"},{"@type":"Organization","@id":"https:\/\/takbrzmimiasto.pl\/#organization","name":"Tak Brzmi Miasto","url":"https:\/\/takbrzmimiasto.pl\/","sameAs":[],"logo":{"@type":"ImageObject","inLanguage":"en-US","@id":"https:\/\/takbrzmimiasto.pl\/#\/schema\/logo\/image\/","url":"https:\/\/takbrzmimiasto.pl\/wp-content\/uploads\/2021\/04\/www_miniatura_bezmenu.jpg","contentUrl":"https:\/\/takbrzmimiasto.pl\/wp-content\/uploads\/2021\/04\/www_miniatura_bezmenu.jpg","width":1920,"height":1080,"caption":"Tak Brzmi Miasto"},"image":{"@id":"https:\/\/takbrzmimiasto.pl\/#\/schema\/logo\/image\/"}},{"@type":"Person","@id":"https:\/\/takbrzmimiasto.pl\/#\/schema\/person\/ac2f374f40a419addf393937257b6d27","name":"Andrzej Czarnecki","image":{"@type":"ImageObject","inLanguage":"en-US","@id":"https:\/\/takbrzmimiasto.pl\/#\/schema\/person\/image\/","url":"https:\/\/secure.gravatar.com\/avatar\/a6c784b1061396cb961878cc72af20a6?s=96&d=mm&r=g","contentUrl":"https:\/\/secure.gravatar.com\/avatar\/a6c784b1061396cb961878cc72af20a6?s=96&d=mm&r=g","caption":"Andrzej Czarnecki"},"description":"Samodzielny muzyk, cz\u0142owiek wielu talent\u00f3w i niedoko\u0144czonych projekt\u00f3w, \u015bredni wokalista, dobry kolega","sameAs":["https:\/\/twitter.com\/@andrzejczarneck"],"url":"https:\/\/takbrzmimiasto.pl\/en\/author\/andrzej-czarnecki\/"}]}},"_links":{"self":[{"href":"https:\/\/takbrzmimiasto.pl\/en\/wp-json\/wp\/v2\/posts\/11260\/"}],"collection":[{"href":"https:\/\/takbrzmimiasto.pl\/en\/wp-json\/wp\/v2\/posts\/"}],"about":[{"href":"https:\/\/takbrzmimiasto.pl\/en\/wp-json\/wp\/v2\/types\/post\/"}],"author":[{"embeddable":true,"href":"https:\/\/takbrzmimiasto.pl\/en\/wp-json\/wp\/v2\/users\/36\/"}],"replies":[{"embeddable":true,"href":"https:\/\/takbrzmimiasto.pl\/en\/wp-json\/wp\/v2\/comments\/?post=11260"}],"version-history":[{"count":13,"href":"https:\/\/takbrzmimiasto.pl\/en\/wp-json\/wp\/v2\/posts\/11260\/revisions\/"}],"predecessor-version":[{"id":15340,"href":"https:\/\/takbrzmimiasto.pl\/en\/wp-json\/wp\/v2\/posts\/11260\/revisions\/15340\/"}],"wp:featuredmedia":[{"embeddable":true,"href":"https:\/\/takbrzmimiasto.pl\/en\/wp-json\/wp\/v2\/media\/11261\/"}],"wp:attachment":[{"href":"https:\/\/takbrzmimiasto.pl\/en\/wp-json\/wp\/v2\/media\/?parent=11260"}],"wp:term":[{"taxonomy":"category","embeddable":true,"href":"https:\/\/takbrzmimiasto.pl\/en\/wp-json\/wp\/v2\/categories\/?post=11260"},{"taxonomy":"post_tag","embeddable":true,"href":"https:\/\/takbrzmimiasto.pl\/en\/wp-json\/wp\/v2\/tags\/?post=11260"}],"curies":[{"name":"wp","href":"https:\/\/api.w.org\/{rel}","templated":true}]}}