{"id":12865,"date":"2022-07-26T16:38:23","date_gmt":"2022-07-26T14:38:23","guid":{"rendered":"https:\/\/takbrzmimiasto.pl\/?p=12865"},"modified":"2024-11-27T12:49:29","modified_gmt":"2024-11-27T11:49:29","slug":"niezbednik-branzy-muzycznej-jak-promowac-swoj-zespol","status":"publish","type":"post","link":"https:\/\/takbrzmimiasto.pl\/en\/niezbednik-branzy-muzycznej-jak-promowac-swoj-zespol\/","title":{"rendered":"Niezb\u0119dnik bran\u017cy muzycznej cz.1: Jak promowa\u0107 sw\u00f3j zesp\u00f3\u0142?"},"content":{"rendered":"<p style=\"text-align: justify;\"><span style=\"font-weight: 400;\">W Internecie, jak wiadomo, jest wszystko. A jednak pytanie \u201cjak promowa\u0107 sw\u00f3j zesp\u00f3\u0142\u201d wraca regularnie, a odpowied\u017a na nie, wcale nie jest oczywista. Owszem, <\/span><i><span style=\"font-weight: 400;\">the truth is out there<\/span><\/i><span style=\"font-weight: 400;\">, jednak bez odpowiedniej mapy nawigowanie przez terabajty danych i \u0142\u0105czenie odseparowanych wysp informacji mo\u017ce poch\u0142on\u0105\u0107 bardziej ni\u017c robienie kariery muzycznej.<\/span><\/p>\n<p style=\"text-align: justify;\"><span style=\"font-weight: 400;\">Dlatego w tej serii przygotujemy dla Was tak\u0105 &#8220;map\u0119&#8221; &#8211; czy te\u017c mo\u017ce niezb\u0119dnik &#8211; tre\u015bci przydatnych w bran\u017cy muzycznej, w konkretnym jej obszarze. Znajdziemy je, wyselekcjonujemy, opiszemy, i po\u0142\u0105czymy w ca\u0142o\u015b\u0107, tak by\u015b \u0142atwo m\u00f3g\u0142\/mog\u0142a skorzysta\u0107 z podstawowych informacji.<\/span><\/p>\n<p style=\"text-align: justify;\"><span style=\"font-weight: 400;\">Na pierwszy ogie\u0144 temat <\/span><b>brandingu, promocji i marketingu.<\/b><\/p>\n<p>&nbsp;<\/p>\n<h2 style=\"text-align: justify;\"><b>Jak promowa\u0107 sw\u00f3j zesp\u00f3\u0142: Zacznij od siebie<\/b><\/h2>\n<p style=\"text-align: justify;\"><span style=\"font-weight: 400;\">Dobrym startem do tematu promocji naszego zespo\u0142u, jest kr\u00f3tkie wideo z serii <\/span><b>Q&amp;A z udzia\u0142em jednego z naszych wyk\u0142adowc\u00f3w &#8211; W\u0142adka Folty\u0144skiego <\/b><span style=\"font-weight: 400;\">&#8211; specjalisty od brandingu, kt\u00f3ry realizowa\u0142 projekty mi\u0119dzy innymi dla marek takich jak Lenovo, Hyundai czy Haribo.\u00a0<\/span><\/p>\n<p style=\"text-align: justify;\"><span style=\"font-weight: 400;\">Odpowiada on na pytanie \u201cod czego zacz\u0105\u0107 tworzenie marki\u201d, a odpowied\u017a jest nieco\u2026 terapeutyczna: potrzebna jest tu autoanaliza i zadanie sobie pytania \u201cjakie s\u0105 moje warto\u015bci, jakie cele, po co stoj\u0119 na scenie\u201d. Odpowied\u017a stanowi podstaw\u0119 do budowania dalszej strategii, analizy konkurencji, rynku i odbiorc\u00f3w.<\/span><\/p>\n<p style=\"text-align: justify;\"><span style=\"font-weight: 400;\">W wideo pojawia si\u0119 dwa s\u0142owa klucze: <\/span><b>marketing pierwotny <\/b><span style=\"font-weight: 400;\">(autorstwa Patricka Hanlona) oraz <\/span><b>archetypy <\/b><span style=\"font-weight: 400;\">&#8211; czyli wzorce osobowo\u015bci &#8211; i budowanie marki w oparciu w\u0142a\u015bnie o nie.<\/span><\/p>\n<p style=\"text-align: justify;\"><span style=\"font-weight: 400;\">Je\u015bli wi\u0119c szukasz punktu zaczepienia &#8211; te dwa has\u0142a s\u0105 warte zg\u0142\u0119bienia. Pozwol\u0105 Ci konsekwentnie rozwija\u0107 swoj\u0105 mark\u0119 z pomoc\u0105 kolejnych narz\u0119dzi.\u00a0<\/span><\/p>\n<p style=\"text-align: justify;\"><span style=\"font-weight: 400;\">Artyku\u0142\u00f3w w sieci na ten temat jest zatrz\u0119sienie, ale my polecamy <\/span>\n    <span id=\"arrow-link-15ab6a43\" class=\"d-inline-block\">\n        <a href=\"https:\/\/iconicfox.com.au\/brand-archetypes\/\" class=\"arrow-link underline\">\n            <span class=\"arrow-link_text\">TEN<\/span>\n            <span class=\"arrow-link_icon\">\n                <i class=\"fa-solid fa-arrow-right\"><\/i><i class=\"fa-solid fa-arrow-right\"><\/i>\n            <\/span>\n        <\/a>\n    <\/span>\n     i \n    <span id=\"arrow-link-161393cb\" class=\"d-inline-block\">\n        <a href=\"https:\/\/www.awal.com\/blog\/musician-branding\" class=\"arrow-link underline\">\n            <span class=\"arrow-link_text\">TEN<\/span>\n            <span class=\"arrow-link_icon\">\n                <i class=\"fa-solid fa-arrow-right\"><\/i><i class=\"fa-solid fa-arrow-right\"><\/i>\n            <\/span>\n        <\/a>\n    <\/span>\n    <span style=\"font-weight: 400;\">, bo operuj\u0105 na obrazowych przyk\u0142adach daj\u0105cych \u0142atwo prze\u0142o\u017cy\u0107 si\u0119 na bran\u017c\u0119 muzyczn\u0105. Polecamy te\u017c podcast <\/span>\n    <span id=\"arrow-link-b5a97e9a\" class=\"d-inline-block\">\n        <a href=\"https:\/\/thefutur.com\/podcast\/primal-branding \" class=\"arrow-link underline\">\n            <span class=\"arrow-link_text\">Primal branding<\/span>\n            <span class=\"arrow-link_icon\">\n                <i class=\"fa-solid fa-arrow-right\"><\/i><i class=\"fa-solid fa-arrow-right\"><\/i>\n            <\/span>\n        <\/a>\n    <\/span>\n    .<\/p>\n<figure id=\"attachment_30922\" aria-describedby=\"caption-attachment-30922\" style=\"width: 450px\" class=\"wp-caption aligncenter\"><a href=\"https:\/\/takbrzmimiasto.pl\/wp-content\/uploads\/2022\/07\/Steve_Vai_with_Triple_neck_guitar.jpg\"><img loading=\"lazy\" decoding=\"async\" class=\"wp-image-30922 size-full\" src=\"https:\/\/takbrzmimiasto.pl\/wp-content\/uploads\/2022\/07\/Steve_Vai_with_Triple_neck_guitar.jpg\" alt=\"\" width=\"450\" height=\"600\" srcset=\"https:\/\/takbrzmimiasto.pl\/wp-content\/uploads\/2022\/07\/Steve_Vai_with_Triple_neck_guitar.jpg 450w, https:\/\/takbrzmimiasto.pl\/wp-content\/uploads\/2022\/07\/Steve_Vai_with_Triple_neck_guitar-263x350.jpg 263w\" sizes=\"(max-width: 450px) 100vw, 450px\" \/><\/a><figcaption id=\"caption-attachment-30922\" class=\"wp-caption-text\">Steve Vai &#8211; jeden z naczelnych mag\u00f3w gitary, realizuj\u0105cy archetyp\u2026 maga! (zdj\u0119cie autorstwa <a class=\"external text\" href=\"https:\/\/www.flickr.com\/photos\/albertocarrasco\/\" rel=\"nofollow\">AlbertoCarrasco <\/a>na licencji CC)<\/figcaption><\/figure>\n<p style=\"text-align: justify;\"><span style=\"font-weight: 400;\">Przy okazji pada te\u017c odpowied\u017a na ciekawe pytanie: \u201cwa\u017cniejsza jest muzyka czy dobry PR\u201d. I o ile sama odpowied\u017a jest oczywista (muzyka), to jej umotywowanie niekoniecznie: \u201cnie do\u015b\u0107 dobry produkt mo\u017cna sprzeda\u0107 tylko raz\u201d. Ergo, \u017caden marketing nie pomo\u017ce, je\u015bli produkt nie jest do\u015b\u0107 dobrze dopasowany do potrzeb odbiorcy (a Ty jak cz\u0119sto my\u015blisz o potrzebach swojego fana?).\u00a0<\/span><\/p>\n<ul style=\"text-align: justify;\">\n<li><strong>\n    <span id=\"arrow-link-bc473725\" class=\"d-inline-block\">\n        <a href=\"https:\/\/youtu.be\/-0G6BJW4Gj8\" class=\"arrow-link underline\">\n            <span class=\"arrow-link_text\">W\u0142adek Folty\u0144ski Q&amp;A<\/span>\n            <span class=\"arrow-link_icon\">\n                <i class=\"fa-solid fa-arrow-right\"><\/i><i class=\"fa-solid fa-arrow-right\"><\/i>\n            <\/span>\n        <\/a>\n    <\/span>\n    <\/strong><\/li>\n<\/ul>\n<p><span style=\"font-weight: 400;\"><\/div><\/div><\/div><\/main>\n        <a class=\"d-block\" href=\"https:\/\/takbrzmimiasto.pl\/sklep\/produkt\/tak-brzmi-miasto-toolbox-branding-w-muzyce-jak-zbudowac-silna-marke\/\" style=\"background-color: #000000;\">\n            <div class=\"container py-5\">\n                <div class=\"row py-5 align-items-center\">\n                    <div class=\"col-6 col-md-5 col-lg-4 offset-0 offset-lg-1 order-1 d-flex flex-row justify-content-center\">\n                        <img decoding=\"async\" class=\"image \" src=\"https:\/\/takbrzmimiasto.pl\/wp-content\/uploads\/2023\/02\/toolbox-wladek-cover-v1-kwadrat-800x800.png\" alt=\"Baner Zobacz Toolbox Branding w muzyce - jak zbudowa\u0107 siln\u0105 mark\u0119\">\n                    <\/div>\n                    <div class=\"col-6 col-md-7 col-lg-6 order-2\">\n                        <div class=\"text text-uppercase ps-3 ps-lg-0 fs-3 text-start text-lg-center text-white lh-1\">\n                            Zobacz Toolbox Branding w muzyce - jak zbudowa\u0107 siln\u0105 mark\u0119\n                        <\/div>\n                    <\/div>\n                <\/div>\n            <\/div>\n        <\/a>\n    <main id=\"main\" class=\"site-main\"><div class=\"container py-5\"><div class=\"entry-content row mb-3\"><div class=\"col-12 col-lg-8 offset-lg-2\">\u00a0<\/span><\/p>\n<h2 style=\"text-align: justify;\"><b>Wszyscy jeste\u015bmy influencerami<\/b><span style=\"font-weight: 400;\"><br \/>\n<\/span><\/h2>\n<p style=\"text-align: justify;\"><span style=\"font-weight: 400;\">Kolejn\u0105 pigu\u0142k\u0105 inspiracji jest wideo innego z naszych wyk\u0142adowc\u00f3w, Grze\u015bka Borowieckiego, kieruj\u0105cego agencj\u0105 reklamow\u0105 Wunderteam, zgrabnie uzupe\u0142niaj\u0105ce poprzedni\u0105 pozycj\u0119.<\/span><\/p>\n<p style=\"text-align: justify;\"><span style=\"font-weight: 400;\">Opowiada Grzegorz o traktowaniu siebie w spos\u00f3b holistyczny &#8211; nie tylko jako autora muzyki, ale wr\u0119cz jako \u201cinfluencera\u201d. Mo\u017ce brzmie\u0107 to kontrowersyjnie &#8211; bo przecie\u017c my, muzycy, chcemy robi\u0107 muzyk\u0119 najch\u0119tniej zapominaj\u0105c o innych rzeczach. Jednak gdy zastanowimy si\u0119 nad tematem, okazuje si\u0119, \u017ce publiczno\u015b\u0107 odbiera nas ca\u0142o\u015bciowo: nasz wizerunek, to co mamy do powiedzenia, z czym si\u0119 kojarzymy i jakie wzbudzamy emocje. A muzyka jest jedynie jednym z kana\u0142\u00f3w komunikacji (nawet je\u015bli dla nas najwa\u017cniejszym!).\u00a0<\/span><\/p>\n<p style=\"text-align: justify;\"><span style=\"font-weight: 400;\">Je\u015bli ju\u017c o emocjach mowa, podkre\u015bla Grzegorz, \u017ce s\u0105 one kluczowe w skutecznym marketingu. To poniek\u0105d uzupe\u0142nia wspomniane wcze\u015bniej dzia\u0142anie \u201cna archetypach\u201d.<\/span><\/p>\n<figure id=\"attachment_30927\" aria-describedby=\"caption-attachment-30927\" style=\"width: 640px\" class=\"wp-caption aligncenter\"><a href=\"https:\/\/takbrzmimiasto.pl\/wp-content\/uploads\/2022\/07\/Edyta_Gorniak-scaled.jpg\"><img loading=\"lazy\" decoding=\"async\" class=\"wp-image-30927 size-large\" src=\"https:\/\/takbrzmimiasto.pl\/wp-content\/uploads\/2022\/07\/Edyta_Gorniak-666x1000.jpg\" alt=\"\" width=\"640\" height=\"961\" srcset=\"https:\/\/takbrzmimiasto.pl\/wp-content\/uploads\/2022\/07\/Edyta_Gorniak-666x1000.jpg 666w, https:\/\/takbrzmimiasto.pl\/wp-content\/uploads\/2022\/07\/Edyta_Gorniak-533x800.jpg 533w, https:\/\/takbrzmimiasto.pl\/wp-content\/uploads\/2022\/07\/Edyta_Gorniak-233x350.jpg 233w, https:\/\/takbrzmimiasto.pl\/wp-content\/uploads\/2022\/07\/Edyta_Gorniak-768x1153.jpg 768w, https:\/\/takbrzmimiasto.pl\/wp-content\/uploads\/2022\/07\/Edyta_Gorniak-1023x1536.jpg 1023w, https:\/\/takbrzmimiasto.pl\/wp-content\/uploads\/2022\/07\/Edyta_Gorniak-1364x2048.jpg 1364w, https:\/\/takbrzmimiasto.pl\/wp-content\/uploads\/2022\/07\/Edyta_Gorniak-800x1201.jpg 800w, https:\/\/takbrzmimiasto.pl\/wp-content\/uploads\/2022\/07\/Edyta_Gorniak-scaled.jpg 1705w\" sizes=\"(max-width: 640px) 100vw, 640px\" \/><\/a><figcaption id=\"caption-attachment-30927\" class=\"wp-caption-text\">Sam(a) popatrz: Edyta G\u00f3rniak to nie tylko jej muzyka! To te\u017c ca\u0142y pakiet emocji, skojarze\u0144, obraz\u00f3w. Na dobre i na z\u0142e. (zdj\u0119cie autorstwa <a class=\"external text\" href=\"https:\/\/www.flickr.com\/people\/29759986@N03\" rel=\"nofollow\">Daniel Kruczynski<\/a> na licencji CC)<\/figcaption><\/figure>\n<p style=\"text-align: justify;\"><span style=\"font-weight: 400;\">Wa\u017cnym aspektem dzia\u0142alno\u015bci promocyjnej jest te\u017c regularno\u015b\u0107 w dostarczaniu tre\u015bci. W dzisiejszym nat\u0142oku informacji, jako odbiorcy mamy bardzo kr\u00f3tki \u201cattention span\u201d &#8211; potrzebne jest wi\u0119c regularne sygnalizowanie swojej obecno\u015bci naszym odbiorcom.\u00a0<\/span><\/p>\n<ul style=\"text-align: justify;\">\n<li><strong>\n    <span id=\"arrow-link-30eb9185\" class=\"d-inline-block\">\n        <a href=\"https:\/\/www.youtube.com\/watch?v=zT-58H3gjlc\" class=\"arrow-link underline\">\n            <span class=\"arrow-link_text\">Grzesiek Borowiecki Q&amp;A<\/span>\n            <span class=\"arrow-link_icon\">\n                <i class=\"fa-solid fa-arrow-right\"><\/i><i class=\"fa-solid fa-arrow-right\"><\/i>\n            <\/span>\n        <\/a>\n    <\/span>\n    <\/strong><\/li>\n<\/ul>\n<p>&nbsp;<\/p>\n<h2 style=\"text-align: justify;\"><b>Jak promowa\u0107 sw\u00f3j zesp\u00f3\u0142: Money, money, money<\/b><\/h2>\n<p style=\"text-align: justify;\"><span style=\"font-weight: 400;\">Przechodzimy p\u0142ynnie do wypowiedzi Andrew Apanova, specjalisty od marketingu w bran\u017cy muzycznej, kt\u00f3ry porusza aspekty dzia\u0142alno\u015bci promocyjnej zwi\u0105zane m.in. z monetyzacj\u0105.<\/span><\/p>\n<p style=\"text-align: justify;\"><span style=\"font-weight: 400;\">Andrew wspomina o bud\u017cecie reklamowym, kt\u00f3ry mimo \u017ce niezb\u0119dny, nie zawsze jest gwarancj\u0105 sukcesu. Wr\u0119cz przeciwnie &#8211; gdy bud\u017cet jest ograniczony, na og\u00f3\u0142 jest wydawany w bardziej zaplanowany i m\u0105drzejszy spos\u00f3b. To pocieszaj\u0105ca wiadomo\u015b\u0107 dla wszystkich muzyk\u00f3w DIY: pomys\u0142 i plan ponad bud\u017cet.<\/span><\/p>\n<p style=\"text-align: justify;\"><span style=\"font-weight: 400;\">W odpowiedzi na to jak sprzedawa\u0107 muzyk\u0119, Andrew m\u00f3wi o konieczno\u015bci budowy spo\u0142eczno\u015bci wok\u00f3\u0142 swojej marki (Marki, nie muzyki! Ponownie wraca \u201cinfluencer\u201d, co nie?).\u00a0<\/span><\/p>\n<p style=\"text-align: justify;\"><span style=\"font-weight: 400;\">Ale w jaki spos\u00f3b to robi\u0107 je\u015bli np. nie lubisz social medi\u00f3w? Pami\u0119taj, \u017ce social media to nie tylko Facebook &#8211; jest wiele platform, z kt\u00f3rych ka\u017cda k\u0142adzie nacisk na co innego. Kluczem jest znalezienie odpowiedniej platformy dla siebie i skoncentrowanie si\u0119 na niej.<\/span><\/p>\n<ul style=\"text-align: justify;\">\n<li><b>\n    <span id=\"arrow-link-c704be69\" class=\"d-inline-block\">\n        <a href=\"https:\/\/youtu.be\/P7MGn2y3nnI\" class=\"arrow-link underline\">\n            <span class=\"arrow-link_text\">Andrew Q&amp;A<\/span>\n            <span class=\"arrow-link_icon\">\n                <i class=\"fa-solid fa-arrow-right\"><\/i><i class=\"fa-solid fa-arrow-right\"><\/i>\n            <\/span>\n        <\/a>\n    <\/span>\n    <\/b><\/li>\n<\/ul>\n<p style=\"text-align: justify;\"><span style=\"font-weight: 400;\">Wszystkie powy\u017csze tematy &#8211; brandingu (budowanie marki), PR (relacji z publiczno\u015bci\u0105) i marketingu (sprzeda\u017cy) &#8211; \u0142\u0105cz\u0105 si\u0119 w s\u0142owie klucz \u201c<\/span><b>lejek sprzeda\u017cowy<\/b><span style=\"font-weight: 400;\">\u201d, kt\u00f3rego zg\u0142\u0119bienie pozostawiamy Wam, jako zadanie domowe.<\/span><\/p>\n<figure id=\"attachment_12873\" aria-describedby=\"caption-attachment-12873\" style=\"width: 555px\" class=\"wp-caption aligncenter\"><img loading=\"lazy\" decoding=\"async\" class=\"wp-image-12873 size-full\" src=\"https:\/\/takbrzmimiasto.pl\/wp-content\/uploads\/2022\/06\/lejek.jpg\" alt=\"lejek sprzeda\u017cowy\" width=\"555\" height=\"667\" srcset=\"https:\/\/takbrzmimiasto.pl\/wp-content\/uploads\/2022\/06\/lejek.jpg 555w, https:\/\/takbrzmimiasto.pl\/wp-content\/uploads\/2022\/06\/lejek-291x350.jpg 291w\" sizes=\"(max-width: 555px) 100vw, 555px\" \/><figcaption id=\"caption-attachment-12873\" class=\"wp-caption-text\">Oto on, Lejek, kt\u00f3ry prowadzi od wy\u015bwietle\u0144 i klikni\u0119\u0107 do Twojego chleba.<\/figcaption><\/figure>\n","protected":false},"excerpt":{"rendered":"<p>W Internecie, jak wiadomo, jest wszystko. A jednak pytanie \u201cjak promowa\u0107 sw\u00f3j zesp\u00f3\u0142\u201d wraca regularnie, a odpowied\u017a na nie, wcale nie jest oczywista. Owszem, the truth is out there, jednak bez odpowiedniej mapy nawigowanie przez terabajty danych i \u0142\u0105czenie odseparowanych wysp informacji mo\u017ce poch\u0142on\u0105\u0107 bardziej ni\u017c robienie kariery muzycznej. Dlatego w tej serii przygotujemy dla [&hellip;]<\/p>\n","protected":false},"author":2,"featured_media":13057,"comment_status":"open","ping_status":"open","sticky":false,"template":"","format":"standard","meta":{"inline_featured_image":false,"footnotes":""},"categories":[304],"tags":[370,368,369,367],"class_list":["post-12865","post","type-post","status-publish","format-standard","has-post-thumbnail","hentry","category-poradnik","tag-branding","tag-marketing","tag-pr","tag-promocja"],"acf":[],"yoast_head":"<!-- This site is optimized with the Yoast SEO plugin v19.7.1 - https:\/\/yoast.com\/wordpress\/plugins\/seo\/ -->\n<title>Niezb\u0119dnik bran\u017cy muzycznej cz.1: Jak promowa\u0107 sw\u00f3j zesp\u00f3\u0142?<\/title>\n<meta name=\"description\" content=\"Pytanie \u201cjak promowa\u0107 sw\u00f3j zesp\u00f3\u0142\u201d wraca do nas regularnie, a odpowied\u017a na nie, wcale nie jest oczywista. Oto mapa bran\u017cy muzycznej!\" \/>\n<meta name=\"robots\" content=\"index, follow, max-snippet:-1, max-image-preview:large, max-video-preview:-1\" \/>\n<link rel=\"canonical\" href=\"https:\/\/takbrzmimiasto.pl\/en\/niezbednik-branzy-muzycznej-jak-promowac-swoj-zespol\/\" \/>\n<meta property=\"og:locale\" content=\"en_US\" \/>\n<meta property=\"og:type\" content=\"article\" \/>\n<meta property=\"og:title\" content=\"Niezb\u0119dnik bran\u017cy muzycznej cz.1: Jak promowa\u0107 sw\u00f3j zesp\u00f3\u0142?\" \/>\n<meta property=\"og:description\" content=\"Pytanie \u201cjak promowa\u0107 sw\u00f3j zesp\u00f3\u0142\u201d wraca do nas regularnie, a odpowied\u017a na nie, wcale nie jest oczywista. Oto mapa bran\u017cy muzycznej!\" \/>\n<meta property=\"og:url\" content=\"https:\/\/takbrzmimiasto.pl\/en\/niezbednik-branzy-muzycznej-jak-promowac-swoj-zespol\/\" \/>\n<meta property=\"og:site_name\" content=\"Tak Brzmi Miasto\" \/>\n<meta property=\"article:published_time\" content=\"2022-07-26T14:38:23+00:00\" \/>\n<meta property=\"article:modified_time\" content=\"2024-11-27T11:49:29+00:00\" \/>\n<meta property=\"og:image\" content=\"https:\/\/takbrzmimiasto.pl\/wp-content\/uploads\/2022\/06\/promocja-zespolu-bilboard-tbm.jpg\" \/>\n\t<meta property=\"og:image:width\" content=\"1920\" \/>\n\t<meta property=\"og:image:height\" content=\"1080\" \/>\n\t<meta property=\"og:image:type\" content=\"image\/jpeg\" \/>\n<meta name=\"author\" content=\"Micha\u0142 W\u00f3jcik\" \/>\n<meta name=\"twitter:card\" content=\"summary_large_image\" \/>\n<meta name=\"twitter:label1\" content=\"Written by\" \/>\n\t<meta name=\"twitter:data1\" content=\"Micha\u0142 W\u00f3jcik\" \/>\n\t<meta name=\"twitter:label2\" content=\"Est. reading time\" \/>\n\t<meta name=\"twitter:data2\" content=\"6 minutes\" \/>\n<script type=\"application\/ld+json\" class=\"yoast-schema-graph\">{\"@context\":\"https:\/\/schema.org\",\"@graph\":[{\"@type\":\"Article\",\"@id\":\"https:\/\/takbrzmimiasto.pl\/en\/niezbednik-branzy-muzycznej-jak-promowac-swoj-zespol\/#article\",\"isPartOf\":{\"@id\":\"https:\/\/takbrzmimiasto.pl\/en\/niezbednik-branzy-muzycznej-jak-promowac-swoj-zespol\/\"},\"author\":{\"name\":\"Micha\u0142 W\u00f3jcik\",\"@id\":\"https:\/\/takbrzmimiasto.pl\/#\/schema\/person\/28bf6fcd196654e192bb09fd20185f65\"},\"headline\":\"Niezb\u0119dnik bran\u017cy muzycznej cz.1: Jak promowa\u0107 sw\u00f3j zesp\u00f3\u0142?\",\"datePublished\":\"2022-07-26T14:38:23+00:00\",\"dateModified\":\"2024-11-27T11:49:29+00:00\",\"mainEntityOfPage\":{\"@id\":\"https:\/\/takbrzmimiasto.pl\/en\/niezbednik-branzy-muzycznej-jak-promowac-swoj-zespol\/\"},\"wordCount\":959,\"commentCount\":0,\"publisher\":{\"@id\":\"https:\/\/takbrzmimiasto.pl\/#organization\"},\"keywords\":[\"branding\",\"marketing\",\"pr\",\"promocja\"],\"articleSection\":[\"Poradnik\"],\"inLanguage\":\"en-US\",\"potentialAction\":[{\"@type\":\"CommentAction\",\"name\":\"Comment\",\"target\":[\"https:\/\/takbrzmimiasto.pl\/en\/niezbednik-branzy-muzycznej-jak-promowac-swoj-zespol\/#respond\"]}]},{\"@type\":\"WebPage\",\"@id\":\"https:\/\/takbrzmimiasto.pl\/en\/niezbednik-branzy-muzycznej-jak-promowac-swoj-zespol\/\",\"url\":\"https:\/\/takbrzmimiasto.pl\/en\/niezbednik-branzy-muzycznej-jak-promowac-swoj-zespol\/\",\"name\":\"Niezb\u0119dnik bran\u017cy muzycznej cz.1: Jak promowa\u0107 sw\u00f3j zesp\u00f3\u0142?\",\"isPartOf\":{\"@id\":\"https:\/\/takbrzmimiasto.pl\/#website\"},\"datePublished\":\"2022-07-26T14:38:23+00:00\",\"dateModified\":\"2024-11-27T11:49:29+00:00\",\"description\":\"Pytanie \u201cjak promowa\u0107 sw\u00f3j zesp\u00f3\u0142\u201d wraca do nas regularnie, a odpowied\u017a na nie, wcale nie jest oczywista. Oto mapa bran\u017cy muzycznej!\",\"breadcrumb\":{\"@id\":\"https:\/\/takbrzmimiasto.pl\/en\/niezbednik-branzy-muzycznej-jak-promowac-swoj-zespol\/#breadcrumb\"},\"inLanguage\":\"en-US\",\"potentialAction\":[{\"@type\":\"ReadAction\",\"target\":[\"https:\/\/takbrzmimiasto.pl\/en\/niezbednik-branzy-muzycznej-jak-promowac-swoj-zespol\/\"]}]},{\"@type\":\"BreadcrumbList\",\"@id\":\"https:\/\/takbrzmimiasto.pl\/en\/niezbednik-branzy-muzycznej-jak-promowac-swoj-zespol\/#breadcrumb\",\"itemListElement\":[{\"@type\":\"ListItem\",\"position\":1,\"name\":\"Strona g\u0142\u00f3wna\",\"item\":\"https:\/\/takbrzmimiasto.pl\/en\/\"},{\"@type\":\"ListItem\",\"position\":2,\"name\":\"Niezb\u0119dnik bran\u017cy muzycznej cz.1: Jak promowa\u0107 sw\u00f3j zesp\u00f3\u0142?\"}]},{\"@type\":\"WebSite\",\"@id\":\"https:\/\/takbrzmimiasto.pl\/#website\",\"url\":\"https:\/\/takbrzmimiasto.pl\/\",\"name\":\"Tak Brzmi Miasto\",\"description\":\"Tak Brzmi Miasto to konferencja, festiwal, inkubator dla mened\u017cer\u00f3w i akademia\",\"publisher\":{\"@id\":\"https:\/\/takbrzmimiasto.pl\/#organization\"},\"potentialAction\":[{\"@type\":\"SearchAction\",\"target\":{\"@type\":\"EntryPoint\",\"urlTemplate\":\"https:\/\/takbrzmimiasto.pl\/?s={search_term_string}\"},\"query-input\":\"required name=search_term_string\"}],\"inLanguage\":\"en-US\"},{\"@type\":\"Organization\",\"@id\":\"https:\/\/takbrzmimiasto.pl\/#organization\",\"name\":\"Tak Brzmi Miasto\",\"url\":\"https:\/\/takbrzmimiasto.pl\/\",\"sameAs\":[],\"logo\":{\"@type\":\"ImageObject\",\"inLanguage\":\"en-US\",\"@id\":\"https:\/\/takbrzmimiasto.pl\/#\/schema\/logo\/image\/\",\"url\":\"https:\/\/takbrzmimiasto.pl\/wp-content\/uploads\/2021\/04\/www_miniatura_bezmenu.jpg\",\"contentUrl\":\"https:\/\/takbrzmimiasto.pl\/wp-content\/uploads\/2021\/04\/www_miniatura_bezmenu.jpg\",\"width\":1920,\"height\":1080,\"caption\":\"Tak Brzmi Miasto\"},\"image\":{\"@id\":\"https:\/\/takbrzmimiasto.pl\/#\/schema\/logo\/image\/\"}},{\"@type\":\"Person\",\"@id\":\"https:\/\/takbrzmimiasto.pl\/#\/schema\/person\/28bf6fcd196654e192bb09fd20185f65\",\"name\":\"Micha\u0142 W\u00f3jcik\",\"image\":{\"@type\":\"ImageObject\",\"inLanguage\":\"en-US\",\"@id\":\"https:\/\/takbrzmimiasto.pl\/#\/schema\/person\/image\/\",\"url\":\"https:\/\/secure.gravatar.com\/avatar\/bb264089759c5ef74568a4751d163d43?s=96&d=mm&r=g\",\"contentUrl\":\"https:\/\/secure.gravatar.com\/avatar\/bb264089759c5ef74568a4751d163d43?s=96&d=mm&r=g\",\"caption\":\"Micha\u0142 W\u00f3jcik\"},\"description\":\"Gitarzysta, wokalista, mened\u017cer, producent, realizator, techniczny i kierowca zespo\u0142u Cinemon. Za\u0142o\u017cyciel i CEO fundacji Krakowska Scena Muzyczna, koordynator i wsp\u00f3\u0142wymy\u015blacz inicjatyw Tak Brzmi Miasto. Uczestniczy\u0142 w dziesi\u0105tkach konferencji, paneli, warsztat\u00f3w i lubi si\u0119 dzieli\u0107 tym, co my\u015bli - co ma swoje jasne i ciemne strony!\",\"url\":\"https:\/\/takbrzmimiasto.pl\/en\/author\/ksm-michal-wojcik\/\"}]}<\/script>\n<!-- \/ Yoast SEO plugin. -->","yoast_head_json":{"title":"Niezb\u0119dnik bran\u017cy muzycznej cz.1: Jak promowa\u0107 sw\u00f3j zesp\u00f3\u0142?","description":"Pytanie \u201cjak promowa\u0107 sw\u00f3j zesp\u00f3\u0142\u201d wraca do nas regularnie, a odpowied\u017a na nie, wcale nie jest oczywista. Oto mapa bran\u017cy muzycznej!","robots":{"index":"index","follow":"follow","max-snippet":"max-snippet:-1","max-image-preview":"max-image-preview:large","max-video-preview":"max-video-preview:-1"},"canonical":"https:\/\/takbrzmimiasto.pl\/en\/niezbednik-branzy-muzycznej-jak-promowac-swoj-zespol\/","og_locale":"en_US","og_type":"article","og_title":"Niezb\u0119dnik bran\u017cy muzycznej cz.1: Jak promowa\u0107 sw\u00f3j zesp\u00f3\u0142?","og_description":"Pytanie \u201cjak promowa\u0107 sw\u00f3j zesp\u00f3\u0142\u201d wraca do nas regularnie, a odpowied\u017a na nie, wcale nie jest oczywista. Oto mapa bran\u017cy muzycznej!","og_url":"https:\/\/takbrzmimiasto.pl\/en\/niezbednik-branzy-muzycznej-jak-promowac-swoj-zespol\/","og_site_name":"Tak Brzmi Miasto","article_published_time":"2022-07-26T14:38:23+00:00","article_modified_time":"2024-11-27T11:49:29+00:00","og_image":[{"width":1920,"height":1080,"url":"https:\/\/takbrzmimiasto.pl\/wp-content\/uploads\/2022\/06\/promocja-zespolu-bilboard-tbm.jpg","type":"image\/jpeg"}],"author":"Micha\u0142 W\u00f3jcik","twitter_card":"summary_large_image","twitter_misc":{"Written by":"Micha\u0142 W\u00f3jcik","Est. reading time":"6 minutes"},"schema":{"@context":"https:\/\/schema.org","@graph":[{"@type":"Article","@id":"https:\/\/takbrzmimiasto.pl\/en\/niezbednik-branzy-muzycznej-jak-promowac-swoj-zespol\/#article","isPartOf":{"@id":"https:\/\/takbrzmimiasto.pl\/en\/niezbednik-branzy-muzycznej-jak-promowac-swoj-zespol\/"},"author":{"name":"Micha\u0142 W\u00f3jcik","@id":"https:\/\/takbrzmimiasto.pl\/#\/schema\/person\/28bf6fcd196654e192bb09fd20185f65"},"headline":"Niezb\u0119dnik bran\u017cy muzycznej cz.1: Jak promowa\u0107 sw\u00f3j zesp\u00f3\u0142?","datePublished":"2022-07-26T14:38:23+00:00","dateModified":"2024-11-27T11:49:29+00:00","mainEntityOfPage":{"@id":"https:\/\/takbrzmimiasto.pl\/en\/niezbednik-branzy-muzycznej-jak-promowac-swoj-zespol\/"},"wordCount":959,"commentCount":0,"publisher":{"@id":"https:\/\/takbrzmimiasto.pl\/#organization"},"keywords":["branding","marketing","pr","promocja"],"articleSection":["Poradnik"],"inLanguage":"en-US","potentialAction":[{"@type":"CommentAction","name":"Comment","target":["https:\/\/takbrzmimiasto.pl\/en\/niezbednik-branzy-muzycznej-jak-promowac-swoj-zespol\/#respond"]}]},{"@type":"WebPage","@id":"https:\/\/takbrzmimiasto.pl\/en\/niezbednik-branzy-muzycznej-jak-promowac-swoj-zespol\/","url":"https:\/\/takbrzmimiasto.pl\/en\/niezbednik-branzy-muzycznej-jak-promowac-swoj-zespol\/","name":"Niezb\u0119dnik bran\u017cy muzycznej cz.1: Jak promowa\u0107 sw\u00f3j zesp\u00f3\u0142?","isPartOf":{"@id":"https:\/\/takbrzmimiasto.pl\/#website"},"datePublished":"2022-07-26T14:38:23+00:00","dateModified":"2024-11-27T11:49:29+00:00","description":"Pytanie \u201cjak promowa\u0107 sw\u00f3j zesp\u00f3\u0142\u201d wraca do nas regularnie, a odpowied\u017a na nie, wcale nie jest oczywista. Oto mapa bran\u017cy muzycznej!","breadcrumb":{"@id":"https:\/\/takbrzmimiasto.pl\/en\/niezbednik-branzy-muzycznej-jak-promowac-swoj-zespol\/#breadcrumb"},"inLanguage":"en-US","potentialAction":[{"@type":"ReadAction","target":["https:\/\/takbrzmimiasto.pl\/en\/niezbednik-branzy-muzycznej-jak-promowac-swoj-zespol\/"]}]},{"@type":"BreadcrumbList","@id":"https:\/\/takbrzmimiasto.pl\/en\/niezbednik-branzy-muzycznej-jak-promowac-swoj-zespol\/#breadcrumb","itemListElement":[{"@type":"ListItem","position":1,"name":"Strona g\u0142\u00f3wna","item":"https:\/\/takbrzmimiasto.pl\/en\/"},{"@type":"ListItem","position":2,"name":"Niezb\u0119dnik bran\u017cy muzycznej cz.1: Jak promowa\u0107 sw\u00f3j zesp\u00f3\u0142?"}]},{"@type":"WebSite","@id":"https:\/\/takbrzmimiasto.pl\/#website","url":"https:\/\/takbrzmimiasto.pl\/","name":"Tak Brzmi Miasto","description":"Tak Brzmi Miasto to konferencja, festiwal, inkubator dla mened\u017cer\u00f3w i akademia","publisher":{"@id":"https:\/\/takbrzmimiasto.pl\/#organization"},"potentialAction":[{"@type":"SearchAction","target":{"@type":"EntryPoint","urlTemplate":"https:\/\/takbrzmimiasto.pl\/?s={search_term_string}"},"query-input":"required name=search_term_string"}],"inLanguage":"en-US"},{"@type":"Organization","@id":"https:\/\/takbrzmimiasto.pl\/#organization","name":"Tak Brzmi Miasto","url":"https:\/\/takbrzmimiasto.pl\/","sameAs":[],"logo":{"@type":"ImageObject","inLanguage":"en-US","@id":"https:\/\/takbrzmimiasto.pl\/#\/schema\/logo\/image\/","url":"https:\/\/takbrzmimiasto.pl\/wp-content\/uploads\/2021\/04\/www_miniatura_bezmenu.jpg","contentUrl":"https:\/\/takbrzmimiasto.pl\/wp-content\/uploads\/2021\/04\/www_miniatura_bezmenu.jpg","width":1920,"height":1080,"caption":"Tak Brzmi Miasto"},"image":{"@id":"https:\/\/takbrzmimiasto.pl\/#\/schema\/logo\/image\/"}},{"@type":"Person","@id":"https:\/\/takbrzmimiasto.pl\/#\/schema\/person\/28bf6fcd196654e192bb09fd20185f65","name":"Micha\u0142 W\u00f3jcik","image":{"@type":"ImageObject","inLanguage":"en-US","@id":"https:\/\/takbrzmimiasto.pl\/#\/schema\/person\/image\/","url":"https:\/\/secure.gravatar.com\/avatar\/bb264089759c5ef74568a4751d163d43?s=96&d=mm&r=g","contentUrl":"https:\/\/secure.gravatar.com\/avatar\/bb264089759c5ef74568a4751d163d43?s=96&d=mm&r=g","caption":"Micha\u0142 W\u00f3jcik"},"description":"Gitarzysta, wokalista, mened\u017cer, producent, realizator, techniczny i kierowca zespo\u0142u Cinemon. Za\u0142o\u017cyciel i CEO fundacji Krakowska Scena Muzyczna, koordynator i wsp\u00f3\u0142wymy\u015blacz inicjatyw Tak Brzmi Miasto. Uczestniczy\u0142 w dziesi\u0105tkach konferencji, paneli, warsztat\u00f3w i lubi si\u0119 dzieli\u0107 tym, co my\u015bli - co ma swoje jasne i ciemne strony!","url":"https:\/\/takbrzmimiasto.pl\/en\/author\/ksm-michal-wojcik\/"}]}},"_links":{"self":[{"href":"https:\/\/takbrzmimiasto.pl\/en\/wp-json\/wp\/v2\/posts\/12865\/"}],"collection":[{"href":"https:\/\/takbrzmimiasto.pl\/en\/wp-json\/wp\/v2\/posts\/"}],"about":[{"href":"https:\/\/takbrzmimiasto.pl\/en\/wp-json\/wp\/v2\/types\/post\/"}],"author":[{"embeddable":true,"href":"https:\/\/takbrzmimiasto.pl\/en\/wp-json\/wp\/v2\/users\/2\/"}],"replies":[{"embeddable":true,"href":"https:\/\/takbrzmimiasto.pl\/en\/wp-json\/wp\/v2\/comments\/?post=12865"}],"version-history":[{"count":19,"href":"https:\/\/takbrzmimiasto.pl\/en\/wp-json\/wp\/v2\/posts\/12865\/revisions\/"}],"predecessor-version":[{"id":30929,"href":"https:\/\/takbrzmimiasto.pl\/en\/wp-json\/wp\/v2\/posts\/12865\/revisions\/30929\/"}],"wp:featuredmedia":[{"embeddable":true,"href":"https:\/\/takbrzmimiasto.pl\/en\/wp-json\/wp\/v2\/media\/13057\/"}],"wp:attachment":[{"href":"https:\/\/takbrzmimiasto.pl\/en\/wp-json\/wp\/v2\/media\/?parent=12865"}],"wp:term":[{"taxonomy":"category","embeddable":true,"href":"https:\/\/takbrzmimiasto.pl\/en\/wp-json\/wp\/v2\/categories\/?post=12865"},{"taxonomy":"post_tag","embeddable":true,"href":"https:\/\/takbrzmimiasto.pl\/en\/wp-json\/wp\/v2\/tags\/?post=12865"}],"curies":[{"name":"wp","href":"https:\/\/api.w.org\/{rel}","templated":true}]}}