{"id":19040,"date":"2023-02-22T23:51:48","date_gmt":"2023-02-22T22:51:48","guid":{"rendered":"https:\/\/takbrzmimiasto.pl\/?p=19040"},"modified":"2023-02-22T23:59:00","modified_gmt":"2023-02-22T22:59:00","slug":"marka-zespolu-muzycznego-jak-i-kiedy-ja-budowac","status":"publish","type":"post","link":"https:\/\/takbrzmimiasto.pl\/en\/marka-zespolu-muzycznego-jak-i-kiedy-ja-budowac\/","title":{"rendered":"Marka zespo\u0142u muzycznego &#8211; jak i kiedy j\u0105 budowa\u0107?"},"content":{"rendered":"<p><span style=\"font-weight: 400;\">Zaczynaj\u0105c przygod\u0119 w zesp\u00f3\u0142 by\u0142em pe\u0142en idea\u0142\u00f3w odno\u015bnie tego, jak wygl\u0105da robienie kariery. Wydawa\u0142o mi si\u0119, \u017ce wystarczy \u017ce skanalizuj\u0119 energi\u0119 kosmosu w natchnionej piosence (kt\u00f3ra mi si\u0119 przy\u015bni), a miliony fan\u00f3w od razu pozna si\u0119 na moim geniuszu. Dzi\u015b wiem, \u017ce natchnienie i energia kosmosu to jeszcze nie wszystko. W pierwszym odcinku Startera pisa\u0142em do\u015b\u0107 og\u00f3lnie o tym, co moim zdaniem jest niezb\u0119dne, by mo\u017cna by\u0142o budowa\u0107 karier\u0119. W\u015br\u00f3d tych dzia\u0142a\u0144 z ca\u0142\u0105 pewno\u015bci\u0105 powinno znale\u017a\u0107 si\u0119 miejsce na budowanie marki.<\/span><\/p>\n<h2><span style=\"font-weight: 400;\">CZYM W OG\u00d3LE JEST MARKA I CZY NAPRAWD\u0118 MUSZ\u0118 J\u0104 BUDOWA\u0106?<\/span><\/h2>\n<p><span style=\"font-weight: 400;\">Je\u015bli to, kim jeste\u015bmy i co jest dla nas wa\u017cne to sk\u0142adniki naszego wewn\u0119trznego ja, marka jest tym, co dzieje na zewn\u0105trz: to spos\u00f3b w jaki zachowujemy si\u0119, jak wygl\u0105damy, jak komunikujemy si\u0119, a konkretniej: to spos\u00f3b, w jaki ludzie odbieraj\u0105 to co robimy, co na ten temat my\u015bl\u0105 i czuj\u0105.<\/span><\/p>\n<p><span style=\"font-weight: 400;\">W takim kontek\u015bcie, odpowied\u017a na drugie pytanie postawione w tytule tego akapitu wydaje si\u0119 oczywista: nawet je\u015bli nie b\u0119dziesz \u015bwiadomie budowa\u0107 marki, ludzie i tak b\u0119d\u0105 Ci\u0119 w jaki\u015b spos\u00f3b odbiera\u0107. Chc\u0105c nie chc\u0105c i tak b\u0119dziesz wi\u0119c tworzy\u0107 mark\u0119. Decydujesz jedynie o tym czy b\u0119dzie si\u0119 ona rozwija\u0107 \u201csamopas\u201d &#8211;\u00a0 bez Twojego wp\u0142ywu &#8211; lub pod Twoj\u0105 kontrol\u0105.\u00a0<\/span><\/p>\n<p><span style=\"font-weight: 400;\">Je\u015bli zgadzasz si\u0119 z tez\u0105 z \n    <span id=\"arrow-link-9068da23\" class=\"d-inline-block\">\n        <a href=\"https:\/\/takbrzmimiasto.pl\/czego-oprocz-muzyki-potrzebujesz-by-budowac-swoja-kariere\/\" class=\"arrow-link underline\">\n            <span class=\"arrow-link_text\">pierwszego odcinka startera<\/span>\n            <span class=\"arrow-link_icon\">\n                <i class=\"fa-solid fa-arrow-right\"><\/i><i class=\"fa-solid fa-arrow-right\"><\/i>\n            <\/span>\n        <\/a>\n    <\/span>\n    , \u017ce rzeczy bez naszego udzia\u0142u niekoniecznie rozwijaj\u0105 si\u0119 w kierunku, w kt\u00f3rym chcieliby\u015bmy, \u015bwiadomy rozw\u00f3j marki powinien by\u0107 dla Ciebie naturalnym wyborem.<\/span><\/p>\n<h2><span style=\"font-weight: 400;\">Z CZEGO SK\u0141ADA SI\u0118 MARKA?<\/span><\/h2>\n<p><span style=\"font-weight: 400;\">Marka to zbi\u00f3r element\u00f3w sk\u0142adaj\u0105cych si\u0119 na to, jak postrzegaj\u0105 Tw\u00f3j zesp\u00f3\u0142 odbiorcy. Jest to nazwa, jest to oprawa graficzna, wygl\u0105d os\u00f3b wchodz\u0105cych w sk\u0142ad zespo\u0142u, spos\u00f3b ubierania si\u0119 oraz zachowanie, j\u0119zyk komunikacji, z kt\u00f3rego korzystasz w wywiadach, na scenie, w social mediach. R\u00f3wnie\u017c Twoja muzyka jest elementem marki &#8211; cho\u0107 raczej jednym z ostatnich (chronologicznie rzecz ujmuj\u0105c), z kt\u00f3rymi zapoznaje si\u0119 w dzisiejszych czasach potencjalny odbiorca.\u00a0<\/span><\/p>\n<p><span style=\"font-weight: 400;\">To wszystko mo\u017cesz kszta\u0142towa\u0107 tak, by budowa\u0142o w odbiorcy przekaz, na kt\u00f3rym Ci zale\u017cy.<\/span><\/p>\n<figure id=\"attachment_19052\" aria-describedby=\"caption-attachment-19052\" style=\"width: 1920px\" class=\"wp-caption alignnone\"><img loading=\"lazy\" decoding=\"async\" class=\"wp-image-19052 size-full\" src=\"https:\/\/takbrzmimiasto.pl\/wp-content\/uploads\/2023\/02\/Lady_Gaga_Americano_meat_dress-scaled-e1677017867999.jpg\" alt=\"Lady Gaga i jej mi\u0119sna sukienka\" width=\"1920\" height=\"953\" srcset=\"https:\/\/takbrzmimiasto.pl\/wp-content\/uploads\/2023\/02\/Lady_Gaga_Americano_meat_dress-scaled-e1677017867999.jpg 1920w, https:\/\/takbrzmimiasto.pl\/wp-content\/uploads\/2023\/02\/Lady_Gaga_Americano_meat_dress-scaled-e1677017867999-800x397.jpg 800w, https:\/\/takbrzmimiasto.pl\/wp-content\/uploads\/2023\/02\/Lady_Gaga_Americano_meat_dress-scaled-e1677017867999-1000x496.jpg 1000w, https:\/\/takbrzmimiasto.pl\/wp-content\/uploads\/2023\/02\/Lady_Gaga_Americano_meat_dress-scaled-e1677017867999-350x174.jpg 350w, https:\/\/takbrzmimiasto.pl\/wp-content\/uploads\/2023\/02\/Lady_Gaga_Americano_meat_dress-scaled-e1677017867999-768x381.jpg 768w, https:\/\/takbrzmimiasto.pl\/wp-content\/uploads\/2023\/02\/Lady_Gaga_Americano_meat_dress-scaled-e1677017867999-1536x762.jpg 1536w\" sizes=\"(max-width: 1920px) 100vw, 1920px\" \/><figcaption id=\"caption-attachment-19052\" class=\"wp-caption-text\">Muzyka chwilowo schowa\u0142a si\u0119 gdzie\u015b za mi\u0119sem. Mo\u017cna si\u0119 pod\u015bmiechiwa\u0107, ale trudno odm\u00f3wi\u0107 Lady Gadze talentu (r\u00f3wnie\u017c do kreowania wyra\u017anej marki). Zdj\u0119cie: John Robert Charlton, CC BY 2.0 via Wikimedia Commons<\/figcaption><\/figure>\n<h2><span style=\"font-weight: 400;\">ZACZNIJ OD ODBIORCY<\/span><\/h2>\n<p><span style=\"font-weight: 400;\">Je\u015bli ju\u017c o odbiorcy mowa, jednym z wa\u017cniejszych &#8211; i trudniejszych zarazem &#8211; zada\u0144 stoj\u0105cych przed rozpoczynaj\u0105cymi muzykami jest zdefiniowanie grupy docelowej. Nie jest to dzia\u0142anie b\u0119d\u0105ce stricte budowaniem marki, jednak jest ono w\u0142a\u015bciwie niezb\u0119dne by rozpocz\u0105\u0107.<\/span><\/p>\n<p><span style=\"font-weight: 400;\">Budzi ono naturalny op\u00f3r bo przecie\u017c \u201cnie uprawiamy tu marketingu, tylko muzyk\u0119\u201d, a po drugie \u201cgramy dla wszystkich\u201d &#8211; bo s\u0142ucha nas mama, babcia, trzynastoletni brat i kole\u017canka ze studi\u00f3w.<\/span><\/p>\n<p><span style=\"font-weight: 400;\">Taka postawa cz\u0119sto odzwierciedla pragnienie by nasza muzyka dotar\u0142a do jak najwi\u0119kszej liczby ludzi, a zaw\u0119\u017canie grupy odbiorc\u00f3w kojarzy si\u0119 z dzia\u0142aniem prowadz\u0105cym do czego\u015b zupe\u0142nie przeciwnego.<\/span><\/p>\n<p><span style=\"font-weight: 400;\">Jednak spr\u00f3buj zastanowi\u0107 si\u0119 czy faktycznie chcesz trafi\u0107 do wszystkich z r\u00f3wnomiern\u0105 si\u0142\u0105: fan\u00f3w Sanah, Zenona Martyniuka, Tomasza Sta\u0144ki i Behemotha? Czy masz produkt na tyle uniwersalny, by pasowa\u0142 do profilu trzynastolatki z TikToka, dojrza\u0142ego melomana po pi\u0119\u0107dziesi\u0105tce, czy mrocznego metalowca? A nawet je\u015bli, czy masz bud\u017cety by konkurowa\u0107 na tak szerokim rynku? Bez bud\u017cetu zginiesz w g\u0105szczu informacyjnym, zag\u0142uszony wielkimi kampaniami popowych gwiazd (cho\u0107 nawet one nie s\u0105 \u201cdla ka\u017cdego\u201d).<\/span><\/p>\n<p><span style=\"font-weight: 400;\">Cz\u0119sto przyjdzie nam konkurowa\u0107 nie tyle z innymi muzykami, ale z innymi czynno\u015bciami (np. prac\u0105, snem, ogl\u0105daniem telewizji, itp.). W takim uj\u0119ciu zaw\u0119\u017canie grupy docelowej okazuje si\u0119 zabiegiem sensownym &#8211; zamiast dotrze\u0107 do wszystkich, r\u00f3wnie\u017c tych, kt\u00f3rzy s\u0105 zupe\u0142nie niezainteresowani Twoim produktem, znacznie lepiej zaw\u0119zi\u0107 grup\u0119, nawet do pozornie niewielkiej, ale tej najbardziej zainteresowanej (np. s\u0142uchaj\u0105cej podobnej muzyki) i tam uderzy\u0107 g\u0142\u0119biej i mocniej, zdobywaj\u0105c krok po kroku coraz wi\u0119cej fan\u00f3w.<\/span><\/p>\n<p><span style=\"font-weight: 400;\">Przemy\u015bl wi\u0119c do kogo skierowana jest akurat Twoja tw\u00f3rczo\u015b\u0107.<\/span><\/p>\n<h2><span style=\"font-weight: 400;\">NAZWA &#8211; PIERWSZY ELEMENT MARKI<\/span><\/h2>\n<p><span style=\"font-weight: 400;\">Gdy wiemy, kim jest odbiorca i czego mo\u017ce oczekiwa\u0107, mo\u017cemy zastanowi\u0107 si\u0119 jak kszta\u0142towa\u0107 elementy marki, by trafi\u0107 w\u0142a\u015bnie do niego. Zacznijmy od nazwy.<\/span><\/p>\n<p><span style=\"font-weight: 400;\">Bywa, \u017ce wymy\u015blanie nazwy dla zespo\u0142u podejmujemy z nowo poznanymi muzykami. Mamy w g\u0142owie \u201cfajn\u0105 nazw\u0119\u201d\u00a0 i zdarza si\u0119 \u017cartowa\u0107, \u017ce \u201ctaki w\u0142a\u015bnie zesp\u00f3\u0142 trzeba za\u0142o\u017cy\u0107\u201d nie maj\u0105c w zasadzie poj\u0119cia co w og\u00f3le b\u0119dziemy gra\u0107. Zdarza si\u0119, \u017ce faktycznie zespo\u0142y te s\u0105 zak\u0142adane, a potem trwaj\u0105 latami.<\/span><\/p>\n<p><span style=\"font-weight: 400;\">Ale czy wymy\u015blaj\u0105c nazw\u0119 przez moment zastanowili\u015bmy si\u0119, jaki b\u0119dzie mia\u0142a ona wp\u0142yw na odbi\u00f3r naszego przysz\u0142ego zespo\u0142u?<\/span><\/p>\n<p><span style=\"font-weight: 400;\">Np. je\u015bli ruszamy na rynek polski, angloj\u0119zyczna nazwa mo\u017ce by\u0107 myl\u0105ca. I vice versa &#8211; je\u015bli celujemy w eksport, polskoj\u0119zyczny \u0142amaniec mo\u017ce by\u0107 nie do przebrni\u0119cia. \u201cTrio\u201d czy \u201cquintet\u201d sugeruje, \u017ce zajmujemy si\u0119 jazzem. \u201cImi\u0119 + nazwisko band\u201d opr\u00f3cz tego, \u017ce kieruje nas w stron\u0119 bluesowej sztampy, skazuje zesp\u00f3\u0142 na konkretnego lidera\/liderk\u0119.\u00a0<\/span><\/p>\n<p><span style=\"font-weight: 400;\">Zbyt cz\u0119sto nazwa jest nieprzemy\u015blana i z zewn\u0105trz sugeruje zupe\u0142nie inn\u0105 zawarto\u015b\u0107. Jednocze\u015bnie jest jedn\u0105 z pierwszych rzeczy, z kt\u00f3rymi ma do czynienia nasz odbiorca, dobrze by\u0142oby wi\u0119c dobrze by komunikowa\u0142a to, na czym nam zale\u017cy?<\/span><\/p>\n<p><span style=\"font-weight: 400;\">Nazwa to jedynie czubek g\u00f3ry lodowej, a kilka jej aspekt\u00f3w tutaj wymienionych, to pocz\u0105tek zagadnienia.<\/span><\/p>\n<p><span style=\"font-weight: 400;\"><\/div><\/div><\/div><\/main>\n        <a class=\"d-block\" href=\"https:\/\/takbrzmimiasto.pl\/sklep\/produkt\/tak-brzmi-miasto-toolbox-branding-w-muzyce-jak-zbudowac-silna-marke\/\" style=\"background-color: #000000;\">\n            <div class=\"container py-5\">\n                <div class=\"row py-5 align-items-center\">\n                    <div class=\"col-6 col-md-5 col-lg-4 offset-0 offset-lg-1 order-1 d-flex flex-row justify-content-center\">\n                        <img decoding=\"async\" class=\"image \" src=\"https:\/\/takbrzmimiasto.pl\/wp-content\/uploads\/2023\/02\/toolbox-wladek-cover-v1-kwadrat-800x800.png\" alt=\"Baner Zobacz Toolbox Branding w muzyce - jak zbudowa\u0107 siln\u0105 mark\u0119\">\n                    <\/div>\n                    <div class=\"col-6 col-md-7 col-lg-6 order-2\">\n                        <div class=\"text text-uppercase ps-3 ps-lg-0 fs-3 text-start text-lg-center text-white lh-1\">\n                            Zobacz Toolbox Branding w muzyce - jak zbudowa\u0107 siln\u0105 mark\u0119\n                        <\/div>\n                    <\/div>\n                <\/div>\n            <\/div>\n        <\/a>\n    <main id=\"main\" class=\"site-main\"><div class=\"container py-5\"><div class=\"entry-content row mb-3\"><div class=\"col-12 col-lg-8 offset-lg-2\">\u00a0<\/span><\/p>\n<h2><span style=\"font-weight: 400;\">HISTORIA ZA\u0141O\u017bYCIELSKA<\/span><\/h2>\n<p><span style=\"font-weight: 400;\">Jednym z podstawowych element\u00f3w marki jest historia za\u0142o\u017cycielska. To ona cz\u0119sto, opr\u00f3cz nazwy, b\u0119dzie tym, z czym odbiorca spotka si\u0119 najpierw. Znajdzie ona odzwierciedlenie w tzw. notce bio Twojego zespo\u0142u, kt\u00f3ra jest podstawowym narz\u0119dziem do komunikacji zar\u00f3wno z odbiorcami, jak i mediami &#8211; skorzystasz z niej za ka\u017cdym razem, gdy media b\u0119d\u0105 o Tobie pisa\u0107 (przy wydaniu p\u0142yty, singla, przy koncercie, itp.).\u00a0<\/span><\/p>\n<p><span style=\"font-weight: 400;\">Historia ta powinna by\u0107 osobista. Powinna przedstawia\u0107 Twoje motywacje, przeciwie\u0144stwa, kt\u00f3re pokonali\u015bcie by\u015bcie mogli by\u0107, tu gdzie jeste\u015bcie. Pomy\u015bl o superbohaterach &#8211; Batmanie, Spidermanie, Wonderwoman, o postaciach z bajek czy ba\u015bni &#8211; Dru\u017cynie Pier\u015bcienia czy nawet Czerwonym Kapturku. W \u017cyciach ka\u017cdej z nich wydarzy\u0142o si\u0119 co\u015b, co wprawi\u0142o ca\u0142\u0105 machin\u0119 w ruch, bez wzgl\u0119du na to czy to ugryzienie paj\u0105ka czy skuszenie si\u0119 na namowy wilka.\u00a0<\/span><\/p>\n<p><span style=\"font-weight: 400;\">Istniej\u0105 r\u00f3wnie\u017c s\u0142ynne przyk\u0142ady ze \u015bwiata muzyki &#8211; wyjazd s\u0142ynnej czw\u00f3rki z Liverpoolu do Hamburga, po to by szlifowa\u0107 umiej\u0119tno\u015bci (bo nikt w kraju nie by\u0142 zainteresowany tym co the Beatles mieli w\u00f3wczas do zaoferowania), szale\u0144stwo i \u015bmier\u0107 Syda Baretta, daj\u0105ce pocz\u0105tek legendzie Pink Floyd, czy ca\u0142kiem zwyczajny pocz\u0105tek Eda Sheerana, jako dziecka \u015bpiewaj\u0105cego w ch\u00f3rze i naturalnie przejawiaj\u0105cego talent.<\/span><\/p>\n<p><span style=\"font-weight: 400;\">To w jakim stopniu to historia \u201csprzedaje\u201d muzyk\u0119, \u015bwiadczy\u0107 mog\u0105 popularne talent shows, kt\u00f3re w trakcie przes\u0142ucha\u0144 nie szukaj\u0105 talent\u00f3w &#8211; os\u00f3b kt\u00f3re umiej\u0105 \u015bpiewa\u0107 lub gra\u0107 &#8211; a ciekawych osobisto\u015bci z histori\u0105, kt\u00f3ra przyci\u0105gnie widz\u00f3w przed odbiorniki.<\/span><\/p>\n<p><span style=\"font-weight: 400;\">Historie te s\u0105 niejednokrotnie kolorowane lub kreowane na potrzeby telewizji, co jest, tyle\u017c cz\u0119ste, co nieetyczne.\u00a0<\/span><\/p>\n<figure id=\"attachment_19048\" aria-describedby=\"caption-attachment-19048\" style=\"width: 1280px\" class=\"wp-caption alignnone\"><img loading=\"lazy\" decoding=\"async\" class=\"wp-image-19048 size-full\" src=\"https:\/\/takbrzmimiasto.pl\/wp-content\/uploads\/2023\/02\/130815123006-steve-jobs-movie-garage-e1676988350207.jpg\" alt=\"Aston Kutcher as Steve Jobs\" width=\"1280\" height=\"528\" srcset=\"https:\/\/takbrzmimiasto.pl\/wp-content\/uploads\/2023\/02\/130815123006-steve-jobs-movie-garage-e1676988350207.jpg 1280w, https:\/\/takbrzmimiasto.pl\/wp-content\/uploads\/2023\/02\/130815123006-steve-jobs-movie-garage-e1676988350207-800x330.jpg 800w, https:\/\/takbrzmimiasto.pl\/wp-content\/uploads\/2023\/02\/130815123006-steve-jobs-movie-garage-e1676988350207-1000x413.jpg 1000w, https:\/\/takbrzmimiasto.pl\/wp-content\/uploads\/2023\/02\/130815123006-steve-jobs-movie-garage-e1676988350207-350x144.jpg 350w, https:\/\/takbrzmimiasto.pl\/wp-content\/uploads\/2023\/02\/130815123006-steve-jobs-movie-garage-e1676988350207-768x317.jpg 768w\" sizes=\"(max-width: 1280px) 100vw, 1280px\" \/><figcaption id=\"caption-attachment-19048\" class=\"wp-caption-text\">Na temat historii za\u0142o\u017cycielskiej Apple (wszystko zacz\u0119\u0142o si\u0119 w tym gara\u017cu!) powstaj\u0105 ju\u017c nawet filmy, cho\u0107 niekt\u00f3rzy twierdz\u0105, \u017ce nie do ko\u0144ca pokrywa si\u0119 ona z prawd\u0105.<\/figcaption><\/figure>\n<h2><span style=\"font-weight: 400;\">ALE CZY TO JESZCZE JA?<\/span><\/h2>\n<p><span style=\"font-weight: 400;\">Gdy dzia\u0142ania brandingowe zdominuj\u0105 nasz\u0105 dzia\u0142alno\u015b\u0107 zaczyna si\u0119 unosi\u0107 si\u0119 aura konformizmu i gro\u017anej w niekt\u00f3rych kr\u0119gach \u201ckomercyjno\u015bci\u201d.\u00a0 Bardzo cz\u0119sto pojawia si\u0119 stwierdzenie \u201cczy w takim razie mam nagina\u0107 si\u0119 do cel\u00f3w marketingowych, by lepiej trafia\u0107 do publiczno\u015bci? Ale to przecie\u017c ju\u017c nie ja!\u201d.\u00a0<\/span><\/p>\n<p><span style=\"font-weight: 400;\">Rzetelne budowanie marki to jednak co\u015b zupe\u0142nie innego. Ma ono s\u0142u\u017cy\u0107 usprawnieniu komunikacji z odbiorc\u0105. Ma na celu wzmocnienie tego, co w Twojej to\u017csamo\u015bci najbardziej wyraziste. Ma sprawi\u0107, \u017ce Tw\u00f3j komunikat do grupy docelowej b\u0119dzie jasny i jednolity, zamiast wysy\u0142ania sprzecznych sygna\u0142\u00f3w wygl\u0105dem, nazw\u0105, zachowaniem. Ma umo\u017cliwi\u0107 jak najszybsz\u0105 identyfikacj\u0119 Ciebie spo\u015br\u00f3d szumu informacyjnego, tak by nikt nie mia\u0142 w\u0105tpliwo\u015bci, kim jeste\u015b i co chcesz przekaza\u0107.<\/span><\/p>\n<p><span style=\"font-weight: 400;\">Niech\u0119\u0107 do \u015bwiadomego budowania marki mo\u017ce powodowa\u0107 wa\u017cna dla artysty \u201cautentyczno\u015b\u0107\u201d, kt\u00f3ra jednak\u2026 mo\u017ce by\u0107 niczym innym jak odpowiednio budowan\u0105 mark\u0105. S\u0142ynny cytat Oscara Wilde\u2019a to \u201cnaturalno\u015b\u0107 to jedynie kolejna poza\u201d mo\u017ce wydawa\u0107 si\u0119 na wskro\u015b cyniczny, ale w gruncie rzeczy trudno mu zaprzeczy\u0107.<\/span><\/p>\n<p><span style=\"font-weight: 400;\">Nie mniej, przyjmowanie pozy to nic zdro\u017cnego &#8211; tak funkcjonuje ludzko\u015b\u0107 i spo\u0142ecze\u0144stwo od wiek\u00f3w. Integracja naszego wewn\u0119trznego ja z zewn\u0119trznym jego obrazem wymaga pewnej dojrza\u0142o\u015bci, ale jest to trud, kt\u00f3ry warto podj\u0105\u0107. To, kim si\u0119 czujemy oraz jak si\u0119 zachowujemy, to nieodzowne elementy, kt\u00f3re tworz\u0105 nas jako osob\u0119, oraz nas jako artyst\u0119 i zesp\u00f3\u0142.<\/span><\/p>\n<p><span style=\"font-weight: 400;\"><\/div><\/div><\/div><\/main>\n        <a class=\"d-block\" href=\"https:\/\/patronite.pl\/tbm\" style=\"background-color: #000000;\">\n            <div class=\"container py-5\">\n                <div class=\"row py-5 align-items-center\">\n                    <div class=\"col-6 col-md-5 col-lg-4 offset-0 offset-lg-1 order-1 d-flex flex-row justify-content-center\">\n                        <img decoding=\"async\" class=\"image \" src=\"https:\/\/takbrzmimiasto.pl\/wp-content\/uploads\/2023\/02\/patronite-small.png\" alt=\"Baner Do\u0142\u0105cz do nas na Patronite! Wsp\u00f3lnie budujmy muzyczn\u0105 przysz\u0142o\u015b\u0107!\">\n                    <\/div>\n                    <div class=\"col-6 col-md-7 col-lg-6 order-2\">\n                        <div class=\"text text-uppercase ps-3 ps-lg-0 fs-3 text-start text-lg-center text-white lh-1\">\n                            Do\u0142\u0105cz do nas na Patronite! Wsp\u00f3lnie budujmy muzyczn\u0105 przysz\u0142o\u015b\u0107!\n                        <\/div>\n                    <\/div>\n                <\/div>\n            <\/div>\n        <\/a>\n    <main id=\"main\" class=\"site-main\"><div class=\"container py-5\"><div class=\"entry-content row mb-3\"><div class=\"col-12 col-lg-8 offset-lg-2\">\u00a0<\/span><\/p>\n<p>&nbsp;<\/p>\n","protected":false},"excerpt":{"rendered":"<p>Zaczynaj\u0105c przygod\u0119 w zesp\u00f3\u0142 by\u0142em pe\u0142en idea\u0142\u00f3w odno\u015bnie tego, jak wygl\u0105da robienie kariery. Wydawa\u0142o mi si\u0119, \u017ce wystarczy \u017ce skanalizuj\u0119 energi\u0119 kosmosu w natchnionej piosence (kt\u00f3ra mi si\u0119 przy\u015bni), a miliony fan\u00f3w od razu pozna si\u0119 na moim geniuszu. Dzi\u015b wiem, \u017ce natchnienie i energia kosmosu to jeszcze nie wszystko. W pierwszym odcinku Startera pisa\u0142em [&hellip;]<\/p>\n","protected":false},"author":2,"featured_media":19042,"comment_status":"closed","ping_status":"closed","sticky":false,"template":"","format":"standard","meta":{"inline_featured_image":false,"footnotes":""},"categories":[419],"tags":[370,368,369,415],"class_list":["post-19040","post","type-post","status-publish","format-standard","has-post-thumbnail","hentry","category-starter","tag-branding","tag-marketing","tag-pr","tag-starter"],"acf":[],"yoast_head":"<!-- This site is optimized with the Yoast SEO plugin v19.7.1 - https:\/\/yoast.com\/wordpress\/plugins\/seo\/ -->\n<title>Marka zespo\u0142u muzycznego - jak i kiedy j\u0105 budowa\u0107? - Tak Brzmi Miasto<\/title>\n<meta name=\"robots\" content=\"index, follow, max-snippet:-1, max-image-preview:large, max-video-preview:-1\" \/>\n<link rel=\"canonical\" href=\"https:\/\/takbrzmimiasto.pl\/en\/marka-zespolu-muzycznego-jak-i-kiedy-ja-budowac\/\" \/>\n<meta property=\"og:locale\" content=\"en_US\" \/>\n<meta property=\"og:type\" content=\"article\" \/>\n<meta property=\"og:title\" content=\"MARKA ZESPO\u0141U MUZYCZNEGO - JAK I KIEDY J\u0104 BUDOWA\u0106?\" \/>\n<meta property=\"og:description\" content=\"Nawet je\u015bli nie b\u0119dziesz \u015bwiadomie budowa\u0107 marki, ludzie i tak b\u0119d\u0105 Ci\u0119 w jaki\u015b spos\u00f3b odbiera\u0107. Chc\u0105c nie chc\u0105c i tak b\u0119dziesz wi\u0119c tworzy\u0107 mark\u0119. Decydujesz jedynie o tym czy b\u0119dzie si\u0119 ona rozwija\u0107 \u201csamopas\u201d -\u00a0 bez Twojego wp\u0142ywu - lub pod Twoj\u0105 kontrol\u0105.\u00a0\" \/>\n<meta property=\"og:url\" content=\"https:\/\/takbrzmimiasto.pl\/en\/marka-zespolu-muzycznego-jak-i-kiedy-ja-budowac\/\" \/>\n<meta property=\"og:site_name\" content=\"Tak Brzmi Miasto\" \/>\n<meta property=\"article:published_time\" content=\"2023-02-22T22:51:48+00:00\" \/>\n<meta property=\"article:modified_time\" content=\"2023-02-22T22:59:00+00:00\" \/>\n<meta property=\"og:image\" content=\"https:\/\/takbrzmimiasto.pl\/wp-content\/uploads\/2023\/02\/starter-2-marka-zespolu-jak-i-kiedy-zaczac-ja-budowac.png\" \/>\n\t<meta property=\"og:image:width\" content=\"1920\" \/>\n\t<meta property=\"og:image:height\" content=\"960\" \/>\n\t<meta property=\"og:image:type\" content=\"image\/png\" \/>\n<meta name=\"author\" content=\"Micha\u0142 W\u00f3jcik\" \/>\n<meta name=\"twitter:card\" content=\"summary_large_image\" \/>\n<meta name=\"twitter:title\" content=\"MARKA ZESPO\u0141U MUZYCZNEGO - JAK I KIEDY J\u0104 BUDOWA\u0106?\" \/>\n<meta name=\"twitter:description\" content=\"Nawet je\u015bli nie b\u0119dziesz \u015bwiadomie budowa\u0107 marki, ludzie i tak b\u0119d\u0105 Ci\u0119 w jaki\u015b spos\u00f3b odbiera\u0107. Chc\u0105c nie chc\u0105c i tak b\u0119dziesz wi\u0119c tworzy\u0107 mark\u0119. Decydujesz jedynie o tym czy b\u0119dzie si\u0119 ona rozwija\u0107 \u201csamopas\u201d -\u00a0 bez Twojego wp\u0142ywu - lub pod Twoj\u0105 kontrol\u0105.\u00a0\" \/>\n<meta name=\"twitter:image\" content=\"https:\/\/takbrzmimiasto.pl\/wp-content\/uploads\/2023\/02\/starter-2-marka-zespolu-jak-i-kiedy-zaczac-ja-budowac.png\" \/>\n<meta name=\"twitter:label1\" content=\"Written by\" \/>\n\t<meta name=\"twitter:data1\" content=\"Micha\u0142 W\u00f3jcik\" \/>\n\t<meta name=\"twitter:label2\" content=\"Est. reading time\" \/>\n\t<meta name=\"twitter:data2\" content=\"9 minutes\" \/>\n<script type=\"application\/ld+json\" class=\"yoast-schema-graph\">{\"@context\":\"https:\/\/schema.org\",\"@graph\":[{\"@type\":\"Article\",\"@id\":\"https:\/\/takbrzmimiasto.pl\/en\/marka-zespolu-muzycznego-jak-i-kiedy-ja-budowac\/#article\",\"isPartOf\":{\"@id\":\"https:\/\/takbrzmimiasto.pl\/en\/marka-zespolu-muzycznego-jak-i-kiedy-ja-budowac\/\"},\"author\":{\"name\":\"Micha\u0142 W\u00f3jcik\",\"@id\":\"https:\/\/takbrzmimiasto.pl\/#\/schema\/person\/28bf6fcd196654e192bb09fd20185f65\"},\"headline\":\"Marka zespo\u0142u muzycznego &#8211; jak i kiedy j\u0105 budowa\u0107?\",\"datePublished\":\"2023-02-22T22:51:48+00:00\",\"dateModified\":\"2023-02-22T22:59:00+00:00\",\"mainEntityOfPage\":{\"@id\":\"https:\/\/takbrzmimiasto.pl\/en\/marka-zespolu-muzycznego-jak-i-kiedy-ja-budowac\/\"},\"wordCount\":1641,\"publisher\":{\"@id\":\"https:\/\/takbrzmimiasto.pl\/#organization\"},\"keywords\":[\"branding\",\"marketing\",\"pr\",\"starter\"],\"articleSection\":[\"Starter\"],\"inLanguage\":\"en-US\"},{\"@type\":\"WebPage\",\"@id\":\"https:\/\/takbrzmimiasto.pl\/en\/marka-zespolu-muzycznego-jak-i-kiedy-ja-budowac\/\",\"url\":\"https:\/\/takbrzmimiasto.pl\/en\/marka-zespolu-muzycznego-jak-i-kiedy-ja-budowac\/\",\"name\":\"Marka zespo\u0142u muzycznego - jak i kiedy j\u0105 budowa\u0107? - Tak Brzmi Miasto\",\"isPartOf\":{\"@id\":\"https:\/\/takbrzmimiasto.pl\/#website\"},\"datePublished\":\"2023-02-22T22:51:48+00:00\",\"dateModified\":\"2023-02-22T22:59:00+00:00\",\"breadcrumb\":{\"@id\":\"https:\/\/takbrzmimiasto.pl\/en\/marka-zespolu-muzycznego-jak-i-kiedy-ja-budowac\/#breadcrumb\"},\"inLanguage\":\"en-US\",\"potentialAction\":[{\"@type\":\"ReadAction\",\"target\":[\"https:\/\/takbrzmimiasto.pl\/en\/marka-zespolu-muzycznego-jak-i-kiedy-ja-budowac\/\"]}]},{\"@type\":\"BreadcrumbList\",\"@id\":\"https:\/\/takbrzmimiasto.pl\/en\/marka-zespolu-muzycznego-jak-i-kiedy-ja-budowac\/#breadcrumb\",\"itemListElement\":[{\"@type\":\"ListItem\",\"position\":1,\"name\":\"Strona g\u0142\u00f3wna\",\"item\":\"https:\/\/takbrzmimiasto.pl\/en\/\"},{\"@type\":\"ListItem\",\"position\":2,\"name\":\"Marka zespo\u0142u muzycznego &#8211; jak i kiedy j\u0105 budowa\u0107?\"}]},{\"@type\":\"WebSite\",\"@id\":\"https:\/\/takbrzmimiasto.pl\/#website\",\"url\":\"https:\/\/takbrzmimiasto.pl\/\",\"name\":\"Tak Brzmi Miasto\",\"description\":\"Tak Brzmi Miasto to konferencja, festiwal, inkubator dla mened\u017cer\u00f3w i akademia\",\"publisher\":{\"@id\":\"https:\/\/takbrzmimiasto.pl\/#organization\"},\"potentialAction\":[{\"@type\":\"SearchAction\",\"target\":{\"@type\":\"EntryPoint\",\"urlTemplate\":\"https:\/\/takbrzmimiasto.pl\/?s={search_term_string}\"},\"query-input\":\"required name=search_term_string\"}],\"inLanguage\":\"en-US\"},{\"@type\":\"Organization\",\"@id\":\"https:\/\/takbrzmimiasto.pl\/#organization\",\"name\":\"Tak Brzmi Miasto\",\"url\":\"https:\/\/takbrzmimiasto.pl\/\",\"sameAs\":[],\"logo\":{\"@type\":\"ImageObject\",\"inLanguage\":\"en-US\",\"@id\":\"https:\/\/takbrzmimiasto.pl\/#\/schema\/logo\/image\/\",\"url\":\"https:\/\/takbrzmimiasto.pl\/wp-content\/uploads\/2021\/04\/www_miniatura_bezmenu.jpg\",\"contentUrl\":\"https:\/\/takbrzmimiasto.pl\/wp-content\/uploads\/2021\/04\/www_miniatura_bezmenu.jpg\",\"width\":1920,\"height\":1080,\"caption\":\"Tak Brzmi Miasto\"},\"image\":{\"@id\":\"https:\/\/takbrzmimiasto.pl\/#\/schema\/logo\/image\/\"}},{\"@type\":\"Person\",\"@id\":\"https:\/\/takbrzmimiasto.pl\/#\/schema\/person\/28bf6fcd196654e192bb09fd20185f65\",\"name\":\"Micha\u0142 W\u00f3jcik\",\"image\":{\"@type\":\"ImageObject\",\"inLanguage\":\"en-US\",\"@id\":\"https:\/\/takbrzmimiasto.pl\/#\/schema\/person\/image\/\",\"url\":\"https:\/\/secure.gravatar.com\/avatar\/bb264089759c5ef74568a4751d163d43?s=96&d=mm&r=g\",\"contentUrl\":\"https:\/\/secure.gravatar.com\/avatar\/bb264089759c5ef74568a4751d163d43?s=96&d=mm&r=g\",\"caption\":\"Micha\u0142 W\u00f3jcik\"},\"description\":\"Gitarzysta, wokalista, mened\u017cer, producent, realizator, techniczny i kierowca zespo\u0142u Cinemon. Za\u0142o\u017cyciel i CEO fundacji Krakowska Scena Muzyczna, koordynator i wsp\u00f3\u0142wymy\u015blacz inicjatyw Tak Brzmi Miasto. Uczestniczy\u0142 w dziesi\u0105tkach konferencji, paneli, warsztat\u00f3w i lubi si\u0119 dzieli\u0107 tym, co my\u015bli - co ma swoje jasne i ciemne strony!\",\"url\":\"https:\/\/takbrzmimiasto.pl\/en\/author\/ksm-michal-wojcik\/\"}]}<\/script>\n<!-- \/ Yoast SEO plugin. -->","yoast_head_json":{"title":"Marka zespo\u0142u muzycznego - jak i kiedy j\u0105 budowa\u0107? - Tak Brzmi Miasto","robots":{"index":"index","follow":"follow","max-snippet":"max-snippet:-1","max-image-preview":"max-image-preview:large","max-video-preview":"max-video-preview:-1"},"canonical":"https:\/\/takbrzmimiasto.pl\/en\/marka-zespolu-muzycznego-jak-i-kiedy-ja-budowac\/","og_locale":"en_US","og_type":"article","og_title":"MARKA ZESPO\u0141U MUZYCZNEGO - JAK I KIEDY J\u0104 BUDOWA\u0106?","og_description":"Nawet je\u015bli nie b\u0119dziesz \u015bwiadomie budowa\u0107 marki, ludzie i tak b\u0119d\u0105 Ci\u0119 w jaki\u015b spos\u00f3b odbiera\u0107. Chc\u0105c nie chc\u0105c i tak b\u0119dziesz wi\u0119c tworzy\u0107 mark\u0119. Decydujesz jedynie o tym czy b\u0119dzie si\u0119 ona rozwija\u0107 \u201csamopas\u201d -\u00a0 bez Twojego wp\u0142ywu - lub pod Twoj\u0105 kontrol\u0105.\u00a0","og_url":"https:\/\/takbrzmimiasto.pl\/en\/marka-zespolu-muzycznego-jak-i-kiedy-ja-budowac\/","og_site_name":"Tak Brzmi Miasto","article_published_time":"2023-02-22T22:51:48+00:00","article_modified_time":"2023-02-22T22:59:00+00:00","og_image":[{"width":1920,"height":960,"url":"https:\/\/takbrzmimiasto.pl\/wp-content\/uploads\/2023\/02\/starter-2-marka-zespolu-jak-i-kiedy-zaczac-ja-budowac.png","type":"image\/png"}],"author":"Micha\u0142 W\u00f3jcik","twitter_card":"summary_large_image","twitter_title":"MARKA ZESPO\u0141U MUZYCZNEGO - JAK I KIEDY J\u0104 BUDOWA\u0106?","twitter_description":"Nawet je\u015bli nie b\u0119dziesz \u015bwiadomie budowa\u0107 marki, ludzie i tak b\u0119d\u0105 Ci\u0119 w jaki\u015b spos\u00f3b odbiera\u0107. Chc\u0105c nie chc\u0105c i tak b\u0119dziesz wi\u0119c tworzy\u0107 mark\u0119. Decydujesz jedynie o tym czy b\u0119dzie si\u0119 ona rozwija\u0107 \u201csamopas\u201d -\u00a0 bez Twojego wp\u0142ywu - lub pod Twoj\u0105 kontrol\u0105.\u00a0","twitter_image":"https:\/\/takbrzmimiasto.pl\/wp-content\/uploads\/2023\/02\/starter-2-marka-zespolu-jak-i-kiedy-zaczac-ja-budowac.png","twitter_misc":{"Written by":"Micha\u0142 W\u00f3jcik","Est. reading time":"9 minutes"},"schema":{"@context":"https:\/\/schema.org","@graph":[{"@type":"Article","@id":"https:\/\/takbrzmimiasto.pl\/en\/marka-zespolu-muzycznego-jak-i-kiedy-ja-budowac\/#article","isPartOf":{"@id":"https:\/\/takbrzmimiasto.pl\/en\/marka-zespolu-muzycznego-jak-i-kiedy-ja-budowac\/"},"author":{"name":"Micha\u0142 W\u00f3jcik","@id":"https:\/\/takbrzmimiasto.pl\/#\/schema\/person\/28bf6fcd196654e192bb09fd20185f65"},"headline":"Marka zespo\u0142u muzycznego &#8211; jak i kiedy j\u0105 budowa\u0107?","datePublished":"2023-02-22T22:51:48+00:00","dateModified":"2023-02-22T22:59:00+00:00","mainEntityOfPage":{"@id":"https:\/\/takbrzmimiasto.pl\/en\/marka-zespolu-muzycznego-jak-i-kiedy-ja-budowac\/"},"wordCount":1641,"publisher":{"@id":"https:\/\/takbrzmimiasto.pl\/#organization"},"keywords":["branding","marketing","pr","starter"],"articleSection":["Starter"],"inLanguage":"en-US"},{"@type":"WebPage","@id":"https:\/\/takbrzmimiasto.pl\/en\/marka-zespolu-muzycznego-jak-i-kiedy-ja-budowac\/","url":"https:\/\/takbrzmimiasto.pl\/en\/marka-zespolu-muzycznego-jak-i-kiedy-ja-budowac\/","name":"Marka zespo\u0142u muzycznego - jak i kiedy j\u0105 budowa\u0107? - Tak Brzmi Miasto","isPartOf":{"@id":"https:\/\/takbrzmimiasto.pl\/#website"},"datePublished":"2023-02-22T22:51:48+00:00","dateModified":"2023-02-22T22:59:00+00:00","breadcrumb":{"@id":"https:\/\/takbrzmimiasto.pl\/en\/marka-zespolu-muzycznego-jak-i-kiedy-ja-budowac\/#breadcrumb"},"inLanguage":"en-US","potentialAction":[{"@type":"ReadAction","target":["https:\/\/takbrzmimiasto.pl\/en\/marka-zespolu-muzycznego-jak-i-kiedy-ja-budowac\/"]}]},{"@type":"BreadcrumbList","@id":"https:\/\/takbrzmimiasto.pl\/en\/marka-zespolu-muzycznego-jak-i-kiedy-ja-budowac\/#breadcrumb","itemListElement":[{"@type":"ListItem","position":1,"name":"Strona g\u0142\u00f3wna","item":"https:\/\/takbrzmimiasto.pl\/en\/"},{"@type":"ListItem","position":2,"name":"Marka zespo\u0142u muzycznego &#8211; jak i kiedy j\u0105 budowa\u0107?"}]},{"@type":"WebSite","@id":"https:\/\/takbrzmimiasto.pl\/#website","url":"https:\/\/takbrzmimiasto.pl\/","name":"Tak Brzmi Miasto","description":"Tak Brzmi Miasto to konferencja, festiwal, inkubator dla mened\u017cer\u00f3w i akademia","publisher":{"@id":"https:\/\/takbrzmimiasto.pl\/#organization"},"potentialAction":[{"@type":"SearchAction","target":{"@type":"EntryPoint","urlTemplate":"https:\/\/takbrzmimiasto.pl\/?s={search_term_string}"},"query-input":"required name=search_term_string"}],"inLanguage":"en-US"},{"@type":"Organization","@id":"https:\/\/takbrzmimiasto.pl\/#organization","name":"Tak Brzmi Miasto","url":"https:\/\/takbrzmimiasto.pl\/","sameAs":[],"logo":{"@type":"ImageObject","inLanguage":"en-US","@id":"https:\/\/takbrzmimiasto.pl\/#\/schema\/logo\/image\/","url":"https:\/\/takbrzmimiasto.pl\/wp-content\/uploads\/2021\/04\/www_miniatura_bezmenu.jpg","contentUrl":"https:\/\/takbrzmimiasto.pl\/wp-content\/uploads\/2021\/04\/www_miniatura_bezmenu.jpg","width":1920,"height":1080,"caption":"Tak Brzmi Miasto"},"image":{"@id":"https:\/\/takbrzmimiasto.pl\/#\/schema\/logo\/image\/"}},{"@type":"Person","@id":"https:\/\/takbrzmimiasto.pl\/#\/schema\/person\/28bf6fcd196654e192bb09fd20185f65","name":"Micha\u0142 W\u00f3jcik","image":{"@type":"ImageObject","inLanguage":"en-US","@id":"https:\/\/takbrzmimiasto.pl\/#\/schema\/person\/image\/","url":"https:\/\/secure.gravatar.com\/avatar\/bb264089759c5ef74568a4751d163d43?s=96&d=mm&r=g","contentUrl":"https:\/\/secure.gravatar.com\/avatar\/bb264089759c5ef74568a4751d163d43?s=96&d=mm&r=g","caption":"Micha\u0142 W\u00f3jcik"},"description":"Gitarzysta, wokalista, mened\u017cer, producent, realizator, techniczny i kierowca zespo\u0142u Cinemon. Za\u0142o\u017cyciel i CEO fundacji Krakowska Scena Muzyczna, koordynator i wsp\u00f3\u0142wymy\u015blacz inicjatyw Tak Brzmi Miasto. Uczestniczy\u0142 w dziesi\u0105tkach konferencji, paneli, warsztat\u00f3w i lubi si\u0119 dzieli\u0107 tym, co my\u015bli - co ma swoje jasne i ciemne strony!","url":"https:\/\/takbrzmimiasto.pl\/en\/author\/ksm-michal-wojcik\/"}]}},"_links":{"self":[{"href":"https:\/\/takbrzmimiasto.pl\/en\/wp-json\/wp\/v2\/posts\/19040\/"}],"collection":[{"href":"https:\/\/takbrzmimiasto.pl\/en\/wp-json\/wp\/v2\/posts\/"}],"about":[{"href":"https:\/\/takbrzmimiasto.pl\/en\/wp-json\/wp\/v2\/types\/post\/"}],"author":[{"embeddable":true,"href":"https:\/\/takbrzmimiasto.pl\/en\/wp-json\/wp\/v2\/users\/2\/"}],"replies":[{"embeddable":true,"href":"https:\/\/takbrzmimiasto.pl\/en\/wp-json\/wp\/v2\/comments\/?post=19040"}],"version-history":[{"count":18,"href":"https:\/\/takbrzmimiasto.pl\/en\/wp-json\/wp\/v2\/posts\/19040\/revisions\/"}],"predecessor-version":[{"id":19070,"href":"https:\/\/takbrzmimiasto.pl\/en\/wp-json\/wp\/v2\/posts\/19040\/revisions\/19070\/"}],"wp:featuredmedia":[{"embeddable":true,"href":"https:\/\/takbrzmimiasto.pl\/en\/wp-json\/wp\/v2\/media\/19042\/"}],"wp:attachment":[{"href":"https:\/\/takbrzmimiasto.pl\/en\/wp-json\/wp\/v2\/media\/?parent=19040"}],"wp:term":[{"taxonomy":"category","embeddable":true,"href":"https:\/\/takbrzmimiasto.pl\/en\/wp-json\/wp\/v2\/categories\/?post=19040"},{"taxonomy":"post_tag","embeddable":true,"href":"https:\/\/takbrzmimiasto.pl\/en\/wp-json\/wp\/v2\/tags\/?post=19040"}],"curies":[{"name":"wp","href":"https:\/\/api.w.org\/{rel}","templated":true}]}}