{"id":24358,"date":"2023-10-17T19:59:36","date_gmt":"2023-10-17T17:59:36","guid":{"rendered":"https:\/\/takbrzmimiasto.pl\/?p=24358"},"modified":"2023-12-28T17:37:53","modified_gmt":"2023-12-28T16:37:53","slug":"z-czego-sklada-sie-press-pack-cz-1","status":"publish","type":"post","link":"https:\/\/takbrzmimiasto.pl\/en\/z-czego-sklada-sie-press-pack-cz-1\/","title":{"rendered":"Z czego sk\u0142ada si\u0119 press pack? cz. 1"},"content":{"rendered":"<p><span style=\"font-weight: 400;\">W \n    <span id=\"arrow-link-beffdf1d\" class=\"d-inline-block\">\n        <a href=\"https:\/\/takbrzmimiasto.pl\/co-to-jest-press-pack\" class=\"arrow-link underline\">\n            <span class=\"arrow-link_text\">poprzednim artykule<\/span>\n            <span class=\"arrow-link_icon\">\n                <i class=\"fa-solid fa-arrow-right\"><\/i><i class=\"fa-solid fa-arrow-right\"><\/i>\n            <\/span>\n        <\/a>\n    <\/span>\n     dotycz\u0105cym press packa odpowiedzieli\u015bmy na podstawowe pytania dotycz\u0105ce tego czym jest i do kogo jest skierowany. Dzisiaj, w wi\u0119kszym szczeg\u00f3le om\u00f3wimy elementy, kt\u00f3re powinny znale\u017a\u0107 si\u0119 w press packu (paczce prasowej) dla artyst\u00f3w i zespo\u0142\u00f3w muzycznych.<\/span><\/p>\n\n        <div class=\"ratio ratio-16x9\">\n            <iframe src=\"https:\/\/www.youtube.com\/embed\/0HOOKRT6R4M\" allowfullscreen=\"\" alt=\"Odtwarzacz youtube\"><\/iframe>\n        <\/div>\n    \n<h2><b>Podstawowe informacje o wykonawcy<\/b><\/h2>\n<p><span style=\"font-weight: 400;\">Press pack powinien zawiera\u0107 szczeg\u00f3\u0142owe informacje o wykonawcy lub zespole, takie jak nazwiska czy sk\u0142ad zespo\u0142u, instrumentarium, pochodzenie, data urodzenia, dyskografia, linki.<\/span><\/p>\n<h2><b>Bio \/ notka prasowa<\/b><\/h2>\n<p><span style=\"font-weight: 400;\">Bio czy notka prasowa stanowi\u0105 o\u015b press packa. Bio powinno zawiera\u0107 kilka akapit\u00f3w na temat artysty lub projektu, ale nie powinna by\u0107 to zbyt szczeg\u00f3\u0142owa biografia. Pami\u0119taj, \u017ce jest to raczej forma dziennikarska, kt\u00f3ra powinna by\u0107, owszem, tre\u015bciwa, ale jednocze\u015bnie atrakcyjna i \u0142atwa w odbiorze. Szczeg\u00f3\u0142ow\u0105 histori\u0119 zostawmy kronikarzom.<\/span><\/p>\n<p><span style=\"font-weight: 400;\">\n        <div class=\"ratio ratio-16x9\">\n            <iframe src=\"https:\/\/www.youtube.com\/embed\/_pTiNRn_nTI\" allowfullscreen=\"\" alt=\"Odtwarzacz youtube\"><\/iframe>\n        <\/div>\n    <\/span><\/p>\n<h2><b>Zdj\u0119cia i materia\u0142y wizualne<\/b><\/h2>\n<p><span style=\"font-weight: 400;\">Zdj\u0119cia i inne materia\u0142y wizualne s\u0105 kluczowym elementem press packa. Powinny by\u0107 one wysokiej jako\u015bci i odpowiednio przemy\u015blane, aby mog\u0142y by\u0107 wykorzystane w r\u00f3\u017cnych publikacjach &#8211; zar\u00f3wno internetowych, jak i drukowanych. Obecnie standardem s\u0105 r\u00f3\u017cne kadry (1:1, 4:3, 16:9, pion i poziom). Upewnijcie si\u0119 te\u017c, \u017ce macie prawa do publikacji fotografii i do\u0142\u0105czcie informacje o autorze zdj\u0119\u0107. To zapewni prawid\u0142owe wykorzystanie materia\u0142\u00f3w.<\/span><\/p>\n<p><span style=\"font-weight: 400;\">\n        <div class=\"ratio ratio-16x9\">\n            <iframe src=\"https:\/\/www.youtube.com\/embed\/ONAFi2S6Kpk\" allowfullscreen=\"\" alt=\"Odtwarzacz youtube\"><\/iframe>\n        <\/div>\n    <br \/>\n<\/span><\/p>\n<h2><b>Wywiad Generyczny<\/b><\/h2>\n<p><span style=\"font-weight: 400;\">Ciekawym elementem press packa mo\u017ce by\u0107 tzw. wywiad generyczny, czyli wywiad przeprowadzony samodzielnie przez artyst\u0119. Materia\u0142 taki u\u0142atwia prac\u0119 dziennikarzom i pozwala na skupienie si\u0119 na najistotniejszych tematach.<\/span><\/p>\n<h2><b>Podsumowanie<\/b><\/h2>\n<p><span style=\"font-weight: 400;\">Skuteczny press pack wymaga przemy\u015blenia i starannego zaplanowania. Ka\u017cdy element powinien by\u0107 dopracowany i dopasowany do cel\u00f3w komunikacyjnych artysty. Znaczenie maj\u0105 zar\u00f3wno tre\u015bci pisane, jak i wizualne, a ich odpowiednie przygotowanie mo\u017ce znacz\u0105co wp\u0142yn\u0105\u0107 na postrzeganie artysty w mediach i bran\u017cy muzycznej.<\/span><\/p>\n<p><b>W nast\u0119pnym odcinku:\u00a0 \n    <span id=\"arrow-link-6443e061\" class=\"d-inline-block\">\n        <a href=\"https:\/\/takbrzmimiasto.pl\/z-czego-sklada-sie-press-pack-cz-2\" class=\"arrow-link underline\">\n            <span class=\"arrow-link_text\">Z czego sk\u0142ada si\u0119 press pack cz. 2<\/span>\n            <span class=\"arrow-link_icon\">\n                <i class=\"fa-solid fa-arrow-right\"><\/i><i class=\"fa-solid fa-arrow-right\"><\/i>\n            <\/span>\n        <\/a>\n    <\/span>\n    <\/b><\/p>\n<p>Zrealizowano w ramach stypendium Ministra Kultury i Dziedzictwa Narodowego.<\/p>\n<h2><strong>Wszystkie artyku\u0142y z serii<\/strong><\/h2>\n<ol>\n<li>\n    <span id=\"arrow-link-486b2455\" class=\"d-inline-block\">\n        <a href=\"https:\/\/takbrzmimiasto.pl\/co-to-jest-press-pack\" class=\"arrow-link underline\">\n            <span class=\"arrow-link_text\">Co to jest Press Pack<\/span>\n            <span class=\"arrow-link_icon\">\n                <i class=\"fa-solid fa-arrow-right\"><\/i><i class=\"fa-solid fa-arrow-right\"><\/i>\n            <\/span>\n        <\/a>\n    <\/span>\n    <\/li>\n<li>\n    <span id=\"arrow-link-6e6951e7\" class=\"d-inline-block\">\n        <a href=\"https:\/\/takbrzmimiasto.pl\/z-czego-sklada-sie-press-pack-cz-1\" class=\"arrow-link underline\">\n            <span class=\"arrow-link_text\">Z czego sk\u0142ada si\u0119 Press Pack cz. 1<\/span>\n            <span class=\"arrow-link_icon\">\n                <i class=\"fa-solid fa-arrow-right\"><\/i><i class=\"fa-solid fa-arrow-right\"><\/i>\n            <\/span>\n        <\/a>\n    <\/span>\n    <\/li>\n<li>\n    <span id=\"arrow-link-efa49f36\" class=\"d-inline-block\">\n        <a href=\"https:\/\/takbrzmimiasto.pl\/z-czego-sklada-sie-press-pack-cz-2\" class=\"arrow-link underline\">\n            <span class=\"arrow-link_text\">Z czego sk\u0142ada si\u0119 Press Pack cz. 2<\/span>\n            <span class=\"arrow-link_icon\">\n                <i class=\"fa-solid fa-arrow-right\"><\/i><i class=\"fa-solid fa-arrow-right\"><\/i>\n            <\/span>\n        <\/a>\n    <\/span>\n    <\/li>\n<li>\n    <span id=\"arrow-link-7ae98fde\" class=\"d-inline-block\">\n        <a href=\"https:\/\/takbrzmimiasto.pl\/jak-napisac-dobre-bio\" class=\"arrow-link underline\">\n            <span class=\"arrow-link_text\">Jak napisa\u0107 dobre bio<\/span>\n            <span class=\"arrow-link_icon\">\n                <i class=\"fa-solid fa-arrow-right\"><\/i><i class=\"fa-solid fa-arrow-right\"><\/i>\n            <\/span>\n        <\/a>\n    <\/span>\n    <\/li>\n<li>\n    <span id=\"arrow-link-c4b575e5\" class=\"d-inline-block\">\n        <a href=\"https:\/\/takbrzmimiasto.pl\/jak-wyszukiwac-dziennikarzy\" class=\"arrow-link underline\">\n            <span class=\"arrow-link_text\">Jak wyszukiwa\u0107 dziennikarzy<\/span>\n            <span class=\"arrow-link_icon\">\n                <i class=\"fa-solid fa-arrow-right\"><\/i><i class=\"fa-solid fa-arrow-right\"><\/i>\n            <\/span>\n        <\/a>\n    <\/span>\n    <\/li>\n<li>\n    <span id=\"arrow-link-f91016d2\" class=\"d-inline-block\">\n        <a href=\"https:\/\/takbrzmimiasto.pl\/jak-kontaktowac-sie-z-mediami\" class=\"arrow-link underline\">\n            <span class=\"arrow-link_text\">Jak kontaktowa\u0107 si\u0119 z mediami<\/span>\n            <span class=\"arrow-link_icon\">\n                <i class=\"fa-solid fa-arrow-right\"><\/i><i class=\"fa-solid fa-arrow-right\"><\/i>\n            <\/span>\n        <\/a>\n    <\/span>\n    <\/li>\n<\/ol>\n","protected":false},"excerpt":{"rendered":"<p>W dotycz\u0105cym press packa odpowiedzieli\u015bmy na podstawowe pytania dotycz\u0105ce tego czym jest i do kogo jest skierowany. Dzisiaj, w wi\u0119kszym szczeg\u00f3le om\u00f3wimy elementy, kt\u00f3re powinny znale\u017a\u0107 si\u0119 w press packu (paczce prasowej) dla artyst\u00f3w i zespo\u0142\u00f3w muzycznych. Podstawowe informacje o wykonawcy Press pack powinien zawiera\u0107 szczeg\u00f3\u0142owe informacje o wykonawcy lub zespole, takie jak nazwiska czy [&hellip;]<\/p>\n","protected":false},"author":5,"featured_media":24431,"comment_status":"closed","ping_status":"closed","sticky":false,"template":"","format":"standard","meta":{"inline_featured_image":false,"footnotes":""},"categories":[419],"tags":[368,460,369,461,457,367],"class_list":["post-24358","post","type-post","status-publish","format-standard","has-post-thumbnail","hentry","category-starter","tag-marketing","tag-media","tag-pr","tag-press","tag-press-pack","tag-promocja"],"acf":[],"yoast_head":"<!-- This site is optimized with the Yoast SEO plugin v19.7.1 - https:\/\/yoast.com\/wordpress\/plugins\/seo\/ -->\n<title>Z czego sk\u0142ada si\u0119 press pack? cz. 1 - Tak Brzmi Miasto<\/title>\n<meta name=\"robots\" content=\"index, follow, max-snippet:-1, max-image-preview:large, max-video-preview:-1\" \/>\n<link rel=\"canonical\" href=\"https:\/\/takbrzmimiasto.pl\/en\/z-czego-sklada-sie-press-pack-cz-1\/\" \/>\n<meta property=\"og:locale\" content=\"en_US\" \/>\n<meta property=\"og:type\" content=\"article\" \/>\n<meta property=\"og:title\" content=\"Z czego sk\u0142ada si\u0119 press pack? cz. 1 - Tak Brzmi Miasto\" \/>\n<meta property=\"og:description\" content=\"W dotycz\u0105cym press packa odpowiedzieli\u015bmy na podstawowe pytania dotycz\u0105ce tego czym jest i do kogo jest skierowany. Dzisiaj, w wi\u0119kszym szczeg\u00f3le om\u00f3wimy elementy, kt\u00f3re powinny znale\u017a\u0107 si\u0119 w press packu (paczce prasowej) dla artyst\u00f3w i zespo\u0142\u00f3w muzycznych. Podstawowe informacje o wykonawcy Press pack powinien zawiera\u0107 szczeg\u00f3\u0142owe informacje o wykonawcy lub zespole, takie jak nazwiska czy [&hellip;]\" \/>\n<meta property=\"og:url\" content=\"https:\/\/takbrzmimiasto.pl\/en\/z-czego-sklada-sie-press-pack-cz-1\/\" \/>\n<meta property=\"og:site_name\" content=\"Tak Brzmi Miasto\" \/>\n<meta property=\"article:published_time\" content=\"2023-10-17T17:59:36+00:00\" \/>\n<meta property=\"article:modified_time\" content=\"2023-12-28T16:37:53+00:00\" \/>\n<meta property=\"og:image\" content=\"https:\/\/takbrzmimiasto.pl\/wp-content\/uploads\/2023\/10\/starter-hero-v2-z-czego-sklada-sie-press-pack-1-mkidn.jpg\" \/>\n\t<meta property=\"og:image:width\" content=\"1920\" \/>\n\t<meta property=\"og:image:height\" content=\"960\" \/>\n\t<meta property=\"og:image:type\" content=\"image\/jpeg\" \/>\n<meta name=\"author\" content=\"Tomek Bysiewicz\" \/>\n<meta name=\"twitter:card\" content=\"summary_large_image\" \/>\n<meta name=\"twitter:label1\" content=\"Written by\" \/>\n\t<meta name=\"twitter:data1\" content=\"Tomek Bysiewicz\" \/>\n\t<meta name=\"twitter:label2\" content=\"Est. reading time\" \/>\n\t<meta name=\"twitter:data2\" content=\"3 minutes\" \/>\n<script type=\"application\/ld+json\" class=\"yoast-schema-graph\">{\"@context\":\"https:\/\/schema.org\",\"@graph\":[{\"@type\":\"Article\",\"@id\":\"https:\/\/takbrzmimiasto.pl\/en\/z-czego-sklada-sie-press-pack-cz-1\/#article\",\"isPartOf\":{\"@id\":\"https:\/\/takbrzmimiasto.pl\/en\/z-czego-sklada-sie-press-pack-cz-1\/\"},\"author\":{\"name\":\"Tomek Bysiewicz\",\"@id\":\"https:\/\/takbrzmimiasto.pl\/#\/schema\/person\/3a2223e2a522107f54e3867d4a8e3bc3\"},\"headline\":\"Z czego sk\u0142ada si\u0119 press pack? cz. 1\",\"datePublished\":\"2023-10-17T17:59:36+00:00\",\"dateModified\":\"2023-12-28T16:37:53+00:00\",\"mainEntityOfPage\":{\"@id\":\"https:\/\/takbrzmimiasto.pl\/en\/z-czego-sklada-sie-press-pack-cz-1\/\"},\"wordCount\":464,\"publisher\":{\"@id\":\"https:\/\/takbrzmimiasto.pl\/#organization\"},\"keywords\":[\"marketing\",\"media\",\"pr\",\"press\",\"press pack\",\"promocja\"],\"articleSection\":[\"Starter\"],\"inLanguage\":\"en-US\"},{\"@type\":\"WebPage\",\"@id\":\"https:\/\/takbrzmimiasto.pl\/en\/z-czego-sklada-sie-press-pack-cz-1\/\",\"url\":\"https:\/\/takbrzmimiasto.pl\/en\/z-czego-sklada-sie-press-pack-cz-1\/\",\"name\":\"Z czego sk\u0142ada si\u0119 press pack? cz. 1 - Tak Brzmi Miasto\",\"isPartOf\":{\"@id\":\"https:\/\/takbrzmimiasto.pl\/#website\"},\"datePublished\":\"2023-10-17T17:59:36+00:00\",\"dateModified\":\"2023-12-28T16:37:53+00:00\",\"breadcrumb\":{\"@id\":\"https:\/\/takbrzmimiasto.pl\/en\/z-czego-sklada-sie-press-pack-cz-1\/#breadcrumb\"},\"inLanguage\":\"en-US\",\"potentialAction\":[{\"@type\":\"ReadAction\",\"target\":[\"https:\/\/takbrzmimiasto.pl\/en\/z-czego-sklada-sie-press-pack-cz-1\/\"]}]},{\"@type\":\"BreadcrumbList\",\"@id\":\"https:\/\/takbrzmimiasto.pl\/en\/z-czego-sklada-sie-press-pack-cz-1\/#breadcrumb\",\"itemListElement\":[{\"@type\":\"ListItem\",\"position\":1,\"name\":\"Strona g\u0142\u00f3wna\",\"item\":\"https:\/\/takbrzmimiasto.pl\/en\/\"},{\"@type\":\"ListItem\",\"position\":2,\"name\":\"Z czego sk\u0142ada si\u0119 press pack? cz. 1\"}]},{\"@type\":\"WebSite\",\"@id\":\"https:\/\/takbrzmimiasto.pl\/#website\",\"url\":\"https:\/\/takbrzmimiasto.pl\/\",\"name\":\"Tak Brzmi Miasto\",\"description\":\"Tak Brzmi Miasto to konferencja, festiwal, inkubator dla mened\u017cer\u00f3w i akademia\",\"publisher\":{\"@id\":\"https:\/\/takbrzmimiasto.pl\/#organization\"},\"potentialAction\":[{\"@type\":\"SearchAction\",\"target\":{\"@type\":\"EntryPoint\",\"urlTemplate\":\"https:\/\/takbrzmimiasto.pl\/?s={search_term_string}\"},\"query-input\":\"required name=search_term_string\"}],\"inLanguage\":\"en-US\"},{\"@type\":\"Organization\",\"@id\":\"https:\/\/takbrzmimiasto.pl\/#organization\",\"name\":\"Tak Brzmi Miasto\",\"url\":\"https:\/\/takbrzmimiasto.pl\/\",\"sameAs\":[],\"logo\":{\"@type\":\"ImageObject\",\"inLanguage\":\"en-US\",\"@id\":\"https:\/\/takbrzmimiasto.pl\/#\/schema\/logo\/image\/\",\"url\":\"https:\/\/takbrzmimiasto.pl\/wp-content\/uploads\/2021\/04\/www_miniatura_bezmenu.jpg\",\"contentUrl\":\"https:\/\/takbrzmimiasto.pl\/wp-content\/uploads\/2021\/04\/www_miniatura_bezmenu.jpg\",\"width\":1920,\"height\":1080,\"caption\":\"Tak Brzmi Miasto\"},\"image\":{\"@id\":\"https:\/\/takbrzmimiasto.pl\/#\/schema\/logo\/image\/\"}},{\"@type\":\"Person\",\"@id\":\"https:\/\/takbrzmimiasto.pl\/#\/schema\/person\/3a2223e2a522107f54e3867d4a8e3bc3\",\"name\":\"Tomek Bysiewicz\",\"image\":{\"@type\":\"ImageObject\",\"inLanguage\":\"en-US\",\"@id\":\"https:\/\/takbrzmimiasto.pl\/#\/schema\/person\/image\/\",\"url\":\"https:\/\/secure.gravatar.com\/avatar\/0cf4fa46d86c28a4c2593788b94a9cb2?s=96&d=mm&r=g\",\"contentUrl\":\"https:\/\/secure.gravatar.com\/avatar\/0cf4fa46d86c28a4c2593788b94a9cb2?s=96&d=mm&r=g\",\"caption\":\"Tomek Bysiewicz\"},\"description\":\"Od dekady wsp\u00f3\u0142tw\u00f3rca wszystkich aktywno\u015bci wychodz\u0105cych spod marki Tak Brzmi Miasto. Ekselowy ninja, cho\u0107 zdecydowanie z przymusu i zasiedzenia ni\u017c z mi\u0142o\u015bci, w przeciwie\u0144stwie do summercampu, kt\u00f3ry jest jego ulubionym TBMowym dzieckiem. Stypendysta MKiDN, w przesz\u0142o\u015bci pisz\u0105cy o muzyce na portalu Krakowskiej Sceny Muzycznej oraz do nieod\u017ca\u0142owanej \\\"Gazety Magnetofonowej\\\". Basista Cinemon i Empty Ashtray.\",\"url\":\"https:\/\/takbrzmimiasto.pl\/en\/author\/ksm-tomek-bysiewicz\/\"}]}<\/script>\n<!-- \/ Yoast SEO plugin. -->","yoast_head_json":{"title":"Z czego sk\u0142ada si\u0119 press pack? cz. 1 - Tak Brzmi Miasto","robots":{"index":"index","follow":"follow","max-snippet":"max-snippet:-1","max-image-preview":"max-image-preview:large","max-video-preview":"max-video-preview:-1"},"canonical":"https:\/\/takbrzmimiasto.pl\/en\/z-czego-sklada-sie-press-pack-cz-1\/","og_locale":"en_US","og_type":"article","og_title":"Z czego sk\u0142ada si\u0119 press pack? cz. 1 - Tak Brzmi Miasto","og_description":"W dotycz\u0105cym press packa odpowiedzieli\u015bmy na podstawowe pytania dotycz\u0105ce tego czym jest i do kogo jest skierowany. Dzisiaj, w wi\u0119kszym szczeg\u00f3le om\u00f3wimy elementy, kt\u00f3re powinny znale\u017a\u0107 si\u0119 w press packu (paczce prasowej) dla artyst\u00f3w i zespo\u0142\u00f3w muzycznych. Podstawowe informacje o wykonawcy Press pack powinien zawiera\u0107 szczeg\u00f3\u0142owe informacje o wykonawcy lub zespole, takie jak nazwiska czy [&hellip;]","og_url":"https:\/\/takbrzmimiasto.pl\/en\/z-czego-sklada-sie-press-pack-cz-1\/","og_site_name":"Tak Brzmi Miasto","article_published_time":"2023-10-17T17:59:36+00:00","article_modified_time":"2023-12-28T16:37:53+00:00","og_image":[{"width":1920,"height":960,"url":"https:\/\/takbrzmimiasto.pl\/wp-content\/uploads\/2023\/10\/starter-hero-v2-z-czego-sklada-sie-press-pack-1-mkidn.jpg","type":"image\/jpeg"}],"author":"Tomek Bysiewicz","twitter_card":"summary_large_image","twitter_misc":{"Written by":"Tomek Bysiewicz","Est. reading time":"3 minutes"},"schema":{"@context":"https:\/\/schema.org","@graph":[{"@type":"Article","@id":"https:\/\/takbrzmimiasto.pl\/en\/z-czego-sklada-sie-press-pack-cz-1\/#article","isPartOf":{"@id":"https:\/\/takbrzmimiasto.pl\/en\/z-czego-sklada-sie-press-pack-cz-1\/"},"author":{"name":"Tomek Bysiewicz","@id":"https:\/\/takbrzmimiasto.pl\/#\/schema\/person\/3a2223e2a522107f54e3867d4a8e3bc3"},"headline":"Z czego sk\u0142ada si\u0119 press pack? cz. 1","datePublished":"2023-10-17T17:59:36+00:00","dateModified":"2023-12-28T16:37:53+00:00","mainEntityOfPage":{"@id":"https:\/\/takbrzmimiasto.pl\/en\/z-czego-sklada-sie-press-pack-cz-1\/"},"wordCount":464,"publisher":{"@id":"https:\/\/takbrzmimiasto.pl\/#organization"},"keywords":["marketing","media","pr","press","press pack","promocja"],"articleSection":["Starter"],"inLanguage":"en-US"},{"@type":"WebPage","@id":"https:\/\/takbrzmimiasto.pl\/en\/z-czego-sklada-sie-press-pack-cz-1\/","url":"https:\/\/takbrzmimiasto.pl\/en\/z-czego-sklada-sie-press-pack-cz-1\/","name":"Z czego sk\u0142ada si\u0119 press pack? cz. 1 - Tak Brzmi Miasto","isPartOf":{"@id":"https:\/\/takbrzmimiasto.pl\/#website"},"datePublished":"2023-10-17T17:59:36+00:00","dateModified":"2023-12-28T16:37:53+00:00","breadcrumb":{"@id":"https:\/\/takbrzmimiasto.pl\/en\/z-czego-sklada-sie-press-pack-cz-1\/#breadcrumb"},"inLanguage":"en-US","potentialAction":[{"@type":"ReadAction","target":["https:\/\/takbrzmimiasto.pl\/en\/z-czego-sklada-sie-press-pack-cz-1\/"]}]},{"@type":"BreadcrumbList","@id":"https:\/\/takbrzmimiasto.pl\/en\/z-czego-sklada-sie-press-pack-cz-1\/#breadcrumb","itemListElement":[{"@type":"ListItem","position":1,"name":"Strona g\u0142\u00f3wna","item":"https:\/\/takbrzmimiasto.pl\/en\/"},{"@type":"ListItem","position":2,"name":"Z czego sk\u0142ada si\u0119 press pack? cz. 1"}]},{"@type":"WebSite","@id":"https:\/\/takbrzmimiasto.pl\/#website","url":"https:\/\/takbrzmimiasto.pl\/","name":"Tak Brzmi Miasto","description":"Tak Brzmi Miasto to konferencja, festiwal, inkubator dla mened\u017cer\u00f3w i akademia","publisher":{"@id":"https:\/\/takbrzmimiasto.pl\/#organization"},"potentialAction":[{"@type":"SearchAction","target":{"@type":"EntryPoint","urlTemplate":"https:\/\/takbrzmimiasto.pl\/?s={search_term_string}"},"query-input":"required name=search_term_string"}],"inLanguage":"en-US"},{"@type":"Organization","@id":"https:\/\/takbrzmimiasto.pl\/#organization","name":"Tak Brzmi Miasto","url":"https:\/\/takbrzmimiasto.pl\/","sameAs":[],"logo":{"@type":"ImageObject","inLanguage":"en-US","@id":"https:\/\/takbrzmimiasto.pl\/#\/schema\/logo\/image\/","url":"https:\/\/takbrzmimiasto.pl\/wp-content\/uploads\/2021\/04\/www_miniatura_bezmenu.jpg","contentUrl":"https:\/\/takbrzmimiasto.pl\/wp-content\/uploads\/2021\/04\/www_miniatura_bezmenu.jpg","width":1920,"height":1080,"caption":"Tak Brzmi Miasto"},"image":{"@id":"https:\/\/takbrzmimiasto.pl\/#\/schema\/logo\/image\/"}},{"@type":"Person","@id":"https:\/\/takbrzmimiasto.pl\/#\/schema\/person\/3a2223e2a522107f54e3867d4a8e3bc3","name":"Tomek Bysiewicz","image":{"@type":"ImageObject","inLanguage":"en-US","@id":"https:\/\/takbrzmimiasto.pl\/#\/schema\/person\/image\/","url":"https:\/\/secure.gravatar.com\/avatar\/0cf4fa46d86c28a4c2593788b94a9cb2?s=96&d=mm&r=g","contentUrl":"https:\/\/secure.gravatar.com\/avatar\/0cf4fa46d86c28a4c2593788b94a9cb2?s=96&d=mm&r=g","caption":"Tomek Bysiewicz"},"description":"Od dekady wsp\u00f3\u0142tw\u00f3rca wszystkich aktywno\u015bci wychodz\u0105cych spod marki Tak Brzmi Miasto. Ekselowy ninja, cho\u0107 zdecydowanie z przymusu i zasiedzenia ni\u017c z mi\u0142o\u015bci, w przeciwie\u0144stwie do summercampu, kt\u00f3ry jest jego ulubionym TBMowym dzieckiem. Stypendysta MKiDN, w przesz\u0142o\u015bci pisz\u0105cy o muzyce na portalu Krakowskiej Sceny Muzycznej oraz do nieod\u017ca\u0142owanej \"Gazety Magnetofonowej\". Basista Cinemon i Empty Ashtray.","url":"https:\/\/takbrzmimiasto.pl\/en\/author\/ksm-tomek-bysiewicz\/"}]}},"_links":{"self":[{"href":"https:\/\/takbrzmimiasto.pl\/en\/wp-json\/wp\/v2\/posts\/24358\/"}],"collection":[{"href":"https:\/\/takbrzmimiasto.pl\/en\/wp-json\/wp\/v2\/posts\/"}],"about":[{"href":"https:\/\/takbrzmimiasto.pl\/en\/wp-json\/wp\/v2\/types\/post\/"}],"author":[{"embeddable":true,"href":"https:\/\/takbrzmimiasto.pl\/en\/wp-json\/wp\/v2\/users\/5\/"}],"replies":[{"embeddable":true,"href":"https:\/\/takbrzmimiasto.pl\/en\/wp-json\/wp\/v2\/comments\/?post=24358"}],"version-history":[{"count":15,"href":"https:\/\/takbrzmimiasto.pl\/en\/wp-json\/wp\/v2\/posts\/24358\/revisions\/"}],"predecessor-version":[{"id":24496,"href":"https:\/\/takbrzmimiasto.pl\/en\/wp-json\/wp\/v2\/posts\/24358\/revisions\/24496\/"}],"wp:featuredmedia":[{"embeddable":true,"href":"https:\/\/takbrzmimiasto.pl\/en\/wp-json\/wp\/v2\/media\/24431\/"}],"wp:attachment":[{"href":"https:\/\/takbrzmimiasto.pl\/en\/wp-json\/wp\/v2\/media\/?parent=24358"}],"wp:term":[{"taxonomy":"category","embeddable":true,"href":"https:\/\/takbrzmimiasto.pl\/en\/wp-json\/wp\/v2\/categories\/?post=24358"},{"taxonomy":"post_tag","embeddable":true,"href":"https:\/\/takbrzmimiasto.pl\/en\/wp-json\/wp\/v2\/tags\/?post=24358"}],"curies":[{"name":"wp","href":"https:\/\/api.w.org\/{rel}","templated":true}]}}