{"id":3326,"date":"2021-03-11T21:13:19","date_gmt":"2021-03-11T20:13:19","guid":{"rendered":"https:\/\/takbrzmimiasto.pl\/?p=3326"},"modified":"2022-04-15T11:19:49","modified_gmt":"2022-04-15T09:19:49","slug":"pierwsza-umowa-w-zespole","status":"publish","type":"post","link":"https:\/\/takbrzmimiasto.pl\/en\/pierwsza-umowa-w-zespole\/","title":{"rendered":"Pierwsza umowa w zespole"},"content":{"rendered":"<h1><b>Pierwsza umowa w zespole<\/b><\/h1>\n<p>Wasze wsp\u00f3lne granie ma si\u0119 przerodzi\u0107 w co\u015b wi\u0119cej ni\u017c przyjemne sp\u0119dzanie czasu w mi\u0142ym towarzystwie i ma sta\u0107 si\u0119 celem, sposobem na \u017cycie albo wielk\u0105 przygod\u0105? Zanim zaczniecie my\u015ble\u0107 o umowach koncertowych, wydawniczych i wszelkich innych formach wsp\u00f3\u0142pracy, nim nagracie i opublikujecie pierwszy utw\u00f3r, czy zagracie koncert przed publiczno\u015bci\u0105, warto przez chwil\u0119 pomy\u015ble\u0107 o wzajemnych relacjach. Jeszcze przed tym, jak kontrakty i umowy je zabij\u0105\u2026<\/p>\n<p>Brzmi banalnie i gro\u017anie jednocze\u015bnie? Mo\u017ce tak, ale b\u0142\u0119dy pope\u0142nione na tym etapie, gdy jeste\u015bmy jeszcze przyjaci\u00f3\u0142mi i nie my\u015blimy o przysz\u0142ych profitach, potrafi\u0105 si\u0119 srodze zem\u015bci\u0107 ci\u0105gn\u0105c latami niepotrzebne spory. Mog\u0105 r\u00f3wnie\u017c pogrzeba\u0107 dobrze zapowiadaj\u0105cy si\u0119 zesp\u00f3\u0142, zanim jeszcze cokolwiek osi\u0105gnie czy zarobi.<\/p>\n<p>Zatem, nim przyjdzie wam podpisywa\u0107 umowy na koncerty czy kontrakty p\u0142ytowe, warto mi\u0119dzy sob\u0105 ustali\u0107 zasady funkcjonowania zespo\u0142u.<\/p>\n<p>Na tym etapie nie potrzeba wielkich um\u00f3w, prawnik\u00f3w i \u201epapierologii\u201d. Ale \u015blad pisemny ma znaczenie, bo po czasie ka\u017cdy te same ustalenia mo\u017ce inaczej pami\u0119ta\u0107 i zupe\u0142nie w inny spos\u00f3b je interpretowa\u0107. Dlatego warto napisa\u0107 cho\u0107by maila w tej sprawie, tak, by ka\u017cdy potwierdzi\u0142 jego otrzymanie i mia\u0142 potem w historii swojej korespondencji.<\/p>\n<p>Rzeczy z pozoru b\u0142ahe, po jakim\u015b czasie mog\u0105 sta\u0107 si\u0119 kluczowymi. Naprawd\u0119 jest wa\u017cne, by\u015bcie wcze\u015bniej ustalili zasady autorstwa tekst\u00f3w i kompozycji, prawo do nazwy i co si\u0119 z ni\u0105 stanie, gdy np. z waszej czw\u00f3rki jedna osoba postanowi odej\u015b\u0107 i kto\u015b j\u0105 zast\u0105pi. Nie ma tutaj \u017cadnych powszechnych zasad. Modeli jest wiele i ka\u017cdy z nich ma zalety i wady, ale ten, kt\u00f3ry wsp\u00f3lnie na tym etapie przyjmiecie b\u0119dzie najwa\u017cniejszy, bo b\u0119dzie wasz.<\/p>\n<p>Sprawa jest prosta w przypadku solowego artysty, kt\u00f3ry cho\u0107 nie musi by\u0107 sam na scenie, to sam odpowiada za wszelkie aspekty autorstwa tekst\u00f3w i kompozycji muzyki oraz podejmuje wszelkie decyzje. Natomiast jako zesp\u00f3\u0142 powinni\u015bcie uzgodni\u0107 jeszcze przed rozpocz\u0119ciem nagra\u0144, z my\u015bl\u0105 o ich p\u00f3\u017aniejszym udost\u0119pnianiu, jak b\u0119dziecie podpisywa\u0107 si\u0119 pod utworami. W przypadku tekstu jest zazwyczaj \u0142atwiej, bo najcz\u0119\u015bciej jest to jedna osoba. Ale czasem kto\u015b doda refren czy kluczowy wers albo tytu\u0142 i trzeba to wsp\u00f3\u0142autorstwo uwzgl\u0119dni\u0107. Jednak przy kompozycji sytuacja si\u0119 komplikuje, bo tutaj mo\u017cliwo\u015bci jest wi\u0119cej: kto\u015b przyni\u00f3s\u0142 gotowy pomys\u0142 na utw\u00f3r, kto\u015b mia\u0142 lini\u0119 melodyczn\u0105 albo zacz\u0119\u0142o si\u0119 od bitu, a potem ka\u017cdy co\u015b do\u0142\u0105czy\u0142 i posz\u0142o.<\/p>\n<p>Zwyczajowo autor\u00f3w tekst\u00f3w popisuje si\u0119 imieniem i nazwiskiem lub pseudonimem. Podobnie, gdy chodzi o kompozycj\u0119, je\u015bli jest jednoosobowa Ale gdy wk\u0142ad w kompozycj\u0119 mia\u0142o kilka os\u00f3b, mo\u017cna albo je wymieni\u0107 wszystkie (imi\u0119 i nazwisko lub pseudonim), albo gdy wszyscy w tym maczali palce mo\u017cna opisa\u0107 utw\u00f3r tak: tekst Jan Kowalski, muzyka Zesp\u00f3\u0142. I na tym etapie chodzi tylko o opis, kt\u00f3ry zobacz\u0105 odbiorcy, bez wnikania w szczeg\u00f3\u0142y, kto wk\u0142ad mia\u0142 wi\u0119kszy b\u0105d\u017a mniejszy. To te\u017c wa\u017cne, ale dopiero przy zg\u0142aszaniu utwor\u00f3w np. do ZAIKSu.<\/p>\n<p>Ale jeszcze jedno: oto mamy zesp\u00f3\u0142. Czy podpisujemy si\u0119 w\u0142asnymi nazwiskami lub pseudonimami zar\u00f3wno jako cz\u0142onkowie zespo\u0142u na scenie, wykonawcy utwor\u00f3w, jak i jako autorzy lub kompozytorzy? Co stanie si\u0119 z zespo\u0142em i nazw\u0105, gdy z np. czteroosobowego zespo\u0142u jeden z za\u0142o\u017cycieli odchodzi? Czy to koniec, czy zesp\u00f3\u0142 dzia\u0142a nadal, przyjmuj\u0105c kogo\u015b nowego na jego miejsce? A je\u015bli w wyniku kolejnych zast\u0119pstw w zespole nie ma ju\u017c \u017cadnego z za\u0142o\u017cycieli, to nadal aktualny sk\u0142ad ma prawo do nazwy? Oczywi\u015bcie, na tym etapie umawiamy si\u0119 na rzeczy przewidywalne w bliskiej przysz\u0142o\u015bci, bo w dalszej wszystko si\u0119 mo\u017ce zdarzy\u0107. \u017badna umowa nie jest cyrografem na zawsze, mo\u017ce w odpowiednim czasie by\u0107 zmieniana i dopasowywana do obecnych reali\u00f3w, ale od czego\u015b trzeba zacz\u0105\u0107. S\u0105 pewne kluczowe pytania, na kt\u00f3re trzeba sobie odpowiedzie\u0107. Bo lepiej przegada\u0107 to sobie wcze\u015bniej ni\u017c potem tu\u0142a\u0107 si\u0119 po s\u0105dach.<\/p>\n<p>Nie trzeba si\u0119ga\u0107 daleko, by przekona\u0107 si\u0119, \u017ce nie s\u0105 to b\u0142ahe sprawy. Dlaczego jest Kombi i Kombii? Czemu s\u0105 dwa zespo\u0142y De Mono? Historia zespo\u0142u Pectus nic Wam nie m\u00f3wi? A proces Ho\u0142dysa z zespo\u0142em Perfect sprzed lat?<\/p>\n<p>S\u0105 te\u017c przyk\u0142ady pozytywne, pokazuj\u0105ce, \u017ce mo\u017cna inaczej. Przez zesp\u00f3\u0142 DAAB przewin\u0119\u0142o si\u0119 wielu wokalist\u00f3w, cho\u0107 \u015bpiewaj\u0105cy frontman zdaje si\u0119 by\u0107 kluczow\u0105 postaci\u0105, kt\u00f3rej odej\u015bcie zazwyczaj ko\u0144czy histori\u0119 zespo\u0142u. R\u00f3wnie\u017c zesp\u00f3\u0142 D\u017cem po \u015bmierci charyzmatycznego wokalisty i autora kultowych dla zespo\u0142u tekst\u00f3w funkcjonuje dalej, cho\u0107 od \u015bmierci Ry\u015bka min\u0119\u0142o ponad \u0107wier\u0107 wieku.<\/p>\n<p>Super jest my\u015ble\u0107 o kontraktach p\u0142ytowych, dobrych umowach koncertowych i \u015bwietlanej przysz\u0142o\u015bci. Tutaj tak\u017ce jest o czym pisa\u0107 i rozmawia\u0107, bo chyba ka\u017cdy czeka na sw\u00f3j pierwszy wa\u017cny kontrakt z wytw\u00f3rni\u0105 i honoraria za swoje koncerty. Ale o tym napisz\u0119 w kolejnych odcinkach.<\/p>\n<p>Tymczasem wa\u017cne by\u015bcie zacz\u0119li w\u0142a\u015bnie od tego, aby konkretnie um\u00f3wi\u0107 si\u0119 mi\u0119dzy sob\u0105.<\/p>\n<p><i>Autor: Pawe\u0142 Hordejuk (ekspert TBM)<\/i><\/p>\n","protected":false},"excerpt":{"rendered":"<p>Pierwsza umowa w zespole Wasze wsp\u00f3lne granie ma si\u0119 przerodzi\u0107 w co\u015b wi\u0119cej ni\u017c przyjemne sp\u0119dzanie czasu w mi\u0142ym towarzystwie i ma sta\u0107 si\u0119 celem, sposobem na \u017cycie albo wielk\u0105 przygod\u0105? Zanim zaczniecie my\u015ble\u0107 o umowach koncertowych, wydawniczych i wszelkich innych formach wsp\u00f3\u0142pracy, nim nagracie i opublikujecie pierwszy utw\u00f3r, czy zagracie koncert przed publiczno\u015bci\u0105, warto [&hellip;]<\/p>\n","protected":false},"author":63,"featured_media":3515,"comment_status":"open","ping_status":"open","sticky":false,"template":"","format":"standard","meta":{"inline_featured_image":false,"footnotes":""},"categories":[304],"tags":[],"class_list":["post-3326","post","type-post","status-publish","format-standard","has-post-thumbnail","hentry","category-poradnik"],"acf":[],"yoast_head":"<!-- This site is optimized with the Yoast SEO plugin v19.7.1 - https:\/\/yoast.com\/wordpress\/plugins\/seo\/ -->\n<title>Pierwsza umowa w zespole - Tak Brzmi Miasto<\/title>\n<meta name=\"robots\" content=\"index, follow, max-snippet:-1, max-image-preview:large, max-video-preview:-1\" \/>\n<link rel=\"canonical\" href=\"https:\/\/takbrzmimiasto.pl\/en\/pierwsza-umowa-w-zespole\/\" \/>\n<meta property=\"og:locale\" content=\"en_US\" \/>\n<meta property=\"og:type\" content=\"article\" \/>\n<meta property=\"og:title\" content=\"Pierwsza umowa w zespole - Tak Brzmi Miasto\" \/>\n<meta property=\"og:description\" content=\"Pierwsza umowa w zespole Wasze wsp\u00f3lne granie ma si\u0119 przerodzi\u0107 w co\u015b wi\u0119cej ni\u017c przyjemne sp\u0119dzanie czasu w mi\u0142ym towarzystwie i ma sta\u0107 si\u0119 celem, sposobem na \u017cycie albo wielk\u0105 przygod\u0105? Zanim zaczniecie my\u015ble\u0107 o umowach koncertowych, wydawniczych i wszelkich innych formach wsp\u00f3\u0142pracy, nim nagracie i opublikujecie pierwszy utw\u00f3r, czy zagracie koncert przed publiczno\u015bci\u0105, warto [&hellip;]\" \/>\n<meta property=\"og:url\" content=\"https:\/\/takbrzmimiasto.pl\/en\/pierwsza-umowa-w-zespole\/\" \/>\n<meta property=\"og:site_name\" content=\"Tak Brzmi Miasto\" \/>\n<meta property=\"article:published_time\" content=\"2021-03-11T20:13:19+00:00\" \/>\n<meta property=\"article:modified_time\" content=\"2022-04-15T09:19:49+00:00\" \/>\n<meta property=\"og:image\" content=\"https:\/\/takbrzmimiasto.pl\/wp-content\/uploads\/2021\/03\/Pawe\u0142-Hordejuk-Pierwsza-umwoa-w-zespole.jpg\" \/>\n\t<meta property=\"og:image:width\" content=\"720\" \/>\n\t<meta property=\"og:image:height\" content=\"405\" \/>\n\t<meta property=\"og:image:type\" content=\"image\/jpeg\" \/>\n<meta name=\"author\" content=\"Pawe\u0142 Hordejuk\" \/>\n<meta name=\"twitter:card\" content=\"summary_large_image\" \/>\n<meta name=\"twitter:label1\" content=\"Written by\" \/>\n\t<meta name=\"twitter:data1\" content=\"Pawe\u0142 Hordejuk\" \/>\n\t<meta name=\"twitter:label2\" content=\"Est. reading time\" \/>\n\t<meta name=\"twitter:data2\" content=\"4 minutes\" \/>\n<script type=\"application\/ld+json\" class=\"yoast-schema-graph\">{\"@context\":\"https:\/\/schema.org\",\"@graph\":[{\"@type\":\"Article\",\"@id\":\"https:\/\/takbrzmimiasto.pl\/en\/pierwsza-umowa-w-zespole\/#article\",\"isPartOf\":{\"@id\":\"https:\/\/takbrzmimiasto.pl\/en\/pierwsza-umowa-w-zespole\/\"},\"author\":{\"name\":\"Pawe\u0142 Hordejuk\",\"@id\":\"https:\/\/takbrzmimiasto.pl\/#\/schema\/person\/f747106ec46f0df9d9fc67aa249dae55\"},\"headline\":\"Pierwsza umowa w zespole\",\"datePublished\":\"2021-03-11T20:13:19+00:00\",\"dateModified\":\"2022-04-15T09:19:49+00:00\",\"mainEntityOfPage\":{\"@id\":\"https:\/\/takbrzmimiasto.pl\/en\/pierwsza-umowa-w-zespole\/\"},\"wordCount\":902,\"commentCount\":0,\"publisher\":{\"@id\":\"https:\/\/takbrzmimiasto.pl\/#organization\"},\"articleSection\":[\"Poradnik\"],\"inLanguage\":\"en-US\",\"potentialAction\":[{\"@type\":\"CommentAction\",\"name\":\"Comment\",\"target\":[\"https:\/\/takbrzmimiasto.pl\/en\/pierwsza-umowa-w-zespole\/#respond\"]}]},{\"@type\":\"WebPage\",\"@id\":\"https:\/\/takbrzmimiasto.pl\/en\/pierwsza-umowa-w-zespole\/\",\"url\":\"https:\/\/takbrzmimiasto.pl\/en\/pierwsza-umowa-w-zespole\/\",\"name\":\"Pierwsza umowa w zespole - Tak Brzmi Miasto\",\"isPartOf\":{\"@id\":\"https:\/\/takbrzmimiasto.pl\/#website\"},\"datePublished\":\"2021-03-11T20:13:19+00:00\",\"dateModified\":\"2022-04-15T09:19:49+00:00\",\"breadcrumb\":{\"@id\":\"https:\/\/takbrzmimiasto.pl\/en\/pierwsza-umowa-w-zespole\/#breadcrumb\"},\"inLanguage\":\"en-US\",\"potentialAction\":[{\"@type\":\"ReadAction\",\"target\":[\"https:\/\/takbrzmimiasto.pl\/en\/pierwsza-umowa-w-zespole\/\"]}]},{\"@type\":\"BreadcrumbList\",\"@id\":\"https:\/\/takbrzmimiasto.pl\/en\/pierwsza-umowa-w-zespole\/#breadcrumb\",\"itemListElement\":[{\"@type\":\"ListItem\",\"position\":1,\"name\":\"Strona g\u0142\u00f3wna\",\"item\":\"https:\/\/takbrzmimiasto.pl\/en\/\"},{\"@type\":\"ListItem\",\"position\":2,\"name\":\"Pierwsza umowa w zespole\"}]},{\"@type\":\"WebSite\",\"@id\":\"https:\/\/takbrzmimiasto.pl\/#website\",\"url\":\"https:\/\/takbrzmimiasto.pl\/\",\"name\":\"Tak Brzmi Miasto\",\"description\":\"Tak Brzmi Miasto to konferencja, festiwal, inkubator dla mened\u017cer\u00f3w i akademia\",\"publisher\":{\"@id\":\"https:\/\/takbrzmimiasto.pl\/#organization\"},\"potentialAction\":[{\"@type\":\"SearchAction\",\"target\":{\"@type\":\"EntryPoint\",\"urlTemplate\":\"https:\/\/takbrzmimiasto.pl\/?s={search_term_string}\"},\"query-input\":\"required name=search_term_string\"}],\"inLanguage\":\"en-US\"},{\"@type\":\"Organization\",\"@id\":\"https:\/\/takbrzmimiasto.pl\/#organization\",\"name\":\"Tak Brzmi Miasto\",\"url\":\"https:\/\/takbrzmimiasto.pl\/\",\"sameAs\":[],\"logo\":{\"@type\":\"ImageObject\",\"inLanguage\":\"en-US\",\"@id\":\"https:\/\/takbrzmimiasto.pl\/#\/schema\/logo\/image\/\",\"url\":\"https:\/\/takbrzmimiasto.pl\/wp-content\/uploads\/2021\/04\/www_miniatura_bezmenu.jpg\",\"contentUrl\":\"https:\/\/takbrzmimiasto.pl\/wp-content\/uploads\/2021\/04\/www_miniatura_bezmenu.jpg\",\"width\":1920,\"height\":1080,\"caption\":\"Tak Brzmi Miasto\"},\"image\":{\"@id\":\"https:\/\/takbrzmimiasto.pl\/#\/schema\/logo\/image\/\"}},{\"@type\":\"Person\",\"@id\":\"https:\/\/takbrzmimiasto.pl\/#\/schema\/person\/f747106ec46f0df9d9fc67aa249dae55\",\"name\":\"Pawe\u0142 Hordejuk\",\"image\":{\"@type\":\"ImageObject\",\"inLanguage\":\"en-US\",\"@id\":\"https:\/\/takbrzmimiasto.pl\/#\/schema\/person\/image\/\",\"url\":\"https:\/\/secure.gravatar.com\/avatar\/777def845b0d342712ab5fc6d86a18b7?s=96&d=mm&r=g\",\"contentUrl\":\"https:\/\/secure.gravatar.com\/avatar\/777def845b0d342712ab5fc6d86a18b7?s=96&d=mm&r=g\",\"caption\":\"Pawe\u0142 Hordejuk\"},\"description\":\"Wieloletni mened\u017cer zespo\u0142u Happysad, specjalista od logistyki i administracji z wykszta\u0142ceniem dziennikarskim, edukator z misj\u0105 wspieraj\u0105cy inicjatyw\u0119 Tak Brzmi Miasto od samych jej pocz\u0105tk\u00f3w.\",\"url\":\"https:\/\/takbrzmimiasto.pl\/en\/author\/pawel-hordejuk\/\"}]}<\/script>\n<!-- \/ Yoast SEO plugin. -->","yoast_head_json":{"title":"Pierwsza umowa w zespole - Tak Brzmi Miasto","robots":{"index":"index","follow":"follow","max-snippet":"max-snippet:-1","max-image-preview":"max-image-preview:large","max-video-preview":"max-video-preview:-1"},"canonical":"https:\/\/takbrzmimiasto.pl\/en\/pierwsza-umowa-w-zespole\/","og_locale":"en_US","og_type":"article","og_title":"Pierwsza umowa w zespole - Tak Brzmi Miasto","og_description":"Pierwsza umowa w zespole Wasze wsp\u00f3lne granie ma si\u0119 przerodzi\u0107 w co\u015b wi\u0119cej ni\u017c przyjemne sp\u0119dzanie czasu w mi\u0142ym towarzystwie i ma sta\u0107 si\u0119 celem, sposobem na \u017cycie albo wielk\u0105 przygod\u0105? Zanim zaczniecie my\u015ble\u0107 o umowach koncertowych, wydawniczych i wszelkich innych formach wsp\u00f3\u0142pracy, nim nagracie i opublikujecie pierwszy utw\u00f3r, czy zagracie koncert przed publiczno\u015bci\u0105, warto [&hellip;]","og_url":"https:\/\/takbrzmimiasto.pl\/en\/pierwsza-umowa-w-zespole\/","og_site_name":"Tak Brzmi Miasto","article_published_time":"2021-03-11T20:13:19+00:00","article_modified_time":"2022-04-15T09:19:49+00:00","og_image":[{"width":720,"height":405,"url":"https:\/\/takbrzmimiasto.pl\/wp-content\/uploads\/2021\/03\/Pawe\u0142-Hordejuk-Pierwsza-umwoa-w-zespole.jpg","type":"image\/jpeg"}],"author":"Pawe\u0142 Hordejuk","twitter_card":"summary_large_image","twitter_misc":{"Written by":"Pawe\u0142 Hordejuk","Est. reading time":"4 minutes"},"schema":{"@context":"https:\/\/schema.org","@graph":[{"@type":"Article","@id":"https:\/\/takbrzmimiasto.pl\/en\/pierwsza-umowa-w-zespole\/#article","isPartOf":{"@id":"https:\/\/takbrzmimiasto.pl\/en\/pierwsza-umowa-w-zespole\/"},"author":{"name":"Pawe\u0142 Hordejuk","@id":"https:\/\/takbrzmimiasto.pl\/#\/schema\/person\/f747106ec46f0df9d9fc67aa249dae55"},"headline":"Pierwsza umowa w zespole","datePublished":"2021-03-11T20:13:19+00:00","dateModified":"2022-04-15T09:19:49+00:00","mainEntityOfPage":{"@id":"https:\/\/takbrzmimiasto.pl\/en\/pierwsza-umowa-w-zespole\/"},"wordCount":902,"commentCount":0,"publisher":{"@id":"https:\/\/takbrzmimiasto.pl\/#organization"},"articleSection":["Poradnik"],"inLanguage":"en-US","potentialAction":[{"@type":"CommentAction","name":"Comment","target":["https:\/\/takbrzmimiasto.pl\/en\/pierwsza-umowa-w-zespole\/#respond"]}]},{"@type":"WebPage","@id":"https:\/\/takbrzmimiasto.pl\/en\/pierwsza-umowa-w-zespole\/","url":"https:\/\/takbrzmimiasto.pl\/en\/pierwsza-umowa-w-zespole\/","name":"Pierwsza umowa w zespole - Tak Brzmi Miasto","isPartOf":{"@id":"https:\/\/takbrzmimiasto.pl\/#website"},"datePublished":"2021-03-11T20:13:19+00:00","dateModified":"2022-04-15T09:19:49+00:00","breadcrumb":{"@id":"https:\/\/takbrzmimiasto.pl\/en\/pierwsza-umowa-w-zespole\/#breadcrumb"},"inLanguage":"en-US","potentialAction":[{"@type":"ReadAction","target":["https:\/\/takbrzmimiasto.pl\/en\/pierwsza-umowa-w-zespole\/"]}]},{"@type":"BreadcrumbList","@id":"https:\/\/takbrzmimiasto.pl\/en\/pierwsza-umowa-w-zespole\/#breadcrumb","itemListElement":[{"@type":"ListItem","position":1,"name":"Strona g\u0142\u00f3wna","item":"https:\/\/takbrzmimiasto.pl\/en\/"},{"@type":"ListItem","position":2,"name":"Pierwsza umowa w zespole"}]},{"@type":"WebSite","@id":"https:\/\/takbrzmimiasto.pl\/#website","url":"https:\/\/takbrzmimiasto.pl\/","name":"Tak Brzmi Miasto","description":"Tak Brzmi Miasto to konferencja, festiwal, inkubator dla mened\u017cer\u00f3w i akademia","publisher":{"@id":"https:\/\/takbrzmimiasto.pl\/#organization"},"potentialAction":[{"@type":"SearchAction","target":{"@type":"EntryPoint","urlTemplate":"https:\/\/takbrzmimiasto.pl\/?s={search_term_string}"},"query-input":"required name=search_term_string"}],"inLanguage":"en-US"},{"@type":"Organization","@id":"https:\/\/takbrzmimiasto.pl\/#organization","name":"Tak Brzmi Miasto","url":"https:\/\/takbrzmimiasto.pl\/","sameAs":[],"logo":{"@type":"ImageObject","inLanguage":"en-US","@id":"https:\/\/takbrzmimiasto.pl\/#\/schema\/logo\/image\/","url":"https:\/\/takbrzmimiasto.pl\/wp-content\/uploads\/2021\/04\/www_miniatura_bezmenu.jpg","contentUrl":"https:\/\/takbrzmimiasto.pl\/wp-content\/uploads\/2021\/04\/www_miniatura_bezmenu.jpg","width":1920,"height":1080,"caption":"Tak Brzmi Miasto"},"image":{"@id":"https:\/\/takbrzmimiasto.pl\/#\/schema\/logo\/image\/"}},{"@type":"Person","@id":"https:\/\/takbrzmimiasto.pl\/#\/schema\/person\/f747106ec46f0df9d9fc67aa249dae55","name":"Pawe\u0142 Hordejuk","image":{"@type":"ImageObject","inLanguage":"en-US","@id":"https:\/\/takbrzmimiasto.pl\/#\/schema\/person\/image\/","url":"https:\/\/secure.gravatar.com\/avatar\/777def845b0d342712ab5fc6d86a18b7?s=96&d=mm&r=g","contentUrl":"https:\/\/secure.gravatar.com\/avatar\/777def845b0d342712ab5fc6d86a18b7?s=96&d=mm&r=g","caption":"Pawe\u0142 Hordejuk"},"description":"Wieloletni mened\u017cer zespo\u0142u Happysad, specjalista od logistyki i administracji z wykszta\u0142ceniem dziennikarskim, edukator z misj\u0105 wspieraj\u0105cy inicjatyw\u0119 Tak Brzmi Miasto od samych jej pocz\u0105tk\u00f3w.","url":"https:\/\/takbrzmimiasto.pl\/en\/author\/pawel-hordejuk\/"}]}},"_links":{"self":[{"href":"https:\/\/takbrzmimiasto.pl\/en\/wp-json\/wp\/v2\/posts\/3326\/"}],"collection":[{"href":"https:\/\/takbrzmimiasto.pl\/en\/wp-json\/wp\/v2\/posts\/"}],"about":[{"href":"https:\/\/takbrzmimiasto.pl\/en\/wp-json\/wp\/v2\/types\/post\/"}],"author":[{"embeddable":true,"href":"https:\/\/takbrzmimiasto.pl\/en\/wp-json\/wp\/v2\/users\/63\/"}],"replies":[{"embeddable":true,"href":"https:\/\/takbrzmimiasto.pl\/en\/wp-json\/wp\/v2\/comments\/?post=3326"}],"version-history":[{"count":2,"href":"https:\/\/takbrzmimiasto.pl\/en\/wp-json\/wp\/v2\/posts\/3326\/revisions\/"}],"predecessor-version":[{"id":3517,"href":"https:\/\/takbrzmimiasto.pl\/en\/wp-json\/wp\/v2\/posts\/3326\/revisions\/3517\/"}],"wp:featuredmedia":[{"embeddable":true,"href":"https:\/\/takbrzmimiasto.pl\/en\/wp-json\/wp\/v2\/media\/3515\/"}],"wp:attachment":[{"href":"https:\/\/takbrzmimiasto.pl\/en\/wp-json\/wp\/v2\/media\/?parent=3326"}],"wp:term":[{"taxonomy":"category","embeddable":true,"href":"https:\/\/takbrzmimiasto.pl\/en\/wp-json\/wp\/v2\/categories\/?post=3326"},{"taxonomy":"post_tag","embeddable":true,"href":"https:\/\/takbrzmimiasto.pl\/en\/wp-json\/wp\/v2\/tags\/?post=3326"}],"curies":[{"name":"wp","href":"https:\/\/api.w.org\/{rel}","templated":true}]}}