{"id":3971,"date":"2021-04-27T12:22:19","date_gmt":"2021-04-27T10:22:19","guid":{"rendered":"https:\/\/takbrzmimiasto.pl\/?p=3971"},"modified":"2022-04-15T12:22:33","modified_gmt":"2022-04-15T10:22:33","slug":"konkurs-na-indywidualnosc-jazzowa","status":"publish","type":"post","link":"https:\/\/takbrzmimiasto.pl\/en\/konkurs-na-indywidualnosc-jazzowa\/","title":{"rendered":"Konkurs na Indywidualno\u015b\u0107 Jazzow\u0105"},"content":{"rendered":"<p><strong>Strefa Kultury Wroc\u0142aw oraz Mi\u0119dzynarodowa Fundacja \u201eJazz nad Odr\u0105\u201d ponownie zapraszaj\u0105 do udzia\u0142u w\u00a0jednym z najbardziej presti\u017cowych i najstarszych konkurs\u00f3w jazzowych w Polsce.<\/strong><\/p>\n<p><strong>Konkurs na Indywidualno\u015b\u0107 Jazzow\u0105 jest nieod\u0142\u0105czn\u0105 cz\u0119\u015bci\u0105 Jazzu nad Odr\u0105 i odbywa si\u0119 od 1964 roku, czyli pierwszej edycji festiwalu. W\u015br\u00f3d jego laureat\u00f3w znajdziemy takie nazwiska jak: <\/strong><strong>W\u0142odzimierz Nahorny, Zbigniew Seifert, Henryk Mi\u015bkiewicz, Jaros\u0142aw \u015amietana czy Krzysztof \u015aciera\u0144ski<\/strong><strong>. Obecnie z wygran\u0105 w konkursie \u0142\u0105czy si\u0119 nie tylko nobilitacja i zainteresowanie \u015brodowiska jazzowego, ale tak\u017ce spora nagroda finansowa \u2013 <\/strong><strong>25 tys. z\u0142otych ufundowane przez Prezydenta Wroc\u0142awia<\/strong><strong>. <\/strong>Poza tzw. nagrodami tytularnymi jury cz\u0119sto dysponuje tak\u017ce nagrodami specjalnymi \u2013 podczas 56. edycji festiwalu Jazz nad Odr\u0105 by\u0142o ich wyj\u0105tkowo du\u017co. Tadeusz Mieczkowski, wybitny re\u017cyser d\u017awi\u0119ku ufundowa\u0142 nagranie p\u0142yty, tak\u0105 sam\u0105 nagrod\u0119 przyzna\u0142 Leszek Mo\u017cd\u017cer, a Polskie Stowarzyszenie Jazzowe zaproponowa\u0142o koncert w klubie Akwarium w Warszawie.<\/p>\n<figure id=\"attachment_3975\" aria-describedby=\"caption-attachment-3975\" style=\"width: 800px\" class=\"wp-caption alignnone\"><img loading=\"lazy\" decoding=\"async\" class=\"wp-image-3975 size-large\" title=\"Konkurs na Indywidualno\u015b\u0107 Jazzow\u0105 2020 6 fot. Slawek Przerwa\" src=\"https:\/\/takbrzmimiasto.pl\/wp-content\/uploads\/2021\/04\/Konkurs-na-Indywidualnosc-Jazzowa-2020-fot.-Slawek-Przerwa-23-800x533.jpg\" alt=\"\" width=\"800\" height=\"533\" data-wp-pid=\"3975\" srcset=\"https:\/\/takbrzmimiasto.pl\/wp-content\/uploads\/2021\/04\/Konkurs-na-Indywidualnosc-Jazzowa-2020-fot.-Slawek-Przerwa-23-800x533.jpg 800w, https:\/\/takbrzmimiasto.pl\/wp-content\/uploads\/2021\/04\/Konkurs-na-Indywidualnosc-Jazzowa-2020-fot.-Slawek-Przerwa-23-1000x667.jpg 1000w, https:\/\/takbrzmimiasto.pl\/wp-content\/uploads\/2021\/04\/Konkurs-na-Indywidualnosc-Jazzowa-2020-fot.-Slawek-Przerwa-23-350x233.jpg 350w, https:\/\/takbrzmimiasto.pl\/wp-content\/uploads\/2021\/04\/Konkurs-na-Indywidualnosc-Jazzowa-2020-fot.-Slawek-Przerwa-23-768x512.jpg 768w, https:\/\/takbrzmimiasto.pl\/wp-content\/uploads\/2021\/04\/Konkurs-na-Indywidualnosc-Jazzowa-2020-fot.-Slawek-Przerwa-23-1536x1024.jpg 1536w, https:\/\/takbrzmimiasto.pl\/wp-content\/uploads\/2021\/04\/Konkurs-na-Indywidualnosc-Jazzowa-2020-fot.-Slawek-Przerwa-23.jpg 1830w\" sizes=\"(max-width: 800px) 100vw, 800px\" \/><figcaption id=\"caption-attachment-3975\" class=\"wp-caption-text\">Fot. S\u0142awek Przerwa<\/figcaption><\/figure>\n<p>Udzia\u0142 w konkursie jest mo\u017cliwy po spe\u0142nieniu kilku warunk\u00f3w \u2013 m.in. <strong>nie mo\u017cna mie\u0107 wi\u0119cej ni\u017c 35 lat ani by\u0107 laureatem Grand Prix w latach poprzednich<\/strong><strong>. Przede wszystkim jednak <\/strong><b>nale\u017cy przedstawi\u0107 maksymalnie 30-minutowy materia\u0142 muzyczny, w tym wybran\u0105 interpretacj\u0119 znanego standardu jazzowego<\/b>. Pierwszej oceny dokonuje komisja kwalifikacyjna, kt\u00f3ra wskazuje finalist\u00f3w. Nast\u0119pnie \u2013 ju\u017c w trakcie festiwalu \u2013 6 lub 8 najciekawszych zespo\u0142\u00f3w i solist\u00f3w prezentuje swoje mo\u017cliwo\u015bci przed jury z\u0142o\u017conym z cenionych muzyk\u00f3w, producent\u00f3w i dziennikarzy. W tym roku <strong>nab\u00f3r do pierwszego etapu konkursu ko\u0144czy si\u0119 15 czerwca<strong>, a fina\u0142owe wyst\u0119py zaplanowano w terminie 17-18 wrze\u015bnia. Szczeg\u00f3\u0142owe wytyczne dotycz\u0105ce udzia\u0142u oraz regulamin konkursu znajduj\u0105 si\u0119 na stronie: <\/strong><a href=\"http:\/\/www.jazznadodra.pl\/\">www.jazznadodra.pl<\/a>.<\/strong><\/p>\n<figure id=\"attachment_3977\" aria-describedby=\"caption-attachment-3977\" style=\"width: 800px\" class=\"wp-caption alignnone\"><img loading=\"lazy\" decoding=\"async\" class=\"wp-image-3977 size-large\" src=\"https:\/\/takbrzmimiasto.pl\/wp-content\/uploads\/2021\/04\/Konkurs-na-Indywidualnosc-Jazzowa-2020-5-fot.-Slawek-Przerwa-800x533.jpg\" alt=\"\" width=\"800\" height=\"533\" data-wp-pid=\"3977\" srcset=\"https:\/\/takbrzmimiasto.pl\/wp-content\/uploads\/2021\/04\/Konkurs-na-Indywidualnosc-Jazzowa-2020-5-fot.-Slawek-Przerwa-800x533.jpg 800w, https:\/\/takbrzmimiasto.pl\/wp-content\/uploads\/2021\/04\/Konkurs-na-Indywidualnosc-Jazzowa-2020-5-fot.-Slawek-Przerwa-1000x667.jpg 1000w, https:\/\/takbrzmimiasto.pl\/wp-content\/uploads\/2021\/04\/Konkurs-na-Indywidualnosc-Jazzowa-2020-5-fot.-Slawek-Przerwa-350x233.jpg 350w, https:\/\/takbrzmimiasto.pl\/wp-content\/uploads\/2021\/04\/Konkurs-na-Indywidualnosc-Jazzowa-2020-5-fot.-Slawek-Przerwa-768x512.jpg 768w, https:\/\/takbrzmimiasto.pl\/wp-content\/uploads\/2021\/04\/Konkurs-na-Indywidualnosc-Jazzowa-2020-5-fot.-Slawek-Przerwa-1536x1024.jpg 1536w, https:\/\/takbrzmimiasto.pl\/wp-content\/uploads\/2021\/04\/Konkurs-na-Indywidualnosc-Jazzowa-2020-5-fot.-Slawek-Przerwa.jpg 1830w\" sizes=\"(max-width: 800px) 100vw, 800px\" \/><figcaption id=\"caption-attachment-3977\" class=\"wp-caption-text\">Fot. S\u0142awek Przerwa<\/figcaption><\/figure>\n<p>Now\u0105 tradycj\u0105 konkursu na Indywidualno\u015b\u0107 Jazzow\u0105 jest\u00a0wsp\u00f3\u0142praca zdobywcy Grand Prix z dyrektorem artystycznym festiwalu\u00a0przy kolejnej edycji. W 2020 roku tytu\u0142 ten otrzyma\u0142 zesp\u00f3\u0142 <b>Marcin Pater Trio w sk\u0142adzie: Marcin Pater (wibrafon), Mateusz Szewczyk (kontrabas\/bas), Adam Wajdzik (perkusja)<\/b>. Ich tw\u00f3rczo\u015b\u0107 \u0142\u0105czy szeroko pojmowan\u0105 muzyk\u0119 jazzow\u0105 z elementami rocka. Wibrafon jako instrument przewodni nadaje oryginalno\u015bci i \u015bwie\u017co\u015bci w brzmieniu grupy, a ich muzyka to przede wszystkim autorskie utwory lidera zespo\u0142u, pe\u0142ne emocji i bezgranicznej energii. We wrze\u015bniu zobaczymy ich na scenie ponownie i to w towarzystwie Leszka Mo\u017cd\u017cera.<\/p>\n<p>57. edycja Jazzu nad Odr\u0105 odb\u0119dzie si\u0119 w dniach 15-19 wrze\u015bnia we Wroc\u0142awiu.<\/p>\n","protected":false},"excerpt":{"rendered":"<p>Strefa Kultury Wroc\u0142aw oraz Mi\u0119dzynarodowa Fundacja \u201eJazz nad Odr\u0105\u201d ponownie zapraszaj\u0105 do udzia\u0142u w\u00a0jednym z najbardziej presti\u017cowych i najstarszych konkurs\u00f3w jazzowych w Polsce. Konkurs na Indywidualno\u015b\u0107 Jazzow\u0105 jest nieod\u0142\u0105czn\u0105 cz\u0119\u015bci\u0105 Jazzu nad Odr\u0105 i odbywa si\u0119 od 1964 roku, czyli pierwszej edycji festiwalu. W\u015br\u00f3d jego laureat\u00f3w znajdziemy takie nazwiska jak: W\u0142odzimierz Nahorny, Zbigniew Seifert, Henryk [&hellip;]<\/p>\n","protected":false},"author":2,"featured_media":3987,"comment_status":"open","ping_status":"open","sticky":false,"template":"","format":"standard","meta":{"inline_featured_image":false,"footnotes":""},"categories":[308],"tags":[],"class_list":["post-3971","post","type-post","status-publish","format-standard","has-post-thumbnail","hentry","category-aktualnosci"],"acf":[],"yoast_head":"<!-- This site is optimized with the Yoast SEO plugin v19.7.1 - https:\/\/yoast.com\/wordpress\/plugins\/seo\/ -->\n<title>Konkurs na Indywidualno\u015b\u0107 Jazzow\u0105 - Tak Brzmi Miasto<\/title>\n<meta name=\"robots\" content=\"index, follow, max-snippet:-1, max-image-preview:large, max-video-preview:-1\" \/>\n<link rel=\"canonical\" href=\"https:\/\/takbrzmimiasto.pl\/en\/konkurs-na-indywidualnosc-jazzowa\/\" \/>\n<meta property=\"og:locale\" content=\"en_US\" \/>\n<meta property=\"og:type\" content=\"article\" \/>\n<meta property=\"og:title\" content=\"Konkurs na Indywidualno\u015b\u0107 Jazzow\u0105 - Tak Brzmi Miasto\" \/>\n<meta property=\"og:description\" content=\"Strefa Kultury Wroc\u0142aw oraz Mi\u0119dzynarodowa Fundacja \u201eJazz nad Odr\u0105\u201d ponownie zapraszaj\u0105 do udzia\u0142u w\u00a0jednym z najbardziej presti\u017cowych i najstarszych konkurs\u00f3w jazzowych w Polsce. Konkurs na Indywidualno\u015b\u0107 Jazzow\u0105 jest nieod\u0142\u0105czn\u0105 cz\u0119\u015bci\u0105 Jazzu nad Odr\u0105 i odbywa si\u0119 od 1964 roku, czyli pierwszej edycji festiwalu. W\u015br\u00f3d jego laureat\u00f3w znajdziemy takie nazwiska jak: W\u0142odzimierz Nahorny, Zbigniew Seifert, Henryk [&hellip;]\" \/>\n<meta property=\"og:url\" content=\"https:\/\/takbrzmimiasto.pl\/en\/konkurs-na-indywidualnosc-jazzowa\/\" \/>\n<meta property=\"og:site_name\" content=\"Tak Brzmi Miasto\" \/>\n<meta property=\"article:published_time\" content=\"2021-04-27T10:22:19+00:00\" \/>\n<meta property=\"article:modified_time\" content=\"2022-04-15T10:22:33+00:00\" \/>\n<meta property=\"og:image\" content=\"https:\/\/takbrzmimiasto.pl\/wp-content\/uploads\/2021\/04\/JnO-2021-konkurs-na-Indywidualnosc-grafika-pozioma-dla-mediow-ext3.jpg\" \/>\n\t<meta property=\"og:image:width\" content=\"1200\" \/>\n\t<meta property=\"og:image:height\" content=\"675\" \/>\n\t<meta property=\"og:image:type\" content=\"image\/jpeg\" \/>\n<meta name=\"author\" content=\"Micha\u0142 W\u00f3jcik\" \/>\n<meta name=\"twitter:card\" content=\"summary_large_image\" \/>\n<meta name=\"twitter:label1\" content=\"Written by\" \/>\n\t<meta name=\"twitter:data1\" content=\"Micha\u0142 W\u00f3jcik\" \/>\n\t<meta name=\"twitter:label2\" content=\"Est. reading time\" \/>\n\t<meta name=\"twitter:data2\" content=\"2 minutes\" \/>\n<script type=\"application\/ld+json\" class=\"yoast-schema-graph\">{\"@context\":\"https:\/\/schema.org\",\"@graph\":[{\"@type\":\"Article\",\"@id\":\"https:\/\/takbrzmimiasto.pl\/en\/konkurs-na-indywidualnosc-jazzowa\/#article\",\"isPartOf\":{\"@id\":\"https:\/\/takbrzmimiasto.pl\/en\/konkurs-na-indywidualnosc-jazzowa\/\"},\"author\":{\"name\":\"Micha\u0142 W\u00f3jcik\",\"@id\":\"https:\/\/takbrzmimiasto.pl\/#\/schema\/person\/28bf6fcd196654e192bb09fd20185f65\"},\"headline\":\"Konkurs na Indywidualno\u015b\u0107 Jazzow\u0105\",\"datePublished\":\"2021-04-27T10:22:19+00:00\",\"dateModified\":\"2022-04-15T10:22:33+00:00\",\"mainEntityOfPage\":{\"@id\":\"https:\/\/takbrzmimiasto.pl\/en\/konkurs-na-indywidualnosc-jazzowa\/\"},\"wordCount\":429,\"commentCount\":0,\"publisher\":{\"@id\":\"https:\/\/takbrzmimiasto.pl\/#organization\"},\"articleSection\":[\"Aktualno\u015bci\"],\"inLanguage\":\"en-US\",\"potentialAction\":[{\"@type\":\"CommentAction\",\"name\":\"Comment\",\"target\":[\"https:\/\/takbrzmimiasto.pl\/en\/konkurs-na-indywidualnosc-jazzowa\/#respond\"]}]},{\"@type\":\"WebPage\",\"@id\":\"https:\/\/takbrzmimiasto.pl\/en\/konkurs-na-indywidualnosc-jazzowa\/\",\"url\":\"https:\/\/takbrzmimiasto.pl\/en\/konkurs-na-indywidualnosc-jazzowa\/\",\"name\":\"Konkurs na Indywidualno\u015b\u0107 Jazzow\u0105 - Tak Brzmi Miasto\",\"isPartOf\":{\"@id\":\"https:\/\/takbrzmimiasto.pl\/#website\"},\"datePublished\":\"2021-04-27T10:22:19+00:00\",\"dateModified\":\"2022-04-15T10:22:33+00:00\",\"breadcrumb\":{\"@id\":\"https:\/\/takbrzmimiasto.pl\/en\/konkurs-na-indywidualnosc-jazzowa\/#breadcrumb\"},\"inLanguage\":\"en-US\",\"potentialAction\":[{\"@type\":\"ReadAction\",\"target\":[\"https:\/\/takbrzmimiasto.pl\/en\/konkurs-na-indywidualnosc-jazzowa\/\"]}]},{\"@type\":\"BreadcrumbList\",\"@id\":\"https:\/\/takbrzmimiasto.pl\/en\/konkurs-na-indywidualnosc-jazzowa\/#breadcrumb\",\"itemListElement\":[{\"@type\":\"ListItem\",\"position\":1,\"name\":\"Strona g\u0142\u00f3wna\",\"item\":\"https:\/\/takbrzmimiasto.pl\/en\/\"},{\"@type\":\"ListItem\",\"position\":2,\"name\":\"Konkurs na Indywidualno\u015b\u0107 Jazzow\u0105\"}]},{\"@type\":\"WebSite\",\"@id\":\"https:\/\/takbrzmimiasto.pl\/#website\",\"url\":\"https:\/\/takbrzmimiasto.pl\/\",\"name\":\"Tak Brzmi Miasto\",\"description\":\"Tak Brzmi Miasto to konferencja, festiwal, inkubator dla mened\u017cer\u00f3w i akademia\",\"publisher\":{\"@id\":\"https:\/\/takbrzmimiasto.pl\/#organization\"},\"potentialAction\":[{\"@type\":\"SearchAction\",\"target\":{\"@type\":\"EntryPoint\",\"urlTemplate\":\"https:\/\/takbrzmimiasto.pl\/?s={search_term_string}\"},\"query-input\":\"required name=search_term_string\"}],\"inLanguage\":\"en-US\"},{\"@type\":\"Organization\",\"@id\":\"https:\/\/takbrzmimiasto.pl\/#organization\",\"name\":\"Tak Brzmi Miasto\",\"url\":\"https:\/\/takbrzmimiasto.pl\/\",\"sameAs\":[],\"logo\":{\"@type\":\"ImageObject\",\"inLanguage\":\"en-US\",\"@id\":\"https:\/\/takbrzmimiasto.pl\/#\/schema\/logo\/image\/\",\"url\":\"https:\/\/takbrzmimiasto.pl\/wp-content\/uploads\/2021\/04\/www_miniatura_bezmenu.jpg\",\"contentUrl\":\"https:\/\/takbrzmimiasto.pl\/wp-content\/uploads\/2021\/04\/www_miniatura_bezmenu.jpg\",\"width\":1920,\"height\":1080,\"caption\":\"Tak Brzmi Miasto\"},\"image\":{\"@id\":\"https:\/\/takbrzmimiasto.pl\/#\/schema\/logo\/image\/\"}},{\"@type\":\"Person\",\"@id\":\"https:\/\/takbrzmimiasto.pl\/#\/schema\/person\/28bf6fcd196654e192bb09fd20185f65\",\"name\":\"Micha\u0142 W\u00f3jcik\",\"image\":{\"@type\":\"ImageObject\",\"inLanguage\":\"en-US\",\"@id\":\"https:\/\/takbrzmimiasto.pl\/#\/schema\/person\/image\/\",\"url\":\"https:\/\/secure.gravatar.com\/avatar\/bb264089759c5ef74568a4751d163d43?s=96&d=mm&r=g\",\"contentUrl\":\"https:\/\/secure.gravatar.com\/avatar\/bb264089759c5ef74568a4751d163d43?s=96&d=mm&r=g\",\"caption\":\"Micha\u0142 W\u00f3jcik\"},\"description\":\"Gitarzysta, wokalista, mened\u017cer, producent, realizator, techniczny i kierowca zespo\u0142u Cinemon. Za\u0142o\u017cyciel i CEO fundacji Krakowska Scena Muzyczna, koordynator i wsp\u00f3\u0142wymy\u015blacz inicjatyw Tak Brzmi Miasto. Uczestniczy\u0142 w dziesi\u0105tkach konferencji, paneli, warsztat\u00f3w i lubi si\u0119 dzieli\u0107 tym, co my\u015bli - co ma swoje jasne i ciemne strony!\",\"url\":\"https:\/\/takbrzmimiasto.pl\/en\/author\/ksm-michal-wojcik\/\"}]}<\/script>\n<!-- \/ Yoast SEO plugin. -->","yoast_head_json":{"title":"Konkurs na Indywidualno\u015b\u0107 Jazzow\u0105 - Tak Brzmi Miasto","robots":{"index":"index","follow":"follow","max-snippet":"max-snippet:-1","max-image-preview":"max-image-preview:large","max-video-preview":"max-video-preview:-1"},"canonical":"https:\/\/takbrzmimiasto.pl\/en\/konkurs-na-indywidualnosc-jazzowa\/","og_locale":"en_US","og_type":"article","og_title":"Konkurs na Indywidualno\u015b\u0107 Jazzow\u0105 - Tak Brzmi Miasto","og_description":"Strefa Kultury Wroc\u0142aw oraz Mi\u0119dzynarodowa Fundacja \u201eJazz nad Odr\u0105\u201d ponownie zapraszaj\u0105 do udzia\u0142u w\u00a0jednym z najbardziej presti\u017cowych i najstarszych konkurs\u00f3w jazzowych w Polsce. Konkurs na Indywidualno\u015b\u0107 Jazzow\u0105 jest nieod\u0142\u0105czn\u0105 cz\u0119\u015bci\u0105 Jazzu nad Odr\u0105 i odbywa si\u0119 od 1964 roku, czyli pierwszej edycji festiwalu. W\u015br\u00f3d jego laureat\u00f3w znajdziemy takie nazwiska jak: W\u0142odzimierz Nahorny, Zbigniew Seifert, Henryk [&hellip;]","og_url":"https:\/\/takbrzmimiasto.pl\/en\/konkurs-na-indywidualnosc-jazzowa\/","og_site_name":"Tak Brzmi Miasto","article_published_time":"2021-04-27T10:22:19+00:00","article_modified_time":"2022-04-15T10:22:33+00:00","og_image":[{"width":1200,"height":675,"url":"https:\/\/takbrzmimiasto.pl\/wp-content\/uploads\/2021\/04\/JnO-2021-konkurs-na-Indywidualnosc-grafika-pozioma-dla-mediow-ext3.jpg","type":"image\/jpeg"}],"author":"Micha\u0142 W\u00f3jcik","twitter_card":"summary_large_image","twitter_misc":{"Written by":"Micha\u0142 W\u00f3jcik","Est. reading time":"2 minutes"},"schema":{"@context":"https:\/\/schema.org","@graph":[{"@type":"Article","@id":"https:\/\/takbrzmimiasto.pl\/en\/konkurs-na-indywidualnosc-jazzowa\/#article","isPartOf":{"@id":"https:\/\/takbrzmimiasto.pl\/en\/konkurs-na-indywidualnosc-jazzowa\/"},"author":{"name":"Micha\u0142 W\u00f3jcik","@id":"https:\/\/takbrzmimiasto.pl\/#\/schema\/person\/28bf6fcd196654e192bb09fd20185f65"},"headline":"Konkurs na Indywidualno\u015b\u0107 Jazzow\u0105","datePublished":"2021-04-27T10:22:19+00:00","dateModified":"2022-04-15T10:22:33+00:00","mainEntityOfPage":{"@id":"https:\/\/takbrzmimiasto.pl\/en\/konkurs-na-indywidualnosc-jazzowa\/"},"wordCount":429,"commentCount":0,"publisher":{"@id":"https:\/\/takbrzmimiasto.pl\/#organization"},"articleSection":["Aktualno\u015bci"],"inLanguage":"en-US","potentialAction":[{"@type":"CommentAction","name":"Comment","target":["https:\/\/takbrzmimiasto.pl\/en\/konkurs-na-indywidualnosc-jazzowa\/#respond"]}]},{"@type":"WebPage","@id":"https:\/\/takbrzmimiasto.pl\/en\/konkurs-na-indywidualnosc-jazzowa\/","url":"https:\/\/takbrzmimiasto.pl\/en\/konkurs-na-indywidualnosc-jazzowa\/","name":"Konkurs na Indywidualno\u015b\u0107 Jazzow\u0105 - Tak Brzmi Miasto","isPartOf":{"@id":"https:\/\/takbrzmimiasto.pl\/#website"},"datePublished":"2021-04-27T10:22:19+00:00","dateModified":"2022-04-15T10:22:33+00:00","breadcrumb":{"@id":"https:\/\/takbrzmimiasto.pl\/en\/konkurs-na-indywidualnosc-jazzowa\/#breadcrumb"},"inLanguage":"en-US","potentialAction":[{"@type":"ReadAction","target":["https:\/\/takbrzmimiasto.pl\/en\/konkurs-na-indywidualnosc-jazzowa\/"]}]},{"@type":"BreadcrumbList","@id":"https:\/\/takbrzmimiasto.pl\/en\/konkurs-na-indywidualnosc-jazzowa\/#breadcrumb","itemListElement":[{"@type":"ListItem","position":1,"name":"Strona g\u0142\u00f3wna","item":"https:\/\/takbrzmimiasto.pl\/en\/"},{"@type":"ListItem","position":2,"name":"Konkurs na Indywidualno\u015b\u0107 Jazzow\u0105"}]},{"@type":"WebSite","@id":"https:\/\/takbrzmimiasto.pl\/#website","url":"https:\/\/takbrzmimiasto.pl\/","name":"Tak Brzmi Miasto","description":"Tak Brzmi Miasto to konferencja, festiwal, inkubator dla mened\u017cer\u00f3w i akademia","publisher":{"@id":"https:\/\/takbrzmimiasto.pl\/#organization"},"potentialAction":[{"@type":"SearchAction","target":{"@type":"EntryPoint","urlTemplate":"https:\/\/takbrzmimiasto.pl\/?s={search_term_string}"},"query-input":"required name=search_term_string"}],"inLanguage":"en-US"},{"@type":"Organization","@id":"https:\/\/takbrzmimiasto.pl\/#organization","name":"Tak Brzmi Miasto","url":"https:\/\/takbrzmimiasto.pl\/","sameAs":[],"logo":{"@type":"ImageObject","inLanguage":"en-US","@id":"https:\/\/takbrzmimiasto.pl\/#\/schema\/logo\/image\/","url":"https:\/\/takbrzmimiasto.pl\/wp-content\/uploads\/2021\/04\/www_miniatura_bezmenu.jpg","contentUrl":"https:\/\/takbrzmimiasto.pl\/wp-content\/uploads\/2021\/04\/www_miniatura_bezmenu.jpg","width":1920,"height":1080,"caption":"Tak Brzmi Miasto"},"image":{"@id":"https:\/\/takbrzmimiasto.pl\/#\/schema\/logo\/image\/"}},{"@type":"Person","@id":"https:\/\/takbrzmimiasto.pl\/#\/schema\/person\/28bf6fcd196654e192bb09fd20185f65","name":"Micha\u0142 W\u00f3jcik","image":{"@type":"ImageObject","inLanguage":"en-US","@id":"https:\/\/takbrzmimiasto.pl\/#\/schema\/person\/image\/","url":"https:\/\/secure.gravatar.com\/avatar\/bb264089759c5ef74568a4751d163d43?s=96&d=mm&r=g","contentUrl":"https:\/\/secure.gravatar.com\/avatar\/bb264089759c5ef74568a4751d163d43?s=96&d=mm&r=g","caption":"Micha\u0142 W\u00f3jcik"},"description":"Gitarzysta, wokalista, mened\u017cer, producent, realizator, techniczny i kierowca zespo\u0142u Cinemon. Za\u0142o\u017cyciel i CEO fundacji Krakowska Scena Muzyczna, koordynator i wsp\u00f3\u0142wymy\u015blacz inicjatyw Tak Brzmi Miasto. Uczestniczy\u0142 w dziesi\u0105tkach konferencji, paneli, warsztat\u00f3w i lubi si\u0119 dzieli\u0107 tym, co my\u015bli - co ma swoje jasne i ciemne strony!","url":"https:\/\/takbrzmimiasto.pl\/en\/author\/ksm-michal-wojcik\/"}]}},"_links":{"self":[{"href":"https:\/\/takbrzmimiasto.pl\/en\/wp-json\/wp\/v2\/posts\/3971\/"}],"collection":[{"href":"https:\/\/takbrzmimiasto.pl\/en\/wp-json\/wp\/v2\/posts\/"}],"about":[{"href":"https:\/\/takbrzmimiasto.pl\/en\/wp-json\/wp\/v2\/types\/post\/"}],"author":[{"embeddable":true,"href":"https:\/\/takbrzmimiasto.pl\/en\/wp-json\/wp\/v2\/users\/2\/"}],"replies":[{"embeddable":true,"href":"https:\/\/takbrzmimiasto.pl\/en\/wp-json\/wp\/v2\/comments\/?post=3971"}],"version-history":[{"count":5,"href":"https:\/\/takbrzmimiasto.pl\/en\/wp-json\/wp\/v2\/posts\/3971\/revisions\/"}],"predecessor-version":[{"id":3982,"href":"https:\/\/takbrzmimiasto.pl\/en\/wp-json\/wp\/v2\/posts\/3971\/revisions\/3982\/"}],"wp:featuredmedia":[{"embeddable":true,"href":"https:\/\/takbrzmimiasto.pl\/en\/wp-json\/wp\/v2\/media\/3987\/"}],"wp:attachment":[{"href":"https:\/\/takbrzmimiasto.pl\/en\/wp-json\/wp\/v2\/media\/?parent=3971"}],"wp:term":[{"taxonomy":"category","embeddable":true,"href":"https:\/\/takbrzmimiasto.pl\/en\/wp-json\/wp\/v2\/categories\/?post=3971"},{"taxonomy":"post_tag","embeddable":true,"href":"https:\/\/takbrzmimiasto.pl\/en\/wp-json\/wp\/v2\/tags\/?post=3971"}],"curies":[{"name":"wp","href":"https:\/\/api.w.org\/{rel}","templated":true}]}}