{"id":3989,"date":"2021-04-27T13:14:50","date_gmt":"2021-04-27T11:14:50","guid":{"rendered":"https:\/\/takbrzmimiasto.pl\/?p=3989"},"modified":"2022-04-15T12:22:15","modified_gmt":"2022-04-15T10:22:15","slug":"idziemy-na-solo","status":"publish","type":"post","link":"https:\/\/takbrzmimiasto.pl\/en\/idziemy-na-solo\/","title":{"rendered":"Idziemy na solo!"},"content":{"rendered":"<p><strong>Idziemy na solo!, to dziesi\u0119ciodniowe warsztaty muzyczne, kt\u00f3re odb\u0119d\u0105 si\u0119 w lipcu tego roku w Gda\u0144sku. Wydarzenie dedykowane jest wokalistom i instrumentalistom z ca\u0142ej Polski. Harmonogram obejmuje r\u00f3\u017cnorodne wyk\u0142ady, zaj\u0119cia grupowe i indywidualne, panele dyskusyjne, s\u0142uchowiska, jam session.<\/strong><\/p>\n<p>Celem projektu jest poszerzenie \u015bwiadomo\u015bci i umiej\u0119tno\u015bci muzyk\u00f3w na wielu p\u0142aszczyznach poprzez udzia\u0142 w szerokim wachlarzu zaj\u0119\u0107: pocz\u0105wszy od emisji g\u0142osu, poprzez \u015bwiadomo\u015b\u0107 cia\u0142a, pisanie tekst\u00f3w, kreowanie wizerunku, sko\u0144czywszy na zaj\u0119ciach fizjoterapeutycznych, aran\u017cacyjnych, improwizacyjnych. Elementem wie\u0144cz\u0105cym warsztaty jest koncert fina\u0142owy, na kt\u00f3rym ka\u017cdy z uczestnik\u00f3w prezentuje powsta\u0142y na pr\u00f3bach utw\u00f3r autorski, co jest swoist\u0105 pami\u0105tk\u0105, a czasami triggerem do powstania pi\u0119knych po\u0142\u0105cze\u0144 muzycznych.<\/p>\n<p>Po wi\u0119cej szczeg\u00f3\u0142\u00f3w zapraszamy na FP: <a href=\"https:\/\/www.facebook.com\/warsztatyidziemynasolo\">https:\/\/www.facebook.com\/warsztatyidziemynasolo<\/a><\/p>\n","protected":false},"excerpt":{"rendered":"<p>Idziemy na solo!, to dziesi\u0119ciodniowe warsztaty muzyczne, kt\u00f3re odb\u0119d\u0105 si\u0119 w lipcu tego roku w Gda\u0144sku. Wydarzenie dedykowane jest wokalistom i instrumentalistom z ca\u0142ej Polski. Harmonogram obejmuje r\u00f3\u017cnorodne wyk\u0142ady, zaj\u0119cia grupowe i indywidualne, panele dyskusyjne, s\u0142uchowiska, jam session. Celem projektu jest poszerzenie \u015bwiadomo\u015bci i umiej\u0119tno\u015bci muzyk\u00f3w na wielu p\u0142aszczyznach poprzez udzia\u0142 w szerokim wachlarzu zaj\u0119\u0107: [&hellip;]<\/p>\n","protected":false},"author":2,"featured_media":3990,"comment_status":"open","ping_status":"open","sticky":false,"template":"","format":"standard","meta":{"inline_featured_image":false,"footnotes":""},"categories":[308],"tags":[],"class_list":["post-3989","post","type-post","status-publish","format-standard","has-post-thumbnail","hentry","category-aktualnosci"],"acf":[],"yoast_head":"<!-- This site is optimized with the Yoast SEO plugin v19.7.1 - https:\/\/yoast.com\/wordpress\/plugins\/seo\/ -->\n<title>Idziemy na solo! - Tak Brzmi Miasto<\/title>\n<meta name=\"robots\" content=\"index, follow, max-snippet:-1, max-image-preview:large, max-video-preview:-1\" \/>\n<link rel=\"canonical\" href=\"https:\/\/takbrzmimiasto.pl\/en\/idziemy-na-solo\/\" \/>\n<meta property=\"og:locale\" content=\"en_US\" \/>\n<meta property=\"og:type\" content=\"article\" \/>\n<meta property=\"og:title\" content=\"Idziemy na solo! - Tak Brzmi Miasto\" \/>\n<meta property=\"og:description\" content=\"Idziemy na solo!, to dziesi\u0119ciodniowe warsztaty muzyczne, kt\u00f3re odb\u0119d\u0105 si\u0119 w lipcu tego roku w Gda\u0144sku. Wydarzenie dedykowane jest wokalistom i instrumentalistom z ca\u0142ej Polski. Harmonogram obejmuje r\u00f3\u017cnorodne wyk\u0142ady, zaj\u0119cia grupowe i indywidualne, panele dyskusyjne, s\u0142uchowiska, jam session. Celem projektu jest poszerzenie \u015bwiadomo\u015bci i umiej\u0119tno\u015bci muzyk\u00f3w na wielu p\u0142aszczyznach poprzez udzia\u0142 w szerokim wachlarzu zaj\u0119\u0107: [&hellip;]\" \/>\n<meta property=\"og:url\" content=\"https:\/\/takbrzmimiasto.pl\/en\/idziemy-na-solo\/\" \/>\n<meta property=\"og:site_name\" content=\"Tak Brzmi Miasto\" \/>\n<meta property=\"article:published_time\" content=\"2021-04-27T11:14:50+00:00\" \/>\n<meta property=\"article:modified_time\" content=\"2022-04-15T10:22:15+00:00\" \/>\n<meta property=\"og:image\" content=\"https:\/\/takbrzmimiasto.pl\/wp-content\/uploads\/2021\/04\/Grafika-w-poziomie.png\" \/>\n\t<meta property=\"og:image:width\" content=\"1640\" \/>\n\t<meta property=\"og:image:height\" content=\"924\" \/>\n\t<meta property=\"og:image:type\" content=\"image\/png\" \/>\n<meta name=\"author\" content=\"Micha\u0142 W\u00f3jcik\" \/>\n<meta name=\"twitter:card\" content=\"summary_large_image\" \/>\n<meta name=\"twitter:label1\" content=\"Written by\" \/>\n\t<meta name=\"twitter:data1\" content=\"Micha\u0142 W\u00f3jcik\" \/>\n\t<meta name=\"twitter:label2\" content=\"Est. reading time\" \/>\n\t<meta name=\"twitter:data2\" content=\"1 minute\" \/>\n<script type=\"application\/ld+json\" class=\"yoast-schema-graph\">{\"@context\":\"https:\/\/schema.org\",\"@graph\":[{\"@type\":\"Article\",\"@id\":\"https:\/\/takbrzmimiasto.pl\/en\/idziemy-na-solo\/#article\",\"isPartOf\":{\"@id\":\"https:\/\/takbrzmimiasto.pl\/en\/idziemy-na-solo\/\"},\"author\":{\"name\":\"Micha\u0142 W\u00f3jcik\",\"@id\":\"https:\/\/takbrzmimiasto.pl\/#\/schema\/person\/28bf6fcd196654e192bb09fd20185f65\"},\"headline\":\"Idziemy na solo!\",\"datePublished\":\"2021-04-27T11:14:50+00:00\",\"dateModified\":\"2022-04-15T10:22:15+00:00\",\"mainEntityOfPage\":{\"@id\":\"https:\/\/takbrzmimiasto.pl\/en\/idziemy-na-solo\/\"},\"wordCount\":150,\"commentCount\":0,\"publisher\":{\"@id\":\"https:\/\/takbrzmimiasto.pl\/#organization\"},\"articleSection\":[\"Aktualno\u015bci\"],\"inLanguage\":\"en-US\",\"potentialAction\":[{\"@type\":\"CommentAction\",\"name\":\"Comment\",\"target\":[\"https:\/\/takbrzmimiasto.pl\/en\/idziemy-na-solo\/#respond\"]}]},{\"@type\":\"WebPage\",\"@id\":\"https:\/\/takbrzmimiasto.pl\/en\/idziemy-na-solo\/\",\"url\":\"https:\/\/takbrzmimiasto.pl\/en\/idziemy-na-solo\/\",\"name\":\"Idziemy na solo! - Tak Brzmi Miasto\",\"isPartOf\":{\"@id\":\"https:\/\/takbrzmimiasto.pl\/#website\"},\"datePublished\":\"2021-04-27T11:14:50+00:00\",\"dateModified\":\"2022-04-15T10:22:15+00:00\",\"breadcrumb\":{\"@id\":\"https:\/\/takbrzmimiasto.pl\/en\/idziemy-na-solo\/#breadcrumb\"},\"inLanguage\":\"en-US\",\"potentialAction\":[{\"@type\":\"ReadAction\",\"target\":[\"https:\/\/takbrzmimiasto.pl\/en\/idziemy-na-solo\/\"]}]},{\"@type\":\"BreadcrumbList\",\"@id\":\"https:\/\/takbrzmimiasto.pl\/en\/idziemy-na-solo\/#breadcrumb\",\"itemListElement\":[{\"@type\":\"ListItem\",\"position\":1,\"name\":\"Strona g\u0142\u00f3wna\",\"item\":\"https:\/\/takbrzmimiasto.pl\/en\/\"},{\"@type\":\"ListItem\",\"position\":2,\"name\":\"Idziemy na solo!\"}]},{\"@type\":\"WebSite\",\"@id\":\"https:\/\/takbrzmimiasto.pl\/#website\",\"url\":\"https:\/\/takbrzmimiasto.pl\/\",\"name\":\"Tak Brzmi Miasto\",\"description\":\"Tak Brzmi Miasto to konferencja, festiwal, inkubator dla mened\u017cer\u00f3w i akademia\",\"publisher\":{\"@id\":\"https:\/\/takbrzmimiasto.pl\/#organization\"},\"potentialAction\":[{\"@type\":\"SearchAction\",\"target\":{\"@type\":\"EntryPoint\",\"urlTemplate\":\"https:\/\/takbrzmimiasto.pl\/?s={search_term_string}\"},\"query-input\":\"required name=search_term_string\"}],\"inLanguage\":\"en-US\"},{\"@type\":\"Organization\",\"@id\":\"https:\/\/takbrzmimiasto.pl\/#organization\",\"name\":\"Tak Brzmi Miasto\",\"url\":\"https:\/\/takbrzmimiasto.pl\/\",\"sameAs\":[],\"logo\":{\"@type\":\"ImageObject\",\"inLanguage\":\"en-US\",\"@id\":\"https:\/\/takbrzmimiasto.pl\/#\/schema\/logo\/image\/\",\"url\":\"https:\/\/takbrzmimiasto.pl\/wp-content\/uploads\/2021\/04\/www_miniatura_bezmenu.jpg\",\"contentUrl\":\"https:\/\/takbrzmimiasto.pl\/wp-content\/uploads\/2021\/04\/www_miniatura_bezmenu.jpg\",\"width\":1920,\"height\":1080,\"caption\":\"Tak Brzmi Miasto\"},\"image\":{\"@id\":\"https:\/\/takbrzmimiasto.pl\/#\/schema\/logo\/image\/\"}},{\"@type\":\"Person\",\"@id\":\"https:\/\/takbrzmimiasto.pl\/#\/schema\/person\/28bf6fcd196654e192bb09fd20185f65\",\"name\":\"Micha\u0142 W\u00f3jcik\",\"image\":{\"@type\":\"ImageObject\",\"inLanguage\":\"en-US\",\"@id\":\"https:\/\/takbrzmimiasto.pl\/#\/schema\/person\/image\/\",\"url\":\"https:\/\/secure.gravatar.com\/avatar\/bb264089759c5ef74568a4751d163d43?s=96&d=mm&r=g\",\"contentUrl\":\"https:\/\/secure.gravatar.com\/avatar\/bb264089759c5ef74568a4751d163d43?s=96&d=mm&r=g\",\"caption\":\"Micha\u0142 W\u00f3jcik\"},\"description\":\"Gitarzysta, wokalista, mened\u017cer, producent, realizator, techniczny i kierowca zespo\u0142u Cinemon. Za\u0142o\u017cyciel i CEO fundacji Krakowska Scena Muzyczna, koordynator i wsp\u00f3\u0142wymy\u015blacz inicjatyw Tak Brzmi Miasto. Uczestniczy\u0142 w dziesi\u0105tkach konferencji, paneli, warsztat\u00f3w i lubi si\u0119 dzieli\u0107 tym, co my\u015bli - co ma swoje jasne i ciemne strony!\",\"url\":\"https:\/\/takbrzmimiasto.pl\/en\/author\/ksm-michal-wojcik\/\"}]}<\/script>\n<!-- \/ Yoast SEO plugin. -->","yoast_head_json":{"title":"Idziemy na solo! - Tak Brzmi Miasto","robots":{"index":"index","follow":"follow","max-snippet":"max-snippet:-1","max-image-preview":"max-image-preview:large","max-video-preview":"max-video-preview:-1"},"canonical":"https:\/\/takbrzmimiasto.pl\/en\/idziemy-na-solo\/","og_locale":"en_US","og_type":"article","og_title":"Idziemy na solo! - Tak Brzmi Miasto","og_description":"Idziemy na solo!, to dziesi\u0119ciodniowe warsztaty muzyczne, kt\u00f3re odb\u0119d\u0105 si\u0119 w lipcu tego roku w Gda\u0144sku. Wydarzenie dedykowane jest wokalistom i instrumentalistom z ca\u0142ej Polski. Harmonogram obejmuje r\u00f3\u017cnorodne wyk\u0142ady, zaj\u0119cia grupowe i indywidualne, panele dyskusyjne, s\u0142uchowiska, jam session. Celem projektu jest poszerzenie \u015bwiadomo\u015bci i umiej\u0119tno\u015bci muzyk\u00f3w na wielu p\u0142aszczyznach poprzez udzia\u0142 w szerokim wachlarzu zaj\u0119\u0107: [&hellip;]","og_url":"https:\/\/takbrzmimiasto.pl\/en\/idziemy-na-solo\/","og_site_name":"Tak Brzmi Miasto","article_published_time":"2021-04-27T11:14:50+00:00","article_modified_time":"2022-04-15T10:22:15+00:00","og_image":[{"width":1640,"height":924,"url":"https:\/\/takbrzmimiasto.pl\/wp-content\/uploads\/2021\/04\/Grafika-w-poziomie.png","type":"image\/png"}],"author":"Micha\u0142 W\u00f3jcik","twitter_card":"summary_large_image","twitter_misc":{"Written by":"Micha\u0142 W\u00f3jcik","Est. reading time":"1 minute"},"schema":{"@context":"https:\/\/schema.org","@graph":[{"@type":"Article","@id":"https:\/\/takbrzmimiasto.pl\/en\/idziemy-na-solo\/#article","isPartOf":{"@id":"https:\/\/takbrzmimiasto.pl\/en\/idziemy-na-solo\/"},"author":{"name":"Micha\u0142 W\u00f3jcik","@id":"https:\/\/takbrzmimiasto.pl\/#\/schema\/person\/28bf6fcd196654e192bb09fd20185f65"},"headline":"Idziemy na solo!","datePublished":"2021-04-27T11:14:50+00:00","dateModified":"2022-04-15T10:22:15+00:00","mainEntityOfPage":{"@id":"https:\/\/takbrzmimiasto.pl\/en\/idziemy-na-solo\/"},"wordCount":150,"commentCount":0,"publisher":{"@id":"https:\/\/takbrzmimiasto.pl\/#organization"},"articleSection":["Aktualno\u015bci"],"inLanguage":"en-US","potentialAction":[{"@type":"CommentAction","name":"Comment","target":["https:\/\/takbrzmimiasto.pl\/en\/idziemy-na-solo\/#respond"]}]},{"@type":"WebPage","@id":"https:\/\/takbrzmimiasto.pl\/en\/idziemy-na-solo\/","url":"https:\/\/takbrzmimiasto.pl\/en\/idziemy-na-solo\/","name":"Idziemy na solo! - Tak Brzmi Miasto","isPartOf":{"@id":"https:\/\/takbrzmimiasto.pl\/#website"},"datePublished":"2021-04-27T11:14:50+00:00","dateModified":"2022-04-15T10:22:15+00:00","breadcrumb":{"@id":"https:\/\/takbrzmimiasto.pl\/en\/idziemy-na-solo\/#breadcrumb"},"inLanguage":"en-US","potentialAction":[{"@type":"ReadAction","target":["https:\/\/takbrzmimiasto.pl\/en\/idziemy-na-solo\/"]}]},{"@type":"BreadcrumbList","@id":"https:\/\/takbrzmimiasto.pl\/en\/idziemy-na-solo\/#breadcrumb","itemListElement":[{"@type":"ListItem","position":1,"name":"Strona g\u0142\u00f3wna","item":"https:\/\/takbrzmimiasto.pl\/en\/"},{"@type":"ListItem","position":2,"name":"Idziemy na solo!"}]},{"@type":"WebSite","@id":"https:\/\/takbrzmimiasto.pl\/#website","url":"https:\/\/takbrzmimiasto.pl\/","name":"Tak Brzmi Miasto","description":"Tak Brzmi Miasto to konferencja, festiwal, inkubator dla mened\u017cer\u00f3w i akademia","publisher":{"@id":"https:\/\/takbrzmimiasto.pl\/#organization"},"potentialAction":[{"@type":"SearchAction","target":{"@type":"EntryPoint","urlTemplate":"https:\/\/takbrzmimiasto.pl\/?s={search_term_string}"},"query-input":"required name=search_term_string"}],"inLanguage":"en-US"},{"@type":"Organization","@id":"https:\/\/takbrzmimiasto.pl\/#organization","name":"Tak Brzmi Miasto","url":"https:\/\/takbrzmimiasto.pl\/","sameAs":[],"logo":{"@type":"ImageObject","inLanguage":"en-US","@id":"https:\/\/takbrzmimiasto.pl\/#\/schema\/logo\/image\/","url":"https:\/\/takbrzmimiasto.pl\/wp-content\/uploads\/2021\/04\/www_miniatura_bezmenu.jpg","contentUrl":"https:\/\/takbrzmimiasto.pl\/wp-content\/uploads\/2021\/04\/www_miniatura_bezmenu.jpg","width":1920,"height":1080,"caption":"Tak Brzmi Miasto"},"image":{"@id":"https:\/\/takbrzmimiasto.pl\/#\/schema\/logo\/image\/"}},{"@type":"Person","@id":"https:\/\/takbrzmimiasto.pl\/#\/schema\/person\/28bf6fcd196654e192bb09fd20185f65","name":"Micha\u0142 W\u00f3jcik","image":{"@type":"ImageObject","inLanguage":"en-US","@id":"https:\/\/takbrzmimiasto.pl\/#\/schema\/person\/image\/","url":"https:\/\/secure.gravatar.com\/avatar\/bb264089759c5ef74568a4751d163d43?s=96&d=mm&r=g","contentUrl":"https:\/\/secure.gravatar.com\/avatar\/bb264089759c5ef74568a4751d163d43?s=96&d=mm&r=g","caption":"Micha\u0142 W\u00f3jcik"},"description":"Gitarzysta, wokalista, mened\u017cer, producent, realizator, techniczny i kierowca zespo\u0142u Cinemon. Za\u0142o\u017cyciel i CEO fundacji Krakowska Scena Muzyczna, koordynator i wsp\u00f3\u0142wymy\u015blacz inicjatyw Tak Brzmi Miasto. Uczestniczy\u0142 w dziesi\u0105tkach konferencji, paneli, warsztat\u00f3w i lubi si\u0119 dzieli\u0107 tym, co my\u015bli - co ma swoje jasne i ciemne strony!","url":"https:\/\/takbrzmimiasto.pl\/en\/author\/ksm-michal-wojcik\/"}]}},"_links":{"self":[{"href":"https:\/\/takbrzmimiasto.pl\/en\/wp-json\/wp\/v2\/posts\/3989\/"}],"collection":[{"href":"https:\/\/takbrzmimiasto.pl\/en\/wp-json\/wp\/v2\/posts\/"}],"about":[{"href":"https:\/\/takbrzmimiasto.pl\/en\/wp-json\/wp\/v2\/types\/post\/"}],"author":[{"embeddable":true,"href":"https:\/\/takbrzmimiasto.pl\/en\/wp-json\/wp\/v2\/users\/2\/"}],"replies":[{"embeddable":true,"href":"https:\/\/takbrzmimiasto.pl\/en\/wp-json\/wp\/v2\/comments\/?post=3989"}],"version-history":[{"count":3,"href":"https:\/\/takbrzmimiasto.pl\/en\/wp-json\/wp\/v2\/posts\/3989\/revisions\/"}],"predecessor-version":[{"id":3995,"href":"https:\/\/takbrzmimiasto.pl\/en\/wp-json\/wp\/v2\/posts\/3989\/revisions\/3995\/"}],"wp:featuredmedia":[{"embeddable":true,"href":"https:\/\/takbrzmimiasto.pl\/en\/wp-json\/wp\/v2\/media\/3990\/"}],"wp:attachment":[{"href":"https:\/\/takbrzmimiasto.pl\/en\/wp-json\/wp\/v2\/media\/?parent=3989"}],"wp:term":[{"taxonomy":"category","embeddable":true,"href":"https:\/\/takbrzmimiasto.pl\/en\/wp-json\/wp\/v2\/categories\/?post=3989"},{"taxonomy":"post_tag","embeddable":true,"href":"https:\/\/takbrzmimiasto.pl\/en\/wp-json\/wp\/v2\/tags\/?post=3989"}],"curies":[{"name":"wp","href":"https:\/\/api.w.org\/{rel}","templated":true}]}}