{"id":3996,"date":"2021-05-06T09:00:49","date_gmt":"2021-05-06T07:00:49","guid":{"rendered":"https:\/\/takbrzmimiasto.pl\/?p=3996"},"modified":"2022-04-15T11:54:19","modified_gmt":"2022-04-15T09:54:19","slug":"podejmowanie-decyzji-jest-wielka-umiejetnoscia-wywiad-z-natalia-grosiak-i-mackiem-polinskim","status":"publish","type":"post","link":"https:\/\/takbrzmimiasto.pl\/en\/podejmowanie-decyzji-jest-wielka-umiejetnoscia-wywiad-z-natalia-grosiak-i-mackiem-polinskim\/","title":{"rendered":"Podejmowanie decyzji jest wielk\u0105 umiej\u0119tno\u015bci\u0105 &#8211; wywiad z Natali\u0105 Grosiak i Ma\u0107kiem Poli\u0144skim"},"content":{"rendered":"<p><strong>O trudnych wyborach, r\u00f3wnowadze mi\u0119dzy prac\u0105 i rodzin\u0105, pandemii, intuicji i z\u0142otym \u015brodku z Natali\u0105 Grosiak &#8211; liderk\u0105 i wokalistk\u0105 &#8211; oraz Ma\u0107kiem Poli\u0144skim &#8211; mened\u017cerem Mikromusic rozmawia Ada Ku\u0107mierz.<\/strong><\/p>\n<p><strong>Ada Ku\u0107mierz:<\/strong> Jak dzisiaj oceniacie najwa\u017cniejsze decyzje podj\u0119te w minionym, pandemicznym roku?<\/p>\n<p><strong>Natalia:<\/strong> Maciek, mo\u017ce by\u015b prze\u0142o\u017cy\u0142 koncerty nie o p\u00f3\u0142 roku, tylko o rok?<\/p>\n<p><strong>Maciek:<\/strong> Tak, gdybym tylko wiedzia\u0142, jak d\u0142ugo b\u0119dzie trwa\u0142a pandemia, na pewno zmieni\u0142bym koncepcje. Ale nie czuj\u0119, \u017ceby\u015bmy pope\u0142nili jaki\u015b b\u0142\u0105d, kt\u00f3rego teraz \u017ca\u0142ujemy. Najwa\u017cniejsz\u0105 rzecz\u0105, jaka si\u0119 wydarzy\u0142a w 2020 roku, by\u0142o wydanie p\u0142yty \u201eKraksa\u201d. Podj\u0119li\u015bmy to ryzyko wsp\u00f3lnie i my\u015bl\u0119, \u017ce dobrze si\u0119 sta\u0142o, \u017ce to si\u0119 wydarzy\u0142o. Pandemia nadal trwa, wi\u0119c przesuwanie premiery nic by nie zmieni\u0142o.<\/p>\n<p><strong>AK: Czy zamierzacie promowa\u0107 nowy materia\u0142 z op\u00f3\u017anieniem, czy te\u017c ruszycie w tras\u0119 dopiero, jak wydacie co\u015b nowego?<\/strong><\/p>\n<p><strong>M:<\/strong> Tras\u0119 op\u00f3\u017anili\u015bmy i tak, zagrali\u015bmy w marcu 2021 jedynie dwa koncerty z planowanej trasy, w \u0141odzi i Wroc\u0142awiu. My\u015bl\u0119, \u017ce latem b\u0119dzie nowe otwarcie promocji tej p\u0142yty podczas plenerowych koncert\u00f3w, ale mam te\u017c nadziej\u0119, \u017ce jesieni\u0105 wr\u00f3cimy ju\u017c do klub\u00f3w.<\/p>\n<p><strong>N:<\/strong> Ustalili\u015bmy, \u017ce trzeba podejmowa\u0107 jakie\u015b decyzje &#8211; albo \u017ce nie planujemy koncert\u00f3w, albo je organizujemy, potem najwy\u017cej b\u0119dziemy je przek\u0142ada\u0107. Decyzyjno\u015b\u0107 jest tu kluczowa.<\/p>\n<div class=\"ratio ratio-16x9\"><iframe loading=\"lazy\" title=\"MIKROMUSIC  Kraksa  (Official Audio)\" width=\"640\" height=\"360\" src=\"https:\/\/www.youtube.com\/embed\/IM_X435g3YE?feature=oembed\" frameborder=\"0\" allow=\"accelerometer; autoplay; clipboard-write; encrypted-media; gyroscope; picture-in-picture; web-share\" referrerpolicy=\"strict-origin-when-cross-origin\" allowfullscreen><\/iframe><\/div>\n<p><strong>AK: Jak wygl\u0105da podejmowanie decyzji w kontek\u015bcie prowadzenia zespo\u0142u? Czy czujecie si\u0119 mistrzami kompromis\u00f3w?<\/strong><\/p>\n<p><strong>N:<\/strong> My\u015bl\u0119, \u017ce w tym zespole najszerszym polem kompromis\u00f3w jest pole muzyczne. Zachodz\u0105 one pomi\u0119dzy mn\u0105, Dawidem i Piotrkiem, czyli producentami muzycznymi, a je\u015bli chodzi o polityk\u0119 zespo\u0142u i jego dzia\u0142anie, decyzje podejmuj\u0119 wsp\u00f3lnie z Ma\u0107kiem, kt\u00f3ry ma coraz wi\u0119cej obowi\u0105zk\u00f3w i jest coraz bardziej samodzielny w podejmowaniu wszelkich decyzji. Ma moje pe\u0142ne zaufanie.<\/p>\n<p><strong>AK: Czy od pocz\u0105tku mieli\u015bcie \u201ewsp\u00f3ln\u0105 my\u015bl zespo\u0142u\u201d czy trzeba by\u0142o dociera\u0107 si\u0119 latami?<\/strong><\/p>\n<p><strong>N:<\/strong> Nasz zesp\u00f3\u0142 sk\u0142ada si\u0119 z dw\u00f3ch \u201epodzespo\u0142\u00f3w\u201d: zesp\u00f3\u0142 \u201eartystyczno-wykonawczy\u201d i \u201eadministracyjno-wydawniczy\u201d. Mianownikiem jest moja osoba, bo zasiadam w \u201ezarz\u0105dzie\u201d jednym i drugim &lt;\u015bmiech&gt;. Mamy wi\u0119c dwa zbiory, kt\u00f3re rzadko ze sob\u0105 musz\u0105 dyskutowa\u0107, wi\u0119c \u017ce nie ma mi\u0119dzy nami \u017cadnych tar\u0107. Od kiedy Maciek jest w naszym zespole wszystko pi\u0119knie si\u0119 uk\u0142ada. Ale to te\u017c jest kwestia wcze\u015bniejszych wybor\u00f3w, kt\u00f3rych musia\u0142am dokona\u0107, kt\u00f3rych nie \u017ca\u0142uj\u0119, i z kt\u00f3rych jestem bardzo zadowolona.<\/p>\n<p><strong>AK: No tak, te decyzje, to pewnie te\u017c wiele trudnych moment\u00f3w, po\u017cegnania\u2026 Sk\u0142ad zespo\u0142u od pierwszej p\u0142yty dosy\u0107 mocno si\u0119 zmieni\u0142?<\/strong><\/p>\n<p><strong>N:<\/strong> W zespole \u201eMikromusic\u201d ludzie si\u0119 zmieniali a\u017c do p\u0142yty \u201eSennik\u201d, a przy p\u0142ycie \u201eSova\u201d mieli\u015bmy ju\u017c aktualny sk\u0142ad. To by\u0142 2010 rok, wi\u0119c jeste\u015bmy ju\u017c razem 11 lat w sta\u0142ym sk\u0142adzie. W kwestiach managementowych te\u017c si\u0119 wiele zmienia\u0142o, a\u017c do momentu, kiedy sama si\u0119 tym zaj\u0119\u0142am na pewien czas. P\u00f3\u017aniej, w yMusic, pozna\u0142am Ma\u0107ka i tak ju\u017c od trzech lat tworzymy zgrany zesp\u00f3\u0142 Mikro Management. Zbudowali\u015bmy \u015bwietn\u0105 struktur\u0119, kt\u00f3ra dobrze dzia\u0142a &#8211; Maciek wykona\u0142 ogromn\u0105 prac\u0119, zdj\u0105\u0142 z moich bark\u00f3w ci\u0119\u017car i w\u0142a\u015bciwie samodzielnie wyda\u0142 ostatnia p\u0142yt\u0119.<\/p>\n<p><strong>M:<\/strong> A Ty by\u0142a\u015b dla mnie wsparciem psychologicznym!<\/p>\n<p><strong>N:<\/strong> Tak, wsparcie psychologiczne ka\u017cdemu si\u0119 przydaje! A ja potrzebowa\u0142am fizycznego odci\u0105\u017cenia w obowi\u0105zkach, bo jestem teraz mam\u0105 na pe\u0142en etat, gospodyni\u0105 domow\u0105 z mn\u00f3stwem obowi\u0105zk\u00f3w na g\u0142owie.<\/p>\n<div class=\"ratio ratio-16x9\"><iframe loading=\"lazy\" title=\"MIKROMUSIC Niemi\u0142o\u015b\u0107 (Official Video)\" width=\"640\" height=\"360\" src=\"https:\/\/www.youtube.com\/embed\/gjNxIQInYkg?feature=oembed\" frameborder=\"0\" allow=\"accelerometer; autoplay; clipboard-write; encrypted-media; gyroscope; picture-in-picture; web-share\" referrerpolicy=\"strict-origin-when-cross-origin\" allowfullscreen><\/iframe><\/div>\n<p><strong>AK: Ma\u0107ku, a jak to by\u0142o u Ciebie z decyzj\u0105 o wzi\u0119ciu pod opiek\u0119 du\u017cego, sprawnie dzia\u0142aj\u0105cego zespo\u0142u? Ba\u0142e\u015b si\u0119? Czy czujesz teraz, \u017ce by\u0142a to dobra decyzja?<\/strong><\/p>\n<p><strong>M:<\/strong> Oczywi\u015bcie, \u017ce si\u0119 ba\u0142em! W poprzedniej firmie nie zajmowa\u0142em si\u0119 managementem, tylko produkcj\u0105 koncert\u00f3w. Pracowa\u0142em m.in. z Natali\u0105 Przybysz, Tymonem Tyma\u0144skim, Kasi\u0105 Lins. Du\u017co si\u0119 nauczy\u0142em, ale podj\u0105\u0142em decyzj\u0119, \u017ce musz\u0119 co\u015b zmieni\u0107 i odej\u015b\u0107. Przez pewien moment by\u0142em w zawieszeniu, szuka\u0142em nowej drogi. Wtedy te\u017c odezwa\u0142a si\u0119 Natalia.<\/p>\n<p><strong>N:<\/strong> Ja widzia\u0142am ju\u017c wcze\u015bniej jak Maciek pracuje. Wiedzia\u0142am, \u017ce da sobie rad\u0119 doskonale, jest solidny i mo\u017cna na nim polega\u0107.<\/p>\n<p><strong>M:<\/strong> To te\u017c by\u0142o ryzykowne z twojej strony!<\/p>\n<p><strong>N:<\/strong> No tak, ale tutaj rol\u0119 gra intuicja. S\u0142ucha\u0142am siebie, wiedzia\u0142am, \u017ce b\u0119dzie dobrze.<\/p>\n<p><strong>M:<\/strong> W yMusic si\u0119 dotarli\u015bmy i wiedzieli\u015bmy, czego od siebie oczekujemy, a czas pokaza\u0142, \u017ce idzie to w coraz lepsz\u0105 stron\u0119 i dobrze sobie radzimy mimo pandemii i r\u00f3\u017cnych niespodzianek losu, wi\u0119c by\u0142a to dobra decyzja.<\/p>\n<p><strong>AK: Czy by\u0142 taki moment kiedy zacz\u0119\u0142o si\u0119 wszystko szybciej kr\u0119ci\u0107 i bali\u015bcie si\u0119, \u017ce trzeba b\u0119dzie wybiera\u0107 pomi\u0119dzy dalszym rozwojem kariery a rodzinami?<\/strong><\/p>\n<p><strong>N:<\/strong> 2019 rok by\u0142 rokiem bardzo pracowitym, zacz\u0119li\u015bmy te\u017c du\u017co je\u017adzi\u0107 za granic\u0119. W pi\u0119\u0107 dni w grudniu odwiedzi\u0142am Chiny, wr\u00f3ci\u0142am i zagra\u0142am kilka koncert\u00f3w z Mikromusic, p\u00f3\u017aniej by\u0142y W\u0142ochy, a jeszcze gdzie\u015b pomi\u0119dzy Irlandia i Wilno.<\/p>\n<p><strong>M:<\/strong> Tak! W listopadzie w pewnym momencie zagrali\u015bcie 10 koncert\u00f3w dzie\u0144 po dniu.<\/p>\n<p><strong>N:<\/strong> To by\u0142a sytuacja wyj\u0105tkowa, ale ustalili\u015bmy z Ma\u0107kiem, \u017ceby nie by\u0142o wi\u0119cej koncert\u00f3w ni\u017c dana liczba, i \u017ceby by\u0142 zawsze jeden weekend wolny. Maciek musia\u0142 to wszystko pogodzi\u0107, kiedy dawa\u0142am sygna\u0142y, \u017ceby nie przesadza\u0107. Na szcz\u0119\u015bcie bra\u0142 to pod uwag\u0119.<\/p>\n<p><strong>AK: Uk\u0142ada mi si\u0119 z tego taki obraz, \u017ce wasze wszystkie decyzje s\u0105 zakorzenione we wcze\u015bniejszych ustaleniach i macie sta\u0142y system warto\u015bci?<\/strong><\/p>\n<p><strong>N:<\/strong> Oczywi\u015bcie. Poza tym s\u0105 r\u00f3\u017cne propozycje i r\u00f3\u017cne decyzje. Wszystko omawiamy. Niekt\u00f3rym propozycjom trzeba powiedzie\u0107 nie. Ja jestem w gor\u0105cej wodzie k\u0105pana, ale na szcz\u0119\u015bcia mam partnera, kt\u00f3ry mnie sprowadza na ziemi\u0119 i t\u0142umaczy, \u017ce pewne rzeczy mog\u0105 poczeka\u0107.<\/p>\n<p><strong>M:<\/strong> Tak jak na przyk\u0142ad kupno busa zespo\u0142owego! &lt;\u015bmiech&gt;<\/p>\n<p><strong>N:<\/strong> &lt;\u015bmiech&gt; O, w\u0142a\u015bnie! By\u0142a taka sytuacja w 2019 roku, \u017ce ju\u017c chcia\u0142am kupowa\u0107 busa i bra\u0107 go w leasing, a Maciek jak zwykle spokojnie powiedzia\u0142: \u201etak, oczywi\u015bcie, ale spokojnie, poczekajmy jeszcze i to przemy\u015blmy\u201d. Ca\u0142e szcz\u0119\u015bcie, \u017ce nie kupili\u015bmy tego busa, bo nie mam poj\u0119cia, co bym z nim zrobi\u0142a!\u2026A leasing trzeba p\u0142aci\u0107.<\/p>\n<p><strong>AK: A propos finans\u00f3w &#8211; zdecydowali\u015bcie si\u0119 na crowdfunding podczas wydawania p\u0142yty \u201eTak mi si\u0119 nie chce\u201d. Wtedy nie by\u0142o to tak popularne i by\u0142 to bardzo odwa\u017cny krok. Czy podj\u0119liby\u015bcie tak\u0105 decyzj\u0119 dzi\u015b?<\/strong><\/p>\n<p><strong>N:<\/strong> Oczywi\u015bcie! To by\u0142o jedyne rozwi\u0105zanie na tamten czas. Sko\u0144czy\u0142a mi si\u0119 umowa z wytw\u00f3rni\u0105, postanowi\u0142am wi\u0119c wyda\u0107 p\u0142yt\u0119 samodzielnie, ale nie mia\u0142am wtedy pieni\u0119dzy\u2026 To jest w\u0142a\u015bnie kuriozum, \u017ce po kilku latach w wytw\u00f3rni nie ma si\u0119 pieni\u0119dzy na wydanie p\u0142yty! Stwierdzi\u0142am zatem, \u017ce crowdfunding jest najlepszym wyj\u015bciem. Uda\u0142o si\u0119, zebrali\u015bmy nawet wi\u0119cej ni\u017c planowali\u015bmy, p\u0142yta zosta\u0142a wydana, ka\u017cdy darczy\u0144ca dosta\u0142 jaki\u015b prezent &#8211; czy to kaw\u0119 czy p\u0142yt\u0119 lub winyla czy nawet kolacj\u0119 z nami &#8211; i wszystko si\u0119 uda\u0142o. Podj\u0119\u0142abym t\u0119 decyzj\u0119 jeszcze raz, poniewa\u017c da\u0142a nam kompletn\u0105 niezale\u017cno\u015b\u0107.<\/p>\n<div class=\"ratio ratio-16x9\"><iframe loading=\"lazy\" title=\"Zbieramy fundusze na now\u0105 p\u0142yte na Wspieram.to\/mikromusic\" width=\"640\" height=\"360\" src=\"https:\/\/www.youtube.com\/embed\/dj69VpabhZM?feature=oembed\" frameborder=\"0\" allow=\"accelerometer; autoplay; clipboard-write; encrypted-media; gyroscope; picture-in-picture; web-share\" referrerpolicy=\"strict-origin-when-cross-origin\" allowfullscreen><\/iframe><\/div>\n<p><strong>AK: Czy gdyby\u015bcie dzi\u015b byli m\u0142odym, pocz\u0105tkuj\u0105cym zespo\u0142em, w tym dziwnym czasie, bez wiedzy jak \u017cycie i rynek muzyczny potocz\u0105 si\u0119 dalej, to czy podj\u0119liby\u015bcie t\u0119 decyzj\u0119, aby sta\u0107 si\u0119 zespo\u0142em na ca\u0142y etat i po\u015bwi\u0119ci\u0107 \u017cycie muzyce?<\/strong><\/p>\n<p><strong>N:<\/strong> My\u015bl\u0119, \u017ce trzeba po prostu \u017cy\u0107 pasj\u0105. Kiedy si\u0119 j\u0105 ma, to ju\u017c jest szansa na sukces, chocia\u017c zawsze mo\u017ce si\u0119 nie uda\u0107. Ale nie dowiemy si\u0119, dop\u00f3ki nie spr\u00f3bujemy.<\/p>\n<p><strong>M:<\/strong> Gdybym mia\u0142 jeszcze raz podj\u0105\u0107 decyzj\u0119 dt. pracy w bran\u017cy muzycznej to, pomimo obecnej sytuacji, nadal chcia\u0142bym to robi\u0107. Wierz\u0119 w to, \u017ce je\u017celi co\u015b si\u0119 kocha i chce si\u0119 to robi\u0107, to jest spora szansa na to, \u017ce co\u015b z tego wyjdzie!<\/p>\n<p><strong>N:<\/strong> Chyba, \u017ce\u2026nie wyjdzie.<\/p>\n<p><strong>M:<\/strong> Oczywi\u015bcie, ale jak naprawd\u0119 rozwija si\u0119 swoj\u0105 pasj\u0119, to zawsze si\u0119 na tym korzysta i kiedy jest si\u0119 wytrwa\u0142ym, to zwi\u0119ksza si\u0119 szans\u0119 na to, \u017ce co\u015b z tego wyjdzie.<\/p>\n<p><strong>N:<\/strong> Nagrywa\u0142am ostatnio wokal dla producenta, kt\u00f3ry na co dzie\u0144 jest weterynarzem, ale rozwija swoj\u0105 muzyczn\u0105 pasj\u0119. Spe\u0142nia si\u0119 w obydwu zawodach, ale to, co najwa\u017cniejsze to fakt, \u017ce robi swoje. Tak jak \u015bpiewa\u0142 Wojciech M\u0142ynarski: R\u00d3BMY SWOJE!<\/p>\n<p><strong>AK: Pi\u0119kna puenta. Czy mo\u017cemy j\u0105 potraktowa\u0107 jako klucz do nie\u017ca\u0142owania decyzji?<\/strong><\/p>\n<p><strong>N:<\/strong> Tak. Nie ma nic gorszego ni\u017c niepodejmowanie decyzji. Nawet z\u0142a decyzja jest dobra, poniewa\u017c j\u0105 podj\u0119li\u015bmy. Podejmowanie decyzji jest wielk\u0105 umiej\u0119tno\u015bci\u0105.<\/p>\n","protected":false},"excerpt":{"rendered":"<p>O trudnych wyborach, r\u00f3wnowadze mi\u0119dzy prac\u0105 i rodzin\u0105, pandemii, intuicji i z\u0142otym \u015brodku z Natali\u0105 Grosiak &#8211; liderk\u0105 i wokalistk\u0105 &#8211; oraz Ma\u0107kiem Poli\u0144skim &#8211; mened\u017cerem Mikromusic rozmawia Ada Ku\u0107mierz. Ada Ku\u0107mierz: Jak dzisiaj oceniacie najwa\u017cniejsze decyzje podj\u0119te w minionym, pandemicznym roku? Natalia: Maciek, mo\u017ce by\u015b prze\u0142o\u017cy\u0142 koncerty nie o p\u00f3\u0142 roku, tylko o rok? [&hellip;]<\/p>\n","protected":false},"author":39,"featured_media":3998,"comment_status":"open","ping_status":"open","sticky":false,"template":"","format":"standard","meta":{"inline_featured_image":false,"footnotes":""},"categories":[306],"tags":[],"class_list":["post-3996","post","type-post","status-publish","format-standard","has-post-thumbnail","hentry","category-wywiad"],"acf":[],"yoast_head":"<!-- This site is optimized with the Yoast SEO plugin v19.7.1 - https:\/\/yoast.com\/wordpress\/plugins\/seo\/ -->\n<title>Podejmowanie decyzji jest wielk\u0105 umiej\u0119tno\u015bci\u0105 - wywiad z Natali\u0105 Grosiak i Ma\u0107kiem Poli\u0144skim - Tak Brzmi Miasto<\/title>\n<meta name=\"robots\" content=\"index, follow, max-snippet:-1, max-image-preview:large, max-video-preview:-1\" \/>\n<link rel=\"canonical\" href=\"https:\/\/takbrzmimiasto.pl\/en\/podejmowanie-decyzji-jest-wielka-umiejetnoscia-wywiad-z-natalia-grosiak-i-mackiem-polinskim\/\" \/>\n<meta property=\"og:locale\" content=\"en_US\" \/>\n<meta property=\"og:type\" content=\"article\" \/>\n<meta property=\"og:title\" content=\"Podejmowanie decyzji jest wielk\u0105 umiej\u0119tno\u015bci\u0105 - wywiad z Natali\u0105 Grosiak i Ma\u0107kiem Poli\u0144skim - Tak Brzmi Miasto\" \/>\n<meta property=\"og:description\" content=\"O trudnych wyborach, r\u00f3wnowadze mi\u0119dzy prac\u0105 i rodzin\u0105, pandemii, intuicji i z\u0142otym \u015brodku z Natali\u0105 Grosiak &#8211; liderk\u0105 i wokalistk\u0105 &#8211; oraz Ma\u0107kiem Poli\u0144skim &#8211; mened\u017cerem Mikromusic rozmawia Ada Ku\u0107mierz. Ada Ku\u0107mierz: Jak dzisiaj oceniacie najwa\u017cniejsze decyzje podj\u0119te w minionym, pandemicznym roku? Natalia: Maciek, mo\u017ce by\u015b prze\u0142o\u017cy\u0142 koncerty nie o p\u00f3\u0142 roku, tylko o rok? [&hellip;]\" \/>\n<meta property=\"og:url\" content=\"https:\/\/takbrzmimiasto.pl\/en\/podejmowanie-decyzji-jest-wielka-umiejetnoscia-wywiad-z-natalia-grosiak-i-mackiem-polinskim\/\" \/>\n<meta property=\"og:site_name\" content=\"Tak Brzmi Miasto\" \/>\n<meta property=\"article:published_time\" content=\"2021-05-06T07:00:49+00:00\" \/>\n<meta property=\"article:modified_time\" content=\"2022-04-15T09:54:19+00:00\" \/>\n<meta property=\"og:image\" content=\"https:\/\/takbrzmimiasto.pl\/wp-content\/uploads\/2021\/04\/mikromusic.jpg\" \/>\n\t<meta property=\"og:image:width\" content=\"1920\" \/>\n\t<meta property=\"og:image:height\" content=\"1080\" \/>\n\t<meta property=\"og:image:type\" content=\"image\/jpeg\" \/>\n<meta name=\"author\" content=\"Adrianna Ku\u0107mierz\" \/>\n<meta name=\"twitter:card\" content=\"summary_large_image\" \/>\n<meta name=\"twitter:label1\" content=\"Written by\" \/>\n\t<meta name=\"twitter:data1\" content=\"Adrianna Ku\u0107mierz\" \/>\n\t<meta name=\"twitter:label2\" content=\"Est. reading time\" \/>\n\t<meta name=\"twitter:data2\" content=\"8 minutes\" \/>\n<script type=\"application\/ld+json\" class=\"yoast-schema-graph\">{\"@context\":\"https:\/\/schema.org\",\"@graph\":[{\"@type\":\"Article\",\"@id\":\"https:\/\/takbrzmimiasto.pl\/en\/podejmowanie-decyzji-jest-wielka-umiejetnoscia-wywiad-z-natalia-grosiak-i-mackiem-polinskim\/#article\",\"isPartOf\":{\"@id\":\"https:\/\/takbrzmimiasto.pl\/en\/podejmowanie-decyzji-jest-wielka-umiejetnoscia-wywiad-z-natalia-grosiak-i-mackiem-polinskim\/\"},\"author\":{\"name\":\"Adrianna Ku\u0107mierz\",\"@id\":\"https:\/\/takbrzmimiasto.pl\/#\/schema\/person\/2dc972a63547f0129144c9bb4aa44d4b\"},\"headline\":\"Podejmowanie decyzji jest wielk\u0105 umiej\u0119tno\u015bci\u0105 &#8211; wywiad z Natali\u0105 Grosiak i Ma\u0107kiem Poli\u0144skim\",\"datePublished\":\"2021-05-06T07:00:49+00:00\",\"dateModified\":\"2022-04-15T09:54:19+00:00\",\"mainEntityOfPage\":{\"@id\":\"https:\/\/takbrzmimiasto.pl\/en\/podejmowanie-decyzji-jest-wielka-umiejetnoscia-wywiad-z-natalia-grosiak-i-mackiem-polinskim\/\"},\"wordCount\":1577,\"commentCount\":0,\"publisher\":{\"@id\":\"https:\/\/takbrzmimiasto.pl\/#organization\"},\"articleSection\":[\"Wywiad\"],\"inLanguage\":\"en-US\",\"potentialAction\":[{\"@type\":\"CommentAction\",\"name\":\"Comment\",\"target\":[\"https:\/\/takbrzmimiasto.pl\/en\/podejmowanie-decyzji-jest-wielka-umiejetnoscia-wywiad-z-natalia-grosiak-i-mackiem-polinskim\/#respond\"]}]},{\"@type\":\"WebPage\",\"@id\":\"https:\/\/takbrzmimiasto.pl\/en\/podejmowanie-decyzji-jest-wielka-umiejetnoscia-wywiad-z-natalia-grosiak-i-mackiem-polinskim\/\",\"url\":\"https:\/\/takbrzmimiasto.pl\/en\/podejmowanie-decyzji-jest-wielka-umiejetnoscia-wywiad-z-natalia-grosiak-i-mackiem-polinskim\/\",\"name\":\"Podejmowanie decyzji jest wielk\u0105 umiej\u0119tno\u015bci\u0105 - wywiad z Natali\u0105 Grosiak i Ma\u0107kiem Poli\u0144skim - Tak Brzmi Miasto\",\"isPartOf\":{\"@id\":\"https:\/\/takbrzmimiasto.pl\/#website\"},\"datePublished\":\"2021-05-06T07:00:49+00:00\",\"dateModified\":\"2022-04-15T09:54:19+00:00\",\"breadcrumb\":{\"@id\":\"https:\/\/takbrzmimiasto.pl\/en\/podejmowanie-decyzji-jest-wielka-umiejetnoscia-wywiad-z-natalia-grosiak-i-mackiem-polinskim\/#breadcrumb\"},\"inLanguage\":\"en-US\",\"potentialAction\":[{\"@type\":\"ReadAction\",\"target\":[\"https:\/\/takbrzmimiasto.pl\/en\/podejmowanie-decyzji-jest-wielka-umiejetnoscia-wywiad-z-natalia-grosiak-i-mackiem-polinskim\/\"]}]},{\"@type\":\"BreadcrumbList\",\"@id\":\"https:\/\/takbrzmimiasto.pl\/en\/podejmowanie-decyzji-jest-wielka-umiejetnoscia-wywiad-z-natalia-grosiak-i-mackiem-polinskim\/#breadcrumb\",\"itemListElement\":[{\"@type\":\"ListItem\",\"position\":1,\"name\":\"Strona g\u0142\u00f3wna\",\"item\":\"https:\/\/takbrzmimiasto.pl\/en\/\"},{\"@type\":\"ListItem\",\"position\":2,\"name\":\"Podejmowanie decyzji jest wielk\u0105 umiej\u0119tno\u015bci\u0105 &#8211; wywiad z Natali\u0105 Grosiak i Ma\u0107kiem Poli\u0144skim\"}]},{\"@type\":\"WebSite\",\"@id\":\"https:\/\/takbrzmimiasto.pl\/#website\",\"url\":\"https:\/\/takbrzmimiasto.pl\/\",\"name\":\"Tak Brzmi Miasto\",\"description\":\"Tak Brzmi Miasto to konferencja, festiwal, inkubator dla mened\u017cer\u00f3w i akademia\",\"publisher\":{\"@id\":\"https:\/\/takbrzmimiasto.pl\/#organization\"},\"potentialAction\":[{\"@type\":\"SearchAction\",\"target\":{\"@type\":\"EntryPoint\",\"urlTemplate\":\"https:\/\/takbrzmimiasto.pl\/?s={search_term_string}\"},\"query-input\":\"required name=search_term_string\"}],\"inLanguage\":\"en-US\"},{\"@type\":\"Organization\",\"@id\":\"https:\/\/takbrzmimiasto.pl\/#organization\",\"name\":\"Tak Brzmi Miasto\",\"url\":\"https:\/\/takbrzmimiasto.pl\/\",\"sameAs\":[],\"logo\":{\"@type\":\"ImageObject\",\"inLanguage\":\"en-US\",\"@id\":\"https:\/\/takbrzmimiasto.pl\/#\/schema\/logo\/image\/\",\"url\":\"https:\/\/takbrzmimiasto.pl\/wp-content\/uploads\/2021\/04\/www_miniatura_bezmenu.jpg\",\"contentUrl\":\"https:\/\/takbrzmimiasto.pl\/wp-content\/uploads\/2021\/04\/www_miniatura_bezmenu.jpg\",\"width\":1920,\"height\":1080,\"caption\":\"Tak Brzmi Miasto\"},\"image\":{\"@id\":\"https:\/\/takbrzmimiasto.pl\/#\/schema\/logo\/image\/\"}},{\"@type\":\"Person\",\"@id\":\"https:\/\/takbrzmimiasto.pl\/#\/schema\/person\/2dc972a63547f0129144c9bb4aa44d4b\",\"name\":\"Adrianna Ku\u0107mierz\",\"image\":{\"@type\":\"ImageObject\",\"inLanguage\":\"en-US\",\"@id\":\"https:\/\/takbrzmimiasto.pl\/#\/schema\/person\/image\/\",\"url\":\"https:\/\/secure.gravatar.com\/avatar\/a042c94f8c4d08f584629a8ee778f3c9?s=96&d=mm&r=g\",\"contentUrl\":\"https:\/\/secure.gravatar.com\/avatar\/a042c94f8c4d08f584629a8ee778f3c9?s=96&d=mm&r=g\",\"caption\":\"Adrianna Ku\u0107mierz\"},\"description\":\"Adrianna Ku\u0107mierz - wokalistka, autorka tekst\u00f3w, kompozytorka. Tak\u017ce aktorka i lektorka. Pisze piosenki, \u015bpiewa, gra w teatrze i TV. Kocha natur\u0119 i ceni ka\u017cd\u0105 chwil\u0119 sp\u0119dzon\u0105 na \u0142onie przyrody. Podr\u00f3\u017cuje kiedy si\u0119 da, a kiedy nie - celebruje relacje z lud\u017ami lub samotno\u015bci\u0105. Absolwentka Tak Brzmi Miasto Inkubator 2020.\",\"url\":\"https:\/\/takbrzmimiasto.pl\/en\/author\/adrianna-kucmierz\/\"}]}<\/script>\n<!-- \/ Yoast SEO plugin. -->","yoast_head_json":{"title":"Podejmowanie decyzji jest wielk\u0105 umiej\u0119tno\u015bci\u0105 - wywiad z Natali\u0105 Grosiak i Ma\u0107kiem Poli\u0144skim - Tak Brzmi Miasto","robots":{"index":"index","follow":"follow","max-snippet":"max-snippet:-1","max-image-preview":"max-image-preview:large","max-video-preview":"max-video-preview:-1"},"canonical":"https:\/\/takbrzmimiasto.pl\/en\/podejmowanie-decyzji-jest-wielka-umiejetnoscia-wywiad-z-natalia-grosiak-i-mackiem-polinskim\/","og_locale":"en_US","og_type":"article","og_title":"Podejmowanie decyzji jest wielk\u0105 umiej\u0119tno\u015bci\u0105 - wywiad z Natali\u0105 Grosiak i Ma\u0107kiem Poli\u0144skim - Tak Brzmi Miasto","og_description":"O trudnych wyborach, r\u00f3wnowadze mi\u0119dzy prac\u0105 i rodzin\u0105, pandemii, intuicji i z\u0142otym \u015brodku z Natali\u0105 Grosiak &#8211; liderk\u0105 i wokalistk\u0105 &#8211; oraz Ma\u0107kiem Poli\u0144skim &#8211; mened\u017cerem Mikromusic rozmawia Ada Ku\u0107mierz. Ada Ku\u0107mierz: Jak dzisiaj oceniacie najwa\u017cniejsze decyzje podj\u0119te w minionym, pandemicznym roku? Natalia: Maciek, mo\u017ce by\u015b prze\u0142o\u017cy\u0142 koncerty nie o p\u00f3\u0142 roku, tylko o rok? [&hellip;]","og_url":"https:\/\/takbrzmimiasto.pl\/en\/podejmowanie-decyzji-jest-wielka-umiejetnoscia-wywiad-z-natalia-grosiak-i-mackiem-polinskim\/","og_site_name":"Tak Brzmi Miasto","article_published_time":"2021-05-06T07:00:49+00:00","article_modified_time":"2022-04-15T09:54:19+00:00","og_image":[{"width":1920,"height":1080,"url":"https:\/\/takbrzmimiasto.pl\/wp-content\/uploads\/2021\/04\/mikromusic.jpg","type":"image\/jpeg"}],"author":"Adrianna Ku\u0107mierz","twitter_card":"summary_large_image","twitter_misc":{"Written by":"Adrianna Ku\u0107mierz","Est. reading time":"8 minutes"},"schema":{"@context":"https:\/\/schema.org","@graph":[{"@type":"Article","@id":"https:\/\/takbrzmimiasto.pl\/en\/podejmowanie-decyzji-jest-wielka-umiejetnoscia-wywiad-z-natalia-grosiak-i-mackiem-polinskim\/#article","isPartOf":{"@id":"https:\/\/takbrzmimiasto.pl\/en\/podejmowanie-decyzji-jest-wielka-umiejetnoscia-wywiad-z-natalia-grosiak-i-mackiem-polinskim\/"},"author":{"name":"Adrianna Ku\u0107mierz","@id":"https:\/\/takbrzmimiasto.pl\/#\/schema\/person\/2dc972a63547f0129144c9bb4aa44d4b"},"headline":"Podejmowanie decyzji jest wielk\u0105 umiej\u0119tno\u015bci\u0105 &#8211; wywiad z Natali\u0105 Grosiak i Ma\u0107kiem Poli\u0144skim","datePublished":"2021-05-06T07:00:49+00:00","dateModified":"2022-04-15T09:54:19+00:00","mainEntityOfPage":{"@id":"https:\/\/takbrzmimiasto.pl\/en\/podejmowanie-decyzji-jest-wielka-umiejetnoscia-wywiad-z-natalia-grosiak-i-mackiem-polinskim\/"},"wordCount":1577,"commentCount":0,"publisher":{"@id":"https:\/\/takbrzmimiasto.pl\/#organization"},"articleSection":["Wywiad"],"inLanguage":"en-US","potentialAction":[{"@type":"CommentAction","name":"Comment","target":["https:\/\/takbrzmimiasto.pl\/en\/podejmowanie-decyzji-jest-wielka-umiejetnoscia-wywiad-z-natalia-grosiak-i-mackiem-polinskim\/#respond"]}]},{"@type":"WebPage","@id":"https:\/\/takbrzmimiasto.pl\/en\/podejmowanie-decyzji-jest-wielka-umiejetnoscia-wywiad-z-natalia-grosiak-i-mackiem-polinskim\/","url":"https:\/\/takbrzmimiasto.pl\/en\/podejmowanie-decyzji-jest-wielka-umiejetnoscia-wywiad-z-natalia-grosiak-i-mackiem-polinskim\/","name":"Podejmowanie decyzji jest wielk\u0105 umiej\u0119tno\u015bci\u0105 - wywiad z Natali\u0105 Grosiak i Ma\u0107kiem Poli\u0144skim - Tak Brzmi Miasto","isPartOf":{"@id":"https:\/\/takbrzmimiasto.pl\/#website"},"datePublished":"2021-05-06T07:00:49+00:00","dateModified":"2022-04-15T09:54:19+00:00","breadcrumb":{"@id":"https:\/\/takbrzmimiasto.pl\/en\/podejmowanie-decyzji-jest-wielka-umiejetnoscia-wywiad-z-natalia-grosiak-i-mackiem-polinskim\/#breadcrumb"},"inLanguage":"en-US","potentialAction":[{"@type":"ReadAction","target":["https:\/\/takbrzmimiasto.pl\/en\/podejmowanie-decyzji-jest-wielka-umiejetnoscia-wywiad-z-natalia-grosiak-i-mackiem-polinskim\/"]}]},{"@type":"BreadcrumbList","@id":"https:\/\/takbrzmimiasto.pl\/en\/podejmowanie-decyzji-jest-wielka-umiejetnoscia-wywiad-z-natalia-grosiak-i-mackiem-polinskim\/#breadcrumb","itemListElement":[{"@type":"ListItem","position":1,"name":"Strona g\u0142\u00f3wna","item":"https:\/\/takbrzmimiasto.pl\/en\/"},{"@type":"ListItem","position":2,"name":"Podejmowanie decyzji jest wielk\u0105 umiej\u0119tno\u015bci\u0105 &#8211; wywiad z Natali\u0105 Grosiak i Ma\u0107kiem Poli\u0144skim"}]},{"@type":"WebSite","@id":"https:\/\/takbrzmimiasto.pl\/#website","url":"https:\/\/takbrzmimiasto.pl\/","name":"Tak Brzmi Miasto","description":"Tak Brzmi Miasto to konferencja, festiwal, inkubator dla mened\u017cer\u00f3w i akademia","publisher":{"@id":"https:\/\/takbrzmimiasto.pl\/#organization"},"potentialAction":[{"@type":"SearchAction","target":{"@type":"EntryPoint","urlTemplate":"https:\/\/takbrzmimiasto.pl\/?s={search_term_string}"},"query-input":"required name=search_term_string"}],"inLanguage":"en-US"},{"@type":"Organization","@id":"https:\/\/takbrzmimiasto.pl\/#organization","name":"Tak Brzmi Miasto","url":"https:\/\/takbrzmimiasto.pl\/","sameAs":[],"logo":{"@type":"ImageObject","inLanguage":"en-US","@id":"https:\/\/takbrzmimiasto.pl\/#\/schema\/logo\/image\/","url":"https:\/\/takbrzmimiasto.pl\/wp-content\/uploads\/2021\/04\/www_miniatura_bezmenu.jpg","contentUrl":"https:\/\/takbrzmimiasto.pl\/wp-content\/uploads\/2021\/04\/www_miniatura_bezmenu.jpg","width":1920,"height":1080,"caption":"Tak Brzmi Miasto"},"image":{"@id":"https:\/\/takbrzmimiasto.pl\/#\/schema\/logo\/image\/"}},{"@type":"Person","@id":"https:\/\/takbrzmimiasto.pl\/#\/schema\/person\/2dc972a63547f0129144c9bb4aa44d4b","name":"Adrianna Ku\u0107mierz","image":{"@type":"ImageObject","inLanguage":"en-US","@id":"https:\/\/takbrzmimiasto.pl\/#\/schema\/person\/image\/","url":"https:\/\/secure.gravatar.com\/avatar\/a042c94f8c4d08f584629a8ee778f3c9?s=96&d=mm&r=g","contentUrl":"https:\/\/secure.gravatar.com\/avatar\/a042c94f8c4d08f584629a8ee778f3c9?s=96&d=mm&r=g","caption":"Adrianna Ku\u0107mierz"},"description":"Adrianna Ku\u0107mierz - wokalistka, autorka tekst\u00f3w, kompozytorka. Tak\u017ce aktorka i lektorka. Pisze piosenki, \u015bpiewa, gra w teatrze i TV. Kocha natur\u0119 i ceni ka\u017cd\u0105 chwil\u0119 sp\u0119dzon\u0105 na \u0142onie przyrody. Podr\u00f3\u017cuje kiedy si\u0119 da, a kiedy nie - celebruje relacje z lud\u017ami lub samotno\u015bci\u0105. Absolwentka Tak Brzmi Miasto Inkubator 2020.","url":"https:\/\/takbrzmimiasto.pl\/en\/author\/adrianna-kucmierz\/"}]}},"_links":{"self":[{"href":"https:\/\/takbrzmimiasto.pl\/en\/wp-json\/wp\/v2\/posts\/3996\/"}],"collection":[{"href":"https:\/\/takbrzmimiasto.pl\/en\/wp-json\/wp\/v2\/posts\/"}],"about":[{"href":"https:\/\/takbrzmimiasto.pl\/en\/wp-json\/wp\/v2\/types\/post\/"}],"author":[{"embeddable":true,"href":"https:\/\/takbrzmimiasto.pl\/en\/wp-json\/wp\/v2\/users\/39\/"}],"replies":[{"embeddable":true,"href":"https:\/\/takbrzmimiasto.pl\/en\/wp-json\/wp\/v2\/comments\/?post=3996"}],"version-history":[{"count":3,"href":"https:\/\/takbrzmimiasto.pl\/en\/wp-json\/wp\/v2\/posts\/3996\/revisions\/"}],"predecessor-version":[{"id":4001,"href":"https:\/\/takbrzmimiasto.pl\/en\/wp-json\/wp\/v2\/posts\/3996\/revisions\/4001\/"}],"wp:featuredmedia":[{"embeddable":true,"href":"https:\/\/takbrzmimiasto.pl\/en\/wp-json\/wp\/v2\/media\/3998\/"}],"wp:attachment":[{"href":"https:\/\/takbrzmimiasto.pl\/en\/wp-json\/wp\/v2\/media\/?parent=3996"}],"wp:term":[{"taxonomy":"category","embeddable":true,"href":"https:\/\/takbrzmimiasto.pl\/en\/wp-json\/wp\/v2\/categories\/?post=3996"},{"taxonomy":"post_tag","embeddable":true,"href":"https:\/\/takbrzmimiasto.pl\/en\/wp-json\/wp\/v2\/tags\/?post=3996"}],"curies":[{"name":"wp","href":"https:\/\/api.w.org\/{rel}","templated":true}]}}