{"id":4038,"date":"2021-06-07T11:50:37","date_gmt":"2021-06-07T09:50:37","guid":{"rendered":"https:\/\/takbrzmimiasto.pl\/?p=4038"},"modified":"2022-09-23T15:45:05","modified_gmt":"2022-09-23T13:45:05","slug":"wspolpraca-z-miastem-stypendia-dla-artystow-we-wroclawiu-i-w-lublinie","status":"publish","type":"post","link":"https:\/\/takbrzmimiasto.pl\/en\/wspolpraca-z-miastem-stypendia-dla-artystow-we-wroclawiu-i-w-lublinie\/","title":{"rendered":"Wsp\u00f3\u0142praca z miastem. Stypendia dla artyst\u00f3w we Wroc\u0142awiu i w Lublinie"},"content":{"rendered":"<p><strong>Je\u015bli m\u00f3wimy o wsp\u00f3\u0142pracy w bran\u017cy muzycznej, warto pomy\u015ble\u0107 te\u017c o wsp\u00f3\u0142pracy z miastem, w kt\u00f3rym dzia\u0142amy. Wsz\u0119dzie gdzie znajdziemy Wydzia\u0142 Kultury lub inn\u0105 instytucj\u0119 kulturaln\u0105, mo\u017cna trafi\u0107 na r\u00f3\u017cnego rodzaju konkursy oraz stypendia skierowane do artyst\u00f3w. Najwi\u0119kszym problemem jest zawsze znalezienie informacji o tego rodzaju inicjatywach. Gdzie szuka\u0107, do kogo napisa\u0107, czego oczekiwa\u0107? Na te i inne pytania postaramy si\u0119 odpowiedzie\u0107 w niniejszym artykule, kt\u00f3ry przygotowali\u015bmy wraz z naszymi tegorocznymi miastami partnerskimi. W pierwszej z dw\u00f3ch cz\u0119\u015bci przeniesiemy si\u0119 do Wroc\u0142awia oraz Lublina, gdzie przybli\u017cymy Wam list\u0119 inicjatyw miejskich dedykowanych wsparciu artyst\u00f3w. Zapraszamy.<\/strong><\/p>\n<p>&nbsp;<\/p>\n<h3><strong>WROC\u0141AW<\/strong><\/h3>\n<p><img loading=\"lazy\" decoding=\"async\" class=\"blog-no alignnone wp-image-4068\" src=\"https:\/\/takbrzmimiasto.pl\/wp-content\/uploads\/2021\/05\/numer-1-neg-1-150x150.png\" alt=\"\" width=\"25\" height=\"25\" data-wp-pid=\"4068\" \/><strong>CO?<\/strong><br \/>\nStypendium artystyczne Samorz\u0105du Wroc\u0142awia dla m\u0142odych tw\u00f3rc\u00f3w, do 30 roku \u017cycia.<\/p>\n<p><strong>DLA KOGO?<\/strong><br \/>\n1. Szko\u0142y i uczelnie;<br \/>\n2. Instytucje kultury;<br \/>\n3. Stowarzyszenia, zwi\u0105zki tw\u00f3rcze i inne podmioty, kt\u00f3rych statutowa dzia\u0142alno\u015b\u0107 obejmuje zadania w zakresie kultury i sztuki;<\/p>\n<p><strong>JAKI TERMIN?<\/strong><br \/>\nWnioski nale\u017cy sk\u0142ada\u0107 do 31 lipca ka\u017cdego roku.<\/p>\n<p><strong>GDZIE ZNALE\u0179\u0106 INFORMACJE?<\/strong><br \/>\nSzczeg\u00f3\u0142owe informacje znajdziecie na stronie Biuletynu Informacji Publicznej Urz\u0119du Miejskiego Wroc\u0142awia pod adresem \n    <span id=\"arrow-link-0f944ae4\" class=\"d-inline-block\">\n        <a href=\"http:\/\/bip.um.wroc.pl\" class=\"arrow-link underline\">\n            <span class=\"arrow-link_text\">bip.um.wroc.pl<\/span>\n            <span class=\"arrow-link_icon\">\n                <i class=\"fa-solid fa-arrow-right\"><\/i><i class=\"fa-solid fa-arrow-right\"><\/i>\n            <\/span>\n        <\/a>\n    <\/span>\n    <\/p>\n<p>&nbsp;<\/p>\n<p><strong><img loading=\"lazy\" decoding=\"async\" class=\"blog-no alignnone wp-image-4066\" src=\"https:\/\/takbrzmimiasto.pl\/wp-content\/uploads\/2021\/05\/numer-2-neg-1-300x300.png\" alt=\"\" width=\"25\" height=\"25\" data-wp-pid=\"4066\" \/>CO?<\/strong><br \/>\nStypendia na realizacj\u0119 przedsi\u0119wzi\u0119\u0107.<\/p>\n<p><strong>DLA KOGO?<\/strong><br \/>\nOsoby zajmuj\u0105ce si\u0119 tw\u00f3rczo\u015bci\u0105 artystyczn\u0105, kt\u00f3re uko\u0144czy\u0142y 18 rok \u017cycia, kt\u00f3rych miejscem zamieszkania lub tworzenia jest Wroc\u0142aw.<\/p>\n<p><strong>JAKI TERMIN?<\/strong><br \/>\nWnioski nale\u017cy sk\u0142ada\u0107 do 30 marca lub 30 wrze\u015bnia ka\u017cdego roku.<\/p>\n<p><strong>GDZIE ZNALE\u0179\u0106 INFORMACJE?<\/strong><br \/>\nSzczeg\u00f3\u0142owe informacje znajdziecie na stronie Biuletynu Informacji Publicznej Urz\u0119du Miejskiego Wroc\u0142awia pod adresem \n    <span id=\"arrow-link-c79ac9dd\" class=\"d-inline-block\">\n        <a href=\"http:\/\/bip.um.wroc.pl\" class=\"arrow-link underline\">\n            <span class=\"arrow-link_text\">bip.um.wroc.pl<\/span>\n            <span class=\"arrow-link_icon\">\n                <i class=\"fa-solid fa-arrow-right\"><\/i><i class=\"fa-solid fa-arrow-right\"><\/i>\n            <\/span>\n        <\/a>\n    <\/span>\n    <\/p>\n<p>Wi\u0119cej informacji o powy\u017cszych inicjatywach znajdziecie pod adresem: \n    <span id=\"arrow-link-61d2f61e\" class=\"d-inline-block\">\n        <a href=\"https:\/\/bip.um.wroc.pl\/sprawa-do-zalatwienia\/9170\/stypendium-artystyczne-samorzadu-wroclawia\" class=\"arrow-link underline\">\n            <span class=\"arrow-link_text\">stypendium artystyczne samorzadu Wroclawia<\/span>\n            <span class=\"arrow-link_icon\">\n                <i class=\"fa-solid fa-arrow-right\"><\/i><i class=\"fa-solid fa-arrow-right\"><\/i>\n            <\/span>\n        <\/a>\n    <\/span>\n    <\/p>\n<p>Innych konkurs\u00f3w stypendialnych lub podobnych inicjatyw mo\u017cecie szuka\u0107 tak\u017ce w\u015br\u00f3d wroc\u0142awskich instytucji kultury, takich jak:<br \/>\n&#8211; Mikrogranty \n    <span id=\"arrow-link-12c73737\" class=\"d-inline-block\">\n        <a href=\"http:\/\/www.wroclaw.pl\/mikrogranty\" class=\"arrow-link underline\">\n            <span class=\"arrow-link_text\">www.wroclaw.pl\/mikrogranty<\/span>\n            <span class=\"arrow-link_icon\">\n                <i class=\"fa-solid fa-arrow-right\"><\/i><i class=\"fa-solid fa-arrow-right\"><\/i>\n            <\/span>\n        <\/a>\n    <\/span>\n    <br \/>\n&#8211; Strefa Kultury Wroc\u0142aw \n    <span id=\"arrow-link-ae7de2c5\" class=\"d-inline-block\">\n        <a href=\"http:\/\/www.strefakultury.pl\" class=\"arrow-link underline\">\n            <span class=\"arrow-link_text\">www.strefakultury.pl<\/span>\n            <span class=\"arrow-link_icon\">\n                <i class=\"fa-solid fa-arrow-right\"><\/i><i class=\"fa-solid fa-arrow-right\"><\/i>\n            <\/span>\n        <\/a>\n    <\/span>\n    <br \/>\n&#8211; Firlej \n    <span id=\"arrow-link-8fce71b1\" class=\"d-inline-block\">\n        <a href=\"http:\/\/www.firlej.wroc.pl\" class=\"arrow-link underline\">\n            <span class=\"arrow-link_text\">www.firlej.wroc.pl<\/span>\n            <span class=\"arrow-link_icon\">\n                <i class=\"fa-solid fa-arrow-right\"><\/i><i class=\"fa-solid fa-arrow-right\"><\/i>\n            <\/span>\n        <\/a>\n    <\/span>\n    <br \/>\n&#8211; Centrum Kultury Zamek\n    <span id=\"arrow-link-aaa0e5f6\" class=\"d-inline-block\">\n        <a href=\"http:\/\/www.zamek.wroclaw.pl\" class=\"arrow-link underline\">\n            <span class=\"arrow-link_text\">www.zamek.wroclaw.pl<\/span>\n            <span class=\"arrow-link_icon\">\n                <i class=\"fa-solid fa-arrow-right\"><\/i><i class=\"fa-solid fa-arrow-right\"><\/i>\n            <\/span>\n        <\/a>\n    <\/span>\n    <br \/>\n&#8211; Instytut im. Jerzego Grotowskiego \n    <span id=\"arrow-link-2455d1bf\" class=\"d-inline-block\">\n        <a href=\"http:\/\/www.bip.grotowski-institute.art.pl\" class=\"arrow-link underline\">\n            <span class=\"arrow-link_text\">www.bip.grotowski-institute.art.pl<\/span>\n            <span class=\"arrow-link_icon\">\n                <i class=\"fa-solid fa-arrow-right\"><\/i><i class=\"fa-solid fa-arrow-right\"><\/i>\n            <\/span>\n        <\/a>\n    <\/span>\n    <\/p>\n<p>&nbsp;<\/p>\n<div>\n<p dir=\"ltr\"><strong><img loading=\"lazy\" decoding=\"async\" class=\"blog-no alignnone wp-image-4072\" src=\"https:\/\/takbrzmimiasto.pl\/wp-content\/uploads\/2021\/05\/numer-3-neg-1-300x300.png\" alt=\"\" width=\"25\" height=\"25\" data-wp-pid=\"4072\" \/>CO?<\/strong><br \/>\nMi\u0119dzynarodowy konkurs dla zespo\u0142\u00f3w muzycznych.<\/p>\n<p dir=\"ltr\"><strong>DLA KOGO?<\/strong><br \/>\n<span style=\"color: #000000; font-family: Calibri, sans-serif;\">Dla wszystkich polskich zespo\u0142\u00f3w\/artyst\u00f3w.<\/span><\/p>\n<p dir=\"ltr\"><strong>JAKI TERMIN?<\/strong><br \/>\nWnioski nale\u017cy sk\u0142ada\u0107 do 30 maja tego roku.<\/p>\n<p><strong>GDZIE ZNALE\u0179\u0106 INFORMACJE?<\/strong><br \/>\nSzczeg\u00f3\u0142owe informacje znajdziecie na stronie Firleja pod adresem: \n    <span id=\"arrow-link-62fbec29\" class=\"d-inline-block\">\n        <a href=\"http:\/\/www.firlej.wroc.pl\/projekty-miedzynarodowe\/how-far-is-now\" class=\"arrow-link underline\">\n            <span class=\"arrow-link_text\">www.firlej.wroc.pl\/projekty-miedzynarodowe\/how-far-is-now<\/span>\n            <span class=\"arrow-link_icon\">\n                <i class=\"fa-solid fa-arrow-right\"><\/i><i class=\"fa-solid fa-arrow-right\"><\/i>\n            <\/span>\n        <\/a>\n    <\/span>\n    <\/p>\n<p>&nbsp;<\/p>\n<\/div>\n<h2><strong>LUBLIN<\/strong><\/h2>\n<p><strong><img loading=\"lazy\" decoding=\"async\" class=\"blog-no alignnone wp-image-4068\" src=\"https:\/\/takbrzmimiasto.pl\/wp-content\/uploads\/2021\/05\/numer-1-neg-1-150x150.png\" alt=\"\" width=\"25\" height=\"25\" data-wp-pid=\"4068\" \/>CO?<\/strong><br \/>\nStypendium na realizacj\u0119 projektu z zakresu tw\u00f3rczo\u015bci artystycznej lub upowszechniania kultury<\/p>\n<p><strong>DLA KOGO?<\/strong><br \/>\nDla os\u00f3b pe\u0142noletnich, zajmuj\u0105cych si\u0119 tw\u00f3rczo\u015bci\u0105 artystyczn\u0105 i upowszechnianiem kultury, na realizacj\u0119 projektu z zakresu tw\u00f3rczo\u015bci artystycznej lub upowszechniania kultury.<\/p>\n<p><strong>JAKI TERMIN?<\/strong><br \/>\nProjekty stypendialne mo\u017cna realizowa\u0107 mi\u0119dzy 1 stycznia, a 31 grudnia danego roku.<\/p>\n<p><strong>JAKA WYSOKO\u015a\u0106 STYPENDIUM?<\/strong><br \/>\nOd 2000 z\u0142 do 10000 z\u0142 brutto.<\/p>\n<p><strong>GDZIE ZNALE\u0179\u0106 INFORMACJE?<\/strong><br \/>\nSzczeg\u00f3\u0142owe informacje znajdziecie na stronie miasta Lublin w zak\u0142adce Kultura, pod adresem \n    <span id=\"arrow-link-e08981f9\" class=\"d-inline-block\">\n        <a href=\"http:\/\/lublin.eu\/kultura\/stypendia\/kategorie\" class=\"arrow-link underline\">\n            <span class=\"arrow-link_text\">lublin.eu\/kultura\/stypendia\/kategorie<\/span>\n            <span class=\"arrow-link_icon\">\n                <i class=\"fa-solid fa-arrow-right\"><\/i><i class=\"fa-solid fa-arrow-right\"><\/i>\n            <\/span>\n        <\/a>\n    <\/span>\n    <\/p>\n<p>&nbsp;<\/p>\n<p><strong><img loading=\"lazy\" decoding=\"async\" class=\"blog-no alignnone wp-image-4066\" src=\"https:\/\/takbrzmimiasto.pl\/wp-content\/uploads\/2021\/05\/numer-2-neg-1-300x300.png\" alt=\"\" width=\"25\" height=\"25\" data-wp-pid=\"4066\" \/>CO?<\/strong><br \/>\nStypendium na czynny udzia\u0142 w mi\u0119dzynarodowym lub og\u00f3lnopolskim konkursie, festiwalu, przegl\u0105dzie lub projekcie kulturalnym odbywaj\u0105cym si\u0119 poza Lublinem<\/p>\n<p><strong>DLA KOGO?<\/strong><br \/>\nDla os\u00f3b mieszkaj\u0105cych, pracuj\u0105cych lub ucz\u0105cych si\u0119 na terenie Lublina.<\/p>\n<p><strong>JAKI TERMIN?<\/strong><br \/>\nProjekty stypendialne mo\u017cna realizowa\u0107 mi\u0119dzy 1 stycznia, a 31 grudnia danego roku.<\/p>\n<p><strong>JAKA WYSOKO\u015a\u0106 STYPENDIUM?<\/strong><br \/>\nOd 2000 z\u0142 do 10000 z\u0142 brutto.<\/p>\n<p><strong>GDZIE ZNALE\u0179\u0106 INFORMACJE?<\/strong><br \/>\nSzczeg\u00f3\u0142owe informacje znajdziecie na stronie miasta Lublin w zak\u0142adce Kultura, pod adresem \n    <span id=\"arrow-link-e813b5f1\" class=\"d-inline-block\">\n        <a href=\"http:\/\/lublin.eu\/kultura\/stypendia\/kategorie\" class=\"arrow-link underline\">\n            <span class=\"arrow-link_text\">lublin.eu\/kultura\/stypendia\/kategorie<\/span>\n            <span class=\"arrow-link_icon\">\n                <i class=\"fa-solid fa-arrow-right\"><\/i><i class=\"fa-solid fa-arrow-right\"><\/i>\n            <\/span>\n        <\/a>\n    <\/span>\n    <\/p>\n<p>&nbsp;<\/p>\n<p><strong><img loading=\"lazy\" decoding=\"async\" class=\"blog-no alignnone wp-image-4072\" src=\"https:\/\/takbrzmimiasto.pl\/wp-content\/uploads\/2021\/05\/numer-3-neg-1-300x300.png\" alt=\"\" width=\"25\" height=\"25\" data-wp-pid=\"4072\" \/>CO?<\/strong><br \/>\nStypendium za osi\u0105gni\u0119cia artystyczne o randze mi\u0119dzynarodowej lub og\u00f3lnopolskiej.<\/p>\n<p><strong>DLA KOGO?<\/strong><br \/>\nDla osoby mieszkaj\u0105cej, pracuj\u0105cej lub ucz\u0105cej si\u0119 na terenie Lublina, kt\u00f3ra jest laureatem mi\u0119dzynarodowego lub og\u00f3lnopolskiego konkursu artystycznego i nie uko\u0144czy\u0142a 26 roku \u017cycia.<\/p>\n<p><strong>JAKI TERMIN?<\/strong><br \/>\nProjekty stypendialne mo\u017cna realizowa\u0107 mi\u0119dzy 1 stycznia, a 31 grudnia danego roku.<\/p>\n<p><strong>JAKA WYSOKO\u015a\u0106 STYPENDIUM?<\/strong><br \/>\nOd 2000 z\u0142 do 10000 z\u0142 brutto.<\/p>\n<p><strong>GDZIE ZNALE\u0179\u0106 INFORMACJE?<\/strong><br \/>\nSzczeg\u00f3\u0142owe informacje znajdziecie na stronie miasta Lublin w zak\u0142adce Kultura, pod adresem \n    <span id=\"arrow-link-2a1908ff\" class=\"d-inline-block\">\n        <a href=\"http:\/\/lublin.eu\/kultura\/stypendia\/kategorie\" class=\"arrow-link underline\">\n            <span class=\"arrow-link_text\">lublin.eu\/kultura\/stypendia\/kategorie<\/span>\n            <span class=\"arrow-link_icon\">\n                <i class=\"fa-solid fa-arrow-right\"><\/i><i class=\"fa-solid fa-arrow-right\"><\/i>\n            <\/span>\n        <\/a>\n    <\/span>\n    <\/p>\n<p>&nbsp;<\/p>\n<p><strong><img loading=\"lazy\" decoding=\"async\" class=\"blog-no alignnone wp-image-4054\" src=\"https:\/\/takbrzmimiasto.pl\/wp-content\/uploads\/2021\/05\/numer-4-neg-300x300.png\" alt=\"\" width=\"25\" height=\"25\" data-wp-pid=\"4054\" \/>CO?<\/strong><br \/>\nStypendium Kulturalne Bogdanki w Chatce \u017baka<\/p>\n<p><strong>DLA KOGO?<\/strong><br \/>\nDla m\u0142odych artyst\u00f3w i animator\u00f3w kultury z regiony Lubelszczyzny.<\/p>\n<p><strong>JAKI TERMIN?<\/strong><br \/>\nNab\u00f3r wniosk\u00f3w potrwa do 16 czerwca br.<\/p>\n<p><strong>JAKA WYSOKO\u015a\u0106 STYPENDIUM?<\/strong><br \/>\n\u0141\u0105czna kwota bud\u017cetu stypendialnego to 70 tysi\u0119cy z\u0142otych.<\/p>\n<p><strong>GDZIE ZNALE\u0179\u0106 INFORMACJE?<\/strong><br \/>\nSzczeg\u00f3\u0142owe informacje znajdziecie na stronie Akademickiego Centrum Kultury i Medi\u00f3w, pod adresem: \n    <span id=\"arrow-link-fa12aec5\" class=\"d-inline-block\">\n        <a href=\"https:\/\/www.umcs.pl\/pl\/aktualnosci,9419,zglos-swoj-wniosek-do-programu-stypendia-kulturalne-bogdanki-w-chatce-zaka,102625.chtm\" class=\"arrow-link underline\">\n            <span class=\"arrow-link_text\">Stypendia kulturalne Bogdanki w Chatce \u017baka<\/span>\n            <span class=\"arrow-link_icon\">\n                <i class=\"fa-solid fa-arrow-right\"><\/i><i class=\"fa-solid fa-arrow-right\"><\/i>\n            <\/span>\n        <\/a>\n    <\/span>\n    <\/p>\n<p>&nbsp;<\/p>\n<p>Innych konkurs\u00f3w stypendialnych lub podobnych inicjatyw mo\u017cecie szuka\u0107 tak\u017ce w\u015br\u00f3d instytucji kultury w Lublinie, takich jak:<br \/>\n&#8211; Centrum Spotkania Kultur \n    <span id=\"arrow-link-0296571d\" class=\"d-inline-block\">\n        <a href=\"http:\/\/www.spotkaniakultur.com\" class=\"arrow-link underline\">\n            <span class=\"arrow-link_text\">www.spotkaniakultur.com<\/span>\n            <span class=\"arrow-link_icon\">\n                <i class=\"fa-solid fa-arrow-right\"><\/i><i class=\"fa-solid fa-arrow-right\"><\/i>\n            <\/span>\n        <\/a>\n    <\/span>\n    <br \/>\n&#8211; Wojew\u00f3dzki O\u015brodek Kultury \n    <span id=\"arrow-link-46c793b4\" class=\"d-inline-block\">\n        <a href=\"http:\/\/www.wok.lublin.pl\" class=\"arrow-link underline\">\n            <span class=\"arrow-link_text\">www.wok.lublin.pl<\/span>\n            <span class=\"arrow-link_icon\">\n                <i class=\"fa-solid fa-arrow-right\"><\/i><i class=\"fa-solid fa-arrow-right\"><\/i>\n            <\/span>\n        <\/a>\n    <\/span>\n    <br \/>\n&#8211; O\u015brodek Mi\u0119dzykulturowych Inicjatyw Tw\u00f3rczych Rozdro\u017ca \n    <span id=\"arrow-link-93a927af\" class=\"d-inline-block\">\n        <a href=\"http:\/\/www.rozdroza.com\" class=\"arrow-link underline\">\n            <span class=\"arrow-link_text\">www.rozdroza.com<\/span>\n            <span class=\"arrow-link_icon\">\n                <i class=\"fa-solid fa-arrow-right\"><\/i><i class=\"fa-solid fa-arrow-right\"><\/i>\n            <\/span>\n        <\/a>\n    <\/span>\n    <br \/>\n&#8211; Akademickie Centrum Kultury i Medi\u00f3w Chatka \u017baka \n    <span id=\"arrow-link-a19acbe2\" class=\"d-inline-block\">\n        <a href=\"http:\/\/www.umcs.pl\/pl\/chatka.htm\" class=\"arrow-link underline\">\n            <span class=\"arrow-link_text\">www.umcs.pl\/pl\/chatka.htm<\/span>\n            <span class=\"arrow-link_icon\">\n                <i class=\"fa-solid fa-arrow-right\"><\/i><i class=\"fa-solid fa-arrow-right\"><\/i>\n            <\/span>\n        <\/a>\n    <\/span>\n    <\/p>\n","protected":false},"excerpt":{"rendered":"<p>Je\u015bli m\u00f3wimy o wsp\u00f3\u0142pracy w bran\u017cy muzycznej, warto pomy\u015ble\u0107 te\u017c o wsp\u00f3\u0142pracy z miastem, w kt\u00f3rym dzia\u0142amy. Wsz\u0119dzie gdzie znajdziemy Wydzia\u0142 Kultury lub inn\u0105 instytucj\u0119 kulturaln\u0105, mo\u017cna trafi\u0107 na r\u00f3\u017cnego rodzaju konkursy oraz stypendia skierowane do artyst\u00f3w. Najwi\u0119kszym problemem jest zawsze znalezienie informacji o tego rodzaju inicjatywach. Gdzie szuka\u0107, do kogo napisa\u0107, czego oczekiwa\u0107? Na [&hellip;]<\/p>\n","protected":false},"author":33,"featured_media":4102,"comment_status":"open","ping_status":"open","sticky":false,"template":"","format":"standard","meta":{"inline_featured_image":false,"footnotes":""},"categories":[304],"tags":[63,66,65,64,62],"class_list":["post-4038","post","type-post","status-publish","format-standard","has-post-thumbnail","hentry","category-poradnik","tag-finanse","tag-inkubator","tag-menedzment","tag-samozarzadzanie","tag-wspolpraca"],"acf":[],"yoast_head":"<!-- This site is optimized with the Yoast SEO plugin v19.7.1 - https:\/\/yoast.com\/wordpress\/plugins\/seo\/ -->\n<title>Wsp\u00f3\u0142praca z miastem. Stypendia dla artyst\u00f3w we Wroc\u0142awiu i w Lublinie - Tak Brzmi Miasto<\/title>\n<meta name=\"robots\" content=\"index, follow, max-snippet:-1, max-image-preview:large, max-video-preview:-1\" \/>\n<link rel=\"canonical\" href=\"https:\/\/takbrzmimiasto.pl\/en\/wspolpraca-z-miastem-stypendia-dla-artystow-we-wroclawiu-i-w-lublinie\/\" \/>\n<meta property=\"og:locale\" content=\"en_US\" \/>\n<meta property=\"og:type\" content=\"article\" \/>\n<meta property=\"og:title\" content=\"Wsp\u00f3\u0142praca z miastem. Stypendia dla artyst\u00f3w we Wroc\u0142awiu i w Lublinie - Tak Brzmi Miasto\" \/>\n<meta property=\"og:description\" content=\"Je\u015bli m\u00f3wimy o wsp\u00f3\u0142pracy w bran\u017cy muzycznej, warto pomy\u015ble\u0107 te\u017c o wsp\u00f3\u0142pracy z miastem, w kt\u00f3rym dzia\u0142amy. Wsz\u0119dzie gdzie znajdziemy Wydzia\u0142 Kultury lub inn\u0105 instytucj\u0119 kulturaln\u0105, mo\u017cna trafi\u0107 na r\u00f3\u017cnego rodzaju konkursy oraz stypendia skierowane do artyst\u00f3w. Najwi\u0119kszym problemem jest zawsze znalezienie informacji o tego rodzaju inicjatywach. Gdzie szuka\u0107, do kogo napisa\u0107, czego oczekiwa\u0107? Na [&hellip;]\" \/>\n<meta property=\"og:url\" content=\"https:\/\/takbrzmimiasto.pl\/en\/wspolpraca-z-miastem-stypendia-dla-artystow-we-wroclawiu-i-w-lublinie\/\" \/>\n<meta property=\"og:site_name\" content=\"Tak Brzmi Miasto\" \/>\n<meta property=\"article:published_time\" content=\"2021-06-07T09:50:37+00:00\" \/>\n<meta property=\"article:modified_time\" content=\"2022-09-23T13:45:05+00:00\" \/>\n<meta property=\"og:image\" content=\"https:\/\/takbrzmimiasto.pl\/wp-content\/uploads\/2021\/05\/hd14.jpg\" \/>\n\t<meta property=\"og:image:width\" content=\"1920\" \/>\n\t<meta property=\"og:image:height\" content=\"1080\" \/>\n\t<meta property=\"og:image:type\" content=\"image\/jpeg\" \/>\n<meta name=\"author\" content=\"Jarek Jazienicki\" \/>\n<meta name=\"twitter:card\" content=\"summary_large_image\" \/>\n<meta name=\"twitter:label1\" content=\"Written by\" \/>\n\t<meta name=\"twitter:data1\" content=\"Jarek Jazienicki\" \/>\n\t<meta name=\"twitter:label2\" content=\"Est. reading time\" \/>\n\t<meta name=\"twitter:data2\" content=\"5 minutes\" \/>\n<script type=\"application\/ld+json\" class=\"yoast-schema-graph\">{\"@context\":\"https:\/\/schema.org\",\"@graph\":[{\"@type\":\"Article\",\"@id\":\"https:\/\/takbrzmimiasto.pl\/en\/wspolpraca-z-miastem-stypendia-dla-artystow-we-wroclawiu-i-w-lublinie\/#article\",\"isPartOf\":{\"@id\":\"https:\/\/takbrzmimiasto.pl\/en\/wspolpraca-z-miastem-stypendia-dla-artystow-we-wroclawiu-i-w-lublinie\/\"},\"author\":{\"name\":\"Jarek Jazienicki\",\"@id\":\"https:\/\/takbrzmimiasto.pl\/#\/schema\/person\/672719f81f956a22930582b398f37de2\"},\"headline\":\"Wsp\u00f3\u0142praca z miastem. Stypendia dla artyst\u00f3w we Wroc\u0142awiu i w Lublinie\",\"datePublished\":\"2021-06-07T09:50:37+00:00\",\"dateModified\":\"2022-09-23T13:45:05+00:00\",\"mainEntityOfPage\":{\"@id\":\"https:\/\/takbrzmimiasto.pl\/en\/wspolpraca-z-miastem-stypendia-dla-artystow-we-wroclawiu-i-w-lublinie\/\"},\"wordCount\":947,\"commentCount\":0,\"publisher\":{\"@id\":\"https:\/\/takbrzmimiasto.pl\/#organization\"},\"keywords\":[\"finanse\",\"inkubator\",\"mened\u017cment\",\"samozarz\u0105dzanie\",\"wsp\u00f3\u0142praca\"],\"articleSection\":[\"Poradnik\"],\"inLanguage\":\"en-US\",\"potentialAction\":[{\"@type\":\"CommentAction\",\"name\":\"Comment\",\"target\":[\"https:\/\/takbrzmimiasto.pl\/en\/wspolpraca-z-miastem-stypendia-dla-artystow-we-wroclawiu-i-w-lublinie\/#respond\"]}]},{\"@type\":\"WebPage\",\"@id\":\"https:\/\/takbrzmimiasto.pl\/en\/wspolpraca-z-miastem-stypendia-dla-artystow-we-wroclawiu-i-w-lublinie\/\",\"url\":\"https:\/\/takbrzmimiasto.pl\/en\/wspolpraca-z-miastem-stypendia-dla-artystow-we-wroclawiu-i-w-lublinie\/\",\"name\":\"Wsp\u00f3\u0142praca z miastem. Stypendia dla artyst\u00f3w we Wroc\u0142awiu i w Lublinie - Tak Brzmi Miasto\",\"isPartOf\":{\"@id\":\"https:\/\/takbrzmimiasto.pl\/#website\"},\"datePublished\":\"2021-06-07T09:50:37+00:00\",\"dateModified\":\"2022-09-23T13:45:05+00:00\",\"breadcrumb\":{\"@id\":\"https:\/\/takbrzmimiasto.pl\/en\/wspolpraca-z-miastem-stypendia-dla-artystow-we-wroclawiu-i-w-lublinie\/#breadcrumb\"},\"inLanguage\":\"en-US\",\"potentialAction\":[{\"@type\":\"ReadAction\",\"target\":[\"https:\/\/takbrzmimiasto.pl\/en\/wspolpraca-z-miastem-stypendia-dla-artystow-we-wroclawiu-i-w-lublinie\/\"]}]},{\"@type\":\"BreadcrumbList\",\"@id\":\"https:\/\/takbrzmimiasto.pl\/en\/wspolpraca-z-miastem-stypendia-dla-artystow-we-wroclawiu-i-w-lublinie\/#breadcrumb\",\"itemListElement\":[{\"@type\":\"ListItem\",\"position\":1,\"name\":\"Strona g\u0142\u00f3wna\",\"item\":\"https:\/\/takbrzmimiasto.pl\/en\/\"},{\"@type\":\"ListItem\",\"position\":2,\"name\":\"Wsp\u00f3\u0142praca z miastem. Stypendia dla artyst\u00f3w we Wroc\u0142awiu i w Lublinie\"}]},{\"@type\":\"WebSite\",\"@id\":\"https:\/\/takbrzmimiasto.pl\/#website\",\"url\":\"https:\/\/takbrzmimiasto.pl\/\",\"name\":\"Tak Brzmi Miasto\",\"description\":\"Tak Brzmi Miasto to konferencja, festiwal, inkubator dla mened\u017cer\u00f3w i akademia\",\"publisher\":{\"@id\":\"https:\/\/takbrzmimiasto.pl\/#organization\"},\"potentialAction\":[{\"@type\":\"SearchAction\",\"target\":{\"@type\":\"EntryPoint\",\"urlTemplate\":\"https:\/\/takbrzmimiasto.pl\/?s={search_term_string}\"},\"query-input\":\"required name=search_term_string\"}],\"inLanguage\":\"en-US\"},{\"@type\":\"Organization\",\"@id\":\"https:\/\/takbrzmimiasto.pl\/#organization\",\"name\":\"Tak Brzmi Miasto\",\"url\":\"https:\/\/takbrzmimiasto.pl\/\",\"sameAs\":[],\"logo\":{\"@type\":\"ImageObject\",\"inLanguage\":\"en-US\",\"@id\":\"https:\/\/takbrzmimiasto.pl\/#\/schema\/logo\/image\/\",\"url\":\"https:\/\/takbrzmimiasto.pl\/wp-content\/uploads\/2021\/04\/www_miniatura_bezmenu.jpg\",\"contentUrl\":\"https:\/\/takbrzmimiasto.pl\/wp-content\/uploads\/2021\/04\/www_miniatura_bezmenu.jpg\",\"width\":1920,\"height\":1080,\"caption\":\"Tak Brzmi Miasto\"},\"image\":{\"@id\":\"https:\/\/takbrzmimiasto.pl\/#\/schema\/logo\/image\/\"}},{\"@type\":\"Person\",\"@id\":\"https:\/\/takbrzmimiasto.pl\/#\/schema\/person\/672719f81f956a22930582b398f37de2\",\"name\":\"Jarek Jazienicki\",\"image\":{\"@type\":\"ImageObject\",\"inLanguage\":\"en-US\",\"@id\":\"https:\/\/takbrzmimiasto.pl\/#\/schema\/person\/image\/\",\"url\":\"https:\/\/secure.gravatar.com\/avatar\/71132a4675045b0a9450f79f90247b98?s=96&d=mm&r=g\",\"contentUrl\":\"https:\/\/secure.gravatar.com\/avatar\/71132a4675045b0a9450f79f90247b98?s=96&d=mm&r=g\",\"caption\":\"Jarek Jazienicki\"},\"description\":\"Perkusista, mened\u017cer, operator, dzia\u0142acz zwi\u0105zany z Thvn i wroc\u0142awsk\u0105 scen\u0105.\",\"url\":\"https:\/\/takbrzmimiasto.pl\/en\/author\/jaroslaw-jazienicki\/\"}]}<\/script>\n<!-- \/ Yoast SEO plugin. -->","yoast_head_json":{"title":"Wsp\u00f3\u0142praca z miastem. Stypendia dla artyst\u00f3w we Wroc\u0142awiu i w Lublinie - Tak Brzmi Miasto","robots":{"index":"index","follow":"follow","max-snippet":"max-snippet:-1","max-image-preview":"max-image-preview:large","max-video-preview":"max-video-preview:-1"},"canonical":"https:\/\/takbrzmimiasto.pl\/en\/wspolpraca-z-miastem-stypendia-dla-artystow-we-wroclawiu-i-w-lublinie\/","og_locale":"en_US","og_type":"article","og_title":"Wsp\u00f3\u0142praca z miastem. Stypendia dla artyst\u00f3w we Wroc\u0142awiu i w Lublinie - Tak Brzmi Miasto","og_description":"Je\u015bli m\u00f3wimy o wsp\u00f3\u0142pracy w bran\u017cy muzycznej, warto pomy\u015ble\u0107 te\u017c o wsp\u00f3\u0142pracy z miastem, w kt\u00f3rym dzia\u0142amy. Wsz\u0119dzie gdzie znajdziemy Wydzia\u0142 Kultury lub inn\u0105 instytucj\u0119 kulturaln\u0105, mo\u017cna trafi\u0107 na r\u00f3\u017cnego rodzaju konkursy oraz stypendia skierowane do artyst\u00f3w. Najwi\u0119kszym problemem jest zawsze znalezienie informacji o tego rodzaju inicjatywach. Gdzie szuka\u0107, do kogo napisa\u0107, czego oczekiwa\u0107? Na [&hellip;]","og_url":"https:\/\/takbrzmimiasto.pl\/en\/wspolpraca-z-miastem-stypendia-dla-artystow-we-wroclawiu-i-w-lublinie\/","og_site_name":"Tak Brzmi Miasto","article_published_time":"2021-06-07T09:50:37+00:00","article_modified_time":"2022-09-23T13:45:05+00:00","og_image":[{"width":1920,"height":1080,"url":"https:\/\/takbrzmimiasto.pl\/wp-content\/uploads\/2021\/05\/hd14.jpg","type":"image\/jpeg"}],"author":"Jarek Jazienicki","twitter_card":"summary_large_image","twitter_misc":{"Written by":"Jarek Jazienicki","Est. reading time":"5 minutes"},"schema":{"@context":"https:\/\/schema.org","@graph":[{"@type":"Article","@id":"https:\/\/takbrzmimiasto.pl\/en\/wspolpraca-z-miastem-stypendia-dla-artystow-we-wroclawiu-i-w-lublinie\/#article","isPartOf":{"@id":"https:\/\/takbrzmimiasto.pl\/en\/wspolpraca-z-miastem-stypendia-dla-artystow-we-wroclawiu-i-w-lublinie\/"},"author":{"name":"Jarek Jazienicki","@id":"https:\/\/takbrzmimiasto.pl\/#\/schema\/person\/672719f81f956a22930582b398f37de2"},"headline":"Wsp\u00f3\u0142praca z miastem. Stypendia dla artyst\u00f3w we Wroc\u0142awiu i w Lublinie","datePublished":"2021-06-07T09:50:37+00:00","dateModified":"2022-09-23T13:45:05+00:00","mainEntityOfPage":{"@id":"https:\/\/takbrzmimiasto.pl\/en\/wspolpraca-z-miastem-stypendia-dla-artystow-we-wroclawiu-i-w-lublinie\/"},"wordCount":947,"commentCount":0,"publisher":{"@id":"https:\/\/takbrzmimiasto.pl\/#organization"},"keywords":["finanse","inkubator","mened\u017cment","samozarz\u0105dzanie","wsp\u00f3\u0142praca"],"articleSection":["Poradnik"],"inLanguage":"en-US","potentialAction":[{"@type":"CommentAction","name":"Comment","target":["https:\/\/takbrzmimiasto.pl\/en\/wspolpraca-z-miastem-stypendia-dla-artystow-we-wroclawiu-i-w-lublinie\/#respond"]}]},{"@type":"WebPage","@id":"https:\/\/takbrzmimiasto.pl\/en\/wspolpraca-z-miastem-stypendia-dla-artystow-we-wroclawiu-i-w-lublinie\/","url":"https:\/\/takbrzmimiasto.pl\/en\/wspolpraca-z-miastem-stypendia-dla-artystow-we-wroclawiu-i-w-lublinie\/","name":"Wsp\u00f3\u0142praca z miastem. Stypendia dla artyst\u00f3w we Wroc\u0142awiu i w Lublinie - Tak Brzmi Miasto","isPartOf":{"@id":"https:\/\/takbrzmimiasto.pl\/#website"},"datePublished":"2021-06-07T09:50:37+00:00","dateModified":"2022-09-23T13:45:05+00:00","breadcrumb":{"@id":"https:\/\/takbrzmimiasto.pl\/en\/wspolpraca-z-miastem-stypendia-dla-artystow-we-wroclawiu-i-w-lublinie\/#breadcrumb"},"inLanguage":"en-US","potentialAction":[{"@type":"ReadAction","target":["https:\/\/takbrzmimiasto.pl\/en\/wspolpraca-z-miastem-stypendia-dla-artystow-we-wroclawiu-i-w-lublinie\/"]}]},{"@type":"BreadcrumbList","@id":"https:\/\/takbrzmimiasto.pl\/en\/wspolpraca-z-miastem-stypendia-dla-artystow-we-wroclawiu-i-w-lublinie\/#breadcrumb","itemListElement":[{"@type":"ListItem","position":1,"name":"Strona g\u0142\u00f3wna","item":"https:\/\/takbrzmimiasto.pl\/en\/"},{"@type":"ListItem","position":2,"name":"Wsp\u00f3\u0142praca z miastem. Stypendia dla artyst\u00f3w we Wroc\u0142awiu i w Lublinie"}]},{"@type":"WebSite","@id":"https:\/\/takbrzmimiasto.pl\/#website","url":"https:\/\/takbrzmimiasto.pl\/","name":"Tak Brzmi Miasto","description":"Tak Brzmi Miasto to konferencja, festiwal, inkubator dla mened\u017cer\u00f3w i akademia","publisher":{"@id":"https:\/\/takbrzmimiasto.pl\/#organization"},"potentialAction":[{"@type":"SearchAction","target":{"@type":"EntryPoint","urlTemplate":"https:\/\/takbrzmimiasto.pl\/?s={search_term_string}"},"query-input":"required name=search_term_string"}],"inLanguage":"en-US"},{"@type":"Organization","@id":"https:\/\/takbrzmimiasto.pl\/#organization","name":"Tak Brzmi Miasto","url":"https:\/\/takbrzmimiasto.pl\/","sameAs":[],"logo":{"@type":"ImageObject","inLanguage":"en-US","@id":"https:\/\/takbrzmimiasto.pl\/#\/schema\/logo\/image\/","url":"https:\/\/takbrzmimiasto.pl\/wp-content\/uploads\/2021\/04\/www_miniatura_bezmenu.jpg","contentUrl":"https:\/\/takbrzmimiasto.pl\/wp-content\/uploads\/2021\/04\/www_miniatura_bezmenu.jpg","width":1920,"height":1080,"caption":"Tak Brzmi Miasto"},"image":{"@id":"https:\/\/takbrzmimiasto.pl\/#\/schema\/logo\/image\/"}},{"@type":"Person","@id":"https:\/\/takbrzmimiasto.pl\/#\/schema\/person\/672719f81f956a22930582b398f37de2","name":"Jarek Jazienicki","image":{"@type":"ImageObject","inLanguage":"en-US","@id":"https:\/\/takbrzmimiasto.pl\/#\/schema\/person\/image\/","url":"https:\/\/secure.gravatar.com\/avatar\/71132a4675045b0a9450f79f90247b98?s=96&d=mm&r=g","contentUrl":"https:\/\/secure.gravatar.com\/avatar\/71132a4675045b0a9450f79f90247b98?s=96&d=mm&r=g","caption":"Jarek Jazienicki"},"description":"Perkusista, mened\u017cer, operator, dzia\u0142acz zwi\u0105zany z Thvn i wroc\u0142awsk\u0105 scen\u0105.","url":"https:\/\/takbrzmimiasto.pl\/en\/author\/jaroslaw-jazienicki\/"}]}},"_links":{"self":[{"href":"https:\/\/takbrzmimiasto.pl\/en\/wp-json\/wp\/v2\/posts\/4038\/"}],"collection":[{"href":"https:\/\/takbrzmimiasto.pl\/en\/wp-json\/wp\/v2\/posts\/"}],"about":[{"href":"https:\/\/takbrzmimiasto.pl\/en\/wp-json\/wp\/v2\/types\/post\/"}],"author":[{"embeddable":true,"href":"https:\/\/takbrzmimiasto.pl\/en\/wp-json\/wp\/v2\/users\/33\/"}],"replies":[{"embeddable":true,"href":"https:\/\/takbrzmimiasto.pl\/en\/wp-json\/wp\/v2\/comments\/?post=4038"}],"version-history":[{"count":17,"href":"https:\/\/takbrzmimiasto.pl\/en\/wp-json\/wp\/v2\/posts\/4038\/revisions\/"}],"predecessor-version":[{"id":15389,"href":"https:\/\/takbrzmimiasto.pl\/en\/wp-json\/wp\/v2\/posts\/4038\/revisions\/15389\/"}],"wp:featuredmedia":[{"embeddable":true,"href":"https:\/\/takbrzmimiasto.pl\/en\/wp-json\/wp\/v2\/media\/4102\/"}],"wp:attachment":[{"href":"https:\/\/takbrzmimiasto.pl\/en\/wp-json\/wp\/v2\/media\/?parent=4038"}],"wp:term":[{"taxonomy":"category","embeddable":true,"href":"https:\/\/takbrzmimiasto.pl\/en\/wp-json\/wp\/v2\/categories\/?post=4038"},{"taxonomy":"post_tag","embeddable":true,"href":"https:\/\/takbrzmimiasto.pl\/en\/wp-json\/wp\/v2\/tags\/?post=4038"}],"curies":[{"name":"wp","href":"https:\/\/api.w.org\/{rel}","templated":true}]}}