{"id":4174,"date":"2021-06-21T21:04:47","date_gmt":"2021-06-21T19:04:47","guid":{"rendered":"https:\/\/takbrzmimiasto.pl\/?p=4174"},"modified":"2022-09-23T15:45:05","modified_gmt":"2022-09-23T13:45:05","slug":"skazany-na-niezaleznosc","status":"publish","type":"post","link":"https:\/\/takbrzmimiasto.pl\/en\/skazany-na-niezaleznosc\/","title":{"rendered":"Skazany na niezale\u017cno\u015b\u0107"},"content":{"rendered":"<p><b>\n    <span id=\"arrow-link-6a386ad6\" class=\"d-inline-block\">\n        <a href=\"https:\/\/takbrzmimiasto.pl\/niezaleznosc-rozmowa-z-zespolem-hanba\/\" class=\"arrow-link underline\">\n            <span class=\"arrow-link_text\">Niezale\u017cno\u015b\u0107<\/span>\n            <span class=\"arrow-link_icon\">\n                <i class=\"fa-solid fa-arrow-right\"><\/i><i class=\"fa-solid fa-arrow-right\"><\/i>\n            <\/span>\n        <\/a>\n    <\/span>\n     to has\u0142o-klucz, kt\u00f3re mo\u017cna analizowa\u0107 z setki r\u00f3\u017cnych perspektyw:<\/b> <b>od psychologicznej<\/b><b>,<\/b><b> poprzez spo\u0142eczn\u0105, metafizyczn\u0105, artystyczn\u0105, finansow\u0105<\/b><b>, na kulturowej sko\u0144czywszy. Pomijaj\u0105c truizmy typu \u201e\u017caden cz\u0142owiek nie jest samotn\u0105 wysp\u0105\u201d, spr\u00f3bujmy przej\u015b\u0107 do tematu, kt\u00f3ry dotyczy w\u0142a\u015bciwie wszystkich wchodz\u0105cych w dzia\u0142alno\u015b\u0107 muzyczn\u0105 w roku 2021.<\/b><\/p>\n<h3><b>Czy jeste\u015b DIY?<\/b><\/h3>\n<p>Rozmawiaj\u0105c o niezale\u017cno\u015bci w muzyce, mo\u017cemy by\u0107 pewni, \u017ce has\u0142o DIY (<i>ang. do it yourself \u2013 zr\u00f3b to sam<\/i>) padnie ju\u017c w pierwszych zdaniach. Historycznie to w\u0142a\u015bnie ono jest synonimem niezale\u017cno\u015bci. Ruch DIY powsta\u0142 w podziemiu, w opozycji do wielkich, komercyjnych machin jako wyraz kontestacji, buntu, wk***ienia\u2026 Chodzi\u0142o o szczero\u015b\u0107, prostot\u0119 i bezpo\u015brednio\u015b\u0107 \u2013 \u201ejechanie na jednym w\u00f3zku\u201d ze swoimi odbiorcami (w przeciwie\u0144stwie do gwiazd na piedestale mainstreamu, spogl\u0105daj\u0105cych na swoich s\u0142uchaczy z pozycji odizolowanych bog\u00f3w). Taka, a nie inna, geneza zwi\u0105za\u0142a has\u0142o DIY z konkretnymi gatunkami: cho\u0107by punkiem czy hardcorem.<\/p>\n<p><img loading=\"lazy\" decoding=\"async\" class=\"aligncenter wp-image-4180 size-full\" src=\"https:\/\/takbrzmimiasto.pl\/wp-content\/uploads\/2021\/06\/image3.png\" alt=\"Legendarni niezale\u017cni sceny ameryka\u0144skiej lat osiemdziesi\u0105tych czyli Black Flag.\" width=\"600\" height=\"412\" data-wp-pid=\"4180\" srcset=\"https:\/\/takbrzmimiasto.pl\/wp-content\/uploads\/2021\/06\/image3.png 600w, https:\/\/takbrzmimiasto.pl\/wp-content\/uploads\/2021\/06\/image3-350x240.png 350w\" sizes=\"(max-width: 600px) 100vw, 600px\" \/><\/p>\n<h5 style=\"text-align: center;\">Legendarni niezale\u017cni sceny ameryka\u0144skiej lat osiemdziesi\u0105tych czyli Black Flag.<\/h5>\n<p>&nbsp;<\/p>\n<p>Wbrew utyskiwaniom certyfikowanych <i>di-aj-\u0142ajowc\u00f3w<\/i> sprzed kilku dekad, z czasem znaczenie ruchu DIY nieco si\u0119 rozmy\u0142o \u2013 nie trzeba by\u0107 ju\u017c cz\u0142onkiem podziemnej spo\u0142eczno\u015bci, \u017ceby robi\u0107 i wydawa\u0107 muzyk\u0119 samemu. Rol\u0119 <i>gatekeepingu<\/i> przej\u0105\u0142 dzi\u015b tzw. <i>niezal,<\/i> okre\u015blaj\u0105cy nie tyle <i>modus operandi<\/i> zespo\u0142u, co jego przynale\u017cno\u015b\u0107 do pewnego \u015brodowiska. W <i>niezalu,<\/i> czy poza nim, dzi\u015b znaczna wi\u0119kszo\u015b\u0107 tw\u00f3rc\u00f3w funkcjonuje w modelu samodzielnym. Mo\u017cesz tak robi\u0107 lo-fi elektronik\u0119, awangardowy noise albo najbrudniejszy punk na \u015bwiecie, ale te\u017c rap, rock czy wr\u0119cz pop, i nadal by\u0107 pe\u0142noprawnym DIY. Nikt ci nie zabroni.<\/p>\n<h3><b>Skazany na niezale\u017cno\u015b\u0107<br \/>\n<\/b><\/h3>\n<p>Co wi\u0119cej, du\u017ce prawdopodobie\u0144stwo jest takie, \u017ce\u2026 to twoja jedyna alternatywa. W zwi\u0105zku z obni\u017ceniem tzw. progu wej\u015bcia w muzyk\u0119, mamy gigantyczn\u0105 nadpoda\u017c artyst\u00f3w. Jednocze\u015bnie, chocia\u017c wzros\u0142a liczba wydawnictw (zreszt\u0105 tak samo niezale\u017cnych, jak ty), to tych, kt\u00f3re sobie jako\u015b radz\u0105 jest nadal zbyt ma\u0142o (a korporacyjnych majors\u00f3w wci\u0105\u017c tyle samo).<\/p>\n<p>Historie znane z biografii tuz\u00f3w rokendrola. \u2013 jak to na koncercie wy\u0142apa\u0142 ich dyrektor R&amp;D z majorsa i od razu wy\u0142o\u017cy\u0142 na \u0142aw\u0119 milion \u2013 s\u0105 ju\u017c raczej egzotycznym wspomnieniem, ni\u017c codzienno\u015bci\u0105 bran\u017cy. Zreszt\u0105 nie jestem pewien czy kiedykolwiek by\u0142y codzienno\u015bci\u0105, wbrew temu jak pr\u00f3buje si\u0119 to przedstawia\u0107 w dzie\u0142ach popkultury. Mened\u017cer z milionem nie przyjdzie \u2013 nie tra\u0107 \u017cycia na czekanie.<\/p>\n<p><img loading=\"lazy\" decoding=\"async\" class=\"aligncenter wp-image-4188 size-full\" src=\"https:\/\/takbrzmimiasto.pl\/wp-content\/uploads\/2021\/06\/image2.png\" alt=\"Z jakiego\u015b powodu w innych gatunkach muzycznych \u0142atwiej o mened\u017cer\u00f3w z milionami, ale jakby kosztem niezale\u017cno\u015bci.\" width=\"712\" height=\"429\" data-wp-pid=\"4188\" srcset=\"https:\/\/takbrzmimiasto.pl\/wp-content\/uploads\/2021\/06\/image2.png 712w, https:\/\/takbrzmimiasto.pl\/wp-content\/uploads\/2021\/06\/image2-350x211.png 350w\" sizes=\"(max-width: 712px) 100vw, 712px\" \/><\/p>\n<h5 style=\"text-align: center;\">Z jakiego\u015b powodu w innych gatunkach muzycznych \u0142atwiej o mened\u017cer\u00f3w z milionami, ale jakby kosztem niezale\u017cno\u015bci.<\/h5>\n<p>&nbsp;<\/p>\n<p>Czy to oznacza, \u017ce masz da\u0107 sobie spok\u00f3j z muzyk\u0105 lub \u017ce nigdy nie b\u0119dziesz w stanie z tego wy\u017cy\u0107?<\/p>\n<p>Niekoniecznie.<\/p>\n<h3><b>Niezale\u017cno\u015b\u0107 vs. Nie zale\u017cy mi<br \/>\n<\/b><\/h3>\n<p>By\u0107 niezale\u017cnym to brzmi dumnie. Ka\u017cdy chcia\u0142by robi\u0107 to, na co ma ochot\u0119, nie ogl\u0105daj\u0105c si\u0119 na fan\u00f3w, finanse, dyrektora programowego czy trendy. Jednak niezale\u017cno\u015b\u0107 to nie tylko samostanowienie, ale r\u00f3wnie\u017c i odpowiedzialno\u015b\u0107 za efekty naszych decyzji.<\/p>\n<p>Naturalne jest to, \u017ce jako arty\u015bci potrzebujemy docenienia, a dopraszanie si\u0119 po raz kolejny o odpowied\u017a od dziennikarza lub organizatora niewiele maj\u0105 z tym wsp\u00f3lnego. Niestety zbyt cz\u0119sto \u201e<i>niezal<\/i>\u201d zbli\u017ca si\u0119 do \u201enie zale\u017cy mi\u201d, a to ju\u017c niebezpieczna poza (kt\u00f3ra z czasem sta\u0142a si\u0119 wr\u0119cz wymogiem \u015brodowiskowym).<\/p>\n<p><img loading=\"lazy\" decoding=\"async\" class=\"aligncenter wp-image-4191 size-full\" src=\"https:\/\/takbrzmimiasto.pl\/wp-content\/uploads\/2021\/06\/image1.png\" alt=\"\" width=\"2000\" height=\"2000\" data-wp-pid=\"4191\" srcset=\"https:\/\/takbrzmimiasto.pl\/wp-content\/uploads\/2021\/06\/image1.png 2000w, https:\/\/takbrzmimiasto.pl\/wp-content\/uploads\/2021\/06\/image1-350x350.png 350w, https:\/\/takbrzmimiasto.pl\/wp-content\/uploads\/2021\/06\/image1-100x100.png 100w, https:\/\/takbrzmimiasto.pl\/wp-content\/uploads\/2021\/06\/image1-800x800.png 800w, https:\/\/takbrzmimiasto.pl\/wp-content\/uploads\/2021\/06\/image1-1000x1000.png 1000w, https:\/\/takbrzmimiasto.pl\/wp-content\/uploads\/2021\/06\/image1-768x768.png 768w, https:\/\/takbrzmimiasto.pl\/wp-content\/uploads\/2021\/06\/image1-1536x1536.png 1536w\" sizes=\"(max-width: 2000px) 100vw, 2000px\" \/><\/p>\n<h5 style=\"text-align: center;\">Zdech\u0142emu Osie jakby nie zale\u017cy, ale <i>do not be mistaken<\/i>, kontrakt z majorsem jest, a wszystko zapi\u0119te na ostatni guzik.<\/h5>\n<p>Nie miej w\u0105tpliwo\u015bci \u2013 za ka\u017cdym sukcesem stoi \u201ewiem czego chc\u0119 i konsekwentnie pracuj\u0119, by to osi\u0105gn\u0105\u0107\u201d. Bran\u017ca bardzo szybko weryfikuje tych, kt\u00f3rzy przyszli tylko pozwiedza\u0107, a stwierdzenie \u201ezale\u017cy mi i bior\u0119 za siebie odpowiedzialno\u015b\u0107\u201d nie jest niczym zdro\u017cnym. To raczej oznaka \u015bwiadomo\u015bci i dojrza\u0142o\u015bci.<\/p>\n<p>Gdy ju\u017c to wiesz, \u0142atwiej zmotywowa\u0107 si\u0119 do zaopiekowania si\u0119 \n    <span id=\"arrow-link-7ad24706\" class=\"d-inline-block\">\n        <a href=\"https:\/\/takbrzmimiasto.pl\/przedsiebiorstwo-zwane-zespolem\/\" class=\"arrow-link underline\">\n            <span class=\"arrow-link_text\">setkami temat\u00f3w w codzienno\u015bci artysty<\/span>\n            <span class=\"arrow-link_icon\">\n                <i class=\"fa-solid fa-arrow-right\"><\/i><i class=\"fa-solid fa-arrow-right\"><\/i>\n            <\/span>\n        <\/a>\n    <\/span>\n    .<\/p>\n<h3><b>Niezale\u017cno\u015b\u0107, nie samotno\u015b\u0107<br \/>\n<\/b><\/h3>\n<p>Masz w g\u0142owie muzyk\u0119, s\u0142yszysz ka\u017cdy d\u017awi\u0119k, detal, widzisz zdj\u0119cie ok\u0142adki, projektujesz, nagrywasz, promujesz, organizujesz, rozliczasz, ksi\u0119gujesz, wydajesz\u2026 Ale czy naprawd\u0119 trzeba to wszystko robi\u0107 samemu?<\/p>\n<p>Jako arty\u015bci jeste\u015bmy kreatywni \u2013 na wszystkie problemy mamy od razu dziesi\u0119\u0107 rozwi\u0105za\u0144. Jednak r\u00f3wnie cz\u0119sto nie umiemy wy\u0142\u0105czy\u0107 ego, kt\u00f3re podpowiada, \u017ce tylko nasze rozwi\u0105zania s\u0105 dobre. A skoro rezultat ma nie by\u0107 perfekcj\u0105, to szkoda przecie\u017c czasu na u\u017ceranie si\u0119 z innymi lud\u017ami.<\/p>\n<p>C\u00f3\u017c, z ka\u017cdym dzielonym obowi\u0105zkiem zawsze \u0142\u0105czy si\u0119 utrata kontroli. Nie mylmy jej jednak z utrat\u0105 niezale\u017cno\u015bci \u2013 to nadal ty jeste\u015b tu szefem. Jako odpowiedzialny lider musisz stan\u0105\u0107 z rzeczywisto\u015bci\u0105 twarz\u0105 w twarz: nie wszystko da si\u0119 zrobi\u0107 idealnie. A z ca\u0142\u0105 pewno\u015bci\u0105 nie wszystko da si\u0119 zrobi\u0107 samemu \u2013 obowi\u0105zki zwi\u0105zane z prowadzeniem artysty to nieraz \n    <span id=\"arrow-link-9980a851\" class=\"d-inline-block\">\n        <a href=\"https:\/\/takbrzmimiasto.pl\/przedsiebiorstwo-zwane-zespolem\/\" class=\"arrow-link underline\">\n            <span class=\"arrow-link_text\">zadanie dla ca\u0142ego sztabu ludzi<\/span>\n            <span class=\"arrow-link_icon\">\n                <i class=\"fa-solid fa-arrow-right\"><\/i><i class=\"fa-solid fa-arrow-right\"><\/i>\n            <\/span>\n        <\/a>\n    <\/span>\n    .<\/p>\n<p>Nieumiej\u0119tno\u015b\u0107 zdrowego delegowania obowi\u0105zk\u00f3w to szklany sufit, w kt\u00f3ry pr\u0119dzej ni\u017c p\u00f3\u017aniej zastukamy.<\/p>\n<p>Pami\u0119taj te\u017c, \u017ce nie jeste\u015b w tym sam\/a. Tak &#8211; nikt nie b\u0119dzie tak zaanga\u017cowany, jak ty, a ostateczna odpowiedzialno\u015b\u0107 jest twoja. Jednak z jakiego\u015b powodu rozw\u00f3j przebiega najszybciej i najlepiej, gdy wok\u00f3\u0142 siebie mamy osoby, \n    <span id=\"arrow-link-83f9a24c\" class=\"d-inline-block\">\n        <a href=\"https:\/\/takbrzmimiasto.pl\/banka-samotnosci-czy-branza-sie-zmienia\/\" class=\"arrow-link underline\">\n            <span class=\"arrow-link_text\">kt\u00f3re my\u015bl\u0105 podobnie i wierz\u0105 we wsp\u00f3lny cel<\/span>\n            <span class=\"arrow-link_icon\">\n                <i class=\"fa-solid fa-arrow-right\"><\/i><i class=\"fa-solid fa-arrow-right\"><\/i>\n            <\/span>\n        <\/a>\n    <\/span>\n    .<\/p>\n<p><img loading=\"lazy\" decoding=\"async\" class=\"aligncenter wp-image-4194 size-full\" src=\"https:\/\/takbrzmimiasto.pl\/wp-content\/uploads\/2021\/06\/image4.png\" alt=\"W futbol samemu si\u0119 nie da, a w kierowaniu dru\u017cyn\u0105 przydaje si\u0119 bycie Alem Pacino.\" width=\"453\" height=\"286\" data-wp-pid=\"4194\" srcset=\"https:\/\/takbrzmimiasto.pl\/wp-content\/uploads\/2021\/06\/image4.png 453w, https:\/\/takbrzmimiasto.pl\/wp-content\/uploads\/2021\/06\/image4-350x221.png 350w\" sizes=\"(max-width: 453px) 100vw, 453px\" \/><\/p>\n<h5 style=\"text-align: center;\">W futbol samemu si\u0119 nie da, a w kierowaniu dru\u017cyn\u0105 przydaje si\u0119 bycie Alem Pacino.<\/h5>\n<h3><b>DIY forever?<br \/>\n<\/b><\/h3>\n<p>Jak mawia\u0142 poeta \u201enic nie jest wieczne\u201d. Nikt nie ka\u017ce ci ca\u0142e \u017cycie robi\u0107 wszystkiego w trybie DIY: budowa\u0107 w\u0142asnego studia, wydawnictwa, agencji PR, agencji bookingowej, firmy nag\u0142o\u015bnieniowej i transportowej. W miar\u0119 rozwoju nadal mo\u017cesz, ale nie musisz, i\u015b\u0107 t\u0105 drog\u0105 (a mo\u017ce to w\u0142a\u015bnie ambicje rozwijania tej machiny okre\u015blaj\u0105 w dzisiejszych czasach prawdziwych <i>di-aj-\u0142ajowc\u00f3w<\/i>?).<\/p>\n<p>Przychodzi taki czas, \u017ce warto pomy\u015ble\u0107 o poszukiwaniach mened\u017cera, agencji, a mo\u017ce nawet wydawnictwa. Jednak \u201ebro\u0144\u201d, kt\u00f3r\u0105 ju\u017c masz jest nie do przecenienia: do\u015bwiadczenie, wiedza oraz swoisty kapita\u0142, stworzony przez ciebie, staj\u0105 si\u0119 baz\u0105 do udanych negocjacji i dalszej wsp\u00f3\u0142pracy.<\/p>\n<p>Bo najlepsza pozycja negocjacyjna to ta, kiedy mo\u017cesz, ale nie musisz, skorzysta\u0107 z czyjej\u015b pomocy i kiedy partner traktuje ci\u0119, no c\u00f3\u017c, jak partnera.<\/p>\n","protected":false},"excerpt":{"rendered":"<p>to has\u0142o-klucz, kt\u00f3re mo\u017cna analizowa\u0107 z setki r\u00f3\u017cnych perspektyw: od psychologicznej, poprzez spo\u0142eczn\u0105, metafizyczn\u0105, artystyczn\u0105, finansow\u0105, na kulturowej sko\u0144czywszy. Pomijaj\u0105c truizmy typu \u201e\u017caden cz\u0142owiek nie jest samotn\u0105 wysp\u0105\u201d, spr\u00f3bujmy przej\u015b\u0107 do tematu, kt\u00f3ry dotyczy w\u0142a\u015bciwie wszystkich wchodz\u0105cych w dzia\u0142alno\u015b\u0107 muzyczn\u0105 w roku 2021. Czy jeste\u015b DIY? Rozmawiaj\u0105c o niezale\u017cno\u015bci w muzyce, mo\u017cemy by\u0107 pewni, \u017ce [&hellip;]<\/p>\n","protected":false},"author":2,"featured_media":4175,"comment_status":"open","ping_status":"open","sticky":false,"template":"","format":"standard","meta":{"inline_featured_image":false,"footnotes":""},"categories":[312,304],"tags":[86,74,87,64],"class_list":["post-4174","post","type-post","status-publish","format-standard","has-post-thumbnail","hentry","category-felietony","category-poradnik","tag-diy","tag-niezaleznosc","tag-samoorganizacja","tag-samozarzadzanie"],"acf":[],"yoast_head":"<!-- This site is optimized with the Yoast SEO plugin v19.7.1 - https:\/\/yoast.com\/wordpress\/plugins\/seo\/ -->\n<title>Skazany na niezale\u017cno\u015b\u0107 - Tak Brzmi Miasto<\/title>\n<meta name=\"robots\" content=\"index, follow, max-snippet:-1, max-image-preview:large, max-video-preview:-1\" \/>\n<link rel=\"canonical\" href=\"https:\/\/takbrzmimiasto.pl\/en\/skazany-na-niezaleznosc\/\" \/>\n<meta property=\"og:locale\" content=\"en_US\" \/>\n<meta property=\"og:type\" content=\"article\" \/>\n<meta property=\"og:title\" content=\"Skazany na niezale\u017cno\u015b\u0107 - Tak Brzmi Miasto\" \/>\n<meta property=\"og:description\" content=\"to has\u0142o-klucz, kt\u00f3re mo\u017cna analizowa\u0107 z setki r\u00f3\u017cnych perspektyw: od psychologicznej, poprzez spo\u0142eczn\u0105, metafizyczn\u0105, artystyczn\u0105, finansow\u0105, na kulturowej sko\u0144czywszy. Pomijaj\u0105c truizmy typu \u201e\u017caden cz\u0142owiek nie jest samotn\u0105 wysp\u0105\u201d, spr\u00f3bujmy przej\u015b\u0107 do tematu, kt\u00f3ry dotyczy w\u0142a\u015bciwie wszystkich wchodz\u0105cych w dzia\u0142alno\u015b\u0107 muzyczn\u0105 w roku 2021. Czy jeste\u015b DIY? Rozmawiaj\u0105c o niezale\u017cno\u015bci w muzyce, mo\u017cemy by\u0107 pewni, \u017ce [&hellip;]\" \/>\n<meta property=\"og:url\" content=\"https:\/\/takbrzmimiasto.pl\/en\/skazany-na-niezaleznosc\/\" \/>\n<meta property=\"og:site_name\" content=\"Tak Brzmi Miasto\" \/>\n<meta property=\"article:published_time\" content=\"2021-06-21T19:04:47+00:00\" \/>\n<meta property=\"article:modified_time\" content=\"2022-09-23T13:45:05+00:00\" \/>\n<meta property=\"og:image\" content=\"https:\/\/takbrzmimiasto.pl\/wp-content\/uploads\/2021\/06\/mw.jpg\" \/>\n\t<meta property=\"og:image:width\" content=\"1920\" \/>\n\t<meta property=\"og:image:height\" content=\"1080\" \/>\n\t<meta property=\"og:image:type\" content=\"image\/jpeg\" \/>\n<meta name=\"author\" content=\"Micha\u0142 W\u00f3jcik\" \/>\n<meta name=\"twitter:card\" content=\"summary_large_image\" \/>\n<meta name=\"twitter:label1\" content=\"Written by\" \/>\n\t<meta name=\"twitter:data1\" content=\"Micha\u0142 W\u00f3jcik\" \/>\n\t<meta name=\"twitter:label2\" content=\"Est. reading time\" \/>\n\t<meta name=\"twitter:data2\" content=\"5 minutes\" \/>\n<script type=\"application\/ld+json\" class=\"yoast-schema-graph\">{\"@context\":\"https:\/\/schema.org\",\"@graph\":[{\"@type\":\"Article\",\"@id\":\"https:\/\/takbrzmimiasto.pl\/en\/skazany-na-niezaleznosc\/#article\",\"isPartOf\":{\"@id\":\"https:\/\/takbrzmimiasto.pl\/en\/skazany-na-niezaleznosc\/\"},\"author\":{\"name\":\"Micha\u0142 W\u00f3jcik\",\"@id\":\"https:\/\/takbrzmimiasto.pl\/#\/schema\/person\/28bf6fcd196654e192bb09fd20185f65\"},\"headline\":\"Skazany na niezale\u017cno\u015b\u0107\",\"datePublished\":\"2021-06-21T19:04:47+00:00\",\"dateModified\":\"2022-09-23T13:45:05+00:00\",\"mainEntityOfPage\":{\"@id\":\"https:\/\/takbrzmimiasto.pl\/en\/skazany-na-niezaleznosc\/\"},\"wordCount\":1098,\"commentCount\":0,\"publisher\":{\"@id\":\"https:\/\/takbrzmimiasto.pl\/#organization\"},\"keywords\":[\"DIY\",\"niezale\u017cno\u015b\u0107\",\"samoorganizacja\",\"samozarz\u0105dzanie\"],\"articleSection\":[\"Felietony\",\"Poradnik\"],\"inLanguage\":\"en-US\",\"potentialAction\":[{\"@type\":\"CommentAction\",\"name\":\"Comment\",\"target\":[\"https:\/\/takbrzmimiasto.pl\/en\/skazany-na-niezaleznosc\/#respond\"]}]},{\"@type\":\"WebPage\",\"@id\":\"https:\/\/takbrzmimiasto.pl\/en\/skazany-na-niezaleznosc\/\",\"url\":\"https:\/\/takbrzmimiasto.pl\/en\/skazany-na-niezaleznosc\/\",\"name\":\"Skazany na niezale\u017cno\u015b\u0107 - Tak Brzmi Miasto\",\"isPartOf\":{\"@id\":\"https:\/\/takbrzmimiasto.pl\/#website\"},\"datePublished\":\"2021-06-21T19:04:47+00:00\",\"dateModified\":\"2022-09-23T13:45:05+00:00\",\"breadcrumb\":{\"@id\":\"https:\/\/takbrzmimiasto.pl\/en\/skazany-na-niezaleznosc\/#breadcrumb\"},\"inLanguage\":\"en-US\",\"potentialAction\":[{\"@type\":\"ReadAction\",\"target\":[\"https:\/\/takbrzmimiasto.pl\/en\/skazany-na-niezaleznosc\/\"]}]},{\"@type\":\"BreadcrumbList\",\"@id\":\"https:\/\/takbrzmimiasto.pl\/en\/skazany-na-niezaleznosc\/#breadcrumb\",\"itemListElement\":[{\"@type\":\"ListItem\",\"position\":1,\"name\":\"Strona g\u0142\u00f3wna\",\"item\":\"https:\/\/takbrzmimiasto.pl\/en\/\"},{\"@type\":\"ListItem\",\"position\":2,\"name\":\"Skazany na niezale\u017cno\u015b\u0107\"}]},{\"@type\":\"WebSite\",\"@id\":\"https:\/\/takbrzmimiasto.pl\/#website\",\"url\":\"https:\/\/takbrzmimiasto.pl\/\",\"name\":\"Tak Brzmi Miasto\",\"description\":\"Tak Brzmi Miasto to konferencja, festiwal, inkubator dla mened\u017cer\u00f3w i akademia\",\"publisher\":{\"@id\":\"https:\/\/takbrzmimiasto.pl\/#organization\"},\"potentialAction\":[{\"@type\":\"SearchAction\",\"target\":{\"@type\":\"EntryPoint\",\"urlTemplate\":\"https:\/\/takbrzmimiasto.pl\/?s={search_term_string}\"},\"query-input\":\"required name=search_term_string\"}],\"inLanguage\":\"en-US\"},{\"@type\":\"Organization\",\"@id\":\"https:\/\/takbrzmimiasto.pl\/#organization\",\"name\":\"Tak Brzmi Miasto\",\"url\":\"https:\/\/takbrzmimiasto.pl\/\",\"sameAs\":[],\"logo\":{\"@type\":\"ImageObject\",\"inLanguage\":\"en-US\",\"@id\":\"https:\/\/takbrzmimiasto.pl\/#\/schema\/logo\/image\/\",\"url\":\"https:\/\/takbrzmimiasto.pl\/wp-content\/uploads\/2021\/04\/www_miniatura_bezmenu.jpg\",\"contentUrl\":\"https:\/\/takbrzmimiasto.pl\/wp-content\/uploads\/2021\/04\/www_miniatura_bezmenu.jpg\",\"width\":1920,\"height\":1080,\"caption\":\"Tak Brzmi Miasto\"},\"image\":{\"@id\":\"https:\/\/takbrzmimiasto.pl\/#\/schema\/logo\/image\/\"}},{\"@type\":\"Person\",\"@id\":\"https:\/\/takbrzmimiasto.pl\/#\/schema\/person\/28bf6fcd196654e192bb09fd20185f65\",\"name\":\"Micha\u0142 W\u00f3jcik\",\"image\":{\"@type\":\"ImageObject\",\"inLanguage\":\"en-US\",\"@id\":\"https:\/\/takbrzmimiasto.pl\/#\/schema\/person\/image\/\",\"url\":\"https:\/\/secure.gravatar.com\/avatar\/bb264089759c5ef74568a4751d163d43?s=96&d=mm&r=g\",\"contentUrl\":\"https:\/\/secure.gravatar.com\/avatar\/bb264089759c5ef74568a4751d163d43?s=96&d=mm&r=g\",\"caption\":\"Micha\u0142 W\u00f3jcik\"},\"description\":\"Gitarzysta, wokalista, mened\u017cer, producent, realizator, techniczny i kierowca zespo\u0142u Cinemon. Za\u0142o\u017cyciel i CEO fundacji Krakowska Scena Muzyczna, koordynator i wsp\u00f3\u0142wymy\u015blacz inicjatyw Tak Brzmi Miasto. Uczestniczy\u0142 w dziesi\u0105tkach konferencji, paneli, warsztat\u00f3w i lubi si\u0119 dzieli\u0107 tym, co my\u015bli - co ma swoje jasne i ciemne strony!\",\"url\":\"https:\/\/takbrzmimiasto.pl\/en\/author\/ksm-michal-wojcik\/\"}]}<\/script>\n<!-- \/ Yoast SEO plugin. -->","yoast_head_json":{"title":"Skazany na niezale\u017cno\u015b\u0107 - Tak Brzmi Miasto","robots":{"index":"index","follow":"follow","max-snippet":"max-snippet:-1","max-image-preview":"max-image-preview:large","max-video-preview":"max-video-preview:-1"},"canonical":"https:\/\/takbrzmimiasto.pl\/en\/skazany-na-niezaleznosc\/","og_locale":"en_US","og_type":"article","og_title":"Skazany na niezale\u017cno\u015b\u0107 - Tak Brzmi Miasto","og_description":"to has\u0142o-klucz, kt\u00f3re mo\u017cna analizowa\u0107 z setki r\u00f3\u017cnych perspektyw: od psychologicznej, poprzez spo\u0142eczn\u0105, metafizyczn\u0105, artystyczn\u0105, finansow\u0105, na kulturowej sko\u0144czywszy. Pomijaj\u0105c truizmy typu \u201e\u017caden cz\u0142owiek nie jest samotn\u0105 wysp\u0105\u201d, spr\u00f3bujmy przej\u015b\u0107 do tematu, kt\u00f3ry dotyczy w\u0142a\u015bciwie wszystkich wchodz\u0105cych w dzia\u0142alno\u015b\u0107 muzyczn\u0105 w roku 2021. Czy jeste\u015b DIY? Rozmawiaj\u0105c o niezale\u017cno\u015bci w muzyce, mo\u017cemy by\u0107 pewni, \u017ce [&hellip;]","og_url":"https:\/\/takbrzmimiasto.pl\/en\/skazany-na-niezaleznosc\/","og_site_name":"Tak Brzmi Miasto","article_published_time":"2021-06-21T19:04:47+00:00","article_modified_time":"2022-09-23T13:45:05+00:00","og_image":[{"width":1920,"height":1080,"url":"https:\/\/takbrzmimiasto.pl\/wp-content\/uploads\/2021\/06\/mw.jpg","type":"image\/jpeg"}],"author":"Micha\u0142 W\u00f3jcik","twitter_card":"summary_large_image","twitter_misc":{"Written by":"Micha\u0142 W\u00f3jcik","Est. reading time":"5 minutes"},"schema":{"@context":"https:\/\/schema.org","@graph":[{"@type":"Article","@id":"https:\/\/takbrzmimiasto.pl\/en\/skazany-na-niezaleznosc\/#article","isPartOf":{"@id":"https:\/\/takbrzmimiasto.pl\/en\/skazany-na-niezaleznosc\/"},"author":{"name":"Micha\u0142 W\u00f3jcik","@id":"https:\/\/takbrzmimiasto.pl\/#\/schema\/person\/28bf6fcd196654e192bb09fd20185f65"},"headline":"Skazany na niezale\u017cno\u015b\u0107","datePublished":"2021-06-21T19:04:47+00:00","dateModified":"2022-09-23T13:45:05+00:00","mainEntityOfPage":{"@id":"https:\/\/takbrzmimiasto.pl\/en\/skazany-na-niezaleznosc\/"},"wordCount":1098,"commentCount":0,"publisher":{"@id":"https:\/\/takbrzmimiasto.pl\/#organization"},"keywords":["DIY","niezale\u017cno\u015b\u0107","samoorganizacja","samozarz\u0105dzanie"],"articleSection":["Felietony","Poradnik"],"inLanguage":"en-US","potentialAction":[{"@type":"CommentAction","name":"Comment","target":["https:\/\/takbrzmimiasto.pl\/en\/skazany-na-niezaleznosc\/#respond"]}]},{"@type":"WebPage","@id":"https:\/\/takbrzmimiasto.pl\/en\/skazany-na-niezaleznosc\/","url":"https:\/\/takbrzmimiasto.pl\/en\/skazany-na-niezaleznosc\/","name":"Skazany na niezale\u017cno\u015b\u0107 - Tak Brzmi Miasto","isPartOf":{"@id":"https:\/\/takbrzmimiasto.pl\/#website"},"datePublished":"2021-06-21T19:04:47+00:00","dateModified":"2022-09-23T13:45:05+00:00","breadcrumb":{"@id":"https:\/\/takbrzmimiasto.pl\/en\/skazany-na-niezaleznosc\/#breadcrumb"},"inLanguage":"en-US","potentialAction":[{"@type":"ReadAction","target":["https:\/\/takbrzmimiasto.pl\/en\/skazany-na-niezaleznosc\/"]}]},{"@type":"BreadcrumbList","@id":"https:\/\/takbrzmimiasto.pl\/en\/skazany-na-niezaleznosc\/#breadcrumb","itemListElement":[{"@type":"ListItem","position":1,"name":"Strona g\u0142\u00f3wna","item":"https:\/\/takbrzmimiasto.pl\/en\/"},{"@type":"ListItem","position":2,"name":"Skazany na niezale\u017cno\u015b\u0107"}]},{"@type":"WebSite","@id":"https:\/\/takbrzmimiasto.pl\/#website","url":"https:\/\/takbrzmimiasto.pl\/","name":"Tak Brzmi Miasto","description":"Tak Brzmi Miasto to konferencja, festiwal, inkubator dla mened\u017cer\u00f3w i akademia","publisher":{"@id":"https:\/\/takbrzmimiasto.pl\/#organization"},"potentialAction":[{"@type":"SearchAction","target":{"@type":"EntryPoint","urlTemplate":"https:\/\/takbrzmimiasto.pl\/?s={search_term_string}"},"query-input":"required name=search_term_string"}],"inLanguage":"en-US"},{"@type":"Organization","@id":"https:\/\/takbrzmimiasto.pl\/#organization","name":"Tak Brzmi Miasto","url":"https:\/\/takbrzmimiasto.pl\/","sameAs":[],"logo":{"@type":"ImageObject","inLanguage":"en-US","@id":"https:\/\/takbrzmimiasto.pl\/#\/schema\/logo\/image\/","url":"https:\/\/takbrzmimiasto.pl\/wp-content\/uploads\/2021\/04\/www_miniatura_bezmenu.jpg","contentUrl":"https:\/\/takbrzmimiasto.pl\/wp-content\/uploads\/2021\/04\/www_miniatura_bezmenu.jpg","width":1920,"height":1080,"caption":"Tak Brzmi Miasto"},"image":{"@id":"https:\/\/takbrzmimiasto.pl\/#\/schema\/logo\/image\/"}},{"@type":"Person","@id":"https:\/\/takbrzmimiasto.pl\/#\/schema\/person\/28bf6fcd196654e192bb09fd20185f65","name":"Micha\u0142 W\u00f3jcik","image":{"@type":"ImageObject","inLanguage":"en-US","@id":"https:\/\/takbrzmimiasto.pl\/#\/schema\/person\/image\/","url":"https:\/\/secure.gravatar.com\/avatar\/bb264089759c5ef74568a4751d163d43?s=96&d=mm&r=g","contentUrl":"https:\/\/secure.gravatar.com\/avatar\/bb264089759c5ef74568a4751d163d43?s=96&d=mm&r=g","caption":"Micha\u0142 W\u00f3jcik"},"description":"Gitarzysta, wokalista, mened\u017cer, producent, realizator, techniczny i kierowca zespo\u0142u Cinemon. Za\u0142o\u017cyciel i CEO fundacji Krakowska Scena Muzyczna, koordynator i wsp\u00f3\u0142wymy\u015blacz inicjatyw Tak Brzmi Miasto. Uczestniczy\u0142 w dziesi\u0105tkach konferencji, paneli, warsztat\u00f3w i lubi si\u0119 dzieli\u0107 tym, co my\u015bli - co ma swoje jasne i ciemne strony!","url":"https:\/\/takbrzmimiasto.pl\/en\/author\/ksm-michal-wojcik\/"}]}},"_links":{"self":[{"href":"https:\/\/takbrzmimiasto.pl\/en\/wp-json\/wp\/v2\/posts\/4174\/"}],"collection":[{"href":"https:\/\/takbrzmimiasto.pl\/en\/wp-json\/wp\/v2\/posts\/"}],"about":[{"href":"https:\/\/takbrzmimiasto.pl\/en\/wp-json\/wp\/v2\/types\/post\/"}],"author":[{"embeddable":true,"href":"https:\/\/takbrzmimiasto.pl\/en\/wp-json\/wp\/v2\/users\/2\/"}],"replies":[{"embeddable":true,"href":"https:\/\/takbrzmimiasto.pl\/en\/wp-json\/wp\/v2\/comments\/?post=4174"}],"version-history":[{"count":22,"href":"https:\/\/takbrzmimiasto.pl\/en\/wp-json\/wp\/v2\/posts\/4174\/revisions\/"}],"predecessor-version":[{"id":15383,"href":"https:\/\/takbrzmimiasto.pl\/en\/wp-json\/wp\/v2\/posts\/4174\/revisions\/15383\/"}],"wp:featuredmedia":[{"embeddable":true,"href":"https:\/\/takbrzmimiasto.pl\/en\/wp-json\/wp\/v2\/media\/4175\/"}],"wp:attachment":[{"href":"https:\/\/takbrzmimiasto.pl\/en\/wp-json\/wp\/v2\/media\/?parent=4174"}],"wp:term":[{"taxonomy":"category","embeddable":true,"href":"https:\/\/takbrzmimiasto.pl\/en\/wp-json\/wp\/v2\/categories\/?post=4174"},{"taxonomy":"post_tag","embeddable":true,"href":"https:\/\/takbrzmimiasto.pl\/en\/wp-json\/wp\/v2\/tags\/?post=4174"}],"curies":[{"name":"wp","href":"https:\/\/api.w.org\/{rel}","templated":true}]}}