{"id":4400,"date":"2021-06-25T21:05:34","date_gmt":"2021-06-25T19:05:34","guid":{"rendered":"https:\/\/takbrzmimiasto.pl\/?p=4400"},"modified":"2022-09-23T15:45:04","modified_gmt":"2022-09-23T13:45:04","slug":"ania-sama-snienie","status":"publish","type":"post","link":"https:\/\/takbrzmimiasto.pl\/en\/ania-sama-snienie\/","title":{"rendered":"Ania Sama &#8211; \u015anienie"},"content":{"rendered":"<p><strong>Debiutancki album Ani Samej mia\u0142 swoj\u0105 premier\u0119 4.06.2021. \u201e\u015anienie\u201d to pi\u0119kna opowie\u015b\u0107 z\u0142o\u017cona z 10 utwor\u00f3w, nad kt\u00f3rymi pracowa\u0142o kilku producent\u00f3w: Szymon Piotrowski, Micha\u0142 i Mateusz Sarapata, Patrick The Pan, Hyper Son oraz Bartek Brzezi\u0144ski.\u00a0<\/strong><\/p>\n<p><i>\u015anienie to dla mnie powitanie pewnego etapu w z\u0307yciu. Jako juz\u0307 doros\u0142a osoba zdecydowa\u0142am sie\u0328 na ryzykowna\u0328 rzecz, jaka\u0328 jest p\u00f3js\u0301cie za sercem i ten album jest zwien\u0301czeniem tej drogi, a zarazem jej pocza\u0328tek. S\u0301wie\u0328tuje\u0328 nim trafnos\u0301c\u0301 swojej decyzji, fakt, z\u0307e nie zakopa\u0142am talentu oraz wytrwa\u0142os\u0301c\u0301, kt\u00f3ra towarzyszy\u0142a mi przez te kilka ostatnich lat. Rozprawi\u0142am sie\u0328 w nim z wieloma wa\u0328tkami w moim z\u0307yciu &#8211; m\u00f3wi artystka.<\/i><\/p>\n<p>P\u0142yta utrzymana jest w stylistyce artystycznego alt-popu gdzie poetyckie teksty stykaj\u0105 si\u0119 z taneczn\u0105, ko\u0142ysz\u0105c\u0105 muzyk\u0105.<\/p>\n<p><img loading=\"lazy\" decoding=\"async\" class=\"alignnone wp-image-4403 size-full\" src=\"https:\/\/takbrzmimiasto.pl\/wp-content\/uploads\/2021\/06\/image2-1.jpg\" alt=\"\" width=\"1024\" height=\"1024\" data-wp-pid=\"4403\" srcset=\"https:\/\/takbrzmimiasto.pl\/wp-content\/uploads\/2021\/06\/image2-1.jpg 1024w, https:\/\/takbrzmimiasto.pl\/wp-content\/uploads\/2021\/06\/image2-1-350x350.jpg 350w, https:\/\/takbrzmimiasto.pl\/wp-content\/uploads\/2021\/06\/image2-1-100x100.jpg 100w, https:\/\/takbrzmimiasto.pl\/wp-content\/uploads\/2021\/06\/image2-1-800x800.jpg 800w, https:\/\/takbrzmimiasto.pl\/wp-content\/uploads\/2021\/06\/image2-1-1000x1000.jpg 1000w, https:\/\/takbrzmimiasto.pl\/wp-content\/uploads\/2021\/06\/image2-1-768x768.jpg 768w\" sizes=\"(max-width: 1024px) 100vw, 1024px\" \/><\/p>\n<p>Melorecytacyjne intro (\u201eKremowy papier\u201d z produkcj\u0105 Patricka The Pan) otwiera p\u0142yt\u0119 i zapowiada eteryczne, pe\u0142ne czu\u0142o\u015bci i intymno\u015bci doznania. \u201ePestka\u201d (do kt\u00f3rej znakomity obraz stworzy\u0142a Olga Czy\u017cykiewicz) wci\u0105ga g\u0142\u0119biej w poetycki i oniryczny \u015bwiat Ani, aby ju\u017c po chwili rozko\u0142ysa\u0107 w kolejnym utworze\u00a0 &#8211; \u201eKo\u0142ysz\u0105\u201d wraz z tytu\u0142owym \u201e\u015anieniem\u201d promuj\u0105 album teledyskami sp\u00f3jnymi z\u00a0 klimatem sennych marze\u0144, kt\u00f3ry towarzyszy ca\u0142ej p\u0142ycie.<\/p>\n<p>Na uwag\u0119 zas\u0142uguje nieco odmienny od pozosta\u0142ych lekki i pe\u0142en uroku utw\u00f3r \u201eKrok po kroczku\u201d &#8211; to piosenka, od kt\u00f3rej zacz\u0119\u0142a si\u0119 ca\u0142a praca nad p\u0142yt\u0105.<\/p>\n<p>Album mo\u017cna zam\u00f3wi\u0107 za po\u015brednictwem strony \n    <span id=\"arrow-link-b62bba9b\" class=\"d-inline-block\">\n        <a href=\"https:\/\/chodzasluchy.com\" class=\"arrow-link underline\">\n            <span class=\"arrow-link_text\">chodzasluchy.com<\/span>\n            <span class=\"arrow-link_icon\">\n                <i class=\"fa-solid fa-arrow-right\"><\/i><i class=\"fa-solid fa-arrow-right\"><\/i>\n            <\/span>\n        <\/a>\n    <\/span>\n    .<\/p>\n<p>&nbsp;<\/p>\n<p><b>Koncert promuj\u0105cy 2.07.2021 w Krakowie, w klubie Luneta Noc\u0105.\u00a0<\/b><\/p>\n","protected":false},"excerpt":{"rendered":"<p>Debiutancki album Ani Samej mia\u0142 swoj\u0105 premier\u0119 4.06.2021. \u201e\u015anienie\u201d to pi\u0119kna opowie\u015b\u0107 z\u0142o\u017cona z 10 utwor\u00f3w, nad kt\u00f3rymi pracowa\u0142o kilku producent\u00f3w: Szymon Piotrowski, Micha\u0142 i Mateusz Sarapata, Patrick The Pan, Hyper Son oraz Bartek Brzezi\u0144ski.\u00a0 \u015anienie to dla mnie powitanie pewnego etapu w z\u0307yciu. Jako juz\u0307 doros\u0142a osoba zdecydowa\u0142am sie\u0328 na ryzykowna\u0328 rzecz, jaka\u0328 jest [&hellip;]<\/p>\n","protected":false},"author":39,"featured_media":4422,"comment_status":"open","ping_status":"open","sticky":false,"template":"","format":"standard","meta":{"inline_featured_image":false,"footnotes":""},"categories":[308],"tags":[],"class_list":["post-4400","post","type-post","status-publish","format-standard","has-post-thumbnail","hentry","category-aktualnosci"],"acf":[],"yoast_head":"<!-- This site is optimized with the Yoast SEO plugin v19.7.1 - https:\/\/yoast.com\/wordpress\/plugins\/seo\/ -->\n<title>Ania Sama - \u015anienie - Tak Brzmi Miasto<\/title>\n<meta name=\"robots\" content=\"index, follow, max-snippet:-1, max-image-preview:large, max-video-preview:-1\" \/>\n<link rel=\"canonical\" href=\"https:\/\/takbrzmimiasto.pl\/en\/ania-sama-snienie\/\" \/>\n<meta property=\"og:locale\" content=\"en_US\" \/>\n<meta property=\"og:type\" content=\"article\" \/>\n<meta property=\"og:title\" content=\"Ania Sama - \u015anienie - Tak Brzmi Miasto\" \/>\n<meta property=\"og:description\" content=\"Debiutancki album Ani Samej mia\u0142 swoj\u0105 premier\u0119 4.06.2021. \u201e\u015anienie\u201d to pi\u0119kna opowie\u015b\u0107 z\u0142o\u017cona z 10 utwor\u00f3w, nad kt\u00f3rymi pracowa\u0142o kilku producent\u00f3w: Szymon Piotrowski, Micha\u0142 i Mateusz Sarapata, Patrick The Pan, Hyper Son oraz Bartek Brzezi\u0144ski.\u00a0 \u015anienie to dla mnie powitanie pewnego etapu w z\u0307yciu. Jako juz\u0307 doros\u0142a osoba zdecydowa\u0142am sie\u0328 na ryzykowna\u0328 rzecz, jaka\u0328 jest [&hellip;]\" \/>\n<meta property=\"og:url\" content=\"https:\/\/takbrzmimiasto.pl\/en\/ania-sama-snienie\/\" \/>\n<meta property=\"og:site_name\" content=\"Tak Brzmi Miasto\" \/>\n<meta property=\"article:published_time\" content=\"2021-06-25T19:05:34+00:00\" \/>\n<meta property=\"article:modified_time\" content=\"2022-09-23T13:45:04+00:00\" \/>\n<meta property=\"og:image\" content=\"https:\/\/takbrzmimiasto.pl\/wp-content\/uploads\/2021\/06\/hd20.jpg\" \/>\n\t<meta property=\"og:image:width\" content=\"1920\" \/>\n\t<meta property=\"og:image:height\" content=\"1080\" \/>\n\t<meta property=\"og:image:type\" content=\"image\/jpeg\" \/>\n<meta name=\"author\" content=\"Adrianna Ku\u0107mierz\" \/>\n<meta name=\"twitter:card\" content=\"summary_large_image\" \/>\n<meta name=\"twitter:label1\" content=\"Written by\" \/>\n\t<meta name=\"twitter:data1\" content=\"Adrianna Ku\u0107mierz\" \/>\n\t<meta name=\"twitter:label2\" content=\"Est. reading time\" \/>\n\t<meta name=\"twitter:data2\" content=\"1 minute\" \/>\n<script type=\"application\/ld+json\" class=\"yoast-schema-graph\">{\"@context\":\"https:\/\/schema.org\",\"@graph\":[{\"@type\":\"Article\",\"@id\":\"https:\/\/takbrzmimiasto.pl\/en\/ania-sama-snienie\/#article\",\"isPartOf\":{\"@id\":\"https:\/\/takbrzmimiasto.pl\/en\/ania-sama-snienie\/\"},\"author\":{\"name\":\"Adrianna Ku\u0107mierz\",\"@id\":\"https:\/\/takbrzmimiasto.pl\/#\/schema\/person\/2dc972a63547f0129144c9bb4aa44d4b\"},\"headline\":\"Ania Sama &#8211; \u015anienie\",\"datePublished\":\"2021-06-25T19:05:34+00:00\",\"dateModified\":\"2022-09-23T13:45:04+00:00\",\"mainEntityOfPage\":{\"@id\":\"https:\/\/takbrzmimiasto.pl\/en\/ania-sama-snienie\/\"},\"wordCount\":290,\"commentCount\":0,\"publisher\":{\"@id\":\"https:\/\/takbrzmimiasto.pl\/#organization\"},\"articleSection\":[\"Aktualno\u015bci\"],\"inLanguage\":\"en-US\",\"potentialAction\":[{\"@type\":\"CommentAction\",\"name\":\"Comment\",\"target\":[\"https:\/\/takbrzmimiasto.pl\/en\/ania-sama-snienie\/#respond\"]}]},{\"@type\":\"WebPage\",\"@id\":\"https:\/\/takbrzmimiasto.pl\/en\/ania-sama-snienie\/\",\"url\":\"https:\/\/takbrzmimiasto.pl\/en\/ania-sama-snienie\/\",\"name\":\"Ania Sama - \u015anienie - Tak Brzmi Miasto\",\"isPartOf\":{\"@id\":\"https:\/\/takbrzmimiasto.pl\/#website\"},\"datePublished\":\"2021-06-25T19:05:34+00:00\",\"dateModified\":\"2022-09-23T13:45:04+00:00\",\"breadcrumb\":{\"@id\":\"https:\/\/takbrzmimiasto.pl\/en\/ania-sama-snienie\/#breadcrumb\"},\"inLanguage\":\"en-US\",\"potentialAction\":[{\"@type\":\"ReadAction\",\"target\":[\"https:\/\/takbrzmimiasto.pl\/en\/ania-sama-snienie\/\"]}]},{\"@type\":\"BreadcrumbList\",\"@id\":\"https:\/\/takbrzmimiasto.pl\/en\/ania-sama-snienie\/#breadcrumb\",\"itemListElement\":[{\"@type\":\"ListItem\",\"position\":1,\"name\":\"Strona g\u0142\u00f3wna\",\"item\":\"https:\/\/takbrzmimiasto.pl\/en\/\"},{\"@type\":\"ListItem\",\"position\":2,\"name\":\"Ania Sama &#8211; \u015anienie\"}]},{\"@type\":\"WebSite\",\"@id\":\"https:\/\/takbrzmimiasto.pl\/#website\",\"url\":\"https:\/\/takbrzmimiasto.pl\/\",\"name\":\"Tak Brzmi Miasto\",\"description\":\"Tak Brzmi Miasto to konferencja, festiwal, inkubator dla mened\u017cer\u00f3w i akademia\",\"publisher\":{\"@id\":\"https:\/\/takbrzmimiasto.pl\/#organization\"},\"potentialAction\":[{\"@type\":\"SearchAction\",\"target\":{\"@type\":\"EntryPoint\",\"urlTemplate\":\"https:\/\/takbrzmimiasto.pl\/?s={search_term_string}\"},\"query-input\":\"required name=search_term_string\"}],\"inLanguage\":\"en-US\"},{\"@type\":\"Organization\",\"@id\":\"https:\/\/takbrzmimiasto.pl\/#organization\",\"name\":\"Tak Brzmi Miasto\",\"url\":\"https:\/\/takbrzmimiasto.pl\/\",\"sameAs\":[],\"logo\":{\"@type\":\"ImageObject\",\"inLanguage\":\"en-US\",\"@id\":\"https:\/\/takbrzmimiasto.pl\/#\/schema\/logo\/image\/\",\"url\":\"https:\/\/takbrzmimiasto.pl\/wp-content\/uploads\/2021\/04\/www_miniatura_bezmenu.jpg\",\"contentUrl\":\"https:\/\/takbrzmimiasto.pl\/wp-content\/uploads\/2021\/04\/www_miniatura_bezmenu.jpg\",\"width\":1920,\"height\":1080,\"caption\":\"Tak Brzmi Miasto\"},\"image\":{\"@id\":\"https:\/\/takbrzmimiasto.pl\/#\/schema\/logo\/image\/\"}},{\"@type\":\"Person\",\"@id\":\"https:\/\/takbrzmimiasto.pl\/#\/schema\/person\/2dc972a63547f0129144c9bb4aa44d4b\",\"name\":\"Adrianna Ku\u0107mierz\",\"image\":{\"@type\":\"ImageObject\",\"inLanguage\":\"en-US\",\"@id\":\"https:\/\/takbrzmimiasto.pl\/#\/schema\/person\/image\/\",\"url\":\"https:\/\/secure.gravatar.com\/avatar\/a042c94f8c4d08f584629a8ee778f3c9?s=96&d=mm&r=g\",\"contentUrl\":\"https:\/\/secure.gravatar.com\/avatar\/a042c94f8c4d08f584629a8ee778f3c9?s=96&d=mm&r=g\",\"caption\":\"Adrianna Ku\u0107mierz\"},\"description\":\"Adrianna Ku\u0107mierz - wokalistka, autorka tekst\u00f3w, kompozytorka. Tak\u017ce aktorka i lektorka. Pisze piosenki, \u015bpiewa, gra w teatrze i TV. Kocha natur\u0119 i ceni ka\u017cd\u0105 chwil\u0119 sp\u0119dzon\u0105 na \u0142onie przyrody. Podr\u00f3\u017cuje kiedy si\u0119 da, a kiedy nie - celebruje relacje z lud\u017ami lub samotno\u015bci\u0105. Absolwentka Tak Brzmi Miasto Inkubator 2020.\",\"url\":\"https:\/\/takbrzmimiasto.pl\/en\/author\/adrianna-kucmierz\/\"}]}<\/script>\n<!-- \/ Yoast SEO plugin. -->","yoast_head_json":{"title":"Ania Sama - \u015anienie - Tak Brzmi Miasto","robots":{"index":"index","follow":"follow","max-snippet":"max-snippet:-1","max-image-preview":"max-image-preview:large","max-video-preview":"max-video-preview:-1"},"canonical":"https:\/\/takbrzmimiasto.pl\/en\/ania-sama-snienie\/","og_locale":"en_US","og_type":"article","og_title":"Ania Sama - \u015anienie - Tak Brzmi Miasto","og_description":"Debiutancki album Ani Samej mia\u0142 swoj\u0105 premier\u0119 4.06.2021. \u201e\u015anienie\u201d to pi\u0119kna opowie\u015b\u0107 z\u0142o\u017cona z 10 utwor\u00f3w, nad kt\u00f3rymi pracowa\u0142o kilku producent\u00f3w: Szymon Piotrowski, Micha\u0142 i Mateusz Sarapata, Patrick The Pan, Hyper Son oraz Bartek Brzezi\u0144ski.\u00a0 \u015anienie to dla mnie powitanie pewnego etapu w z\u0307yciu. Jako juz\u0307 doros\u0142a osoba zdecydowa\u0142am sie\u0328 na ryzykowna\u0328 rzecz, jaka\u0328 jest [&hellip;]","og_url":"https:\/\/takbrzmimiasto.pl\/en\/ania-sama-snienie\/","og_site_name":"Tak Brzmi Miasto","article_published_time":"2021-06-25T19:05:34+00:00","article_modified_time":"2022-09-23T13:45:04+00:00","og_image":[{"width":1920,"height":1080,"url":"https:\/\/takbrzmimiasto.pl\/wp-content\/uploads\/2021\/06\/hd20.jpg","type":"image\/jpeg"}],"author":"Adrianna Ku\u0107mierz","twitter_card":"summary_large_image","twitter_misc":{"Written by":"Adrianna Ku\u0107mierz","Est. reading time":"1 minute"},"schema":{"@context":"https:\/\/schema.org","@graph":[{"@type":"Article","@id":"https:\/\/takbrzmimiasto.pl\/en\/ania-sama-snienie\/#article","isPartOf":{"@id":"https:\/\/takbrzmimiasto.pl\/en\/ania-sama-snienie\/"},"author":{"name":"Adrianna Ku\u0107mierz","@id":"https:\/\/takbrzmimiasto.pl\/#\/schema\/person\/2dc972a63547f0129144c9bb4aa44d4b"},"headline":"Ania Sama &#8211; \u015anienie","datePublished":"2021-06-25T19:05:34+00:00","dateModified":"2022-09-23T13:45:04+00:00","mainEntityOfPage":{"@id":"https:\/\/takbrzmimiasto.pl\/en\/ania-sama-snienie\/"},"wordCount":290,"commentCount":0,"publisher":{"@id":"https:\/\/takbrzmimiasto.pl\/#organization"},"articleSection":["Aktualno\u015bci"],"inLanguage":"en-US","potentialAction":[{"@type":"CommentAction","name":"Comment","target":["https:\/\/takbrzmimiasto.pl\/en\/ania-sama-snienie\/#respond"]}]},{"@type":"WebPage","@id":"https:\/\/takbrzmimiasto.pl\/en\/ania-sama-snienie\/","url":"https:\/\/takbrzmimiasto.pl\/en\/ania-sama-snienie\/","name":"Ania Sama - \u015anienie - Tak Brzmi Miasto","isPartOf":{"@id":"https:\/\/takbrzmimiasto.pl\/#website"},"datePublished":"2021-06-25T19:05:34+00:00","dateModified":"2022-09-23T13:45:04+00:00","breadcrumb":{"@id":"https:\/\/takbrzmimiasto.pl\/en\/ania-sama-snienie\/#breadcrumb"},"inLanguage":"en-US","potentialAction":[{"@type":"ReadAction","target":["https:\/\/takbrzmimiasto.pl\/en\/ania-sama-snienie\/"]}]},{"@type":"BreadcrumbList","@id":"https:\/\/takbrzmimiasto.pl\/en\/ania-sama-snienie\/#breadcrumb","itemListElement":[{"@type":"ListItem","position":1,"name":"Strona g\u0142\u00f3wna","item":"https:\/\/takbrzmimiasto.pl\/en\/"},{"@type":"ListItem","position":2,"name":"Ania Sama &#8211; \u015anienie"}]},{"@type":"WebSite","@id":"https:\/\/takbrzmimiasto.pl\/#website","url":"https:\/\/takbrzmimiasto.pl\/","name":"Tak Brzmi Miasto","description":"Tak Brzmi Miasto to konferencja, festiwal, inkubator dla mened\u017cer\u00f3w i akademia","publisher":{"@id":"https:\/\/takbrzmimiasto.pl\/#organization"},"potentialAction":[{"@type":"SearchAction","target":{"@type":"EntryPoint","urlTemplate":"https:\/\/takbrzmimiasto.pl\/?s={search_term_string}"},"query-input":"required name=search_term_string"}],"inLanguage":"en-US"},{"@type":"Organization","@id":"https:\/\/takbrzmimiasto.pl\/#organization","name":"Tak Brzmi Miasto","url":"https:\/\/takbrzmimiasto.pl\/","sameAs":[],"logo":{"@type":"ImageObject","inLanguage":"en-US","@id":"https:\/\/takbrzmimiasto.pl\/#\/schema\/logo\/image\/","url":"https:\/\/takbrzmimiasto.pl\/wp-content\/uploads\/2021\/04\/www_miniatura_bezmenu.jpg","contentUrl":"https:\/\/takbrzmimiasto.pl\/wp-content\/uploads\/2021\/04\/www_miniatura_bezmenu.jpg","width":1920,"height":1080,"caption":"Tak Brzmi Miasto"},"image":{"@id":"https:\/\/takbrzmimiasto.pl\/#\/schema\/logo\/image\/"}},{"@type":"Person","@id":"https:\/\/takbrzmimiasto.pl\/#\/schema\/person\/2dc972a63547f0129144c9bb4aa44d4b","name":"Adrianna Ku\u0107mierz","image":{"@type":"ImageObject","inLanguage":"en-US","@id":"https:\/\/takbrzmimiasto.pl\/#\/schema\/person\/image\/","url":"https:\/\/secure.gravatar.com\/avatar\/a042c94f8c4d08f584629a8ee778f3c9?s=96&d=mm&r=g","contentUrl":"https:\/\/secure.gravatar.com\/avatar\/a042c94f8c4d08f584629a8ee778f3c9?s=96&d=mm&r=g","caption":"Adrianna Ku\u0107mierz"},"description":"Adrianna Ku\u0107mierz - wokalistka, autorka tekst\u00f3w, kompozytorka. Tak\u017ce aktorka i lektorka. Pisze piosenki, \u015bpiewa, gra w teatrze i TV. Kocha natur\u0119 i ceni ka\u017cd\u0105 chwil\u0119 sp\u0119dzon\u0105 na \u0142onie przyrody. Podr\u00f3\u017cuje kiedy si\u0119 da, a kiedy nie - celebruje relacje z lud\u017ami lub samotno\u015bci\u0105. Absolwentka Tak Brzmi Miasto Inkubator 2020.","url":"https:\/\/takbrzmimiasto.pl\/en\/author\/adrianna-kucmierz\/"}]}},"_links":{"self":[{"href":"https:\/\/takbrzmimiasto.pl\/en\/wp-json\/wp\/v2\/posts\/4400\/"}],"collection":[{"href":"https:\/\/takbrzmimiasto.pl\/en\/wp-json\/wp\/v2\/posts\/"}],"about":[{"href":"https:\/\/takbrzmimiasto.pl\/en\/wp-json\/wp\/v2\/types\/post\/"}],"author":[{"embeddable":true,"href":"https:\/\/takbrzmimiasto.pl\/en\/wp-json\/wp\/v2\/users\/39\/"}],"replies":[{"embeddable":true,"href":"https:\/\/takbrzmimiasto.pl\/en\/wp-json\/wp\/v2\/comments\/?post=4400"}],"version-history":[{"count":2,"href":"https:\/\/takbrzmimiasto.pl\/en\/wp-json\/wp\/v2\/posts\/4400\/revisions\/"}],"predecessor-version":[{"id":15380,"href":"https:\/\/takbrzmimiasto.pl\/en\/wp-json\/wp\/v2\/posts\/4400\/revisions\/15380\/"}],"wp:featuredmedia":[{"embeddable":true,"href":"https:\/\/takbrzmimiasto.pl\/en\/wp-json\/wp\/v2\/media\/4422\/"}],"wp:attachment":[{"href":"https:\/\/takbrzmimiasto.pl\/en\/wp-json\/wp\/v2\/media\/?parent=4400"}],"wp:term":[{"taxonomy":"category","embeddable":true,"href":"https:\/\/takbrzmimiasto.pl\/en\/wp-json\/wp\/v2\/categories\/?post=4400"},{"taxonomy":"post_tag","embeddable":true,"href":"https:\/\/takbrzmimiasto.pl\/en\/wp-json\/wp\/v2\/tags\/?post=4400"}],"curies":[{"name":"wp","href":"https:\/\/api.w.org\/{rel}","templated":true}]}}