{"id":4509,"date":"2021-07-21T20:06:01","date_gmt":"2021-07-21T18:06:01","guid":{"rendered":"https:\/\/takbrzmimiasto.pl\/?p=4509"},"modified":"2022-04-15T11:50:31","modified_gmt":"2022-04-15T09:50:31","slug":"glos-spolecznosci-oddech","status":"publish","type":"post","link":"https:\/\/takbrzmimiasto.pl\/en\/glos-spolecznosci-oddech\/","title":{"rendered":"G\u0142os spo\u0142eczno\u015bci #oddech"},"content":{"rendered":"<p><i>Czy oddech od koncert\u00f3w dobrze nam zrobi\u0142? Czym jest oddech w muzyce? Czy czasem zapominamy oddycha\u0107? Przy czym \u0142apiemy oddech?<\/i><\/p>\n<p><i>Z tymi pytaniami zmierzyli si\u0119 nasi rozm\u00f3wcy: Agnieszka Mendel i Maciek Hanusek z zespo\u0142u Tara Gayan oraz Tomek D\u017caman.<\/i><\/p>\n<p><b>Czym dla ciebie jest oddech?<\/b><\/p>\n<p><b>Maciek Hanusek: <\/b>Dla mnie to jest pomost, co\u015b, co sprawia, \u017ce jestem po\u0142\u0105czony ze \u015bwiatem. Organicznie to odruch bezwarunkowy, reakcja, kt\u00f3ra sprawia, \u017ce co\u015b absorbuj\u0119, wch\u0142aniam \u015bwiat. Nie da si\u0119 tego zatrzyma\u0107 i to sprawia, \u017ce jeste\u015bmy po\u0142\u0105czeni ze \u015bwiatem. Taki \u0142\u0105cznik, niewidzialna \u017cy\u0142ka.<\/p>\n<p><b>Agnieszka Mendel: <\/b>O, to ciekawe z tym \u0142\u0105cznikiem! Ostatnio mocno odczu\u0142am, \u017ce tym co \u0142\u0105czy nasz\u0105 dusz\u0119 z cia\u0142em jest oddech. W rozumieniu cielesnym, tu na ziemi, \u017cyjemy tak d\u0142ugo jak oddychamy. To jest taka srebrzysta ni\u0107, kt\u00f3ra jest nieuchwytnym \u0142\u0105cznikiem pomi\u0119dzy cia\u0142em, kt\u00f3re po nas pozostanie, kiedy st\u0105d odejdziemy, a tym, czym by\u0107 mo\u017ce jeste\u015bmy i czym b\u0119dziemy kiedy zaczniemy w\u0119drowa\u0107 dalej.<\/p>\n<p><b>Tomasz D\u017caman: <\/b>Oddech jest przestrzeni\u0105 i wolno\u015bci\u0105. Je\u015bli jest przestrze\u0144, to oddycha si\u0119 swobodnie. Ka\u017cdy oddech to taka filtracja rzeczywisto\u015bci. Wdychamy tlen, wydychamy dwutlenek w\u0119gla i tak samo wdychamy czyj\u0105\u015b tw\u00f3rczo\u015b\u0107, a wydychamy swoj\u0105 mieszank\u0119 otrzymanych bod\u017ac\u00f3w w postaci swojej sztuki.<\/p>\n<p><b>Je\u015bli oddech \u0142\u0105czy cz\u0142owieka ze \u015bwiatem i dusz\u0119 z cia\u0142em, to czym jest oddech w muzyce?<\/b><\/p>\n<p><b>T.D:<\/b> To taka rytmiczna fala, sinusoida wdechu i wydechu. W mojej muzyce, poprzez u\u017cywanie loop\u00f3w, powtarzalno\u015b\u0107 jest bardzo znacz\u0105ca, kolejne warstwy buduj\u0119 na tej sinusoidzie, dzi\u0119ki temu wszystko si\u0119 spaja. Lubi\u0119 \u015bpiewa\u0107 oddechem, dodawa\u0107 go du\u017co do barwy g\u0142osu. Kiedy \u015bpiewam, skupiam si\u0119 na oddechu, my\u015bl\u0119, ile go potrzebuj\u0119, aby za\u015bpiewa\u0107 dan\u0105 fraz\u0119. Moja nauczycielka \u015bpiewu poleci\u0142a mi zaznacza\u0107 w utworze oddech na samym pocz\u0105tku, kiedy zaczynam nad nim prac\u0119.<\/p>\n<p><b>M.H: <\/b>Dobre pytanie. Pracuj\u0119 teraz na miksem i chyba czas zastanowi\u0107 si\u0119 czy m\u00f3j utw\u00f3r ma w sobie wystarczaj\u0105co du\u017co oddechu\u2026 Je\u015bli rozumie\u0107 oddech jako przerw\u0119 czy pauz\u0119, to jest tym, co pozwala zr\u00f3wnowa\u017cy\u0107 napi\u0119cie. Przestrze\u0144 pomi\u0119dzy d\u017awi\u0119kami to miejsce, w kt\u00f3rym tak naprawd\u0119 jest muzyka. Przecie\u017c utw\u00f3r Johna Cage\u2019a 4:33 jest zagrany na samym \u201eoddechu\u201d. To jedna, d\u0142uga pauza. I to jest \u015bwietne! W muzyce jest to wi\u0119c umiej\u0119tno\u015b\u0107 tworzenia niedopowiedzianej i nieumeblowanej przestrzeni dla wyobra\u017ani s\u0142uchacza.<\/p>\n<p><b>A.M: <\/b>W hinduizmie oddech, opr\u00f3cz wielu innych znacze\u0144, oznacza r\u00f3wnie\u017c miar\u0119 czasu. Sp\u0119dzi\u0142am spor\u0105 cz\u0119\u015b\u0107 swojego \u017cycia w teatrze Gardzienice, gdzie pracowali\u015bmy du\u017co z muzyk\u0105 i przez wiele lat zajmowali\u015bmy si\u0119 badaniem muzyki antycznej Grecji. Szukali\u015bmy klucza mi\u0119dzy innymi poprzez analiz\u0119 s\u0105siedzkich rytm\u00f3w ba\u0142ka\u0144skich, zar\u00f3wno staro\u017cytnych jak i wsp\u00f3\u0142czesnych. Doszli\u015bmy do tego, \u017ce bardzo istotn\u0105 rol\u0119 w muzyczno\u015bci pe\u0142ni oddech d\u017awi\u0119czny. To takie po\u0142\u0105czenie wokalizy i instrumentacji. Oddech wi\u0119c kojarzy mi si\u0119 z najg\u0142\u0119bsz\u0105 form\u0105 muzyki.<\/p>\n<p><b>Czy wykorzystujecie oddech jako rodzaj d\u017awi\u0119ku w swoich nagraniach?<\/b><\/p>\n<p><b>A.M:<\/b> Tu mo\u017cemy m\u00f3wi\u0107 jednym g\u0142osem jako Tara Gayan. Jeszcze tego oficjalnie nie robili\u015bmy, ale jest to zbyt szerokie pole do eksploracji, \u017ceby tam nie zajrze\u0107 i z tego nie skorzysta\u0107. By\u0107 mo\u017ce b\u0119d\u0105 to d\u017awi\u0119ki nieco elektronicznie przetworzone, poci\u0119te, samplowane, ale my\u015bl\u0119, \u017ce to \u015bwietny punkt \u201ewej\u015bcia\u201d do zbudowania emocjonalnej warstwy utworu.<\/p>\n<p><b>M.H:<\/b> Jeszcze tego nie pr\u00f3bowa\u0142em w naszych utworach, ale od pewnego czasu chodzi\u0142o mi po g\u0142owie zrobienie takiej polirytmii oddechowej, gdzie wdechy i wydechy id\u0105 r\u00f3wnolegle do warstwy muzycznej lub nawet tworz\u0105 rytmizacj\u0119. Oddech dodaje wspania\u0142ego \u017cycia i energii utworowi. Ciekawe te\u017c by by\u0142o nagra\u0107 oddechy instrumentalist\u00f3w podczas koncert\u00f3w, bardzo mnie interesuje czy rytm ich oddech\u00f3w zgra\u0142by si\u0119 z rytmem utworu\u2026<\/p>\n<p><b>T.D:<\/b> Planuj\u0119 wydanie jednego utworu, gdzie oddech b\u0119dzie bardzo mocno s\u0142yszalny. D\u017awi\u0119ki wdychania i wydychania s\u0105 r\u00f3\u017cne, a jednak po\u0142\u0105czone ze sob\u0105 i naturalne. Podczas miksu cz\u0119sto wycina si\u0119 oddechy, co bardzo pozbawia wokal naturalno\u015bci. My\u015bl\u0119, \u017ce ich brzmienie jest kluczowe dla odczucia prawdy w utworze.<\/p>\n<p><b>Jak oddech od pracy, koncert\u00f3w, spotka\u0144 z lud\u017ami zadzia\u0142 u was w okresie pandemii?<\/b><\/p>\n<p><b>T.D:<\/b> Na pocz\u0105tku by\u0142o niestabilnie, by\u0142 to niepewny okres, nikt nie wiedzia\u0142, ile to b\u0119dzie trwa\u0142o\u2026 Wyjecha\u0142em na wie\u015b, a niepewno\u015b\u0107 powoli przeistacza\u0142a si\u0119 w odpoczynek. Przed pandemi\u0105 w ka\u017cdy weekend je\u017adzi\u0142em gra\u0107 koncerty, a ta d\u0142u\u017csza przerwa od aktywno\u015bci da\u0142a mi du\u017co spokoju.<\/p>\n<p><b>M.H: <\/b>My na pocz\u0105tku 2020 roku dopiero dogrywali\u015bmy si\u0119 do trio i zaczynali\u015bmy planowa\u0107 powa\u017cniejsze koncerty\u2026 i nagle wszystko si\u0119 zatrzyma\u0142o. Raczej wstrzymali\u015bmy oddech ni\u017c odetchn\u0119li z ulg\u0105.<\/p>\n<p><b>A.M<\/b>: To by\u0142o jak trening nurka, kt\u00f3ry sprawdza, do ilu mo\u017ce policzy\u0107 zanim utonie.<\/p>\n<p><b>M.H:<\/b> Z drugiej strony bardzo szybko zacz\u0119li\u015bmy szuka\u0107 alternatyw. Chcieli\u015bmy wykorzysta\u0107 ten czas na realizowanie cel\u00f3w, kt\u00f3re sobie wyznaczyli\u015bmy. Patrz\u0105c pod k\u0105tem mened\u017cerskim, wiemy, \u017ce arty\u015bci powinni inwestowa\u0107 zarobione \u015brodki i sw\u00f3j czas, \u017ceby w czasie zmniejszonych przychod\u00f3w m\u00f3c si\u0119 utrzyma\u0107. Id\u0105c tym tropem, wykorzystali\u015bmy ten czas na zdobycie dotacji i stworzenie w\u0142asnego studia nagra\u0144.<\/p>\n<p><b>A.M:<\/b> Zamkn\u0119li\u015bmy si\u0119 w domku w lesie, podziwiamy wschody s\u0142o\u0144ca, s\u0142uchamy ptak\u00f3w. Za\u0142o\u017cyli\u015bmy te\u017c przydomowy warzywniak, uprawiamy warzywa i owoce, jest cudownie!<\/p>\n<p><b>M.H:<\/b> Poza tym skupili\u015bmy si\u0119 na relacjach i docenieniu tego, co si\u0119 ma\u2026<\/p>\n<p><b>Czy utwory muzyczne mog\u0105 regulowa\u0107 oddech? Czego s\u0142uchacie, \u017ceby si\u0119 uspokoi\u0107, pomedytowa\u0107?<\/b><\/p>\n<p><b>T.D:<\/b> Ostatnio cz\u0119sto wracam do Bena Howarda, FINK, s\u0142ucham du\u017co ambientu, Christiana L\u00f6fflera, kt\u00f3rego elektroniczne utwory s\u0105 mocno wizualne. Uspokaja mnie te\u017c minimalistyczna, powolna, ambientowa muzyka bliska duszy, wykorzystuj\u0105ca tak\u017ce orkiestr\u0119 kameraln\u0105, na kt\u00f3r\u0105 sk\u0142ada si\u0119 r\u00f3wnie\u017c oddech \u2013 tak\u0105 muzyk\u0119 tworzy na przyk\u0142ad RY X.<\/p>\n<p><b>M.H<\/b>: Nils Frahm, no i Islandia&#8230; Olafur Arnalds! Poza tym: Michael Brook, Kiasmos, Monolink.<\/p>\n<p><b>A.M:<\/b> Och, jest tego wiele. Ballake Sissoko \u2013 wszystko, co nagra\u0142. Nick Cave, szczeg\u00f3lnie \u201ePush the sky away\u201d. Mo\u017cd\u017cer \u2013 Danielson \u2013 Fresco \u201eThe Time\u201d. Soundtrack z \u201eLet the lovers stay alive\u201d. Niklas Paschburg \u2013 odkrycie ostatnich dni. I jeszcze mniej chillowe, ale absolutnie ulubione wi\u0119c te\u017c wprowadzaj\u0105ce w stref\u0119 komfortu, Lola Marsh i Asaf Awidan.<\/p>\n","protected":false},"excerpt":{"rendered":"<p>Czy oddech od koncert\u00f3w dobrze nam zrobi\u0142? Czym jest oddech w muzyce? Czy czasem zapominamy oddycha\u0107? Przy czym \u0142apiemy oddech? Z tymi pytaniami zmierzyli si\u0119 nasi rozm\u00f3wcy: Agnieszka Mendel i Maciek Hanusek z zespo\u0142u Tara Gayan oraz Tomek D\u017caman. Czym dla ciebie jest oddech? Maciek Hanusek: Dla mnie to jest pomost, co\u015b, co sprawia, \u017ce [&hellip;]<\/p>\n","protected":false},"author":39,"featured_media":4512,"comment_status":"open","ping_status":"open","sticky":false,"template":"","format":"standard","meta":{"inline_featured_image":false,"footnotes":""},"categories":[309,306],"tags":[],"class_list":["post-4509","post","type-post","status-publish","format-standard","has-post-thumbnail","hentry","category-spolecznosc","category-wywiad"],"acf":[],"yoast_head":"<!-- This site is optimized with the Yoast SEO plugin v19.7.1 - https:\/\/yoast.com\/wordpress\/plugins\/seo\/ -->\n<title>G\u0142os spo\u0142eczno\u015bci #oddech - Tak Brzmi Miasto<\/title>\n<meta name=\"robots\" content=\"index, follow, max-snippet:-1, max-image-preview:large, max-video-preview:-1\" \/>\n<link rel=\"canonical\" href=\"https:\/\/takbrzmimiasto.pl\/en\/glos-spolecznosci-oddech\/\" \/>\n<meta property=\"og:locale\" content=\"en_US\" \/>\n<meta property=\"og:type\" content=\"article\" \/>\n<meta property=\"og:title\" content=\"G\u0142os spo\u0142eczno\u015bci #oddech - Tak Brzmi Miasto\" \/>\n<meta property=\"og:description\" content=\"Czy oddech od koncert\u00f3w dobrze nam zrobi\u0142? Czym jest oddech w muzyce? Czy czasem zapominamy oddycha\u0107? Przy czym \u0142apiemy oddech? Z tymi pytaniami zmierzyli si\u0119 nasi rozm\u00f3wcy: Agnieszka Mendel i Maciek Hanusek z zespo\u0142u Tara Gayan oraz Tomek D\u017caman. Czym dla ciebie jest oddech? Maciek Hanusek: Dla mnie to jest pomost, co\u015b, co sprawia, \u017ce [&hellip;]\" \/>\n<meta property=\"og:url\" content=\"https:\/\/takbrzmimiasto.pl\/en\/glos-spolecznosci-oddech\/\" \/>\n<meta property=\"og:site_name\" content=\"Tak Brzmi Miasto\" \/>\n<meta property=\"article:published_time\" content=\"2021-07-21T18:06:01+00:00\" \/>\n<meta property=\"article:modified_time\" content=\"2022-04-15T09:50:31+00:00\" \/>\n<meta property=\"og:image\" content=\"https:\/\/takbrzmimiasto.pl\/wp-content\/uploads\/2021\/07\/gs.jpg\" \/>\n\t<meta property=\"og:image:width\" content=\"1920\" \/>\n\t<meta property=\"og:image:height\" content=\"1080\" \/>\n\t<meta property=\"og:image:type\" content=\"image\/jpeg\" \/>\n<meta name=\"author\" content=\"Adrianna Ku\u0107mierz\" \/>\n<meta name=\"twitter:card\" content=\"summary_large_image\" \/>\n<meta name=\"twitter:label1\" content=\"Written by\" \/>\n\t<meta name=\"twitter:data1\" content=\"Adrianna Ku\u0107mierz\" \/>\n\t<meta name=\"twitter:label2\" content=\"Est. reading time\" \/>\n\t<meta name=\"twitter:data2\" content=\"6 minutes\" \/>\n<script type=\"application\/ld+json\" class=\"yoast-schema-graph\">{\"@context\":\"https:\/\/schema.org\",\"@graph\":[{\"@type\":\"Article\",\"@id\":\"https:\/\/takbrzmimiasto.pl\/en\/glos-spolecznosci-oddech\/#article\",\"isPartOf\":{\"@id\":\"https:\/\/takbrzmimiasto.pl\/en\/glos-spolecznosci-oddech\/\"},\"author\":{\"name\":\"Adrianna Ku\u0107mierz\",\"@id\":\"https:\/\/takbrzmimiasto.pl\/#\/schema\/person\/2dc972a63547f0129144c9bb4aa44d4b\"},\"headline\":\"G\u0142os spo\u0142eczno\u015bci #oddech\",\"datePublished\":\"2021-07-21T18:06:01+00:00\",\"dateModified\":\"2022-04-15T09:50:31+00:00\",\"mainEntityOfPage\":{\"@id\":\"https:\/\/takbrzmimiasto.pl\/en\/glos-spolecznosci-oddech\/\"},\"wordCount\":1122,\"commentCount\":0,\"publisher\":{\"@id\":\"https:\/\/takbrzmimiasto.pl\/#organization\"},\"articleSection\":[\"Spo\u0142eczno\u015b\u0107\",\"Wywiad\"],\"inLanguage\":\"en-US\",\"potentialAction\":[{\"@type\":\"CommentAction\",\"name\":\"Comment\",\"target\":[\"https:\/\/takbrzmimiasto.pl\/en\/glos-spolecznosci-oddech\/#respond\"]}]},{\"@type\":\"WebPage\",\"@id\":\"https:\/\/takbrzmimiasto.pl\/en\/glos-spolecznosci-oddech\/\",\"url\":\"https:\/\/takbrzmimiasto.pl\/en\/glos-spolecznosci-oddech\/\",\"name\":\"G\u0142os spo\u0142eczno\u015bci #oddech - Tak Brzmi Miasto\",\"isPartOf\":{\"@id\":\"https:\/\/takbrzmimiasto.pl\/#website\"},\"datePublished\":\"2021-07-21T18:06:01+00:00\",\"dateModified\":\"2022-04-15T09:50:31+00:00\",\"breadcrumb\":{\"@id\":\"https:\/\/takbrzmimiasto.pl\/en\/glos-spolecznosci-oddech\/#breadcrumb\"},\"inLanguage\":\"en-US\",\"potentialAction\":[{\"@type\":\"ReadAction\",\"target\":[\"https:\/\/takbrzmimiasto.pl\/en\/glos-spolecznosci-oddech\/\"]}]},{\"@type\":\"BreadcrumbList\",\"@id\":\"https:\/\/takbrzmimiasto.pl\/en\/glos-spolecznosci-oddech\/#breadcrumb\",\"itemListElement\":[{\"@type\":\"ListItem\",\"position\":1,\"name\":\"Strona g\u0142\u00f3wna\",\"item\":\"https:\/\/takbrzmimiasto.pl\/en\/\"},{\"@type\":\"ListItem\",\"position\":2,\"name\":\"G\u0142os spo\u0142eczno\u015bci #oddech\"}]},{\"@type\":\"WebSite\",\"@id\":\"https:\/\/takbrzmimiasto.pl\/#website\",\"url\":\"https:\/\/takbrzmimiasto.pl\/\",\"name\":\"Tak Brzmi Miasto\",\"description\":\"Tak Brzmi Miasto to konferencja, festiwal, inkubator dla mened\u017cer\u00f3w i akademia\",\"publisher\":{\"@id\":\"https:\/\/takbrzmimiasto.pl\/#organization\"},\"potentialAction\":[{\"@type\":\"SearchAction\",\"target\":{\"@type\":\"EntryPoint\",\"urlTemplate\":\"https:\/\/takbrzmimiasto.pl\/?s={search_term_string}\"},\"query-input\":\"required name=search_term_string\"}],\"inLanguage\":\"en-US\"},{\"@type\":\"Organization\",\"@id\":\"https:\/\/takbrzmimiasto.pl\/#organization\",\"name\":\"Tak Brzmi Miasto\",\"url\":\"https:\/\/takbrzmimiasto.pl\/\",\"sameAs\":[],\"logo\":{\"@type\":\"ImageObject\",\"inLanguage\":\"en-US\",\"@id\":\"https:\/\/takbrzmimiasto.pl\/#\/schema\/logo\/image\/\",\"url\":\"https:\/\/takbrzmimiasto.pl\/wp-content\/uploads\/2021\/04\/www_miniatura_bezmenu.jpg\",\"contentUrl\":\"https:\/\/takbrzmimiasto.pl\/wp-content\/uploads\/2021\/04\/www_miniatura_bezmenu.jpg\",\"width\":1920,\"height\":1080,\"caption\":\"Tak Brzmi Miasto\"},\"image\":{\"@id\":\"https:\/\/takbrzmimiasto.pl\/#\/schema\/logo\/image\/\"}},{\"@type\":\"Person\",\"@id\":\"https:\/\/takbrzmimiasto.pl\/#\/schema\/person\/2dc972a63547f0129144c9bb4aa44d4b\",\"name\":\"Adrianna Ku\u0107mierz\",\"image\":{\"@type\":\"ImageObject\",\"inLanguage\":\"en-US\",\"@id\":\"https:\/\/takbrzmimiasto.pl\/#\/schema\/person\/image\/\",\"url\":\"https:\/\/secure.gravatar.com\/avatar\/a042c94f8c4d08f584629a8ee778f3c9?s=96&d=mm&r=g\",\"contentUrl\":\"https:\/\/secure.gravatar.com\/avatar\/a042c94f8c4d08f584629a8ee778f3c9?s=96&d=mm&r=g\",\"caption\":\"Adrianna Ku\u0107mierz\"},\"description\":\"Adrianna Ku\u0107mierz - wokalistka, autorka tekst\u00f3w, kompozytorka. Tak\u017ce aktorka i lektorka. Pisze piosenki, \u015bpiewa, gra w teatrze i TV. Kocha natur\u0119 i ceni ka\u017cd\u0105 chwil\u0119 sp\u0119dzon\u0105 na \u0142onie przyrody. Podr\u00f3\u017cuje kiedy si\u0119 da, a kiedy nie - celebruje relacje z lud\u017ami lub samotno\u015bci\u0105. Absolwentka Tak Brzmi Miasto Inkubator 2020.\",\"url\":\"https:\/\/takbrzmimiasto.pl\/en\/author\/adrianna-kucmierz\/\"}]}<\/script>\n<!-- \/ Yoast SEO plugin. -->","yoast_head_json":{"title":"G\u0142os spo\u0142eczno\u015bci #oddech - Tak Brzmi Miasto","robots":{"index":"index","follow":"follow","max-snippet":"max-snippet:-1","max-image-preview":"max-image-preview:large","max-video-preview":"max-video-preview:-1"},"canonical":"https:\/\/takbrzmimiasto.pl\/en\/glos-spolecznosci-oddech\/","og_locale":"en_US","og_type":"article","og_title":"G\u0142os spo\u0142eczno\u015bci #oddech - Tak Brzmi Miasto","og_description":"Czy oddech od koncert\u00f3w dobrze nam zrobi\u0142? Czym jest oddech w muzyce? Czy czasem zapominamy oddycha\u0107? Przy czym \u0142apiemy oddech? Z tymi pytaniami zmierzyli si\u0119 nasi rozm\u00f3wcy: Agnieszka Mendel i Maciek Hanusek z zespo\u0142u Tara Gayan oraz Tomek D\u017caman. Czym dla ciebie jest oddech? Maciek Hanusek: Dla mnie to jest pomost, co\u015b, co sprawia, \u017ce [&hellip;]","og_url":"https:\/\/takbrzmimiasto.pl\/en\/glos-spolecznosci-oddech\/","og_site_name":"Tak Brzmi Miasto","article_published_time":"2021-07-21T18:06:01+00:00","article_modified_time":"2022-04-15T09:50:31+00:00","og_image":[{"width":1920,"height":1080,"url":"https:\/\/takbrzmimiasto.pl\/wp-content\/uploads\/2021\/07\/gs.jpg","type":"image\/jpeg"}],"author":"Adrianna Ku\u0107mierz","twitter_card":"summary_large_image","twitter_misc":{"Written by":"Adrianna Ku\u0107mierz","Est. reading time":"6 minutes"},"schema":{"@context":"https:\/\/schema.org","@graph":[{"@type":"Article","@id":"https:\/\/takbrzmimiasto.pl\/en\/glos-spolecznosci-oddech\/#article","isPartOf":{"@id":"https:\/\/takbrzmimiasto.pl\/en\/glos-spolecznosci-oddech\/"},"author":{"name":"Adrianna Ku\u0107mierz","@id":"https:\/\/takbrzmimiasto.pl\/#\/schema\/person\/2dc972a63547f0129144c9bb4aa44d4b"},"headline":"G\u0142os spo\u0142eczno\u015bci #oddech","datePublished":"2021-07-21T18:06:01+00:00","dateModified":"2022-04-15T09:50:31+00:00","mainEntityOfPage":{"@id":"https:\/\/takbrzmimiasto.pl\/en\/glos-spolecznosci-oddech\/"},"wordCount":1122,"commentCount":0,"publisher":{"@id":"https:\/\/takbrzmimiasto.pl\/#organization"},"articleSection":["Spo\u0142eczno\u015b\u0107","Wywiad"],"inLanguage":"en-US","potentialAction":[{"@type":"CommentAction","name":"Comment","target":["https:\/\/takbrzmimiasto.pl\/en\/glos-spolecznosci-oddech\/#respond"]}]},{"@type":"WebPage","@id":"https:\/\/takbrzmimiasto.pl\/en\/glos-spolecznosci-oddech\/","url":"https:\/\/takbrzmimiasto.pl\/en\/glos-spolecznosci-oddech\/","name":"G\u0142os spo\u0142eczno\u015bci #oddech - Tak Brzmi Miasto","isPartOf":{"@id":"https:\/\/takbrzmimiasto.pl\/#website"},"datePublished":"2021-07-21T18:06:01+00:00","dateModified":"2022-04-15T09:50:31+00:00","breadcrumb":{"@id":"https:\/\/takbrzmimiasto.pl\/en\/glos-spolecznosci-oddech\/#breadcrumb"},"inLanguage":"en-US","potentialAction":[{"@type":"ReadAction","target":["https:\/\/takbrzmimiasto.pl\/en\/glos-spolecznosci-oddech\/"]}]},{"@type":"BreadcrumbList","@id":"https:\/\/takbrzmimiasto.pl\/en\/glos-spolecznosci-oddech\/#breadcrumb","itemListElement":[{"@type":"ListItem","position":1,"name":"Strona g\u0142\u00f3wna","item":"https:\/\/takbrzmimiasto.pl\/en\/"},{"@type":"ListItem","position":2,"name":"G\u0142os spo\u0142eczno\u015bci #oddech"}]},{"@type":"WebSite","@id":"https:\/\/takbrzmimiasto.pl\/#website","url":"https:\/\/takbrzmimiasto.pl\/","name":"Tak Brzmi Miasto","description":"Tak Brzmi Miasto to konferencja, festiwal, inkubator dla mened\u017cer\u00f3w i akademia","publisher":{"@id":"https:\/\/takbrzmimiasto.pl\/#organization"},"potentialAction":[{"@type":"SearchAction","target":{"@type":"EntryPoint","urlTemplate":"https:\/\/takbrzmimiasto.pl\/?s={search_term_string}"},"query-input":"required name=search_term_string"}],"inLanguage":"en-US"},{"@type":"Organization","@id":"https:\/\/takbrzmimiasto.pl\/#organization","name":"Tak Brzmi Miasto","url":"https:\/\/takbrzmimiasto.pl\/","sameAs":[],"logo":{"@type":"ImageObject","inLanguage":"en-US","@id":"https:\/\/takbrzmimiasto.pl\/#\/schema\/logo\/image\/","url":"https:\/\/takbrzmimiasto.pl\/wp-content\/uploads\/2021\/04\/www_miniatura_bezmenu.jpg","contentUrl":"https:\/\/takbrzmimiasto.pl\/wp-content\/uploads\/2021\/04\/www_miniatura_bezmenu.jpg","width":1920,"height":1080,"caption":"Tak Brzmi Miasto"},"image":{"@id":"https:\/\/takbrzmimiasto.pl\/#\/schema\/logo\/image\/"}},{"@type":"Person","@id":"https:\/\/takbrzmimiasto.pl\/#\/schema\/person\/2dc972a63547f0129144c9bb4aa44d4b","name":"Adrianna Ku\u0107mierz","image":{"@type":"ImageObject","inLanguage":"en-US","@id":"https:\/\/takbrzmimiasto.pl\/#\/schema\/person\/image\/","url":"https:\/\/secure.gravatar.com\/avatar\/a042c94f8c4d08f584629a8ee778f3c9?s=96&d=mm&r=g","contentUrl":"https:\/\/secure.gravatar.com\/avatar\/a042c94f8c4d08f584629a8ee778f3c9?s=96&d=mm&r=g","caption":"Adrianna Ku\u0107mierz"},"description":"Adrianna Ku\u0107mierz - wokalistka, autorka tekst\u00f3w, kompozytorka. Tak\u017ce aktorka i lektorka. Pisze piosenki, \u015bpiewa, gra w teatrze i TV. Kocha natur\u0119 i ceni ka\u017cd\u0105 chwil\u0119 sp\u0119dzon\u0105 na \u0142onie przyrody. Podr\u00f3\u017cuje kiedy si\u0119 da, a kiedy nie - celebruje relacje z lud\u017ami lub samotno\u015bci\u0105. Absolwentka Tak Brzmi Miasto Inkubator 2020.","url":"https:\/\/takbrzmimiasto.pl\/en\/author\/adrianna-kucmierz\/"}]}},"_links":{"self":[{"href":"https:\/\/takbrzmimiasto.pl\/en\/wp-json\/wp\/v2\/posts\/4509\/"}],"collection":[{"href":"https:\/\/takbrzmimiasto.pl\/en\/wp-json\/wp\/v2\/posts\/"}],"about":[{"href":"https:\/\/takbrzmimiasto.pl\/en\/wp-json\/wp\/v2\/types\/post\/"}],"author":[{"embeddable":true,"href":"https:\/\/takbrzmimiasto.pl\/en\/wp-json\/wp\/v2\/users\/39\/"}],"replies":[{"embeddable":true,"href":"https:\/\/takbrzmimiasto.pl\/en\/wp-json\/wp\/v2\/comments\/?post=4509"}],"version-history":[{"count":1,"href":"https:\/\/takbrzmimiasto.pl\/en\/wp-json\/wp\/v2\/posts\/4509\/revisions\/"}],"predecessor-version":[{"id":4514,"href":"https:\/\/takbrzmimiasto.pl\/en\/wp-json\/wp\/v2\/posts\/4509\/revisions\/4514\/"}],"wp:featuredmedia":[{"embeddable":true,"href":"https:\/\/takbrzmimiasto.pl\/en\/wp-json\/wp\/v2\/media\/4512\/"}],"wp:attachment":[{"href":"https:\/\/takbrzmimiasto.pl\/en\/wp-json\/wp\/v2\/media\/?parent=4509"}],"wp:term":[{"taxonomy":"category","embeddable":true,"href":"https:\/\/takbrzmimiasto.pl\/en\/wp-json\/wp\/v2\/categories\/?post=4509"},{"taxonomy":"post_tag","embeddable":true,"href":"https:\/\/takbrzmimiasto.pl\/en\/wp-json\/wp\/v2\/tags\/?post=4509"}],"curies":[{"name":"wp","href":"https:\/\/api.w.org\/{rel}","templated":true}]}}