{"id":4527,"date":"2021-07-06T22:11:40","date_gmt":"2021-07-06T20:11:40","guid":{"rendered":"https:\/\/takbrzmimiasto.pl\/?p=4527"},"modified":"2022-04-15T11:51:09","modified_gmt":"2022-04-15T09:51:09","slug":"odpytywanie-piotr-metz-w-rozmowie-z-andrzejem-czarneckim","status":"publish","type":"post","link":"https:\/\/takbrzmimiasto.pl\/en\/odpytywanie-piotr-metz-w-rozmowie-z-andrzejem-czarneckim\/","title":{"rendered":"Odpytywanie: Piotr Metz w rozmowie z Andrzejem Czarneckim"},"content":{"rendered":"<p>Wywiad przeprowadzony przez Piotra Metza z Andrzejem Czarneckim, uczestnikiem programu Tak Brzmi Miasto Inkubator 2020. Nagranie zrealizowano w Centrum Kultury Dworek Bia\u0142opr\u0105dnicki w sierpniu 2020 roku, podczas obozu letniego w ramach Inkubatora.<\/p>\n<div class=\"ratio ratio-16x9\"><iframe loading=\"lazy\" title=\"Odpytywanie: Piotr Metz w rozmowie z Andrzejem Czarneckim (Blisko)\" width=\"640\" height=\"360\" src=\"https:\/\/www.youtube.com\/embed\/7jxI4axqtzI?feature=oembed\" frameborder=\"0\" allow=\"accelerometer; autoplay; clipboard-write; encrypted-media; gyroscope; picture-in-picture; web-share\" referrerpolicy=\"strict-origin-when-cross-origin\" allowfullscreen><\/iframe><\/div>\n<p>Zesp\u00f3\u0142 Blisko prezentuje w\u0142asne spojrzenie na psychodeli\u0119. Psychodeli\u0119 nie tylko muzyczn\u0105, lecz tak\u017ce otaczaj\u0105cego \u015bwiata. \u015awiata zbudowanego z chodnik\u00f3w, bia\u0142ych linii i twarzy. Blisko \u015bpiewa tylko po polsku, prosto do ucha i prosto w m\u00f3zg. Brzmi lepiej na koncertach, gdzie \u0142\u0105czy sw\u00f3j repertuar z ekspresyjn\u0105 improwizacj\u0105.<\/p>\n<p>\ud83d\udc49 <a href=\"https:\/\/www.facebook.com\/blisko.band\/\">Blisko<\/a><\/p>\n","protected":false},"excerpt":{"rendered":"<p>Wywiad przeprowadzony przez Piotra Metza z Andrzejem Czarneckim, uczestnikiem programu Tak Brzmi Miasto Inkubator 2020. Nagranie zrealizowano w Centrum Kultury Dworek Bia\u0142opr\u0105dnicki w sierpniu 2020 roku, podczas obozu letniego w ramach Inkubatora. Zesp\u00f3\u0142 Blisko prezentuje w\u0142asne spojrzenie na psychodeli\u0119. Psychodeli\u0119 nie tylko muzyczn\u0105, lecz tak\u017ce otaczaj\u0105cego \u015bwiata. \u015awiata zbudowanego z chodnik\u00f3w, bia\u0142ych linii i twarzy. [&hellip;]<\/p>\n","protected":false},"author":65,"featured_media":4529,"comment_status":"open","ping_status":"open","sticky":false,"template":"","format":"standard","meta":{"inline_featured_image":false,"footnotes":""},"categories":[309,306],"tags":[73,61,60,85],"class_list":["post-4527","post","type-post","status-publish","format-standard","has-post-thumbnail","hentry","category-spolecznosc","category-wywiad","tag-glosspolecznosci","tag-wideo","tag-wywiad","tag-zespol"],"acf":[],"yoast_head":"<!-- This site is optimized with the Yoast SEO plugin v19.7.1 - https:\/\/yoast.com\/wordpress\/plugins\/seo\/ -->\n<title>Odpytywanie: Piotr Metz w rozmowie z Andrzejem Czarneckim - Tak Brzmi Miasto<\/title>\n<meta name=\"robots\" content=\"index, follow, max-snippet:-1, max-image-preview:large, max-video-preview:-1\" \/>\n<link rel=\"canonical\" href=\"https:\/\/takbrzmimiasto.pl\/en\/odpytywanie-piotr-metz-w-rozmowie-z-andrzejem-czarneckim\/\" \/>\n<meta property=\"og:locale\" content=\"en_US\" \/>\n<meta property=\"og:type\" content=\"article\" \/>\n<meta property=\"og:title\" content=\"Odpytywanie: Piotr Metz w rozmowie z Andrzejem Czarneckim - Tak Brzmi Miasto\" \/>\n<meta property=\"og:description\" content=\"Wywiad przeprowadzony przez Piotra Metza z Andrzejem Czarneckim, uczestnikiem programu Tak Brzmi Miasto Inkubator 2020. Nagranie zrealizowano w Centrum Kultury Dworek Bia\u0142opr\u0105dnicki w sierpniu 2020 roku, podczas obozu letniego w ramach Inkubatora. Zesp\u00f3\u0142 Blisko prezentuje w\u0142asne spojrzenie na psychodeli\u0119. Psychodeli\u0119 nie tylko muzyczn\u0105, lecz tak\u017ce otaczaj\u0105cego \u015bwiata. \u015awiata zbudowanego z chodnik\u00f3w, bia\u0142ych linii i twarzy. [&hellip;]\" \/>\n<meta property=\"og:url\" content=\"https:\/\/takbrzmimiasto.pl\/en\/odpytywanie-piotr-metz-w-rozmowie-z-andrzejem-czarneckim\/\" \/>\n<meta property=\"og:site_name\" content=\"Tak Brzmi Miasto\" \/>\n<meta property=\"article:published_time\" content=\"2021-07-06T20:11:40+00:00\" \/>\n<meta property=\"article:modified_time\" content=\"2022-04-15T09:51:09+00:00\" \/>\n<meta property=\"og:image\" content=\"https:\/\/takbrzmimiasto.pl\/wp-content\/uploads\/2021\/07\/yt_miniaturka31.jpg\" \/>\n\t<meta property=\"og:image:width\" content=\"1920\" \/>\n\t<meta property=\"og:image:height\" content=\"1080\" \/>\n\t<meta property=\"og:image:type\" content=\"image\/jpeg\" \/>\n<meta name=\"author\" content=\"Maja Szyma\" \/>\n<meta name=\"twitter:card\" content=\"summary_large_image\" \/>\n<meta name=\"twitter:label1\" content=\"Written by\" \/>\n\t<meta name=\"twitter:data1\" content=\"Maja Szyma\" \/>\n<script type=\"application\/ld+json\" class=\"yoast-schema-graph\">{\"@context\":\"https:\/\/schema.org\",\"@graph\":[{\"@type\":\"Article\",\"@id\":\"https:\/\/takbrzmimiasto.pl\/en\/odpytywanie-piotr-metz-w-rozmowie-z-andrzejem-czarneckim\/#article\",\"isPartOf\":{\"@id\":\"https:\/\/takbrzmimiasto.pl\/en\/odpytywanie-piotr-metz-w-rozmowie-z-andrzejem-czarneckim\/\"},\"author\":{\"name\":\"Maja Szyma\",\"@id\":\"https:\/\/takbrzmimiasto.pl\/#\/schema\/person\/e126130e557bd92d986582ff36d495d5\"},\"headline\":\"Odpytywanie: Piotr Metz w rozmowie z Andrzejem Czarneckim\",\"datePublished\":\"2021-07-06T20:11:40+00:00\",\"dateModified\":\"2022-04-15T09:51:09+00:00\",\"mainEntityOfPage\":{\"@id\":\"https:\/\/takbrzmimiasto.pl\/en\/odpytywanie-piotr-metz-w-rozmowie-z-andrzejem-czarneckim\/\"},\"wordCount\":102,\"commentCount\":0,\"publisher\":{\"@id\":\"https:\/\/takbrzmimiasto.pl\/#organization\"},\"keywords\":[\"G\u0141OSSPO\u0141ECZNO\u015aCI\",\"wideo\",\"wywiad\",\"zesp\u00f3\u0142\"],\"articleSection\":[\"Spo\u0142eczno\u015b\u0107\",\"Wywiad\"],\"inLanguage\":\"en-US\",\"potentialAction\":[{\"@type\":\"CommentAction\",\"name\":\"Comment\",\"target\":[\"https:\/\/takbrzmimiasto.pl\/en\/odpytywanie-piotr-metz-w-rozmowie-z-andrzejem-czarneckim\/#respond\"]}]},{\"@type\":\"WebPage\",\"@id\":\"https:\/\/takbrzmimiasto.pl\/en\/odpytywanie-piotr-metz-w-rozmowie-z-andrzejem-czarneckim\/\",\"url\":\"https:\/\/takbrzmimiasto.pl\/en\/odpytywanie-piotr-metz-w-rozmowie-z-andrzejem-czarneckim\/\",\"name\":\"Odpytywanie: Piotr Metz w rozmowie z Andrzejem Czarneckim - Tak Brzmi Miasto\",\"isPartOf\":{\"@id\":\"https:\/\/takbrzmimiasto.pl\/#website\"},\"datePublished\":\"2021-07-06T20:11:40+00:00\",\"dateModified\":\"2022-04-15T09:51:09+00:00\",\"breadcrumb\":{\"@id\":\"https:\/\/takbrzmimiasto.pl\/en\/odpytywanie-piotr-metz-w-rozmowie-z-andrzejem-czarneckim\/#breadcrumb\"},\"inLanguage\":\"en-US\",\"potentialAction\":[{\"@type\":\"ReadAction\",\"target\":[\"https:\/\/takbrzmimiasto.pl\/en\/odpytywanie-piotr-metz-w-rozmowie-z-andrzejem-czarneckim\/\"]}]},{\"@type\":\"BreadcrumbList\",\"@id\":\"https:\/\/takbrzmimiasto.pl\/en\/odpytywanie-piotr-metz-w-rozmowie-z-andrzejem-czarneckim\/#breadcrumb\",\"itemListElement\":[{\"@type\":\"ListItem\",\"position\":1,\"name\":\"Strona g\u0142\u00f3wna\",\"item\":\"https:\/\/takbrzmimiasto.pl\/en\/\"},{\"@type\":\"ListItem\",\"position\":2,\"name\":\"Odpytywanie: Piotr Metz w rozmowie z Andrzejem Czarneckim\"}]},{\"@type\":\"WebSite\",\"@id\":\"https:\/\/takbrzmimiasto.pl\/#website\",\"url\":\"https:\/\/takbrzmimiasto.pl\/\",\"name\":\"Tak Brzmi Miasto\",\"description\":\"Tak Brzmi Miasto to konferencja, festiwal, inkubator dla mened\u017cer\u00f3w i akademia\",\"publisher\":{\"@id\":\"https:\/\/takbrzmimiasto.pl\/#organization\"},\"potentialAction\":[{\"@type\":\"SearchAction\",\"target\":{\"@type\":\"EntryPoint\",\"urlTemplate\":\"https:\/\/takbrzmimiasto.pl\/?s={search_term_string}\"},\"query-input\":\"required name=search_term_string\"}],\"inLanguage\":\"en-US\"},{\"@type\":\"Organization\",\"@id\":\"https:\/\/takbrzmimiasto.pl\/#organization\",\"name\":\"Tak Brzmi Miasto\",\"url\":\"https:\/\/takbrzmimiasto.pl\/\",\"sameAs\":[],\"logo\":{\"@type\":\"ImageObject\",\"inLanguage\":\"en-US\",\"@id\":\"https:\/\/takbrzmimiasto.pl\/#\/schema\/logo\/image\/\",\"url\":\"https:\/\/takbrzmimiasto.pl\/wp-content\/uploads\/2021\/04\/www_miniatura_bezmenu.jpg\",\"contentUrl\":\"https:\/\/takbrzmimiasto.pl\/wp-content\/uploads\/2021\/04\/www_miniatura_bezmenu.jpg\",\"width\":1920,\"height\":1080,\"caption\":\"Tak Brzmi Miasto\"},\"image\":{\"@id\":\"https:\/\/takbrzmimiasto.pl\/#\/schema\/logo\/image\/\"}},{\"@type\":\"Person\",\"@id\":\"https:\/\/takbrzmimiasto.pl\/#\/schema\/person\/e126130e557bd92d986582ff36d495d5\",\"name\":\"Maja Szyma\",\"image\":{\"@type\":\"ImageObject\",\"inLanguage\":\"en-US\",\"@id\":\"https:\/\/takbrzmimiasto.pl\/#\/schema\/person\/image\/\",\"url\":\"https:\/\/secure.gravatar.com\/avatar\/0aa062f4aa8f5c2bde3cf7e63a488098?s=96&d=mm&r=g\",\"contentUrl\":\"https:\/\/secure.gravatar.com\/avatar\/0aa062f4aa8f5c2bde3cf7e63a488098?s=96&d=mm&r=g\",\"caption\":\"Maja Szyma\"},\"url\":\"https:\/\/takbrzmimiasto.pl\/en\/author\/maja-szyma\/\"}]}<\/script>\n<!-- \/ Yoast SEO plugin. -->","yoast_head_json":{"title":"Odpytywanie: Piotr Metz w rozmowie z Andrzejem Czarneckim - Tak Brzmi Miasto","robots":{"index":"index","follow":"follow","max-snippet":"max-snippet:-1","max-image-preview":"max-image-preview:large","max-video-preview":"max-video-preview:-1"},"canonical":"https:\/\/takbrzmimiasto.pl\/en\/odpytywanie-piotr-metz-w-rozmowie-z-andrzejem-czarneckim\/","og_locale":"en_US","og_type":"article","og_title":"Odpytywanie: Piotr Metz w rozmowie z Andrzejem Czarneckim - Tak Brzmi Miasto","og_description":"Wywiad przeprowadzony przez Piotra Metza z Andrzejem Czarneckim, uczestnikiem programu Tak Brzmi Miasto Inkubator 2020. Nagranie zrealizowano w Centrum Kultury Dworek Bia\u0142opr\u0105dnicki w sierpniu 2020 roku, podczas obozu letniego w ramach Inkubatora. Zesp\u00f3\u0142 Blisko prezentuje w\u0142asne spojrzenie na psychodeli\u0119. Psychodeli\u0119 nie tylko muzyczn\u0105, lecz tak\u017ce otaczaj\u0105cego \u015bwiata. \u015awiata zbudowanego z chodnik\u00f3w, bia\u0142ych linii i twarzy. [&hellip;]","og_url":"https:\/\/takbrzmimiasto.pl\/en\/odpytywanie-piotr-metz-w-rozmowie-z-andrzejem-czarneckim\/","og_site_name":"Tak Brzmi Miasto","article_published_time":"2021-07-06T20:11:40+00:00","article_modified_time":"2022-04-15T09:51:09+00:00","og_image":[{"width":1920,"height":1080,"url":"https:\/\/takbrzmimiasto.pl\/wp-content\/uploads\/2021\/07\/yt_miniaturka31.jpg","type":"image\/jpeg"}],"author":"Maja Szyma","twitter_card":"summary_large_image","twitter_misc":{"Written by":"Maja Szyma"},"schema":{"@context":"https:\/\/schema.org","@graph":[{"@type":"Article","@id":"https:\/\/takbrzmimiasto.pl\/en\/odpytywanie-piotr-metz-w-rozmowie-z-andrzejem-czarneckim\/#article","isPartOf":{"@id":"https:\/\/takbrzmimiasto.pl\/en\/odpytywanie-piotr-metz-w-rozmowie-z-andrzejem-czarneckim\/"},"author":{"name":"Maja Szyma","@id":"https:\/\/takbrzmimiasto.pl\/#\/schema\/person\/e126130e557bd92d986582ff36d495d5"},"headline":"Odpytywanie: Piotr Metz w rozmowie z Andrzejem Czarneckim","datePublished":"2021-07-06T20:11:40+00:00","dateModified":"2022-04-15T09:51:09+00:00","mainEntityOfPage":{"@id":"https:\/\/takbrzmimiasto.pl\/en\/odpytywanie-piotr-metz-w-rozmowie-z-andrzejem-czarneckim\/"},"wordCount":102,"commentCount":0,"publisher":{"@id":"https:\/\/takbrzmimiasto.pl\/#organization"},"keywords":["G\u0141OSSPO\u0141ECZNO\u015aCI","wideo","wywiad","zesp\u00f3\u0142"],"articleSection":["Spo\u0142eczno\u015b\u0107","Wywiad"],"inLanguage":"en-US","potentialAction":[{"@type":"CommentAction","name":"Comment","target":["https:\/\/takbrzmimiasto.pl\/en\/odpytywanie-piotr-metz-w-rozmowie-z-andrzejem-czarneckim\/#respond"]}]},{"@type":"WebPage","@id":"https:\/\/takbrzmimiasto.pl\/en\/odpytywanie-piotr-metz-w-rozmowie-z-andrzejem-czarneckim\/","url":"https:\/\/takbrzmimiasto.pl\/en\/odpytywanie-piotr-metz-w-rozmowie-z-andrzejem-czarneckim\/","name":"Odpytywanie: Piotr Metz w rozmowie z Andrzejem Czarneckim - Tak Brzmi Miasto","isPartOf":{"@id":"https:\/\/takbrzmimiasto.pl\/#website"},"datePublished":"2021-07-06T20:11:40+00:00","dateModified":"2022-04-15T09:51:09+00:00","breadcrumb":{"@id":"https:\/\/takbrzmimiasto.pl\/en\/odpytywanie-piotr-metz-w-rozmowie-z-andrzejem-czarneckim\/#breadcrumb"},"inLanguage":"en-US","potentialAction":[{"@type":"ReadAction","target":["https:\/\/takbrzmimiasto.pl\/en\/odpytywanie-piotr-metz-w-rozmowie-z-andrzejem-czarneckim\/"]}]},{"@type":"BreadcrumbList","@id":"https:\/\/takbrzmimiasto.pl\/en\/odpytywanie-piotr-metz-w-rozmowie-z-andrzejem-czarneckim\/#breadcrumb","itemListElement":[{"@type":"ListItem","position":1,"name":"Strona g\u0142\u00f3wna","item":"https:\/\/takbrzmimiasto.pl\/en\/"},{"@type":"ListItem","position":2,"name":"Odpytywanie: Piotr Metz w rozmowie z Andrzejem Czarneckim"}]},{"@type":"WebSite","@id":"https:\/\/takbrzmimiasto.pl\/#website","url":"https:\/\/takbrzmimiasto.pl\/","name":"Tak Brzmi Miasto","description":"Tak Brzmi Miasto to konferencja, festiwal, inkubator dla mened\u017cer\u00f3w i akademia","publisher":{"@id":"https:\/\/takbrzmimiasto.pl\/#organization"},"potentialAction":[{"@type":"SearchAction","target":{"@type":"EntryPoint","urlTemplate":"https:\/\/takbrzmimiasto.pl\/?s={search_term_string}"},"query-input":"required name=search_term_string"}],"inLanguage":"en-US"},{"@type":"Organization","@id":"https:\/\/takbrzmimiasto.pl\/#organization","name":"Tak Brzmi Miasto","url":"https:\/\/takbrzmimiasto.pl\/","sameAs":[],"logo":{"@type":"ImageObject","inLanguage":"en-US","@id":"https:\/\/takbrzmimiasto.pl\/#\/schema\/logo\/image\/","url":"https:\/\/takbrzmimiasto.pl\/wp-content\/uploads\/2021\/04\/www_miniatura_bezmenu.jpg","contentUrl":"https:\/\/takbrzmimiasto.pl\/wp-content\/uploads\/2021\/04\/www_miniatura_bezmenu.jpg","width":1920,"height":1080,"caption":"Tak Brzmi Miasto"},"image":{"@id":"https:\/\/takbrzmimiasto.pl\/#\/schema\/logo\/image\/"}},{"@type":"Person","@id":"https:\/\/takbrzmimiasto.pl\/#\/schema\/person\/e126130e557bd92d986582ff36d495d5","name":"Maja Szyma","image":{"@type":"ImageObject","inLanguage":"en-US","@id":"https:\/\/takbrzmimiasto.pl\/#\/schema\/person\/image\/","url":"https:\/\/secure.gravatar.com\/avatar\/0aa062f4aa8f5c2bde3cf7e63a488098?s=96&d=mm&r=g","contentUrl":"https:\/\/secure.gravatar.com\/avatar\/0aa062f4aa8f5c2bde3cf7e63a488098?s=96&d=mm&r=g","caption":"Maja Szyma"},"url":"https:\/\/takbrzmimiasto.pl\/en\/author\/maja-szyma\/"}]}},"_links":{"self":[{"href":"https:\/\/takbrzmimiasto.pl\/en\/wp-json\/wp\/v2\/posts\/4527\/"}],"collection":[{"href":"https:\/\/takbrzmimiasto.pl\/en\/wp-json\/wp\/v2\/posts\/"}],"about":[{"href":"https:\/\/takbrzmimiasto.pl\/en\/wp-json\/wp\/v2\/types\/post\/"}],"author":[{"embeddable":true,"href":"https:\/\/takbrzmimiasto.pl\/en\/wp-json\/wp\/v2\/users\/65\/"}],"replies":[{"embeddable":true,"href":"https:\/\/takbrzmimiasto.pl\/en\/wp-json\/wp\/v2\/comments\/?post=4527"}],"version-history":[{"count":3,"href":"https:\/\/takbrzmimiasto.pl\/en\/wp-json\/wp\/v2\/posts\/4527\/revisions\/"}],"predecessor-version":[{"id":4594,"href":"https:\/\/takbrzmimiasto.pl\/en\/wp-json\/wp\/v2\/posts\/4527\/revisions\/4594\/"}],"wp:featuredmedia":[{"embeddable":true,"href":"https:\/\/takbrzmimiasto.pl\/en\/wp-json\/wp\/v2\/media\/4529\/"}],"wp:attachment":[{"href":"https:\/\/takbrzmimiasto.pl\/en\/wp-json\/wp\/v2\/media\/?parent=4527"}],"wp:term":[{"taxonomy":"category","embeddable":true,"href":"https:\/\/takbrzmimiasto.pl\/en\/wp-json\/wp\/v2\/categories\/?post=4527"},{"taxonomy":"post_tag","embeddable":true,"href":"https:\/\/takbrzmimiasto.pl\/en\/wp-json\/wp\/v2\/tags\/?post=4527"}],"curies":[{"name":"wp","href":"https:\/\/api.w.org\/{rel}","templated":true}]}}