{"id":4532,"date":"2021-07-07T19:43:15","date_gmt":"2021-07-07T17:43:15","guid":{"rendered":"https:\/\/takbrzmimiasto.pl\/?p=4532"},"modified":"2022-09-23T15:45:04","modified_gmt":"2022-09-23T13:45:04","slug":"tak-brzmi-patronite-wspolnie-tworzymy-muzyczna-przyszlosc","status":"publish","type":"post","link":"https:\/\/takbrzmimiasto.pl\/en\/tak-brzmi-patronite-wspolnie-tworzymy-muzyczna-przyszlosc\/","title":{"rendered":"Tak Brzmi Patronite. Wsp\u00f3lnie tworzymy muzyczn\u0105 przysz\u0142o\u015b\u0107"},"content":{"rendered":"<p><strong>D\u0142ugo nad tym pracowali\u015bmy. Nad pomys\u0142em i wywa\u017ceniem tego, co mo\u017cemy zaoferowa\u0107 naszej Spo\u0142eczno\u015bci. Patronite ma sw\u00f3j jasny cel \u2013 i w jego ramy wpisuj\u0105 si\u0119 nasze cele, kt\u00f3re chcemy zrealizowa\u0107. Na razie trzy: przestrze\u0144, dzia\u0142anie i audio-wideo. Mamy ju\u017c jednak kolejne plany.<\/strong><\/p>\n<p>Wymy\u015blili\u015bmy dla Was, naszych przysz\u0142ych Patron\u00f3w i Matronek progi, kt\u00f3re maj\u0105 ju\u017c w sobie realizacj\u0119 naszego g\u0142\u00f3wnego celu: budowania spo\u0142eczno\u015bci, kt\u00f3ra stanie si\u0119 now\u0105 si\u0142\u0105 bran\u017cy muzycznej. Od prostej dyszki, przez kwoty spotify&#8217;owe i netfliksowe po wydatki bardziej odczuwalne dopasowali\u015bmy dzia\u0142ania, kt\u00f3re stopniowo czyni\u0105 Was coraz bardziej wsp\u00f3\u0142tw\u00f3rcami Tak Brzmi Miasto i mecenasami spo\u0142eczno\u015bci. Lepiej! Przemy\u015bleli\u015bmy to tak, \u017ceby co\u015b dla siebie znale\u017ali zar\u00f3wno nasz muzyk i mened\u017cerka, jak i osoba, kt\u00f3ra nie pracuje z muzyk\u0105, ale kibicuje naszym dzia\u0142aniom i chce si\u0119 poczu\u0107 jak impresario. S\u0105 nawet takie progi, w kt\u00f3rych widzimy przestrze\u0144 dla fan\u00f3w Waszych zespo\u0142\u00f3w.<\/p>\n<p>Mamy swojego \n    <span id=\"arrow-link-f464f546\" class=\"d-inline-block\">\n        <a href=\"https:\/\/patronite.pl\/TBM\" class=\"arrow-link underline\">\n            <span class=\"arrow-link_text\">Patronite'a<\/span>\n            <span class=\"arrow-link_icon\">\n                <i class=\"fa-solid fa-arrow-right\"><\/i><i class=\"fa-solid fa-arrow-right\"><\/i>\n            <\/span>\n        <\/a>\n    <\/span>\n    , mamy fantastyczne bajery i ambitne plany. Mamy wspania\u0142\u0105 Spo\u0142eczno\u015b\u0107, na kt\u00f3r\u0105 teraz liczymy, jak nigdy wcze\u015bniej i zapraszamy do wsparcia, poparcia, udost\u0119pniania, podszept\u00f3w i serdecznego nagabywania. Mamy ekip\u0119, kt\u00f3ra pracuje na to, \u017ceby\u015bmy mieli sytuacj\u0119 win-win i w\u0142o\u017cy\u0142a kup\u0119 pracy w przygotowanie dzia\u0142a\u0144, kt\u00f3re powinny Was, prosz\u0119 Pa\u0144stwa, zadowoli\u0107.<\/p>\n<p><strong>Spo\u0142eczno\u015b\u0107 Tak Brzmi Miasto mo\u017ce by\u0107 now\u0105 si\u0142\u0105 w bran\u017cy muzycznej.\u00a0<\/strong>W obliczu tempa, w jakim zmienia si\u0119 ten przemys\u0142, nat\u0142oku narz\u0119dzi, digitalizacji i, oczywi\u015bcie, pandemii, stara szko\u0142a kariery muzycznej przestaje dzia\u0142a\u0107. Odkrywamy nowe mo\u017cliwo\u015bci, ale \u2013 co najwa\u017cniejsze \u2013 robimy to razem.\u00a0Chcemy wsp\u00f3lnie wypracowa\u0107 nowe metody wzajemnego wsparcia w bran\u017cy, tworzenia partnerstw i narz\u0119dzi dla miast.<\/p>\n<p><strong>Celem wszystkich dzia\u0142a\u0144 Tak Brzmi Miasto jest edukacja nowej bran\u017cy muzycznej, wykszta\u0142canie umiej\u0119tno\u015bci samozarz\u0105dzania u artyst\u00f3w i \u015bwiadomo\u015bci funkcjonowania sektora muzycznego u wszystkich, kt\u00f3rzy chc\u0105 sta\u0107 si\u0119 jego cz\u0119\u015bci\u0105<\/strong>.<\/p>\n<p>A w\u015br\u00f3d cel\u00f3w, kt\u00f3re w najbli\u017cszej przysz\u0142o\u015bci chcemy osi\u0105gn\u0105\u0107 wsp\u00f3lnie z naszymi Patronami: Muzycznymi Spo\u0142ecznikami, D\u017awi\u0119cznymi \u0141askawcami, Brzmi\u0105cymi Wsp\u00f3\u0142tw\u00f3rcami i kolejnymi tytu\u0142ami, z kt\u00f3rymi wi\u0105\u017ce si\u0119 Wasze wsparcie, s\u0105:<\/p>\n<p>&nbsp;<\/p>\n<p><img loading=\"lazy\" decoding=\"async\" class=\"aligncenter wp-image-4537 size-full\" src=\"https:\/\/takbrzmimiasto.pl\/wp-content\/uploads\/2021\/07\/a-1.png\" alt=\"\" width=\"670\" height=\"200\" data-wp-pid=\"4537\" srcset=\"https:\/\/takbrzmimiasto.pl\/wp-content\/uploads\/2021\/07\/a-1.png 670w, https:\/\/takbrzmimiasto.pl\/wp-content\/uploads\/2021\/07\/a-1-350x104.png 350w\" sizes=\"(max-width: 670px) 100vw, 670px\" \/><\/p>\n<p>&nbsp;<\/p>\n<p>Tak Brzmi Miasto to przede wszystkim ludzie.<\/p>\n<p>I bez ludzi &#8211; bez spo\u0142eczno\u015bci, bez ekspert\u00f3w i organizator\u00f3w &#8211; nie by\u0142oby TBM-owych inicjatyw dla nowej bran\u017cy muzycznej. Ale ludzie potrzebuj\u0105 przestrzeni do pracy, sprz\u0119tu, wirtualnych narz\u0119dzi, ksi\u0119gowo\u015bci, porad prawnicznych i innych bie\u017c\u0105cych potrzeb, kt\u00f3re generuj\u0105 spore wydatki. Dlatego przyda nam si\u0119 Wasze wsparcie!<\/p>\n<p>&nbsp;<\/p>\n<p><img loading=\"lazy\" decoding=\"async\" class=\"aligncenter wp-image-4535 size-full\" src=\"https:\/\/takbrzmimiasto.pl\/wp-content\/uploads\/2021\/07\/b-1.png\" alt=\"\" width=\"670\" height=\"200\" data-wp-pid=\"4535\" srcset=\"https:\/\/takbrzmimiasto.pl\/wp-content\/uploads\/2021\/07\/b-1.png 670w, https:\/\/takbrzmimiasto.pl\/wp-content\/uploads\/2021\/07\/b-1-350x104.png 350w\" sizes=\"(max-width: 670px) 100vw, 670px\" \/><\/p>\n<p>&nbsp;<\/p>\n<p><b>Tak Brzmi Miasto to w\u0142a\u015bnie ludzie<\/b>, to ca\u0142a\u00a0<b>spo\u0142eczno\u015b\u0107<\/b>, ale te\u017c\u00a0<b>codzienna praca ekipy organizuj\u0105cej<\/b>: Micha\u0142a, Tomka, Eweliny, Mai i Szymona.\u00a0<b>Tworzymy Inkubator, czyli program wsparcia samozarz\u0105dzaj\u0105cych si\u0119 artyst\u00f3w muzycznych oraz Konferencj\u0119 dla bran\u017cy muzycznej.<\/b><\/p>\n<p>Obok tych wielkich wydarze\u0144 jest\u00a0<b>szereg dzia\u0142a\u0144 dodatkowych<\/b>: prowadzenie bloga z przedstawicielami spo\u0142eczno\u015bci, newslettery, w kt\u00f3rych zbieramy bran\u017cow\u0105 wiedz\u0119 i promocyjne wie\u015bci muzyczne, kilka format\u00f3w wideo, kt\u00f3re publikujemy na naszym YT dwa razy w tygodniu czy podcasty. Nawi\u0105zujemy wsp\u00f3\u0142prace mi\u0119dzynarodowe &#8211; te z HEMI Music Hub czy Baltic Aid. Sieciujemy, ro\u015bniemy i wspieramy rozw\u00f3j wschodz\u0105cych muzyk\u00f3w.<\/p>\n<p>&nbsp;<\/p>\n<p><img loading=\"lazy\" decoding=\"async\" class=\"aligncenter wp-image-4533 size-full\" src=\"https:\/\/takbrzmimiasto.pl\/wp-content\/uploads\/2021\/07\/c-1.png\" alt=\"\" width=\"670\" height=\"200\" data-wp-pid=\"4533\" srcset=\"https:\/\/takbrzmimiasto.pl\/wp-content\/uploads\/2021\/07\/c-1.png 670w, https:\/\/takbrzmimiasto.pl\/wp-content\/uploads\/2021\/07\/c-1-350x104.png 350w\" sizes=\"(max-width: 670px) 100vw, 670px\" \/><\/p>\n<p>&nbsp;<\/p>\n<p>Jeste\u015bmy przekonani, \u017ce si\u0142a tkwi w dost\u0119pnej, przyst\u0119pnej i sprawdzonej wiedzy. Chcemy j\u0105 dostarcza\u0107, rozwijaj\u0105c nasz\u0105 dzia\u0142alno\u015b\u0107 wideo i podbijaj\u0105c streamingi podcastami.<\/p>\n<p>&nbsp;<\/p>\n<p><img loading=\"lazy\" decoding=\"async\" class=\"aligncenter wp-image-4539 size-full\" src=\"https:\/\/takbrzmimiasto.pl\/wp-content\/uploads\/2021\/07\/6-1.png\" alt=\"\" width=\"670\" height=\"200\" data-wp-pid=\"4539\" srcset=\"https:\/\/takbrzmimiasto.pl\/wp-content\/uploads\/2021\/07\/6-1.png 670w, https:\/\/takbrzmimiasto.pl\/wp-content\/uploads\/2021\/07\/6-1-350x104.png 350w\" sizes=\"(max-width: 670px) 100vw, 670px\" \/><\/p>\n<p>&nbsp;<\/p>\n<p>Wpadajcie na \n    <span id=\"arrow-link-07ebf45f\" class=\"d-inline-block\">\n        <a href=\"https:\/\/patronite.pl\/TBM\" class=\"arrow-link underline\">\n            <span class=\"arrow-link_text\">Patronite'a Tak Brzmi Miasto<\/span>\n            <span class=\"arrow-link_icon\">\n                <i class=\"fa-solid fa-arrow-right\"><\/i><i class=\"fa-solid fa-arrow-right\"><\/i>\n            <\/span>\n        <\/a>\n    <\/span>\n     i tw\u00f3rzcie z nami muzyczn\u0105 przysz\u0142o\u015b\u0107!<\/p>\n","protected":false},"excerpt":{"rendered":"<p>D\u0142ugo nad tym pracowali\u015bmy. Nad pomys\u0142em i wywa\u017ceniem tego, co mo\u017cemy zaoferowa\u0107 naszej Spo\u0142eczno\u015bci. Patronite ma sw\u00f3j jasny cel \u2013 i w jego ramy wpisuj\u0105 si\u0119 nasze cele, kt\u00f3re chcemy zrealizowa\u0107. Na razie trzy: przestrze\u0144, dzia\u0142anie i audio-wideo. Mamy ju\u017c jednak kolejne plany. Wymy\u015blili\u015bmy dla Was, naszych przysz\u0142ych Patron\u00f3w i Matronek progi, kt\u00f3re maj\u0105 ju\u017c [&hellip;]<\/p>\n","protected":false},"author":60,"featured_media":4541,"comment_status":"open","ping_status":"open","sticky":false,"template":"","format":"standard","meta":{"inline_featured_image":false,"footnotes":""},"categories":[308],"tags":[],"class_list":["post-4532","post","type-post","status-publish","format-standard","has-post-thumbnail","hentry","category-aktualnosci"],"acf":[],"yoast_head":"<!-- This site is optimized with the Yoast SEO plugin v19.7.1 - https:\/\/yoast.com\/wordpress\/plugins\/seo\/ -->\n<title>Tak Brzmi Patronite. Wsp\u00f3lnie tworzymy muzyczn\u0105 przysz\u0142o\u015b\u0107 - Tak Brzmi Miasto<\/title>\n<meta name=\"robots\" content=\"index, follow, max-snippet:-1, max-image-preview:large, max-video-preview:-1\" \/>\n<link rel=\"canonical\" href=\"https:\/\/takbrzmimiasto.pl\/en\/tak-brzmi-patronite-wspolnie-tworzymy-muzyczna-przyszlosc\/\" \/>\n<meta property=\"og:locale\" content=\"en_US\" \/>\n<meta property=\"og:type\" content=\"article\" \/>\n<meta property=\"og:title\" content=\"Tak Brzmi Patronite. Wsp\u00f3lnie tworzymy muzyczn\u0105 przysz\u0142o\u015b\u0107 - Tak Brzmi Miasto\" \/>\n<meta property=\"og:description\" content=\"D\u0142ugo nad tym pracowali\u015bmy. Nad pomys\u0142em i wywa\u017ceniem tego, co mo\u017cemy zaoferowa\u0107 naszej Spo\u0142eczno\u015bci. Patronite ma sw\u00f3j jasny cel \u2013 i w jego ramy wpisuj\u0105 si\u0119 nasze cele, kt\u00f3re chcemy zrealizowa\u0107. Na razie trzy: przestrze\u0144, dzia\u0142anie i audio-wideo. Mamy ju\u017c jednak kolejne plany. Wymy\u015blili\u015bmy dla Was, naszych przysz\u0142ych Patron\u00f3w i Matronek progi, kt\u00f3re maj\u0105 ju\u017c [&hellip;]\" \/>\n<meta property=\"og:url\" content=\"https:\/\/takbrzmimiasto.pl\/en\/tak-brzmi-patronite-wspolnie-tworzymy-muzyczna-przyszlosc\/\" \/>\n<meta property=\"og:site_name\" content=\"Tak Brzmi Miasto\" \/>\n<meta property=\"article:published_time\" content=\"2021-07-07T17:43:15+00:00\" \/>\n<meta property=\"article:modified_time\" content=\"2022-09-23T13:45:04+00:00\" \/>\n<meta property=\"og:image\" content=\"https:\/\/takbrzmimiasto.pl\/wp-content\/uploads\/2021\/07\/WWWslider22a.jpg\" \/>\n\t<meta property=\"og:image:width\" content=\"1600\" \/>\n\t<meta property=\"og:image:height\" content=\"1200\" \/>\n\t<meta property=\"og:image:type\" content=\"image\/jpeg\" \/>\n<meta name=\"author\" content=\"Ewelina Krawczyk\" \/>\n<meta name=\"twitter:card\" content=\"summary_large_image\" \/>\n<meta name=\"twitter:label1\" content=\"Written by\" \/>\n\t<meta name=\"twitter:data1\" content=\"Ewelina Krawczyk\" \/>\n\t<meta name=\"twitter:label2\" content=\"Est. reading time\" \/>\n\t<meta name=\"twitter:data2\" content=\"3 minutes\" \/>\n<script type=\"application\/ld+json\" class=\"yoast-schema-graph\">{\"@context\":\"https:\/\/schema.org\",\"@graph\":[{\"@type\":\"Article\",\"@id\":\"https:\/\/takbrzmimiasto.pl\/en\/tak-brzmi-patronite-wspolnie-tworzymy-muzyczna-przyszlosc\/#article\",\"isPartOf\":{\"@id\":\"https:\/\/takbrzmimiasto.pl\/en\/tak-brzmi-patronite-wspolnie-tworzymy-muzyczna-przyszlosc\/\"},\"author\":{\"name\":\"Ewelina Krawczyk\",\"@id\":\"https:\/\/takbrzmimiasto.pl\/#\/schema\/person\/1c946f5380dc2c5faa442dcd9665f577\"},\"headline\":\"Tak Brzmi Patronite. Wsp\u00f3lnie tworzymy muzyczn\u0105 przysz\u0142o\u015b\u0107\",\"datePublished\":\"2021-07-07T17:43:15+00:00\",\"dateModified\":\"2022-09-23T13:45:04+00:00\",\"mainEntityOfPage\":{\"@id\":\"https:\/\/takbrzmimiasto.pl\/en\/tak-brzmi-patronite-wspolnie-tworzymy-muzyczna-przyszlosc\/\"},\"wordCount\":652,\"commentCount\":0,\"publisher\":{\"@id\":\"https:\/\/takbrzmimiasto.pl\/#organization\"},\"articleSection\":[\"Aktualno\u015bci\"],\"inLanguage\":\"en-US\",\"potentialAction\":[{\"@type\":\"CommentAction\",\"name\":\"Comment\",\"target\":[\"https:\/\/takbrzmimiasto.pl\/en\/tak-brzmi-patronite-wspolnie-tworzymy-muzyczna-przyszlosc\/#respond\"]}]},{\"@type\":\"WebPage\",\"@id\":\"https:\/\/takbrzmimiasto.pl\/en\/tak-brzmi-patronite-wspolnie-tworzymy-muzyczna-przyszlosc\/\",\"url\":\"https:\/\/takbrzmimiasto.pl\/en\/tak-brzmi-patronite-wspolnie-tworzymy-muzyczna-przyszlosc\/\",\"name\":\"Tak Brzmi Patronite. Wsp\u00f3lnie tworzymy muzyczn\u0105 przysz\u0142o\u015b\u0107 - Tak Brzmi Miasto\",\"isPartOf\":{\"@id\":\"https:\/\/takbrzmimiasto.pl\/#website\"},\"datePublished\":\"2021-07-07T17:43:15+00:00\",\"dateModified\":\"2022-09-23T13:45:04+00:00\",\"breadcrumb\":{\"@id\":\"https:\/\/takbrzmimiasto.pl\/en\/tak-brzmi-patronite-wspolnie-tworzymy-muzyczna-przyszlosc\/#breadcrumb\"},\"inLanguage\":\"en-US\",\"potentialAction\":[{\"@type\":\"ReadAction\",\"target\":[\"https:\/\/takbrzmimiasto.pl\/en\/tak-brzmi-patronite-wspolnie-tworzymy-muzyczna-przyszlosc\/\"]}]},{\"@type\":\"BreadcrumbList\",\"@id\":\"https:\/\/takbrzmimiasto.pl\/en\/tak-brzmi-patronite-wspolnie-tworzymy-muzyczna-przyszlosc\/#breadcrumb\",\"itemListElement\":[{\"@type\":\"ListItem\",\"position\":1,\"name\":\"Strona g\u0142\u00f3wna\",\"item\":\"https:\/\/takbrzmimiasto.pl\/en\/\"},{\"@type\":\"ListItem\",\"position\":2,\"name\":\"Tak Brzmi Patronite. Wsp\u00f3lnie tworzymy muzyczn\u0105 przysz\u0142o\u015b\u0107\"}]},{\"@type\":\"WebSite\",\"@id\":\"https:\/\/takbrzmimiasto.pl\/#website\",\"url\":\"https:\/\/takbrzmimiasto.pl\/\",\"name\":\"Tak Brzmi Miasto\",\"description\":\"Tak Brzmi Miasto to konferencja, festiwal, inkubator dla mened\u017cer\u00f3w i akademia\",\"publisher\":{\"@id\":\"https:\/\/takbrzmimiasto.pl\/#organization\"},\"potentialAction\":[{\"@type\":\"SearchAction\",\"target\":{\"@type\":\"EntryPoint\",\"urlTemplate\":\"https:\/\/takbrzmimiasto.pl\/?s={search_term_string}\"},\"query-input\":\"required name=search_term_string\"}],\"inLanguage\":\"en-US\"},{\"@type\":\"Organization\",\"@id\":\"https:\/\/takbrzmimiasto.pl\/#organization\",\"name\":\"Tak Brzmi Miasto\",\"url\":\"https:\/\/takbrzmimiasto.pl\/\",\"sameAs\":[],\"logo\":{\"@type\":\"ImageObject\",\"inLanguage\":\"en-US\",\"@id\":\"https:\/\/takbrzmimiasto.pl\/#\/schema\/logo\/image\/\",\"url\":\"https:\/\/takbrzmimiasto.pl\/wp-content\/uploads\/2021\/04\/www_miniatura_bezmenu.jpg\",\"contentUrl\":\"https:\/\/takbrzmimiasto.pl\/wp-content\/uploads\/2021\/04\/www_miniatura_bezmenu.jpg\",\"width\":1920,\"height\":1080,\"caption\":\"Tak Brzmi Miasto\"},\"image\":{\"@id\":\"https:\/\/takbrzmimiasto.pl\/#\/schema\/logo\/image\/\"}},{\"@type\":\"Person\",\"@id\":\"https:\/\/takbrzmimiasto.pl\/#\/schema\/person\/1c946f5380dc2c5faa442dcd9665f577\",\"name\":\"Ewelina Krawczyk\",\"image\":{\"@type\":\"ImageObject\",\"inLanguage\":\"en-US\",\"@id\":\"https:\/\/takbrzmimiasto.pl\/#\/schema\/person\/image\/\",\"url\":\"https:\/\/secure.gravatar.com\/avatar\/03e1748f22765fb67ad17a1be9f9214e?s=96&d=mm&r=g\",\"contentUrl\":\"https:\/\/secure.gravatar.com\/avatar\/03e1748f22765fb67ad17a1be9f9214e?s=96&d=mm&r=g\",\"caption\":\"Ewelina Krawczyk\"},\"description\":\"Organizatorka, promotorka i mened\u017cerka kultury. Dyrektorka Festiwalu Wschody promuj\u0105cego now\u0105 muzyk\u0119 artystyczn\u0105. Dotychczas m.in. specjalistka ds. promocji w Wydawnictwie Znak, dziennikarka w Polska Press, wsp\u00f3\u0142prowadz\u0105ca projekty rekrutacyjne i kreatywne. Z wykszta\u0142cenia psycholo\u017cka, prowadzi\u0142a zaj\u0119cia m.in. z psychologii osobowo\u015bci i tw\u00f3rczo\u015bci. Tworzy swoj\u0105 jednoosobow\u0105 agencj\u0119 kreatywn\u0105, Si\u0119 tworzy - promocyjny pomost mi\u0119dzy tw\u00f3rcami a reszt\u0105 \u015bwiata.\",\"url\":\"https:\/\/takbrzmimiasto.pl\/en\/author\/ewelina-krawczyk\/\"}]}<\/script>\n<!-- \/ Yoast SEO plugin. -->","yoast_head_json":{"title":"Tak Brzmi Patronite. Wsp\u00f3lnie tworzymy muzyczn\u0105 przysz\u0142o\u015b\u0107 - Tak Brzmi Miasto","robots":{"index":"index","follow":"follow","max-snippet":"max-snippet:-1","max-image-preview":"max-image-preview:large","max-video-preview":"max-video-preview:-1"},"canonical":"https:\/\/takbrzmimiasto.pl\/en\/tak-brzmi-patronite-wspolnie-tworzymy-muzyczna-przyszlosc\/","og_locale":"en_US","og_type":"article","og_title":"Tak Brzmi Patronite. Wsp\u00f3lnie tworzymy muzyczn\u0105 przysz\u0142o\u015b\u0107 - Tak Brzmi Miasto","og_description":"D\u0142ugo nad tym pracowali\u015bmy. Nad pomys\u0142em i wywa\u017ceniem tego, co mo\u017cemy zaoferowa\u0107 naszej Spo\u0142eczno\u015bci. Patronite ma sw\u00f3j jasny cel \u2013 i w jego ramy wpisuj\u0105 si\u0119 nasze cele, kt\u00f3re chcemy zrealizowa\u0107. Na razie trzy: przestrze\u0144, dzia\u0142anie i audio-wideo. Mamy ju\u017c jednak kolejne plany. Wymy\u015blili\u015bmy dla Was, naszych przysz\u0142ych Patron\u00f3w i Matronek progi, kt\u00f3re maj\u0105 ju\u017c [&hellip;]","og_url":"https:\/\/takbrzmimiasto.pl\/en\/tak-brzmi-patronite-wspolnie-tworzymy-muzyczna-przyszlosc\/","og_site_name":"Tak Brzmi Miasto","article_published_time":"2021-07-07T17:43:15+00:00","article_modified_time":"2022-09-23T13:45:04+00:00","og_image":[{"width":1600,"height":1200,"url":"https:\/\/takbrzmimiasto.pl\/wp-content\/uploads\/2021\/07\/WWWslider22a.jpg","type":"image\/jpeg"}],"author":"Ewelina Krawczyk","twitter_card":"summary_large_image","twitter_misc":{"Written by":"Ewelina Krawczyk","Est. reading time":"3 minutes"},"schema":{"@context":"https:\/\/schema.org","@graph":[{"@type":"Article","@id":"https:\/\/takbrzmimiasto.pl\/en\/tak-brzmi-patronite-wspolnie-tworzymy-muzyczna-przyszlosc\/#article","isPartOf":{"@id":"https:\/\/takbrzmimiasto.pl\/en\/tak-brzmi-patronite-wspolnie-tworzymy-muzyczna-przyszlosc\/"},"author":{"name":"Ewelina Krawczyk","@id":"https:\/\/takbrzmimiasto.pl\/#\/schema\/person\/1c946f5380dc2c5faa442dcd9665f577"},"headline":"Tak Brzmi Patronite. Wsp\u00f3lnie tworzymy muzyczn\u0105 przysz\u0142o\u015b\u0107","datePublished":"2021-07-07T17:43:15+00:00","dateModified":"2022-09-23T13:45:04+00:00","mainEntityOfPage":{"@id":"https:\/\/takbrzmimiasto.pl\/en\/tak-brzmi-patronite-wspolnie-tworzymy-muzyczna-przyszlosc\/"},"wordCount":652,"commentCount":0,"publisher":{"@id":"https:\/\/takbrzmimiasto.pl\/#organization"},"articleSection":["Aktualno\u015bci"],"inLanguage":"en-US","potentialAction":[{"@type":"CommentAction","name":"Comment","target":["https:\/\/takbrzmimiasto.pl\/en\/tak-brzmi-patronite-wspolnie-tworzymy-muzyczna-przyszlosc\/#respond"]}]},{"@type":"WebPage","@id":"https:\/\/takbrzmimiasto.pl\/en\/tak-brzmi-patronite-wspolnie-tworzymy-muzyczna-przyszlosc\/","url":"https:\/\/takbrzmimiasto.pl\/en\/tak-brzmi-patronite-wspolnie-tworzymy-muzyczna-przyszlosc\/","name":"Tak Brzmi Patronite. Wsp\u00f3lnie tworzymy muzyczn\u0105 przysz\u0142o\u015b\u0107 - Tak Brzmi Miasto","isPartOf":{"@id":"https:\/\/takbrzmimiasto.pl\/#website"},"datePublished":"2021-07-07T17:43:15+00:00","dateModified":"2022-09-23T13:45:04+00:00","breadcrumb":{"@id":"https:\/\/takbrzmimiasto.pl\/en\/tak-brzmi-patronite-wspolnie-tworzymy-muzyczna-przyszlosc\/#breadcrumb"},"inLanguage":"en-US","potentialAction":[{"@type":"ReadAction","target":["https:\/\/takbrzmimiasto.pl\/en\/tak-brzmi-patronite-wspolnie-tworzymy-muzyczna-przyszlosc\/"]}]},{"@type":"BreadcrumbList","@id":"https:\/\/takbrzmimiasto.pl\/en\/tak-brzmi-patronite-wspolnie-tworzymy-muzyczna-przyszlosc\/#breadcrumb","itemListElement":[{"@type":"ListItem","position":1,"name":"Strona g\u0142\u00f3wna","item":"https:\/\/takbrzmimiasto.pl\/en\/"},{"@type":"ListItem","position":2,"name":"Tak Brzmi Patronite. Wsp\u00f3lnie tworzymy muzyczn\u0105 przysz\u0142o\u015b\u0107"}]},{"@type":"WebSite","@id":"https:\/\/takbrzmimiasto.pl\/#website","url":"https:\/\/takbrzmimiasto.pl\/","name":"Tak Brzmi Miasto","description":"Tak Brzmi Miasto to konferencja, festiwal, inkubator dla mened\u017cer\u00f3w i akademia","publisher":{"@id":"https:\/\/takbrzmimiasto.pl\/#organization"},"potentialAction":[{"@type":"SearchAction","target":{"@type":"EntryPoint","urlTemplate":"https:\/\/takbrzmimiasto.pl\/?s={search_term_string}"},"query-input":"required name=search_term_string"}],"inLanguage":"en-US"},{"@type":"Organization","@id":"https:\/\/takbrzmimiasto.pl\/#organization","name":"Tak Brzmi Miasto","url":"https:\/\/takbrzmimiasto.pl\/","sameAs":[],"logo":{"@type":"ImageObject","inLanguage":"en-US","@id":"https:\/\/takbrzmimiasto.pl\/#\/schema\/logo\/image\/","url":"https:\/\/takbrzmimiasto.pl\/wp-content\/uploads\/2021\/04\/www_miniatura_bezmenu.jpg","contentUrl":"https:\/\/takbrzmimiasto.pl\/wp-content\/uploads\/2021\/04\/www_miniatura_bezmenu.jpg","width":1920,"height":1080,"caption":"Tak Brzmi Miasto"},"image":{"@id":"https:\/\/takbrzmimiasto.pl\/#\/schema\/logo\/image\/"}},{"@type":"Person","@id":"https:\/\/takbrzmimiasto.pl\/#\/schema\/person\/1c946f5380dc2c5faa442dcd9665f577","name":"Ewelina Krawczyk","image":{"@type":"ImageObject","inLanguage":"en-US","@id":"https:\/\/takbrzmimiasto.pl\/#\/schema\/person\/image\/","url":"https:\/\/secure.gravatar.com\/avatar\/03e1748f22765fb67ad17a1be9f9214e?s=96&d=mm&r=g","contentUrl":"https:\/\/secure.gravatar.com\/avatar\/03e1748f22765fb67ad17a1be9f9214e?s=96&d=mm&r=g","caption":"Ewelina Krawczyk"},"description":"Organizatorka, promotorka i mened\u017cerka kultury. Dyrektorka Festiwalu Wschody promuj\u0105cego now\u0105 muzyk\u0119 artystyczn\u0105. Dotychczas m.in. specjalistka ds. promocji w Wydawnictwie Znak, dziennikarka w Polska Press, wsp\u00f3\u0142prowadz\u0105ca projekty rekrutacyjne i kreatywne. Z wykszta\u0142cenia psycholo\u017cka, prowadzi\u0142a zaj\u0119cia m.in. z psychologii osobowo\u015bci i tw\u00f3rczo\u015bci. Tworzy swoj\u0105 jednoosobow\u0105 agencj\u0119 kreatywn\u0105, Si\u0119 tworzy - promocyjny pomost mi\u0119dzy tw\u00f3rcami a reszt\u0105 \u015bwiata.","url":"https:\/\/takbrzmimiasto.pl\/en\/author\/ewelina-krawczyk\/"}]}},"_links":{"self":[{"href":"https:\/\/takbrzmimiasto.pl\/en\/wp-json\/wp\/v2\/posts\/4532\/"}],"collection":[{"href":"https:\/\/takbrzmimiasto.pl\/en\/wp-json\/wp\/v2\/posts\/"}],"about":[{"href":"https:\/\/takbrzmimiasto.pl\/en\/wp-json\/wp\/v2\/types\/post\/"}],"author":[{"embeddable":true,"href":"https:\/\/takbrzmimiasto.pl\/en\/wp-json\/wp\/v2\/users\/60\/"}],"replies":[{"embeddable":true,"href":"https:\/\/takbrzmimiasto.pl\/en\/wp-json\/wp\/v2\/comments\/?post=4532"}],"version-history":[{"count":5,"href":"https:\/\/takbrzmimiasto.pl\/en\/wp-json\/wp\/v2\/posts\/4532\/revisions\/"}],"predecessor-version":[{"id":15376,"href":"https:\/\/takbrzmimiasto.pl\/en\/wp-json\/wp\/v2\/posts\/4532\/revisions\/15376\/"}],"wp:featuredmedia":[{"embeddable":true,"href":"https:\/\/takbrzmimiasto.pl\/en\/wp-json\/wp\/v2\/media\/4541\/"}],"wp:attachment":[{"href":"https:\/\/takbrzmimiasto.pl\/en\/wp-json\/wp\/v2\/media\/?parent=4532"}],"wp:term":[{"taxonomy":"category","embeddable":true,"href":"https:\/\/takbrzmimiasto.pl\/en\/wp-json\/wp\/v2\/categories\/?post=4532"},{"taxonomy":"post_tag","embeddable":true,"href":"https:\/\/takbrzmimiasto.pl\/en\/wp-json\/wp\/v2\/tags\/?post=4532"}],"curies":[{"name":"wp","href":"https:\/\/api.w.org\/{rel}","templated":true}]}}