{"id":4572,"date":"2021-07-23T14:03:07","date_gmt":"2021-07-23T12:03:07","guid":{"rendered":"https:\/\/takbrzmimiasto.pl\/?p=4572"},"modified":"2022-09-23T15:45:04","modified_gmt":"2022-09-23T13:45:04","slug":"nowosci-muzyka-i-wiesci-ze-spolecznosci-tak-brzmi-miasto-lipiec-2021","status":"publish","type":"post","link":"https:\/\/takbrzmimiasto.pl\/en\/nowosci-muzyka-i-wiesci-ze-spolecznosci-tak-brzmi-miasto-lipiec-2021\/","title":{"rendered":"Nowo\u015bci, muzyka i wie\u015bci ze Spo\u0142eczno\u015bci Tak Brzmi Miasto [lipiec 2021]"},"content":{"rendered":"<p><b>Sprawdzamy, co u nich, co u Was. Nowe p\u0142yty, \u015bwie\u017ce single, nominacje i showcase&#8217;y!<\/b><\/p>\n<p>&nbsp;<\/p>\n<h2>Milito przedstawia nowy singiel <em>Nest<\/em><\/h2>\n<p><span style=\"font-weight: 400;\">Milito, czyli Kamil Niedzia\u0142ek, to singer-songwriter, multiinstrumentalista, performer i artysta wizualny &#8211; absolwent warszawskiej ASP. Jak sam m\u00f3wi, robi muzyk\u0119, aby pom\u00f3c m\u0119\u017cczyznom zaufa\u0107 m\u0119skiej wra\u017cliwo\u015bci. <\/span>Jego nowy singiel <i>Nest <\/i>to\u00a0rodzaj rytualnej pie\u015bni na cze\u015b\u0107 budowania domu.<\/p>\n<p><span style=\"font-weight: 400;\">Singiel powsta\u0142 we wsp\u00f3\u0142pracy z Oskarem Mirem, r\u00f3wnie\u017c uczestnikiem TBM 2020.<\/span><\/p>\n<p><span style=\"font-weight: 400;\">Znakomite live video nagrane w pe\u0142nej luster przestrzeni wystawy rze\u017aby Miros\u0142awa Bacy mo\u017cna zobaczy\u0107 <\/span>\n    <span id=\"arrow-link-b47d95fc\" class=\"d-inline-block\">\n        <a href=\"https:\/\/bit.ly\/3xRu9Gn\" class=\"arrow-link underline\">\n            <span class=\"arrow-link_text\">tutaj<\/span>\n            <span class=\"arrow-link_icon\">\n                <i class=\"fa-solid fa-arrow-right\"><\/i><i class=\"fa-solid fa-arrow-right\"><\/i>\n            <\/span>\n        <\/a>\n    <\/span>\n    .<br \/>\nNa spotkanie z muzyk\u0105 zapraszamy \n    <span id=\"arrow-link-681b9b2d\" class=\"d-inline-block\">\n        <a href=\"https:\/\/id.ffm.to\/nestmilito\" class=\"arrow-link underline\">\n            <span class=\"arrow-link_text\">tu<\/span>\n            <span class=\"arrow-link_icon\">\n                <i class=\"fa-solid fa-arrow-right\"><\/i><i class=\"fa-solid fa-arrow-right\"><\/i>\n            <\/span>\n        <\/a>\n    <\/span>\n    .<\/p>\n<p>\n    <span id=\"arrow-link-21c7c707\" class=\"d-inline-block\">\n        <a href=\"http:\/\/www.instagram.com\/militohome\" class=\"arrow-link underline\">\n            <span class=\"arrow-link_text\">Milito na Instagramie<\/span>\n            <span class=\"arrow-link_icon\">\n                <i class=\"fa-solid fa-arrow-right\"><\/i><i class=\"fa-solid fa-arrow-right\"><\/i>\n            <\/span>\n        <\/a>\n    <\/span>\n    <br \/>\n\n    <span id=\"arrow-link-ab09ea1b\" class=\"d-inline-block\">\n        <a href=\"http:\/\/www.facebook.com\/milito1987\" class=\"arrow-link underline\">\n            <span class=\"arrow-link_text\">i na Facebooku<\/span>\n            <span class=\"arrow-link_icon\">\n                <i class=\"fa-solid fa-arrow-right\"><\/i><i class=\"fa-solid fa-arrow-right\"><\/i>\n            <\/span>\n        <\/a>\n    <\/span>\n    <\/p>\n<p><img loading=\"lazy\" decoding=\"async\" class=\"aligncenter wp-image-4573 size-full\" src=\"https:\/\/takbrzmimiasto.pl\/wp-content\/uploads\/2021\/07\/Milito-Nest-okladka-small.jpg\" alt=\"\" width=\"827\" height=\"827\" data-wp-pid=\"4361\" srcset=\"https:\/\/takbrzmimiasto.pl\/wp-content\/uploads\/2021\/07\/Milito-Nest-okladka-small.jpg 827w, https:\/\/takbrzmimiasto.pl\/wp-content\/uploads\/2021\/07\/Milito-Nest-okladka-small-350x350.jpg 350w, https:\/\/takbrzmimiasto.pl\/wp-content\/uploads\/2021\/07\/Milito-Nest-okladka-small-100x100.jpg 100w, https:\/\/takbrzmimiasto.pl\/wp-content\/uploads\/2021\/07\/Milito-Nest-okladka-small-800x800.jpg 800w, https:\/\/takbrzmimiasto.pl\/wp-content\/uploads\/2021\/07\/Milito-Nest-okladka-small-768x768.jpg 768w\" sizes=\"(max-width: 827px) 100vw, 827px\" \/><\/p>\n<p>&nbsp;<\/p>\n<h2>Sutari z nominacj\u0105 do Fryderyka 2021<\/h2>\n<p><b>Sutari <\/b><span style=\"font-weight: 400;\">to si\u0142a trzech kobiecych g\u0142os\u00f3w i bogatej wyobra\u017ani muzycznej. Ich praca nada\u0142a nowy kierunek my\u015bleniu o muzyce folkowej w Polsce. Eksperymentuj\u0105 z r\u00f3\u017cnymi technikami wokalnymi, wielog\u0142osem, tradycyjnymi polskimi rytmami. Wyst\u0119powa\u0142y na najwa\u017cniejszych \u015bwiatowych scenach w tym na WOMEX 2015. Nagra\u0142y te\u017c sesj\u0119 dla kultowego ameryka\u0144skiego radia KEXP. Album <em>Siostry Rzeki<\/em> to pe\u0142en transowych, polifonicznych kompozycji dialog z tradycjami ludowymi, splecionymi wok\u00f3\u0142 temat\u00f3w natury, wolno\u015bci, kobieco\u015bci i siostrze\u0144stwa.<br \/>\n<\/span><\/p>\n<p>Najnowsze wydawnictwo Sutari zosta\u0142o nominowane do Fryderyka 2021. Obok Karoliny Cichej&amp;Sp\u00f3\u0142ki, Kapeli ze Wsi Warszawa, Rodu Karpieli oraz Ha\u0144by!<\/p>\n<p>\n    <span id=\"arrow-link-61dc5bde\" class=\"d-inline-block\">\n        <a href=\"http:\/\/sutari.pl\/siostry-rzeki\" class=\"arrow-link underline\">\n            <span class=\"arrow-link_text\">Sutari, <em>Siostry Rzeki<\/em><\/span>\n            <span class=\"arrow-link_icon\">\n                <i class=\"fa-solid fa-arrow-right\"><\/i><i class=\"fa-solid fa-arrow-right\"><\/i>\n            <\/span>\n        <\/a>\n    <\/span>\n    <br \/>\n\n    <span id=\"arrow-link-08016ee4\" class=\"d-inline-block\">\n        <a href=\"https:\/\/www.facebook.com\/sutarisutari\/\" class=\"arrow-link underline\">\n            <span class=\"arrow-link_text\">Facebook Sutari<\/span>\n            <span class=\"arrow-link_icon\">\n                <i class=\"fa-solid fa-arrow-right\"><\/i><i class=\"fa-solid fa-arrow-right\"><\/i>\n            <\/span>\n        <\/a>\n    <\/span>\n    <\/p>\n<p><img loading=\"lazy\" decoding=\"async\" class=\"aligncenter wp-image-4577 size-full\" src=\"https:\/\/takbrzmimiasto.pl\/wp-content\/uploads\/2021\/07\/unnamed-2.jpg\" alt=\"\" width=\"1100\" height=\"1100\" data-wp-pid=\"4369\" srcset=\"https:\/\/takbrzmimiasto.pl\/wp-content\/uploads\/2021\/07\/unnamed-2.jpg 1100w, https:\/\/takbrzmimiasto.pl\/wp-content\/uploads\/2021\/07\/unnamed-2-350x350.jpg 350w, https:\/\/takbrzmimiasto.pl\/wp-content\/uploads\/2021\/07\/unnamed-2-100x100.jpg 100w, https:\/\/takbrzmimiasto.pl\/wp-content\/uploads\/2021\/07\/unnamed-2-800x800.jpg 800w, https:\/\/takbrzmimiasto.pl\/wp-content\/uploads\/2021\/07\/unnamed-2-1000x1000.jpg 1000w, https:\/\/takbrzmimiasto.pl\/wp-content\/uploads\/2021\/07\/unnamed-2-768x768.jpg 768w\" sizes=\"(max-width: 1100px) 100vw, 1100px\" \/><\/p>\n<p>&nbsp;<\/p>\n<h2>Lunatycy Martwej Dyskoteki zapowiadaj\u0105 nowy album<\/h2>\n<p><span style=\"font-weight: 400;\">Lunatycy Martwej Dyskoteki to nowa fala polskiego rocka. Pozna\u0144scy muzycy spotykaj\u0105 si\u0119 z por\u00f3wnaniami \u2013 od Brygady Kryzys, poprzez Kult, czy Siekier\u0119, a\u017c po Republik\u0119. Pomimo zimnofalowych inspiracji zesp\u00f3\u0142 podj\u0105\u0142 pr\u00f3b\u0119 wypracowania unikalnego brzmienia. Muzycy opowiadaj\u0105, \u017ce celem ich tw\u00f3rczo\u015bci jest odreagowywanie traum, kt\u00f3rych do\u015bwiadczamy w dobie globalnego kryzysu. W ten spos\u00f3b zaplanowane s\u0105 wyst\u0119py grupy. Koncerty Lunatyk\u00f3w Martwej Dyskoteki <b>to po\u0142\u0105czenie szama\u0144skiego seansu ze zbiorow\u0105 terapi\u0105 i happeningiem<\/b>.<\/span><\/p>\n<p><span style=\"font-weight: 400;\">\u2013 Zako\u0144czyli\u015bmy sesj\u0119 nagraniow\u0105 do naszej nadchodz\u0105cej p\u0142yty \u2013 m\u00f3wi Igor Stobiecki z zespo\u0142u. \u2013 Teraz, gdy znajduje si\u0119 ona w miksie, zagramy jeden koncert w Poznaniu.<br \/>\n\n    <span id=\"arrow-link-a600e024\" class=\"d-inline-block\">\n        <a href=\"https:\/\/www.facebook.com\/events\/613949079574806\" class=\"arrow-link underline\">\n            <span class=\"arrow-link_text\">Koncert Lunatyk\u00f3w w Pla\u017ca Zagro Rataje<\/span>\n            <span class=\"arrow-link_icon\">\n                <i class=\"fa-solid fa-arrow-right\"><\/i><i class=\"fa-solid fa-arrow-right\"><\/i>\n            <\/span>\n        <\/a>\n    <\/span>\n    <\/span><\/p>\n\n    <span id=\"arrow-link-d35fefa5\" class=\"d-inline-block\">\n        <a href=\"https:\/\/www.youtube.com\/watch?v=67u7zl5Y7Lc\" class=\"arrow-link underline\">\n            <span class=\"arrow-link_text\">Singiel Lunatyk\u00f3w Martwej Dyskoteki <em>Dyskoteka jest martwa<\/em><\/span>\n            <span class=\"arrow-link_icon\">\n                <i class=\"fa-solid fa-arrow-right\"><\/i><i class=\"fa-solid fa-arrow-right\"><\/i>\n            <\/span>\n        <\/a>\n    <\/span>\n    \n<p><img loading=\"lazy\" decoding=\"async\" class=\"aligncenter wp-image-4575\" src=\"https:\/\/takbrzmimiasto.pl\/wp-content\/uploads\/2021\/07\/LMD-fot-Dominik-Pazdzior-Yu-Andriichuk.png\" alt=\"\" width=\"582\" height=\"583\" data-wp-pid=\"4371\" srcset=\"https:\/\/takbrzmimiasto.pl\/wp-content\/uploads\/2021\/07\/LMD-fot-Dominik-Pazdzior-Yu-Andriichuk.png 582w, https:\/\/takbrzmimiasto.pl\/wp-content\/uploads\/2021\/07\/LMD-fot-Dominik-Pazdzior-Yu-Andriichuk-350x350.png 350w, https:\/\/takbrzmimiasto.pl\/wp-content\/uploads\/2021\/07\/LMD-fot-Dominik-Pazdzior-Yu-Andriichuk-100x100.png 100w\" sizes=\"(max-width: 582px) 100vw, 582px\" \/><\/p>\n<p>&nbsp;<\/p>\n<h2>Mehehe na Tallin Music Week<\/h2>\n<p><b>Mehehe<\/b><span style=\"font-weight: 400;\"> to etno ambientowy <\/span><span style=\"font-weight: 400;\">duet, kto\u0301ry w niekonwencjonalny sposo\u0301b nawia\u0328zuje do tradycji szeptuch i magii ludowej. Funkcjonuj\u0105 na pograniczu muzyki akustycznej i elektronicznej. Zap\u0119tlaj\u0105 w looperze d\u017awi\u0119ki instrument\u00f3w tradycyjnych, li\u015bci, wrzecion i g\u0142os. To transowe i oniryczne brzmienie.<br \/>\nHelena Matuszewska i Basia Songin <strong>zagraj\u0105 jako jedyny polski zesp\u00f3\u0142 na tegorocznym Tallin Music Week<\/strong> \u2013 jednej z najwa\u017cniejszej imprez muzycznych basenu Morza Ba\u0142tyckiego jako cz\u0119\u015b\u0107 wyj\u0105tkowej sceny Folktronica \u2013 prezentuj\u0105ca brzmienia mi\u0119dzy tradycj\u0105 a nowoczesno\u015bci\u0105.<\/span><\/p>\n<p>Ciekawostka: Sutari i Mehehe \u0142\u0105czy jedna cz\u0142onkini i wydawczyni muzyki, Basia Songin, absolwentka Inkubatora TBM \ud83d\ude42<\/p>\n<p>\n    <span id=\"arrow-link-2142977a\" class=\"d-inline-block\">\n        <a href=\"https:\/\/tmw.ee\/artists\/mehehe\" class=\"arrow-link underline\">\n            <span class=\"arrow-link_text\">Mehehe na Tallin Music Week<\/span>\n            <span class=\"arrow-link_icon\">\n                <i class=\"fa-solid fa-arrow-right\"><\/i><i class=\"fa-solid fa-arrow-right\"><\/i>\n            <\/span>\n        <\/a>\n    <\/span>\n    <br \/>\n\n    <span id=\"arrow-link-aafb8219\" class=\"d-inline-block\">\n        <a href=\"https:\/\/www.facebook.com\/mehehemusic\" class=\"arrow-link underline\">\n            <span class=\"arrow-link_text\">Mehehe na Facebooku<\/span>\n            <span class=\"arrow-link_icon\">\n                <i class=\"fa-solid fa-arrow-right\"><\/i><i class=\"fa-solid fa-arrow-right\"><\/i>\n            <\/span>\n        <\/a>\n    <\/span>\n    <\/p>\n<p><img loading=\"lazy\" decoding=\"async\" class=\"aligncenter wp-image-4579 size-full\" src=\"https:\/\/takbrzmimiasto.pl\/wp-content\/uploads\/2021\/07\/unnamed-1.jpg\" alt=\"\" width=\"1400\" height=\"1400\" data-wp-pid=\"4373\" srcset=\"https:\/\/takbrzmimiasto.pl\/wp-content\/uploads\/2021\/07\/unnamed-1.jpg 1400w, https:\/\/takbrzmimiasto.pl\/wp-content\/uploads\/2021\/07\/unnamed-1-350x350.jpg 350w, https:\/\/takbrzmimiasto.pl\/wp-content\/uploads\/2021\/07\/unnamed-1-100x100.jpg 100w, https:\/\/takbrzmimiasto.pl\/wp-content\/uploads\/2021\/07\/unnamed-1-800x800.jpg 800w, https:\/\/takbrzmimiasto.pl\/wp-content\/uploads\/2021\/07\/unnamed-1-1000x1000.jpg 1000w, https:\/\/takbrzmimiasto.pl\/wp-content\/uploads\/2021\/07\/unnamed-1-768x768.jpg 768w\" sizes=\"(max-width: 1400px) 100vw, 1400px\" \/><\/p>\n<p>&nbsp;<\/p>\n<p>&nbsp;<\/p>\n","protected":false},"excerpt":{"rendered":"<p>Sprawdzamy, co u nich, co u Was. Nowe p\u0142yty, \u015bwie\u017ce single, nominacje i showcase&#8217;y! &nbsp; Milito przedstawia nowy singiel Nest Milito, czyli Kamil Niedzia\u0142ek, to singer-songwriter, multiinstrumentalista, performer i artysta wizualny &#8211; absolwent warszawskiej ASP. Jak sam m\u00f3wi, robi muzyk\u0119, aby pom\u00f3c m\u0119\u017cczyznom zaufa\u0107 m\u0119skiej wra\u017cliwo\u015bci. Jego nowy singiel Nest to\u00a0rodzaj rytualnej pie\u015bni na cze\u015b\u0107 [&hellip;]<\/p>\n","protected":false},"author":60,"featured_media":4583,"comment_status":"open","ping_status":"open","sticky":false,"template":"","format":"standard","meta":{"inline_featured_image":false,"footnotes":""},"categories":[308],"tags":[],"class_list":["post-4572","post","type-post","status-publish","format-standard","has-post-thumbnail","hentry","category-aktualnosci"],"acf":[],"yoast_head":"<!-- This site is optimized with the Yoast SEO plugin v19.7.1 - https:\/\/yoast.com\/wordpress\/plugins\/seo\/ -->\n<title>Nowo\u015bci, muzyka i wie\u015bci ze Spo\u0142eczno\u015bci Tak Brzmi Miasto [lipiec 2021] - Tak Brzmi Miasto<\/title>\n<meta name=\"robots\" content=\"index, follow, max-snippet:-1, max-image-preview:large, max-video-preview:-1\" \/>\n<link rel=\"canonical\" href=\"https:\/\/takbrzmimiasto.pl\/en\/nowosci-muzyka-i-wiesci-ze-spolecznosci-tak-brzmi-miasto-lipiec-2021\/\" \/>\n<meta property=\"og:locale\" content=\"en_US\" \/>\n<meta property=\"og:type\" content=\"article\" \/>\n<meta property=\"og:title\" content=\"Nowo\u015bci, muzyka i wie\u015bci ze Spo\u0142eczno\u015bci Tak Brzmi Miasto [lipiec 2021] - Tak Brzmi Miasto\" \/>\n<meta property=\"og:description\" content=\"Sprawdzamy, co u nich, co u Was. Nowe p\u0142yty, \u015bwie\u017ce single, nominacje i showcase&#8217;y! &nbsp; Milito przedstawia nowy singiel Nest Milito, czyli Kamil Niedzia\u0142ek, to singer-songwriter, multiinstrumentalista, performer i artysta wizualny &#8211; absolwent warszawskiej ASP. Jak sam m\u00f3wi, robi muzyk\u0119, aby pom\u00f3c m\u0119\u017cczyznom zaufa\u0107 m\u0119skiej wra\u017cliwo\u015bci. Jego nowy singiel Nest to\u00a0rodzaj rytualnej pie\u015bni na cze\u015b\u0107 [&hellip;]\" \/>\n<meta property=\"og:url\" content=\"https:\/\/takbrzmimiasto.pl\/en\/nowosci-muzyka-i-wiesci-ze-spolecznosci-tak-brzmi-miasto-lipiec-2021\/\" \/>\n<meta property=\"og:site_name\" content=\"Tak Brzmi Miasto\" \/>\n<meta property=\"article:published_time\" content=\"2021-07-23T12:03:07+00:00\" \/>\n<meta property=\"article:modified_time\" content=\"2022-09-23T13:45:04+00:00\" \/>\n<meta property=\"og:image\" content=\"https:\/\/takbrzmimiasto.pl\/wp-content\/uploads\/2021\/07\/hd23.jpg\" \/>\n\t<meta property=\"og:image:width\" content=\"1920\" \/>\n\t<meta property=\"og:image:height\" content=\"1080\" \/>\n\t<meta property=\"og:image:type\" content=\"image\/jpeg\" \/>\n<meta name=\"author\" content=\"Ewelina Krawczyk\" \/>\n<meta name=\"twitter:card\" content=\"summary_large_image\" \/>\n<meta name=\"twitter:label1\" content=\"Written by\" \/>\n\t<meta name=\"twitter:data1\" content=\"Ewelina Krawczyk\" \/>\n\t<meta name=\"twitter:label2\" content=\"Est. reading time\" \/>\n\t<meta name=\"twitter:data2\" content=\"3 minutes\" \/>\n<script type=\"application\/ld+json\" class=\"yoast-schema-graph\">{\"@context\":\"https:\/\/schema.org\",\"@graph\":[{\"@type\":\"Article\",\"@id\":\"https:\/\/takbrzmimiasto.pl\/en\/nowosci-muzyka-i-wiesci-ze-spolecznosci-tak-brzmi-miasto-lipiec-2021\/#article\",\"isPartOf\":{\"@id\":\"https:\/\/takbrzmimiasto.pl\/en\/nowosci-muzyka-i-wiesci-ze-spolecznosci-tak-brzmi-miasto-lipiec-2021\/\"},\"author\":{\"name\":\"Ewelina Krawczyk\",\"@id\":\"https:\/\/takbrzmimiasto.pl\/#\/schema\/person\/1c946f5380dc2c5faa442dcd9665f577\"},\"headline\":\"Nowo\u015bci, muzyka i wie\u015bci ze Spo\u0142eczno\u015bci Tak Brzmi Miasto [lipiec 2021]\",\"datePublished\":\"2021-07-23T12:03:07+00:00\",\"dateModified\":\"2022-09-23T13:45:04+00:00\",\"mainEntityOfPage\":{\"@id\":\"https:\/\/takbrzmimiasto.pl\/en\/nowosci-muzyka-i-wiesci-ze-spolecznosci-tak-brzmi-miasto-lipiec-2021\/\"},\"wordCount\":580,\"commentCount\":0,\"publisher\":{\"@id\":\"https:\/\/takbrzmimiasto.pl\/#organization\"},\"articleSection\":[\"Aktualno\u015bci\"],\"inLanguage\":\"en-US\",\"potentialAction\":[{\"@type\":\"CommentAction\",\"name\":\"Comment\",\"target\":[\"https:\/\/takbrzmimiasto.pl\/en\/nowosci-muzyka-i-wiesci-ze-spolecznosci-tak-brzmi-miasto-lipiec-2021\/#respond\"]}]},{\"@type\":\"WebPage\",\"@id\":\"https:\/\/takbrzmimiasto.pl\/en\/nowosci-muzyka-i-wiesci-ze-spolecznosci-tak-brzmi-miasto-lipiec-2021\/\",\"url\":\"https:\/\/takbrzmimiasto.pl\/en\/nowosci-muzyka-i-wiesci-ze-spolecznosci-tak-brzmi-miasto-lipiec-2021\/\",\"name\":\"Nowo\u015bci, muzyka i wie\u015bci ze Spo\u0142eczno\u015bci Tak Brzmi Miasto [lipiec 2021] - Tak Brzmi Miasto\",\"isPartOf\":{\"@id\":\"https:\/\/takbrzmimiasto.pl\/#website\"},\"datePublished\":\"2021-07-23T12:03:07+00:00\",\"dateModified\":\"2022-09-23T13:45:04+00:00\",\"breadcrumb\":{\"@id\":\"https:\/\/takbrzmimiasto.pl\/en\/nowosci-muzyka-i-wiesci-ze-spolecznosci-tak-brzmi-miasto-lipiec-2021\/#breadcrumb\"},\"inLanguage\":\"en-US\",\"potentialAction\":[{\"@type\":\"ReadAction\",\"target\":[\"https:\/\/takbrzmimiasto.pl\/en\/nowosci-muzyka-i-wiesci-ze-spolecznosci-tak-brzmi-miasto-lipiec-2021\/\"]}]},{\"@type\":\"BreadcrumbList\",\"@id\":\"https:\/\/takbrzmimiasto.pl\/en\/nowosci-muzyka-i-wiesci-ze-spolecznosci-tak-brzmi-miasto-lipiec-2021\/#breadcrumb\",\"itemListElement\":[{\"@type\":\"ListItem\",\"position\":1,\"name\":\"Strona g\u0142\u00f3wna\",\"item\":\"https:\/\/takbrzmimiasto.pl\/en\/\"},{\"@type\":\"ListItem\",\"position\":2,\"name\":\"Nowo\u015bci, muzyka i wie\u015bci ze Spo\u0142eczno\u015bci Tak Brzmi Miasto [lipiec 2021]\"}]},{\"@type\":\"WebSite\",\"@id\":\"https:\/\/takbrzmimiasto.pl\/#website\",\"url\":\"https:\/\/takbrzmimiasto.pl\/\",\"name\":\"Tak Brzmi Miasto\",\"description\":\"Tak Brzmi Miasto to konferencja, festiwal, inkubator dla mened\u017cer\u00f3w i akademia\",\"publisher\":{\"@id\":\"https:\/\/takbrzmimiasto.pl\/#organization\"},\"potentialAction\":[{\"@type\":\"SearchAction\",\"target\":{\"@type\":\"EntryPoint\",\"urlTemplate\":\"https:\/\/takbrzmimiasto.pl\/?s={search_term_string}\"},\"query-input\":\"required name=search_term_string\"}],\"inLanguage\":\"en-US\"},{\"@type\":\"Organization\",\"@id\":\"https:\/\/takbrzmimiasto.pl\/#organization\",\"name\":\"Tak Brzmi Miasto\",\"url\":\"https:\/\/takbrzmimiasto.pl\/\",\"sameAs\":[],\"logo\":{\"@type\":\"ImageObject\",\"inLanguage\":\"en-US\",\"@id\":\"https:\/\/takbrzmimiasto.pl\/#\/schema\/logo\/image\/\",\"url\":\"https:\/\/takbrzmimiasto.pl\/wp-content\/uploads\/2021\/04\/www_miniatura_bezmenu.jpg\",\"contentUrl\":\"https:\/\/takbrzmimiasto.pl\/wp-content\/uploads\/2021\/04\/www_miniatura_bezmenu.jpg\",\"width\":1920,\"height\":1080,\"caption\":\"Tak Brzmi Miasto\"},\"image\":{\"@id\":\"https:\/\/takbrzmimiasto.pl\/#\/schema\/logo\/image\/\"}},{\"@type\":\"Person\",\"@id\":\"https:\/\/takbrzmimiasto.pl\/#\/schema\/person\/1c946f5380dc2c5faa442dcd9665f577\",\"name\":\"Ewelina Krawczyk\",\"image\":{\"@type\":\"ImageObject\",\"inLanguage\":\"en-US\",\"@id\":\"https:\/\/takbrzmimiasto.pl\/#\/schema\/person\/image\/\",\"url\":\"https:\/\/secure.gravatar.com\/avatar\/03e1748f22765fb67ad17a1be9f9214e?s=96&d=mm&r=g\",\"contentUrl\":\"https:\/\/secure.gravatar.com\/avatar\/03e1748f22765fb67ad17a1be9f9214e?s=96&d=mm&r=g\",\"caption\":\"Ewelina Krawczyk\"},\"description\":\"Organizatorka, promotorka i mened\u017cerka kultury. Dyrektorka Festiwalu Wschody promuj\u0105cego now\u0105 muzyk\u0119 artystyczn\u0105. Dotychczas m.in. specjalistka ds. promocji w Wydawnictwie Znak, dziennikarka w Polska Press, wsp\u00f3\u0142prowadz\u0105ca projekty rekrutacyjne i kreatywne. Z wykszta\u0142cenia psycholo\u017cka, prowadzi\u0142a zaj\u0119cia m.in. z psychologii osobowo\u015bci i tw\u00f3rczo\u015bci. Tworzy swoj\u0105 jednoosobow\u0105 agencj\u0119 kreatywn\u0105, Si\u0119 tworzy - promocyjny pomost mi\u0119dzy tw\u00f3rcami a reszt\u0105 \u015bwiata.\",\"url\":\"https:\/\/takbrzmimiasto.pl\/en\/author\/ewelina-krawczyk\/\"}]}<\/script>\n<!-- \/ Yoast SEO plugin. -->","yoast_head_json":{"title":"Nowo\u015bci, muzyka i wie\u015bci ze Spo\u0142eczno\u015bci Tak Brzmi Miasto [lipiec 2021] - Tak Brzmi Miasto","robots":{"index":"index","follow":"follow","max-snippet":"max-snippet:-1","max-image-preview":"max-image-preview:large","max-video-preview":"max-video-preview:-1"},"canonical":"https:\/\/takbrzmimiasto.pl\/en\/nowosci-muzyka-i-wiesci-ze-spolecznosci-tak-brzmi-miasto-lipiec-2021\/","og_locale":"en_US","og_type":"article","og_title":"Nowo\u015bci, muzyka i wie\u015bci ze Spo\u0142eczno\u015bci Tak Brzmi Miasto [lipiec 2021] - Tak Brzmi Miasto","og_description":"Sprawdzamy, co u nich, co u Was. Nowe p\u0142yty, \u015bwie\u017ce single, nominacje i showcase&#8217;y! &nbsp; Milito przedstawia nowy singiel Nest Milito, czyli Kamil Niedzia\u0142ek, to singer-songwriter, multiinstrumentalista, performer i artysta wizualny &#8211; absolwent warszawskiej ASP. Jak sam m\u00f3wi, robi muzyk\u0119, aby pom\u00f3c m\u0119\u017cczyznom zaufa\u0107 m\u0119skiej wra\u017cliwo\u015bci. Jego nowy singiel Nest to\u00a0rodzaj rytualnej pie\u015bni na cze\u015b\u0107 [&hellip;]","og_url":"https:\/\/takbrzmimiasto.pl\/en\/nowosci-muzyka-i-wiesci-ze-spolecznosci-tak-brzmi-miasto-lipiec-2021\/","og_site_name":"Tak Brzmi Miasto","article_published_time":"2021-07-23T12:03:07+00:00","article_modified_time":"2022-09-23T13:45:04+00:00","og_image":[{"width":1920,"height":1080,"url":"https:\/\/takbrzmimiasto.pl\/wp-content\/uploads\/2021\/07\/hd23.jpg","type":"image\/jpeg"}],"author":"Ewelina Krawczyk","twitter_card":"summary_large_image","twitter_misc":{"Written by":"Ewelina Krawczyk","Est. reading time":"3 minutes"},"schema":{"@context":"https:\/\/schema.org","@graph":[{"@type":"Article","@id":"https:\/\/takbrzmimiasto.pl\/en\/nowosci-muzyka-i-wiesci-ze-spolecznosci-tak-brzmi-miasto-lipiec-2021\/#article","isPartOf":{"@id":"https:\/\/takbrzmimiasto.pl\/en\/nowosci-muzyka-i-wiesci-ze-spolecznosci-tak-brzmi-miasto-lipiec-2021\/"},"author":{"name":"Ewelina Krawczyk","@id":"https:\/\/takbrzmimiasto.pl\/#\/schema\/person\/1c946f5380dc2c5faa442dcd9665f577"},"headline":"Nowo\u015bci, muzyka i wie\u015bci ze Spo\u0142eczno\u015bci Tak Brzmi Miasto [lipiec 2021]","datePublished":"2021-07-23T12:03:07+00:00","dateModified":"2022-09-23T13:45:04+00:00","mainEntityOfPage":{"@id":"https:\/\/takbrzmimiasto.pl\/en\/nowosci-muzyka-i-wiesci-ze-spolecznosci-tak-brzmi-miasto-lipiec-2021\/"},"wordCount":580,"commentCount":0,"publisher":{"@id":"https:\/\/takbrzmimiasto.pl\/#organization"},"articleSection":["Aktualno\u015bci"],"inLanguage":"en-US","potentialAction":[{"@type":"CommentAction","name":"Comment","target":["https:\/\/takbrzmimiasto.pl\/en\/nowosci-muzyka-i-wiesci-ze-spolecznosci-tak-brzmi-miasto-lipiec-2021\/#respond"]}]},{"@type":"WebPage","@id":"https:\/\/takbrzmimiasto.pl\/en\/nowosci-muzyka-i-wiesci-ze-spolecznosci-tak-brzmi-miasto-lipiec-2021\/","url":"https:\/\/takbrzmimiasto.pl\/en\/nowosci-muzyka-i-wiesci-ze-spolecznosci-tak-brzmi-miasto-lipiec-2021\/","name":"Nowo\u015bci, muzyka i wie\u015bci ze Spo\u0142eczno\u015bci Tak Brzmi Miasto [lipiec 2021] - Tak Brzmi Miasto","isPartOf":{"@id":"https:\/\/takbrzmimiasto.pl\/#website"},"datePublished":"2021-07-23T12:03:07+00:00","dateModified":"2022-09-23T13:45:04+00:00","breadcrumb":{"@id":"https:\/\/takbrzmimiasto.pl\/en\/nowosci-muzyka-i-wiesci-ze-spolecznosci-tak-brzmi-miasto-lipiec-2021\/#breadcrumb"},"inLanguage":"en-US","potentialAction":[{"@type":"ReadAction","target":["https:\/\/takbrzmimiasto.pl\/en\/nowosci-muzyka-i-wiesci-ze-spolecznosci-tak-brzmi-miasto-lipiec-2021\/"]}]},{"@type":"BreadcrumbList","@id":"https:\/\/takbrzmimiasto.pl\/en\/nowosci-muzyka-i-wiesci-ze-spolecznosci-tak-brzmi-miasto-lipiec-2021\/#breadcrumb","itemListElement":[{"@type":"ListItem","position":1,"name":"Strona g\u0142\u00f3wna","item":"https:\/\/takbrzmimiasto.pl\/en\/"},{"@type":"ListItem","position":2,"name":"Nowo\u015bci, muzyka i wie\u015bci ze Spo\u0142eczno\u015bci Tak Brzmi Miasto [lipiec 2021]"}]},{"@type":"WebSite","@id":"https:\/\/takbrzmimiasto.pl\/#website","url":"https:\/\/takbrzmimiasto.pl\/","name":"Tak Brzmi Miasto","description":"Tak Brzmi Miasto to konferencja, festiwal, inkubator dla mened\u017cer\u00f3w i akademia","publisher":{"@id":"https:\/\/takbrzmimiasto.pl\/#organization"},"potentialAction":[{"@type":"SearchAction","target":{"@type":"EntryPoint","urlTemplate":"https:\/\/takbrzmimiasto.pl\/?s={search_term_string}"},"query-input":"required name=search_term_string"}],"inLanguage":"en-US"},{"@type":"Organization","@id":"https:\/\/takbrzmimiasto.pl\/#organization","name":"Tak Brzmi Miasto","url":"https:\/\/takbrzmimiasto.pl\/","sameAs":[],"logo":{"@type":"ImageObject","inLanguage":"en-US","@id":"https:\/\/takbrzmimiasto.pl\/#\/schema\/logo\/image\/","url":"https:\/\/takbrzmimiasto.pl\/wp-content\/uploads\/2021\/04\/www_miniatura_bezmenu.jpg","contentUrl":"https:\/\/takbrzmimiasto.pl\/wp-content\/uploads\/2021\/04\/www_miniatura_bezmenu.jpg","width":1920,"height":1080,"caption":"Tak Brzmi Miasto"},"image":{"@id":"https:\/\/takbrzmimiasto.pl\/#\/schema\/logo\/image\/"}},{"@type":"Person","@id":"https:\/\/takbrzmimiasto.pl\/#\/schema\/person\/1c946f5380dc2c5faa442dcd9665f577","name":"Ewelina Krawczyk","image":{"@type":"ImageObject","inLanguage":"en-US","@id":"https:\/\/takbrzmimiasto.pl\/#\/schema\/person\/image\/","url":"https:\/\/secure.gravatar.com\/avatar\/03e1748f22765fb67ad17a1be9f9214e?s=96&d=mm&r=g","contentUrl":"https:\/\/secure.gravatar.com\/avatar\/03e1748f22765fb67ad17a1be9f9214e?s=96&d=mm&r=g","caption":"Ewelina Krawczyk"},"description":"Organizatorka, promotorka i mened\u017cerka kultury. Dyrektorka Festiwalu Wschody promuj\u0105cego now\u0105 muzyk\u0119 artystyczn\u0105. Dotychczas m.in. specjalistka ds. promocji w Wydawnictwie Znak, dziennikarka w Polska Press, wsp\u00f3\u0142prowadz\u0105ca projekty rekrutacyjne i kreatywne. Z wykszta\u0142cenia psycholo\u017cka, prowadzi\u0142a zaj\u0119cia m.in. z psychologii osobowo\u015bci i tw\u00f3rczo\u015bci. Tworzy swoj\u0105 jednoosobow\u0105 agencj\u0119 kreatywn\u0105, Si\u0119 tworzy - promocyjny pomost mi\u0119dzy tw\u00f3rcami a reszt\u0105 \u015bwiata.","url":"https:\/\/takbrzmimiasto.pl\/en\/author\/ewelina-krawczyk\/"}]}},"_links":{"self":[{"href":"https:\/\/takbrzmimiasto.pl\/en\/wp-json\/wp\/v2\/posts\/4572\/"}],"collection":[{"href":"https:\/\/takbrzmimiasto.pl\/en\/wp-json\/wp\/v2\/posts\/"}],"about":[{"href":"https:\/\/takbrzmimiasto.pl\/en\/wp-json\/wp\/v2\/types\/post\/"}],"author":[{"embeddable":true,"href":"https:\/\/takbrzmimiasto.pl\/en\/wp-json\/wp\/v2\/users\/60\/"}],"replies":[{"embeddable":true,"href":"https:\/\/takbrzmimiasto.pl\/en\/wp-json\/wp\/v2\/comments\/?post=4572"}],"version-history":[{"count":4,"href":"https:\/\/takbrzmimiasto.pl\/en\/wp-json\/wp\/v2\/posts\/4572\/revisions\/"}],"predecessor-version":[{"id":15375,"href":"https:\/\/takbrzmimiasto.pl\/en\/wp-json\/wp\/v2\/posts\/4572\/revisions\/15375\/"}],"wp:featuredmedia":[{"embeddable":true,"href":"https:\/\/takbrzmimiasto.pl\/en\/wp-json\/wp\/v2\/media\/4583\/"}],"wp:attachment":[{"href":"https:\/\/takbrzmimiasto.pl\/en\/wp-json\/wp\/v2\/media\/?parent=4572"}],"wp:term":[{"taxonomy":"category","embeddable":true,"href":"https:\/\/takbrzmimiasto.pl\/en\/wp-json\/wp\/v2\/categories\/?post=4572"},{"taxonomy":"post_tag","embeddable":true,"href":"https:\/\/takbrzmimiasto.pl\/en\/wp-json\/wp\/v2\/tags\/?post=4572"}],"curies":[{"name":"wp","href":"https:\/\/api.w.org\/{rel}","templated":true}]}}