{"id":4605,"date":"2021-07-31T13:04:56","date_gmt":"2021-07-31T11:04:56","guid":{"rendered":"https:\/\/takbrzmimiasto.pl\/?p=4605"},"modified":"2022-09-23T15:45:04","modified_gmt":"2022-09-23T13:45:04","slug":"sie-tworzy-oddech","status":"publish","type":"post","link":"https:\/\/takbrzmimiasto.pl\/en\/sie-tworzy-oddech\/","title":{"rendered":"Si\u0119 tworzy #oddech"},"content":{"rendered":"<p><strong>Wdech. Wydech. Ko\u0144czymy lipcowy temat oddechu. Przypominam lipcowe teksty, kt\u00f3re zago\u015bci\u0142y na takbrzmimiastowym blogu. Przed otwarciem sierpniowych drzwi, za kt\u00f3rymi czekaj\u0105 #plony. Sprawd\u017acie, co warto nadrobi\u0107.<br \/>\n<\/strong><\/p>\n<h5><strong>[Wykorzystuj\u0119 pami\u0119tnikowy spis tre\u015bci, kt\u00f3ry napisa\u0142am do wst\u0119pu listu z informacjami o oddechu]\u00a0<\/strong><\/h5>\n<p>Jak cz\u0119sto czujesz si\u0119 zm\u0119czony\/a? Jak cz\u0119sto nie mo\u017cesz zebra\u0107 my\u015bli? Czy dzisiaj zmusi\u0142a\u015b\/e\u015b si\u0119 do pracy mimo braku si\u0142? A kiedy ostatnio zrobi\u0142a\u015b\/e\u015b sobie przerw\u0119? Tak\u0105 wiesz, bez wyrzut\u00f3w sumienia, bez poczucia winy i straty. Ile razy sprawdzi\u0142e\u015b\/a\u015b dzisiaj sw\u00f3j telefon, by\u0142e\u015b\/a\u015b online, uto\u017csamiaj\u0105c czas sp\u0119dzany w sieci z przerw\u0105? Kiedy ostatnio my\u015bla\u0142e\u015b\/a\u015b o swoim oddechu? O tym, \u017bE ODDYCHASZ? Brzmi jak wst\u0119p do metafizycznego wyk\u0142adu? Nie, to proste pytania o twoj\u0105 codzienno\u015b\u0107, kr\u00f3tka refleksja, na kt\u00f3r\u0105 mo\u017cesz da\u0107 sobie chwil\u0119. Hej, jest lato, jest pi\u0119knie, pytanie, czy masz czas na<\/p>\n<p>&nbsp;<\/p>\n<h1 style=\"text-align: center;\">#oddech<\/h1>\n<p>&nbsp;<\/p>\n<p>?<br \/>\nWci\u0105\u017c jestem poruszona rozmowami, kt\u00f3re by\u0142y cz\u0119\u015bci\u0105 czerwcowych \u201espo\u0142eczno\u015bci\u00f3wek\u201d \u2013 spotka\u0144 z Inkubatorowiczami\/czkami. Zaplanowa\u0142am wsp\u00f3ln\u0105 prac\u0119: cztery grupy z czterech miast dzie\u0144 w dzie\u0144 po dwie godziny (w efekcie trzy). Analizujemy grup\u0119 (spo\u0142eczno\u015b\u0107 muzyczn\u0105, muzyk\u00f3w, artyst\u00f3w, kt\u00f3rzy pracuj\u0105 nad swoim rozwojem), szukamy potrzeb, wymieniamy problemy i wypisujemy braki, przeformu\u0142owujemy je na cele i ostatecznie szukamy rozwi\u0105za\u0144 \u2013 czyli to, czego nie ma, przekuwamy w to, jak by\u0107 powinno i wymy\u015blamy narz\u0119dzie, kt\u00f3re ma w tym pom\u00f3c.<\/p>\n<p>Oczywi\u015bcie, dynamika by\u0142a r\u00f3\u017cna, zatem przebieg i wnioski \u2013 tak\u017ce. Ale podobie\u0144stw w prze\u017cywanych na co dzie\u0144 trudno\u015bciach \u2013 ca\u0142e mn\u00f3stwo! I wiecie o czym cz\u0119sto m\u00f3wili muzycy, mened\u017cerki i producenci? O braku czasu, przyt\u0142aczaj\u0105cej ilo\u015bci dzia\u0142a\u0144, problemie z zarz\u0105dzaniem czasem \u2013 oczywi\u015bcie tak\u017ce w kontek\u015bcie trudno\u015bci z pe\u0142noetatowym \u017cyciem z muzyki. Ale \u2013 niezale\u017cnie od miejsca \u2013 wi\u0119kszo\u015bci brakowa\u0142o wytchnienia, brakowa\u0142o oddechu.<\/p>\n<p>Nie mam z\u0142otego \u015brodka, kt\u00f3ry m\u00f3g\u0142by temu zaradzi\u0107. Na razie sta\u0142am si\u0119 bardziej wra\u017cliwa na ten temat i szukam pomys\u0142u. Motywuje mnie w\u0142asna sytuacja. Po tych czterech dniach z czterema grupami po dwie (czytaj: trzy) godziny pad\u0142am. Oczywi\u015bcie w ci\u0105gu dnia robi\u0142am szereg innych dzia\u0142a\u0144. Ale mog\u0142am p\u00f3\u017aniej zacz\u0105\u0107 prac\u0119, kt\u00f3ra zintensyfikuje si\u0119 ze wzgl\u0119du na warsztaty \u2013 mia\u0142am wszelkie dane, kt\u00f3re pozwoli\u0142yby mi zadba\u0107 o siebie, czego nie zrobi\u0142am. Przez kolejne trzy dni brakowa\u0142o mi si\u0142, \u017ca\u0142owa\u0142am utraty weekendu i \u2013 z r\u0119k\u0105 na sercu \u2013 straty by\u0142y wi\u0119ksze ni\u017c zyski, bo wypocz\u0119ta dzia\u0142am skuteczniej.<\/p>\n<p>W pomy\u015ble na zwrot w swoim kierunku, na samo\u015bwiadomo\u015b\u0107 i dbanie o siebie (co staram si\u0119 promowa\u0107 w ka\u017cdym innym temacie) jest s\u0142uszno\u015b\u0107 i pewna ironia, kiedy do oddechu zach\u0119cam spo\u0142eczno\u015b\u0107, kt\u00f3rej brakuje regulacji prawnych, zawodowej stabilizacji i sensownego dofinansowania.<\/p>\n<p>Niemniej: zacznijmy od siebie, zacznijmy od oddechu, wr\u00f3cimy jeszcze do &#8220;trudnych&#8221; spraw. Czy to fizjologia \u2013 wdech \u2013 czy metafizyka \u2013 wydech \u2013 dajmy sobie chwil\u0119, kt\u00f3rej przecie\u017c potrzebujemy.<\/p>\n<p>Na pocz\u0105tek lektury polecam wywiad. \n    <span id=\"arrow-link-5ec2f5b6\" class=\"d-inline-block\">\n        <a href=\"https:\/\/takbrzmimiasto.pl\/oddech-fizjologia-czy-metafizyka\/\" class=\"arrow-link underline\">\n            <span class=\"arrow-link_text\">Oddech \u2013 metafizyka czy fizjologia?<\/span>\n            <span class=\"arrow-link_icon\">\n                <i class=\"fa-solid fa-arrow-right\"><\/i><i class=\"fa-solid fa-arrow-right\"><\/i>\n            <\/span>\n        <\/a>\n    <\/span>\n    \u00a0w przewrotnym cyklu\u00a0<strong>VS.<\/strong>\u00a0(przewrotnym, bo wi\u0119cej tutaj por\u00f3wnania i zgody ni\u017c konfrontacji). \u00a0<strong>Ada Ku\u0107mierz<\/strong>\u00a0zaprosi\u0142a do rozmowy dwie osoby, dla kt\u00f3rych oddech jest integraln\u0105 cz\u0119\u015bci\u0105 \u017cycia:\u00a0<strong>Natali\u0119 Przybysz<\/strong>, piosenkark\u0119 oraz\u00a0<strong>Grzegorza Paw\u0142owskiego<\/strong>, trenera oddechu, life coacha i autora ksi\u0105\u017cek.<\/p>\n<p>&nbsp;<\/p>\n<p><img loading=\"lazy\" decoding=\"async\" class=\"aligncenter wp-image-4612 size-full\" src=\"https:\/\/takbrzmimiasto.pl\/wp-content\/uploads\/2021\/07\/vs-1.jpg\" alt=\"Natalia Przybysz \/ Grzgorz Paw\u0142owski\" width=\"1920\" height=\"1080\" data-wp-pid=\"4175\" srcset=\"https:\/\/takbrzmimiasto.pl\/wp-content\/uploads\/2021\/07\/vs-1.jpg 1920w, https:\/\/takbrzmimiasto.pl\/wp-content\/uploads\/2021\/07\/vs-1-800x450.jpg 800w, https:\/\/takbrzmimiasto.pl\/wp-content\/uploads\/2021\/07\/vs-1-1000x563.jpg 1000w, https:\/\/takbrzmimiasto.pl\/wp-content\/uploads\/2021\/07\/vs-1-350x197.jpg 350w, https:\/\/takbrzmimiasto.pl\/wp-content\/uploads\/2021\/07\/vs-1-768x432.jpg 768w, https:\/\/takbrzmimiasto.pl\/wp-content\/uploads\/2021\/07\/vs-1-1536x864.jpg 1536w\" sizes=\"(max-width: 1920px) 100vw, 1920px\" \/><\/p>\n<p>&nbsp;<\/p>\n<p><span style=\"font-family: lato, helvetica neue, helvetica, arial, sans-serif;\"><strong>Jarek Jazienicki<\/strong> wpad\u0142 na pomys\u0142, \u017ceby spr\u00f3bowa\u0107 poszuka\u0107 odpowiedzi tam, gdzie praca mo\u017ce \u0142\u0105czy\u0107 si\u0119 z oddechem. I zaprasza Was, \u017ceby pozna\u0107 \n    <span id=\"arrow-link-d618bddf\" class=\"d-inline-block\">\n        <a href=\"https:\/\/takbrzmimiasto.pl\/miejsca-gdzie-praca-spotyka-spokoj\/\" class=\"arrow-link underline\">\n            <span class=\"arrow-link_text\">Miejsca, gdzie praca spotyka spok\u00f3j<\/span>\n            <span class=\"arrow-link_icon\">\n                <i class=\"fa-solid fa-arrow-right\"><\/i><i class=\"fa-solid fa-arrow-right\"><\/i>\n            <\/span>\n        <\/a>\n    <\/span>\n    . Pewnie znacie Monochrom Studio? A Kos\u00f3wk\u0119 albo Akademi\u0119 Klawiszow\u0105? Sprawd\u017acie i napiszcie do nas koniecznie, je\u015bli chcecie poleci\u0107 Spo\u0142eczno\u015bci miejsce, kt\u00f3re jeszcze nie znalaz\u0142o si\u0119 na li\u015bcie slow miejsc\u00f3wek dla muzyk\u00f3w.<\/span><\/p>\n<p>&nbsp;<\/p>\n<p><img loading=\"lazy\" decoding=\"async\" class=\"aligncenter wp-image-4610 size-full\" src=\"https:\/\/takbrzmimiasto.pl\/wp-content\/uploads\/2021\/07\/jj-1.jpg\" alt=\"\" width=\"1920\" height=\"1080\" data-wp-pid=\"4211\" srcset=\"https:\/\/takbrzmimiasto.pl\/wp-content\/uploads\/2021\/07\/jj-1.jpg 1920w, https:\/\/takbrzmimiasto.pl\/wp-content\/uploads\/2021\/07\/jj-1-800x450.jpg 800w, https:\/\/takbrzmimiasto.pl\/wp-content\/uploads\/2021\/07\/jj-1-1000x563.jpg 1000w, https:\/\/takbrzmimiasto.pl\/wp-content\/uploads\/2021\/07\/jj-1-350x197.jpg 350w, https:\/\/takbrzmimiasto.pl\/wp-content\/uploads\/2021\/07\/jj-1-768x432.jpg 768w, https:\/\/takbrzmimiasto.pl\/wp-content\/uploads\/2021\/07\/jj-1-1536x864.jpg 1536w\" sizes=\"(max-width: 1920px) 100vw, 1920px\" \/><\/p>\n<p>&nbsp;<\/p>\n<p><span style=\"font-family: lato, helvetica neue, helvetica, arial, sans-serif;\">Czasem najlepiej zapyta\u0107 Was. W naszym cyklu \n    <span id=\"arrow-link-d7f2a5d2\" class=\"d-inline-block\">\n        <a href=\"https:\/\/takbrzmimiasto.pl\/glos-spolecznosci-oddech\/\" class=\"arrow-link underline\">\n            <span class=\"arrow-link_text\">G\u0142os spo\u0142eczno\u015bci<\/span>\n            <span class=\"arrow-link_icon\">\n                <i class=\"fa-solid fa-arrow-right\"><\/i><i class=\"fa-solid fa-arrow-right\"><\/i>\n            <\/span>\n        <\/a>\n    <\/span>\n    \u00a0<strong>Ada Ku\u0107mierz<\/strong>\u00a0rozmawia z artystami, kt\u00f3rych \u0142\u0105czy TBM. Czym jest #oddech w muzyce? Czy oddech od koncert\u00f3w dobrze nam zrobi\u0142? Przy czym \u0142apiemy oddech? Odpowiadaj\u0105:\u00a0<strong>Agnieszka Mendel<\/strong>\u00a0i\u00a0<strong>Maciek Hanusek<\/strong>\u00a0z Tara Gayan oraz\u00a0<strong>Tomek D\u017caman<\/strong>.<\/span><\/p>\n<p>&nbsp;<\/p>\n<p><img loading=\"lazy\" decoding=\"async\" class=\"aligncenter wp-image-4606 size-full\" src=\"https:\/\/takbrzmimiasto.pl\/wp-content\/uploads\/2021\/07\/gs-2.jpg\" alt=\"\" width=\"1920\" height=\"1080\" data-wp-pid=\"4199\" srcset=\"https:\/\/takbrzmimiasto.pl\/wp-content\/uploads\/2021\/07\/gs-2.jpg 1920w, https:\/\/takbrzmimiasto.pl\/wp-content\/uploads\/2021\/07\/gs-2-800x450.jpg 800w, https:\/\/takbrzmimiasto.pl\/wp-content\/uploads\/2021\/07\/gs-2-1000x563.jpg 1000w, https:\/\/takbrzmimiasto.pl\/wp-content\/uploads\/2021\/07\/gs-2-350x197.jpg 350w, https:\/\/takbrzmimiasto.pl\/wp-content\/uploads\/2021\/07\/gs-2-768x432.jpg 768w, https:\/\/takbrzmimiasto.pl\/wp-content\/uploads\/2021\/07\/gs-2-1536x864.jpg 1536w\" sizes=\"(max-width: 1920px) 100vw, 1920px\" \/><\/p>\n<p>&nbsp;<\/p>\n<p><span style=\"font-family: lato, helvetica neue, helvetica, arial, sans-serif;\">Znacie koncept okre\u015blonej sumy oddech\u00f3w, z kt\u00f3r\u0105 si\u0119 rodzimy? Nie chodzi o to, czy jest to prawd\u0105 &#8211; wyobra\u017amy sobie, \u017ce ni\u0105 jest. I przeczytajcie ten tekst. \n    <span id=\"arrow-link-acbbce51\" class=\"d-inline-block\">\n        <a href=\"https:\/\/takbrzmimiasto.pl\/suma-wszystkich-oddechow\/\" class=\"arrow-link underline\">\n            <span class=\"arrow-link_text\">Suma wszystkich oddech\u00f3w<\/span>\n            <span class=\"arrow-link_icon\">\n                <i class=\"fa-solid fa-arrow-right\"><\/i><i class=\"fa-solid fa-arrow-right\"><\/i>\n            <\/span>\n        <\/a>\n    <\/span>\n    <strong>\u00a0<\/strong><strong>Agnieszki Baczy\u0144skiej<\/strong>\u00a0jest niczym oddech. Wdech. Wydech.<\/span><\/p>\n<p>&nbsp;<\/p>\n<p><img loading=\"lazy\" decoding=\"async\" class=\"aligncenter wp-image-4608 size-full\" src=\"https:\/\/takbrzmimiasto.pl\/wp-content\/uploads\/2021\/07\/ab-1.jpg\" alt=\"\" width=\"1920\" height=\"1080\" data-wp-pid=\"4215\" srcset=\"https:\/\/takbrzmimiasto.pl\/wp-content\/uploads\/2021\/07\/ab-1.jpg 1920w, https:\/\/takbrzmimiasto.pl\/wp-content\/uploads\/2021\/07\/ab-1-800x450.jpg 800w, https:\/\/takbrzmimiasto.pl\/wp-content\/uploads\/2021\/07\/ab-1-1000x563.jpg 1000w, https:\/\/takbrzmimiasto.pl\/wp-content\/uploads\/2021\/07\/ab-1-350x197.jpg 350w, https:\/\/takbrzmimiasto.pl\/wp-content\/uploads\/2021\/07\/ab-1-768x432.jpg 768w, https:\/\/takbrzmimiasto.pl\/wp-content\/uploads\/2021\/07\/ab-1-1536x864.jpg 1536w\" sizes=\"(max-width: 1920px) 100vw, 1920px\" \/><\/p>\n<p>&nbsp;<\/p>\n<p><span style=\"font-family: lato, helvetica neue, helvetica, arial, sans-serif;\">W lipcu wypu\u015bcili\u015bmy powietrze, bo pojawi\u0142a si\u0119 perspektywa oddechu! <strong>Otworzyli\u015bmy swojego Patronite&#8217;a<\/strong>. To by\u0142a d\u0142uga praca nad wywa\u017ceniem tego, co mo\u017cemy Wam zaoferowa\u0107, tego, czego mo\u017cecie potrzebowa\u0107 i naszych cel\u00f3w, do kt\u00f3rych mo\u017cecie pom\u00f3c nam doj\u015b\u0107. Wszystko, co chcia\u0142abym Wam powiedzie\u0107 jest w \n    <span id=\"arrow-link-d0f52966\" class=\"d-inline-block\">\n        <a href=\"https:\/\/takbrzmimiasto.pl\/tak-brzmi-patronite-wspolnie-tworzymy-muzyczna-przyszlosc\/\" class=\"arrow-link underline\">\n            <span class=\"arrow-link_text\">tek\u015bcie na naszym blogu<\/span>\n            <span class=\"arrow-link_icon\">\n                <i class=\"fa-solid fa-arrow-right\"><\/i><i class=\"fa-solid fa-arrow-right\"><\/i>\n            <\/span>\n        <\/a>\n    <\/span>\n     i na profilu \n    <span id=\"arrow-link-213666d4\" class=\"d-inline-block\">\n        <a href=\"https:\/\/patronite.pl\/TBM\" class=\"arrow-link underline\">\n            <span class=\"arrow-link_text\">TBM Patronite<\/span>\n            <span class=\"arrow-link_icon\">\n                <i class=\"fa-solid fa-arrow-right\"><\/i><i class=\"fa-solid fa-arrow-right\"><\/i>\n            <\/span>\n        <\/a>\n    <\/span>\n    .<\/span><\/p>\n<p>&nbsp;<\/p>\n<p><img loading=\"lazy\" decoding=\"async\" class=\"aligncenter wp-image-4541 size-full\" src=\"https:\/\/takbrzmimiasto.pl\/wp-content\/uploads\/2021\/07\/WWWslider22a.jpg\" alt=\"\" width=\"1600\" height=\"1200\" data-wp-pid=\"4225\" srcset=\"https:\/\/takbrzmimiasto.pl\/wp-content\/uploads\/2021\/07\/WWWslider22a.jpg 1600w, https:\/\/takbrzmimiasto.pl\/wp-content\/uploads\/2021\/07\/WWWslider22a-800x600.jpg 800w, https:\/\/takbrzmimiasto.pl\/wp-content\/uploads\/2021\/07\/WWWslider22a-1000x750.jpg 1000w, https:\/\/takbrzmimiasto.pl\/wp-content\/uploads\/2021\/07\/WWWslider22a-350x263.jpg 350w, https:\/\/takbrzmimiasto.pl\/wp-content\/uploads\/2021\/07\/WWWslider22a-768x576.jpg 768w, https:\/\/takbrzmimiasto.pl\/wp-content\/uploads\/2021\/07\/WWWslider22a-1536x1152.jpg 1536w\" sizes=\"(max-width: 1600px) 100vw, 1600px\" \/><\/p>\n<p>&nbsp;<\/p>\n<p>Wzi\u0119li\u015bmy oddech, zaczynamy my\u015ble\u0107 o plonach. W zakamarkach naszych m\u00f3zg\u00f3w tli si\u0119 iskierka, kt\u00f3ra te plony wi\u0105\u017ce z Patronite&#8217;m. Ale na blogu dla nowej bran\u017cy muzycznej b\u0119dziemy rozmawia\u0107 o plonach po ci\u0119\u017ckiej pracy, o sianiu i uprawianiu kariery muzycznej, nie zapomnimy o istotnym dla tej pracy i dla tych efektu odpoczynku. Zapytamy si\u0119 te\u017c: czy plony to czasem nie s\u0105 \u015bmieci?<\/p>\n<p><em>Na g\u0142\u00f3wnej stronie naszego \n    <span id=\"arrow-link-99714e73\" class=\"d-inline-block\">\n        <a href=\"https:\/\/takbrzmimiasto.pl\/blog\/\" class=\"arrow-link underline\">\n            <span class=\"arrow-link_text\">bloga<\/span>\n            <span class=\"arrow-link_icon\">\n                <i class=\"fa-solid fa-arrow-right\"><\/i><i class=\"fa-solid fa-arrow-right\"><\/i>\n            <\/span>\n        <\/a>\n    <\/span>\n     znajdziesz wi\u0119cej tekst\u00f3w dla nowej bran\u017cy muzycznej. Piszemy o nowo\u015bciach Spo\u0142eczno\u015bci TBM, prezentujemy premiery z TBM-owego kana\u0142u YouTube i wiele wi\u0119cej.<\/em><\/p>\n","protected":false},"excerpt":{"rendered":"<p>Wdech. Wydech. Ko\u0144czymy lipcowy temat oddechu. Przypominam lipcowe teksty, kt\u00f3re zago\u015bci\u0142y na takbrzmimiastowym blogu. Przed otwarciem sierpniowych drzwi, za kt\u00f3rymi czekaj\u0105 #plony. Sprawd\u017acie, co warto nadrobi\u0107. [Wykorzystuj\u0119 pami\u0119tnikowy spis tre\u015bci, kt\u00f3ry napisa\u0142am do wst\u0119pu listu z informacjami o oddechu]\u00a0 Jak cz\u0119sto czujesz si\u0119 zm\u0119czony\/a? Jak cz\u0119sto nie mo\u017cesz zebra\u0107 my\u015bli? Czy dzisiaj zmusi\u0142a\u015b\/e\u015b si\u0119 do [&hellip;]<\/p>\n","protected":false},"author":60,"featured_media":4615,"comment_status":"open","ping_status":"open","sticky":false,"template":"","format":"standard","meta":{"inline_featured_image":false,"footnotes":""},"categories":[308],"tags":[],"class_list":["post-4605","post","type-post","status-publish","format-standard","has-post-thumbnail","hentry","category-aktualnosci"],"acf":[],"yoast_head":"<!-- This site is optimized with the Yoast SEO plugin v19.7.1 - https:\/\/yoast.com\/wordpress\/plugins\/seo\/ -->\n<title>Si\u0119 tworzy #oddech - Tak Brzmi Miasto<\/title>\n<meta name=\"robots\" content=\"index, follow, max-snippet:-1, max-image-preview:large, max-video-preview:-1\" \/>\n<link rel=\"canonical\" href=\"https:\/\/takbrzmimiasto.pl\/en\/sie-tworzy-oddech\/\" \/>\n<meta property=\"og:locale\" content=\"en_US\" \/>\n<meta property=\"og:type\" content=\"article\" \/>\n<meta property=\"og:title\" content=\"Si\u0119 tworzy #oddech - Tak Brzmi Miasto\" \/>\n<meta property=\"og:description\" content=\"Wdech. Wydech. Ko\u0144czymy lipcowy temat oddechu. Przypominam lipcowe teksty, kt\u00f3re zago\u015bci\u0142y na takbrzmimiastowym blogu. Przed otwarciem sierpniowych drzwi, za kt\u00f3rymi czekaj\u0105 #plony. Sprawd\u017acie, co warto nadrobi\u0107. [Wykorzystuj\u0119 pami\u0119tnikowy spis tre\u015bci, kt\u00f3ry napisa\u0142am do wst\u0119pu listu z informacjami o oddechu]\u00a0 Jak cz\u0119sto czujesz si\u0119 zm\u0119czony\/a? Jak cz\u0119sto nie mo\u017cesz zebra\u0107 my\u015bli? Czy dzisiaj zmusi\u0142a\u015b\/e\u015b si\u0119 do [&hellip;]\" \/>\n<meta property=\"og:url\" content=\"https:\/\/takbrzmimiasto.pl\/en\/sie-tworzy-oddech\/\" \/>\n<meta property=\"og:site_name\" content=\"Tak Brzmi Miasto\" \/>\n<meta property=\"article:published_time\" content=\"2021-07-31T11:04:56+00:00\" \/>\n<meta property=\"article:modified_time\" content=\"2022-09-23T13:45:04+00:00\" \/>\n<meta property=\"og:image\" content=\"https:\/\/takbrzmimiasto.pl\/wp-content\/uploads\/2021\/07\/st2.jpg\" \/>\n\t<meta property=\"og:image:width\" content=\"1920\" \/>\n\t<meta property=\"og:image:height\" content=\"1080\" \/>\n\t<meta property=\"og:image:type\" content=\"image\/jpeg\" \/>\n<meta name=\"author\" content=\"Ewelina Krawczyk\" \/>\n<meta name=\"twitter:card\" content=\"summary_large_image\" \/>\n<meta name=\"twitter:label1\" content=\"Written by\" \/>\n\t<meta name=\"twitter:data1\" content=\"Ewelina Krawczyk\" \/>\n\t<meta name=\"twitter:label2\" content=\"Est. reading time\" \/>\n\t<meta name=\"twitter:data2\" content=\"5 minutes\" \/>\n<script type=\"application\/ld+json\" class=\"yoast-schema-graph\">{\"@context\":\"https:\/\/schema.org\",\"@graph\":[{\"@type\":\"Article\",\"@id\":\"https:\/\/takbrzmimiasto.pl\/en\/sie-tworzy-oddech\/#article\",\"isPartOf\":{\"@id\":\"https:\/\/takbrzmimiasto.pl\/en\/sie-tworzy-oddech\/\"},\"author\":{\"name\":\"Ewelina Krawczyk\",\"@id\":\"https:\/\/takbrzmimiasto.pl\/#\/schema\/person\/1c946f5380dc2c5faa442dcd9665f577\"},\"headline\":\"Si\u0119 tworzy #oddech\",\"datePublished\":\"2021-07-31T11:04:56+00:00\",\"dateModified\":\"2022-09-23T13:45:04+00:00\",\"mainEntityOfPage\":{\"@id\":\"https:\/\/takbrzmimiasto.pl\/en\/sie-tworzy-oddech\/\"},\"wordCount\":1006,\"commentCount\":0,\"publisher\":{\"@id\":\"https:\/\/takbrzmimiasto.pl\/#organization\"},\"articleSection\":[\"Aktualno\u015bci\"],\"inLanguage\":\"en-US\",\"potentialAction\":[{\"@type\":\"CommentAction\",\"name\":\"Comment\",\"target\":[\"https:\/\/takbrzmimiasto.pl\/en\/sie-tworzy-oddech\/#respond\"]}]},{\"@type\":\"WebPage\",\"@id\":\"https:\/\/takbrzmimiasto.pl\/en\/sie-tworzy-oddech\/\",\"url\":\"https:\/\/takbrzmimiasto.pl\/en\/sie-tworzy-oddech\/\",\"name\":\"Si\u0119 tworzy #oddech - Tak Brzmi Miasto\",\"isPartOf\":{\"@id\":\"https:\/\/takbrzmimiasto.pl\/#website\"},\"datePublished\":\"2021-07-31T11:04:56+00:00\",\"dateModified\":\"2022-09-23T13:45:04+00:00\",\"breadcrumb\":{\"@id\":\"https:\/\/takbrzmimiasto.pl\/en\/sie-tworzy-oddech\/#breadcrumb\"},\"inLanguage\":\"en-US\",\"potentialAction\":[{\"@type\":\"ReadAction\",\"target\":[\"https:\/\/takbrzmimiasto.pl\/en\/sie-tworzy-oddech\/\"]}]},{\"@type\":\"BreadcrumbList\",\"@id\":\"https:\/\/takbrzmimiasto.pl\/en\/sie-tworzy-oddech\/#breadcrumb\",\"itemListElement\":[{\"@type\":\"ListItem\",\"position\":1,\"name\":\"Strona g\u0142\u00f3wna\",\"item\":\"https:\/\/takbrzmimiasto.pl\/en\/\"},{\"@type\":\"ListItem\",\"position\":2,\"name\":\"Si\u0119 tworzy #oddech\"}]},{\"@type\":\"WebSite\",\"@id\":\"https:\/\/takbrzmimiasto.pl\/#website\",\"url\":\"https:\/\/takbrzmimiasto.pl\/\",\"name\":\"Tak Brzmi Miasto\",\"description\":\"Tak Brzmi Miasto to konferencja, festiwal, inkubator dla mened\u017cer\u00f3w i akademia\",\"publisher\":{\"@id\":\"https:\/\/takbrzmimiasto.pl\/#organization\"},\"potentialAction\":[{\"@type\":\"SearchAction\",\"target\":{\"@type\":\"EntryPoint\",\"urlTemplate\":\"https:\/\/takbrzmimiasto.pl\/?s={search_term_string}\"},\"query-input\":\"required name=search_term_string\"}],\"inLanguage\":\"en-US\"},{\"@type\":\"Organization\",\"@id\":\"https:\/\/takbrzmimiasto.pl\/#organization\",\"name\":\"Tak Brzmi Miasto\",\"url\":\"https:\/\/takbrzmimiasto.pl\/\",\"sameAs\":[],\"logo\":{\"@type\":\"ImageObject\",\"inLanguage\":\"en-US\",\"@id\":\"https:\/\/takbrzmimiasto.pl\/#\/schema\/logo\/image\/\",\"url\":\"https:\/\/takbrzmimiasto.pl\/wp-content\/uploads\/2021\/04\/www_miniatura_bezmenu.jpg\",\"contentUrl\":\"https:\/\/takbrzmimiasto.pl\/wp-content\/uploads\/2021\/04\/www_miniatura_bezmenu.jpg\",\"width\":1920,\"height\":1080,\"caption\":\"Tak Brzmi Miasto\"},\"image\":{\"@id\":\"https:\/\/takbrzmimiasto.pl\/#\/schema\/logo\/image\/\"}},{\"@type\":\"Person\",\"@id\":\"https:\/\/takbrzmimiasto.pl\/#\/schema\/person\/1c946f5380dc2c5faa442dcd9665f577\",\"name\":\"Ewelina Krawczyk\",\"image\":{\"@type\":\"ImageObject\",\"inLanguage\":\"en-US\",\"@id\":\"https:\/\/takbrzmimiasto.pl\/#\/schema\/person\/image\/\",\"url\":\"https:\/\/secure.gravatar.com\/avatar\/03e1748f22765fb67ad17a1be9f9214e?s=96&d=mm&r=g\",\"contentUrl\":\"https:\/\/secure.gravatar.com\/avatar\/03e1748f22765fb67ad17a1be9f9214e?s=96&d=mm&r=g\",\"caption\":\"Ewelina Krawczyk\"},\"description\":\"Organizatorka, promotorka i mened\u017cerka kultury. Dyrektorka Festiwalu Wschody promuj\u0105cego now\u0105 muzyk\u0119 artystyczn\u0105. Dotychczas m.in. specjalistka ds. promocji w Wydawnictwie Znak, dziennikarka w Polska Press, wsp\u00f3\u0142prowadz\u0105ca projekty rekrutacyjne i kreatywne. Z wykszta\u0142cenia psycholo\u017cka, prowadzi\u0142a zaj\u0119cia m.in. z psychologii osobowo\u015bci i tw\u00f3rczo\u015bci. Tworzy swoj\u0105 jednoosobow\u0105 agencj\u0119 kreatywn\u0105, Si\u0119 tworzy - promocyjny pomost mi\u0119dzy tw\u00f3rcami a reszt\u0105 \u015bwiata.\",\"url\":\"https:\/\/takbrzmimiasto.pl\/en\/author\/ewelina-krawczyk\/\"}]}<\/script>\n<!-- \/ Yoast SEO plugin. -->","yoast_head_json":{"title":"Si\u0119 tworzy #oddech - Tak Brzmi Miasto","robots":{"index":"index","follow":"follow","max-snippet":"max-snippet:-1","max-image-preview":"max-image-preview:large","max-video-preview":"max-video-preview:-1"},"canonical":"https:\/\/takbrzmimiasto.pl\/en\/sie-tworzy-oddech\/","og_locale":"en_US","og_type":"article","og_title":"Si\u0119 tworzy #oddech - Tak Brzmi Miasto","og_description":"Wdech. Wydech. Ko\u0144czymy lipcowy temat oddechu. Przypominam lipcowe teksty, kt\u00f3re zago\u015bci\u0142y na takbrzmimiastowym blogu. Przed otwarciem sierpniowych drzwi, za kt\u00f3rymi czekaj\u0105 #plony. Sprawd\u017acie, co warto nadrobi\u0107. [Wykorzystuj\u0119 pami\u0119tnikowy spis tre\u015bci, kt\u00f3ry napisa\u0142am do wst\u0119pu listu z informacjami o oddechu]\u00a0 Jak cz\u0119sto czujesz si\u0119 zm\u0119czony\/a? Jak cz\u0119sto nie mo\u017cesz zebra\u0107 my\u015bli? Czy dzisiaj zmusi\u0142a\u015b\/e\u015b si\u0119 do [&hellip;]","og_url":"https:\/\/takbrzmimiasto.pl\/en\/sie-tworzy-oddech\/","og_site_name":"Tak Brzmi Miasto","article_published_time":"2021-07-31T11:04:56+00:00","article_modified_time":"2022-09-23T13:45:04+00:00","og_image":[{"width":1920,"height":1080,"url":"https:\/\/takbrzmimiasto.pl\/wp-content\/uploads\/2021\/07\/st2.jpg","type":"image\/jpeg"}],"author":"Ewelina Krawczyk","twitter_card":"summary_large_image","twitter_misc":{"Written by":"Ewelina Krawczyk","Est. reading time":"5 minutes"},"schema":{"@context":"https:\/\/schema.org","@graph":[{"@type":"Article","@id":"https:\/\/takbrzmimiasto.pl\/en\/sie-tworzy-oddech\/#article","isPartOf":{"@id":"https:\/\/takbrzmimiasto.pl\/en\/sie-tworzy-oddech\/"},"author":{"name":"Ewelina Krawczyk","@id":"https:\/\/takbrzmimiasto.pl\/#\/schema\/person\/1c946f5380dc2c5faa442dcd9665f577"},"headline":"Si\u0119 tworzy #oddech","datePublished":"2021-07-31T11:04:56+00:00","dateModified":"2022-09-23T13:45:04+00:00","mainEntityOfPage":{"@id":"https:\/\/takbrzmimiasto.pl\/en\/sie-tworzy-oddech\/"},"wordCount":1006,"commentCount":0,"publisher":{"@id":"https:\/\/takbrzmimiasto.pl\/#organization"},"articleSection":["Aktualno\u015bci"],"inLanguage":"en-US","potentialAction":[{"@type":"CommentAction","name":"Comment","target":["https:\/\/takbrzmimiasto.pl\/en\/sie-tworzy-oddech\/#respond"]}]},{"@type":"WebPage","@id":"https:\/\/takbrzmimiasto.pl\/en\/sie-tworzy-oddech\/","url":"https:\/\/takbrzmimiasto.pl\/en\/sie-tworzy-oddech\/","name":"Si\u0119 tworzy #oddech - Tak Brzmi Miasto","isPartOf":{"@id":"https:\/\/takbrzmimiasto.pl\/#website"},"datePublished":"2021-07-31T11:04:56+00:00","dateModified":"2022-09-23T13:45:04+00:00","breadcrumb":{"@id":"https:\/\/takbrzmimiasto.pl\/en\/sie-tworzy-oddech\/#breadcrumb"},"inLanguage":"en-US","potentialAction":[{"@type":"ReadAction","target":["https:\/\/takbrzmimiasto.pl\/en\/sie-tworzy-oddech\/"]}]},{"@type":"BreadcrumbList","@id":"https:\/\/takbrzmimiasto.pl\/en\/sie-tworzy-oddech\/#breadcrumb","itemListElement":[{"@type":"ListItem","position":1,"name":"Strona g\u0142\u00f3wna","item":"https:\/\/takbrzmimiasto.pl\/en\/"},{"@type":"ListItem","position":2,"name":"Si\u0119 tworzy #oddech"}]},{"@type":"WebSite","@id":"https:\/\/takbrzmimiasto.pl\/#website","url":"https:\/\/takbrzmimiasto.pl\/","name":"Tak Brzmi Miasto","description":"Tak Brzmi Miasto to konferencja, festiwal, inkubator dla mened\u017cer\u00f3w i akademia","publisher":{"@id":"https:\/\/takbrzmimiasto.pl\/#organization"},"potentialAction":[{"@type":"SearchAction","target":{"@type":"EntryPoint","urlTemplate":"https:\/\/takbrzmimiasto.pl\/?s={search_term_string}"},"query-input":"required name=search_term_string"}],"inLanguage":"en-US"},{"@type":"Organization","@id":"https:\/\/takbrzmimiasto.pl\/#organization","name":"Tak Brzmi Miasto","url":"https:\/\/takbrzmimiasto.pl\/","sameAs":[],"logo":{"@type":"ImageObject","inLanguage":"en-US","@id":"https:\/\/takbrzmimiasto.pl\/#\/schema\/logo\/image\/","url":"https:\/\/takbrzmimiasto.pl\/wp-content\/uploads\/2021\/04\/www_miniatura_bezmenu.jpg","contentUrl":"https:\/\/takbrzmimiasto.pl\/wp-content\/uploads\/2021\/04\/www_miniatura_bezmenu.jpg","width":1920,"height":1080,"caption":"Tak Brzmi Miasto"},"image":{"@id":"https:\/\/takbrzmimiasto.pl\/#\/schema\/logo\/image\/"}},{"@type":"Person","@id":"https:\/\/takbrzmimiasto.pl\/#\/schema\/person\/1c946f5380dc2c5faa442dcd9665f577","name":"Ewelina Krawczyk","image":{"@type":"ImageObject","inLanguage":"en-US","@id":"https:\/\/takbrzmimiasto.pl\/#\/schema\/person\/image\/","url":"https:\/\/secure.gravatar.com\/avatar\/03e1748f22765fb67ad17a1be9f9214e?s=96&d=mm&r=g","contentUrl":"https:\/\/secure.gravatar.com\/avatar\/03e1748f22765fb67ad17a1be9f9214e?s=96&d=mm&r=g","caption":"Ewelina Krawczyk"},"description":"Organizatorka, promotorka i mened\u017cerka kultury. Dyrektorka Festiwalu Wschody promuj\u0105cego now\u0105 muzyk\u0119 artystyczn\u0105. Dotychczas m.in. specjalistka ds. promocji w Wydawnictwie Znak, dziennikarka w Polska Press, wsp\u00f3\u0142prowadz\u0105ca projekty rekrutacyjne i kreatywne. Z wykszta\u0142cenia psycholo\u017cka, prowadzi\u0142a zaj\u0119cia m.in. z psychologii osobowo\u015bci i tw\u00f3rczo\u015bci. Tworzy swoj\u0105 jednoosobow\u0105 agencj\u0119 kreatywn\u0105, Si\u0119 tworzy - promocyjny pomost mi\u0119dzy tw\u00f3rcami a reszt\u0105 \u015bwiata.","url":"https:\/\/takbrzmimiasto.pl\/en\/author\/ewelina-krawczyk\/"}]}},"_links":{"self":[{"href":"https:\/\/takbrzmimiasto.pl\/en\/wp-json\/wp\/v2\/posts\/4605\/"}],"collection":[{"href":"https:\/\/takbrzmimiasto.pl\/en\/wp-json\/wp\/v2\/posts\/"}],"about":[{"href":"https:\/\/takbrzmimiasto.pl\/en\/wp-json\/wp\/v2\/types\/post\/"}],"author":[{"embeddable":true,"href":"https:\/\/takbrzmimiasto.pl\/en\/wp-json\/wp\/v2\/users\/60\/"}],"replies":[{"embeddable":true,"href":"https:\/\/takbrzmimiasto.pl\/en\/wp-json\/wp\/v2\/comments\/?post=4605"}],"version-history":[{"count":4,"href":"https:\/\/takbrzmimiasto.pl\/en\/wp-json\/wp\/v2\/posts\/4605\/revisions\/"}],"predecessor-version":[{"id":15373,"href":"https:\/\/takbrzmimiasto.pl\/en\/wp-json\/wp\/v2\/posts\/4605\/revisions\/15373\/"}],"wp:featuredmedia":[{"embeddable":true,"href":"https:\/\/takbrzmimiasto.pl\/en\/wp-json\/wp\/v2\/media\/4615\/"}],"wp:attachment":[{"href":"https:\/\/takbrzmimiasto.pl\/en\/wp-json\/wp\/v2\/media\/?parent=4605"}],"wp:term":[{"taxonomy":"category","embeddable":true,"href":"https:\/\/takbrzmimiasto.pl\/en\/wp-json\/wp\/v2\/categories\/?post=4605"},{"taxonomy":"post_tag","embeddable":true,"href":"https:\/\/takbrzmimiasto.pl\/en\/wp-json\/wp\/v2\/tags\/?post=4605"}],"curies":[{"name":"wp","href":"https:\/\/api.w.org\/{rel}","templated":true}]}}