{"id":4635,"date":"2021-08-11T00:49:18","date_gmt":"2021-08-10T22:49:18","guid":{"rendered":"https:\/\/takbrzmimiasto.pl\/?p=4635"},"modified":"2022-05-04T15:56:14","modified_gmt":"2022-05-04T13:56:14","slug":"bycie-eko-w-branzy-muzycznej","status":"publish","type":"post","link":"https:\/\/takbrzmimiasto.pl\/en\/bycie-eko-w-branzy-muzycznej\/","title":{"rendered":"Jak by\u0107 eko w bran\u017cy muzycznej?"},"content":{"rendered":"<p style=\"text-align: justify;\"><strong>Mam g\u0142\u0119bok\u0105 nadziej\u0119, \u017ce nie musz\u0119 m\u00f3wi\u0107 Wam jak wa\u017cna w dzisiejszym \u015bwiecie jest ekologia. Zmiany og\u00f3lno\u015bwiatowe musz\u0105 by\u0107 wprowadzane tu i teraz, by uchroni\u0107 nasz\u0105 planet\u0119 przed totaln\u0105 degradacj\u0105. To jasne, ale czy mo\u017cemy zrobi\u0107 co\u015b jako cz\u0119\u015b\u0107 bran\u017cy muzycznej, aby zadba\u0107 o ekologi\u0119 i do\u0142o\u017cy\u0107 cegie\u0142k\u0119 od siebie w tej dziedzinie? Oczywi\u015bcie!<\/strong><\/p>\n<p>&nbsp;<\/p>\n<h2 style=\"text-align: justify;\">Ninja Tune: Jak wytw\u00f3rnie dbaj\u0105 o bycie eko?<\/h2>\n<p style=\"text-align: justify;\">Niech zapalnikiem Waszych dzia\u0142a\u0144 b\u0119dzie ten artyku\u0142 oraz postawa s\u0142ynnej wytw\u00f3rni p\u0142ytowej z Londynu <i>Ninja Tune<\/i>, kt\u00f3ra zobowi\u0105za\u0142a si\u0119 do ca\u0142kowitego zaprzestania emisji CO2 do ko\u0144ca tego roku. Jedni powiedz\u0105, \u017ce to porwanie si\u0119 z motyk\u0105 na s\u0142o\u0144ce, ale tylko radykalne dzia\u0142ania mog\u0105 przynie\u015b\u0107 tu skutek. Zobowi\u0105zanie, kt\u00f3rego podj\u0119\u0142a si\u0119 wytw\u00f3rnia jest cz\u0119\u015bci\u0105 wi\u0119kszej kampanii pod nazw\u0105 #TurnUpTheVolume. Ma ona zwr\u00f3ci\u0107 uwag\u0119 bran\u017cy muzycznej na zmiany klimatyczne.<\/p>\n<p style=\"text-align: justify;\">Ok, mamy zatem pionier\u00f3w, za kt\u00f3rymi warto pod\u0105\u017ca\u0107. Tylko co teraz? Jak ka\u017cdy z nas mo\u017ce zadba\u0107 o ekologi\u0119 wydaj\u0105c i promuj\u0105c swoj\u0105 muzyk\u0119? Poni\u017cej moje zestawienie pomys\u0142\u00f3w i dzia\u0142a\u0144 proekologicznych, ale pami\u0119tajcie, tylko wyobra\u017ania Was ogranicza!<\/p>\n<p>&nbsp;<\/p>\n<h2 style=\"text-align: justify;\"><b>P\u0142yta CD<\/b><\/h2>\n<p style=\"text-align: justify;\"><b><\/b>Po pierwsze i najwa\u017cniejsze (ten temat b\u0119dzie si\u0119 przewija\u0142 jeszcze w kolejnych punktach), nie r\u00f3bcie nadprodukcji! Tony niesprzedanych p\u0142yt walaj\u0105 si\u0119 po setkach tysi\u0119cy miejsc i magazyn\u00f3w po ca\u0142ym \u015bwiecie. Naprawd\u0119 chcecie si\u0119 do\u0142\u0105czy\u0107 do tworzenia tej g\u00f3ry \u015bmieci? Zr\u00f3bcie rozeznanie w\u015br\u00f3d swoich fan\u00f3w, rozpocznijcie sprzeda\u017c od pre-orderu, by sprawdzi\u0107 jak du\u017ce jest grono odbiorc\u00f3w i stw\u00f3rzcie tyle kr\u0105\u017ck\u00f3w, aby szansa na wyprzedanie nak\u0142adu by\u0142a realna.<\/p>\n<p style=\"text-align: justify;\">Kolejn\u0105 rzecz\u0105 jest sama p\u0142yta CD. Przy jej produkcji mo\u017cna u\u017cy\u0107 mniejszej ilo\u015bci aluminium, kt\u00f3re jest odpowiedzialne za jej b\u0142yszczenie. W ko\u0144cu, jak mawia\u0142 klasyk &#8220;nie wszystko z\u0142oto, co si\u0119 \u015bwieci&#8221;. I gwarantuj\u0119 Wam, \u017ce taki przezroczysty kr\u0105\u017cek b\u0119dzie ciekawie wyr\u00f3\u017cnia\u0142 si\u0119 na tle innych.<\/p>\n<p style=\"text-align: justify;\">Ksi\u0105\u017ceczka. Serio, tak bardzo jej potrzebujecie? Odpowiedzcie sobie szczerze na pytanie, ile razy sami do takowej zagl\u0105dacie? Wystarczy link do Waszej strony lub bandcamp&#8217;a, a wszystkie potrzebne informacje oraz teksty piosenek uka\u017c\u0105 si\u0119 zainteresowanym.<\/p>\n<p style=\"text-align: justify;\">Opakowanie, z papieru z recyklingu, do tego zmniejszona ilo\u015b\u0107 u\u017cytej farby na grafiki, brak druku offsetowego i voil\u00e1, mamy ekologicznie i pi\u0119knie zapakowan\u0105 p\u0142yt\u0119!<\/p>\n<p style=\"text-align: justify;\">Zosta\u0142o jeszcze zafoliowanie ca\u0142o\u015bci. Nasuwa si\u0119 pierwsze pytanie, czy na pewno jest potrzebne? Je\u015bli odpowied\u017a brzmi twierdz\u0105co, to zawsze mo\u017cecie u\u017cy\u0107 folii biodegradowalnej, zrobionej z kukurydzy.<\/p>\n<p>&nbsp;<\/p>\n<h2 style=\"text-align: justify;\"><b>P\u0142yta winylowa<\/b><\/h2>\n<p style=\"text-align: justify;\"><b><\/b>Wszystko o czym by\u0142a mowa wy\u017cej w temacie opakowania p\u0142yt CD, dotyczy tak samo winyli. Pozostaje jedynie kwestia samej p\u0142yty winylowej. T\u0119 natomiast mo\u017cna wykona\u0107 ze \u015bcinek, kt\u00f3re powsta\u0142y podczas wycinania p\u0142yt innych artyst\u00f3w. Pi\u0119knie wykorzysta\u0142a to Natalia Przybysz, wydaj\u0105c w ten spos\u00f3b swoj\u0105 p\u0142yt\u0119 &#8220;Jak Malowa\u0107 Ogie\u0144&#8221;. Niepowtarzalne wzory oraz wspania\u0142e kolory dostajecie w gratisie!<\/p>\n<p>&nbsp;<\/p>\n<h2 style=\"text-align: justify;\"><b>Koszulki<\/b><\/h2>\n<p style=\"text-align: justify;\"><b><\/b>Zn\u00f3w wracamy do kwestii nadprodukcji, to g\u0142\u00f3wna przyczyna ton niepotrzebnych ciuch\u00f3w l\u0105duj\u0105cych na wysypiskach. Wystarczy zrobi\u0107 porz\u0105dny pre-order i wykona\u0107 tylko tyle sztuk, ile zosta\u0142o zam\u00f3wionych. Niech przyk\u0142adem b\u0119dzie tu Peter Saville, jeden z projektant\u00f3w ok\u0142adki <i>Unknown Pleasures<\/i> Joy Division, kt\u00f3ry przerobi\u0142 s\u0142ynn\u0105 grafik\u0119 i w ramach kampanii #NoMusicOnADeadPlanet wyprodukowa\u0142 koszulki zgodnie z koncepcj\u0105 gospodarki o obiegu zamkni\u0119tym. Zrobione ze stuprocentowej bawe\u0142ny organicznej, na koniec mog\u0105 by\u0107 zwr\u00f3cone do sklepu, by ulec recyklingowi.<\/p>\n<p style=\"text-align: justify;\">Ka\u017cda koszulka uzyskiwa\u0142a print dopiero po potwierdzeniu zam\u00f3wienia, aby unikn\u0105\u0107 wspomnianej nadprodukcji. Na koniec pieni\u0105dze z zakupionych t-shirt\u00f3w polecia\u0142y na konto Music Declares Emergency. Tak trzeba robi\u0107 merch!<\/p>\n<p>&nbsp;<\/p>\n<h2 style=\"text-align: justify;\"><b>Dzia\u0142ania oddolne<\/b><\/h2>\n<p style=\"text-align: justify;\"><b><\/b>Oj, tu mo\u017cna by wymienia\u0107 i wymienia\u0107&#8230;zacznijmy od tego co mo\u017cesz zrobi\u0107. O rozs\u0105dnym i \u015bwiadomym wyborze t\u0142oczni oraz firm produkuj\u0105cych merch ju\u017c by\u0142o. Wyb\u00f3r studia nagra\u0144 tak\u017ce mo\u017ce by\u0107 mniej lub bardziej \u015bwiadomy. Pojawia si\u0119 coraz wi\u0119cej miejsc, gdzie ekologia jest bardzo wa\u017cna i wi\u0119kszo\u015b\u0107 energii w studiu jest czerpana ze \u017ar\u00f3de\u0142 energii odnawialnej.<\/p>\n<p style=\"text-align: justify;\">Sam dojazd na nagrania b\u0105d\u017a na koncert r\u00f3wnie\u017c podlega przemy\u015bleniu. Je\u015bli odleg\u0142o\u015b\u0107 nie jest zbyt du\u017ca, to po co korzysta\u0107 z samolotu, gdy mo\u017cna dojecha\u0107 tam na przyk\u0142ad poci\u0105giem? Gdy gracie wspomniany koncert, mo\u017cecie skorzysta\u0107 z dobroci kuchni wegetaria\u0144skiej b\u0105d\u017a wega\u0144skiej, a w riderze zaznaczy\u0107, \u017ce zwracacie uwag\u0119 na ekologi\u0119 i nie potrzebujecie wody ukrytej w dziesi\u0105tkach ma\u0142ych, plastikowych butelek.<\/p>\n<p style=\"text-align: justify;\">Proces wysy\u0142ki Waszej krwawicy (merchu) do odbiorc\u00f3w powinien by\u0107 przeanalizowany, nie zu\u017cywajcie tony folii b\u0105belkowej, je\u015bli nie jest ona niezb\u0119dna. Zast\u0105pcie j\u0105 na przyk\u0142ad kartonem z makulatury i wybierajcie firmy kurierskie, kt\u00f3re otwarcie dbaj\u0105 o \u015brodowisko.<\/p>\n<p style=\"text-align: justify;\">S\u0105 r\u00f3wnie\u017c takie inicjatywy jak &#8220;Techno Las&#8221;, gdzie inicjatorzy imprez oraz festiwali z muzyk\u0105 elektroniczn\u0105, sadz\u0105 corocznie kilkaset nowych drzew. Coraz popularniejsza staje si\u0119 organizacja imprez w takich miejscach, jak ogrody botaniczne lub szklarnie, zbli\u017caj\u0105c w ten spos\u00f3b ludzi do natury.<\/p>\n<p>&nbsp;<\/p>\n<h2 style=\"text-align: justify;\">Podsumowanie<\/h2>\n<p style=\"text-align: justify;\">Zdaj\u0119 sobie spraw\u0119, \u017ce wszystkie te dzia\u0142ania wymagaj\u0105 nieco czasu, po\u015bwi\u0119cenia i zaanga\u017cowania z Waszej strony. Ale hej, tu chodzi o nasz\u0105 planet\u0119! Na koniec powiem o nawyku, kt\u00f3ry przyczyni si\u0119 do walki o ekologi\u0119, a wymaga od Was minimum wk\u0142adu w\u0142asnego. Chodzi o przekaz p\u0142yn\u0105cy z Waszej tw\u00f3rczo\u015bci. Niewa\u017cne czy s\u0142ucha Was 5 czy 5 milion\u00f3w os\u00f3b, mo\u017ce jaki\u015b tekst, jakie\u015b spostrze\u017cenie, otworzy komu\u015b oczy na otaczaj\u0105cy go \u015bwiat. Przyk\u0142ad\u00f3w ju\u017c teraz jest mn\u00f3stwo: Dawid Podsiad\u0142o, \u0141\u0105ki \u0141an, Bovska, a nawet tak \u015bwiatowe kapele jak Pearl Jam. Oni wszyscy kieruj\u0105 oczy i uszy swoich fan\u00f3w na proekologiczn\u0105 stron\u0119 mocy. Nie b\u00f3j si\u0119 i do\u0142\u0105cz do nich, a wszystkim nam b\u0119dzie \u017cy\u0142o si\u0119 lepiej \ud83d\ude42<\/p>\n","protected":false},"excerpt":{"rendered":"<p>Mam g\u0142\u0119bok\u0105 nadziej\u0119, \u017ce nie musz\u0119 m\u00f3wi\u0107 Wam jak wa\u017cna w dzisiejszym \u015bwiecie jest ekologia. Zmiany og\u00f3lno\u015bwiatowe musz\u0105 by\u0107 wprowadzane tu i teraz, by uchroni\u0107 nasz\u0105 planet\u0119 przed totaln\u0105 degradacj\u0105. To jasne, ale czy mo\u017cemy zrobi\u0107 co\u015b jako cz\u0119\u015b\u0107 bran\u017cy muzycznej, aby zadba\u0107 o ekologi\u0119 i do\u0142o\u017cy\u0107 cegie\u0142k\u0119 od siebie w tej dziedzinie? Oczywi\u015bcie! &nbsp; [&hellip;]<\/p>\n","protected":false},"author":33,"featured_media":4636,"comment_status":"open","ping_status":"open","sticky":false,"template":"","format":"standard","meta":{"inline_featured_image":false,"footnotes":""},"categories":[304],"tags":[],"class_list":["post-4635","post","type-post","status-publish","format-standard","has-post-thumbnail","hentry","category-poradnik"],"acf":[],"yoast_head":"<!-- This site is optimized with the Yoast SEO plugin v19.7.1 - https:\/\/yoast.com\/wordpress\/plugins\/seo\/ -->\n<title>Jak by\u0107 eko w bran\u017cy muzycznej? - Tak Brzmi Miasto<\/title>\n<meta name=\"description\" content=\"Nie \u0142atwo by\u0107 eko pracuj\u0105c w bran\u017cy muzycznej. Istniej\u0105 jednak sposoby na to, \u017ceby w ekologiczny spos\u00f3b promowa\u0107 swoj\u0105 tw\u00f3rczo\u015b\u0107. Oto one!\" \/>\n<meta name=\"robots\" content=\"index, follow, max-snippet:-1, max-image-preview:large, max-video-preview:-1\" \/>\n<link rel=\"canonical\" href=\"https:\/\/takbrzmimiasto.pl\/en\/bycie-eko-w-branzy-muzycznej\/\" \/>\n<meta property=\"og:locale\" content=\"en_US\" \/>\n<meta property=\"og:type\" content=\"article\" \/>\n<meta property=\"og:title\" content=\"Jak by\u0107 eko w bran\u017cy muzycznej? - Tak Brzmi Miasto\" \/>\n<meta property=\"og:description\" content=\"Nie \u0142atwo by\u0107 eko pracuj\u0105c w bran\u017cy muzycznej. Istniej\u0105 jednak sposoby na to, \u017ceby w ekologiczny spos\u00f3b promowa\u0107 swoj\u0105 tw\u00f3rczo\u015b\u0107. Oto one!\" \/>\n<meta property=\"og:url\" content=\"https:\/\/takbrzmimiasto.pl\/en\/bycie-eko-w-branzy-muzycznej\/\" \/>\n<meta property=\"og:site_name\" content=\"Tak Brzmi Miasto\" \/>\n<meta property=\"article:published_time\" content=\"2021-08-10T22:49:18+00:00\" \/>\n<meta property=\"article:modified_time\" content=\"2022-05-04T13:56:14+00:00\" \/>\n<meta property=\"og:image\" content=\"https:\/\/takbrzmimiasto.pl\/wp-content\/uploads\/2021\/08\/jj-1.jpg\" \/>\n\t<meta property=\"og:image:width\" content=\"1920\" \/>\n\t<meta property=\"og:image:height\" content=\"1080\" \/>\n\t<meta property=\"og:image:type\" content=\"image\/jpeg\" \/>\n<meta name=\"author\" content=\"Jarek Jazienicki\" \/>\n<meta name=\"twitter:card\" content=\"summary_large_image\" \/>\n<meta name=\"twitter:label1\" content=\"Written by\" \/>\n\t<meta name=\"twitter:data1\" content=\"Jarek Jazienicki\" \/>\n\t<meta name=\"twitter:label2\" content=\"Est. reading time\" \/>\n\t<meta name=\"twitter:data2\" content=\"4 minutes\" \/>\n<script type=\"application\/ld+json\" class=\"yoast-schema-graph\">{\"@context\":\"https:\/\/schema.org\",\"@graph\":[{\"@type\":\"Article\",\"@id\":\"https:\/\/takbrzmimiasto.pl\/en\/bycie-eko-w-branzy-muzycznej\/#article\",\"isPartOf\":{\"@id\":\"https:\/\/takbrzmimiasto.pl\/en\/bycie-eko-w-branzy-muzycznej\/\"},\"author\":{\"name\":\"Jarek Jazienicki\",\"@id\":\"https:\/\/takbrzmimiasto.pl\/#\/schema\/person\/672719f81f956a22930582b398f37de2\"},\"headline\":\"Jak by\u0107 eko w bran\u017cy muzycznej?\",\"datePublished\":\"2021-08-10T22:49:18+00:00\",\"dateModified\":\"2022-05-04T13:56:14+00:00\",\"mainEntityOfPage\":{\"@id\":\"https:\/\/takbrzmimiasto.pl\/en\/bycie-eko-w-branzy-muzycznej\/\"},\"wordCount\":1041,\"commentCount\":0,\"publisher\":{\"@id\":\"https:\/\/takbrzmimiasto.pl\/#organization\"},\"articleSection\":[\"Poradnik\"],\"inLanguage\":\"en-US\",\"potentialAction\":[{\"@type\":\"CommentAction\",\"name\":\"Comment\",\"target\":[\"https:\/\/takbrzmimiasto.pl\/en\/bycie-eko-w-branzy-muzycznej\/#respond\"]}]},{\"@type\":\"WebPage\",\"@id\":\"https:\/\/takbrzmimiasto.pl\/en\/bycie-eko-w-branzy-muzycznej\/\",\"url\":\"https:\/\/takbrzmimiasto.pl\/en\/bycie-eko-w-branzy-muzycznej\/\",\"name\":\"Jak by\u0107 eko w bran\u017cy muzycznej? - Tak Brzmi Miasto\",\"isPartOf\":{\"@id\":\"https:\/\/takbrzmimiasto.pl\/#website\"},\"datePublished\":\"2021-08-10T22:49:18+00:00\",\"dateModified\":\"2022-05-04T13:56:14+00:00\",\"description\":\"Nie \u0142atwo by\u0107 eko pracuj\u0105c w bran\u017cy muzycznej. Istniej\u0105 jednak sposoby na to, \u017ceby w ekologiczny spos\u00f3b promowa\u0107 swoj\u0105 tw\u00f3rczo\u015b\u0107. Oto one!\",\"breadcrumb\":{\"@id\":\"https:\/\/takbrzmimiasto.pl\/en\/bycie-eko-w-branzy-muzycznej\/#breadcrumb\"},\"inLanguage\":\"en-US\",\"potentialAction\":[{\"@type\":\"ReadAction\",\"target\":[\"https:\/\/takbrzmimiasto.pl\/en\/bycie-eko-w-branzy-muzycznej\/\"]}]},{\"@type\":\"BreadcrumbList\",\"@id\":\"https:\/\/takbrzmimiasto.pl\/en\/bycie-eko-w-branzy-muzycznej\/#breadcrumb\",\"itemListElement\":[{\"@type\":\"ListItem\",\"position\":1,\"name\":\"Strona g\u0142\u00f3wna\",\"item\":\"https:\/\/takbrzmimiasto.pl\/en\/\"},{\"@type\":\"ListItem\",\"position\":2,\"name\":\"Jak by\u0107 eko w bran\u017cy muzycznej?\"}]},{\"@type\":\"WebSite\",\"@id\":\"https:\/\/takbrzmimiasto.pl\/#website\",\"url\":\"https:\/\/takbrzmimiasto.pl\/\",\"name\":\"Tak Brzmi Miasto\",\"description\":\"Tak Brzmi Miasto to konferencja, festiwal, inkubator dla mened\u017cer\u00f3w i akademia\",\"publisher\":{\"@id\":\"https:\/\/takbrzmimiasto.pl\/#organization\"},\"potentialAction\":[{\"@type\":\"SearchAction\",\"target\":{\"@type\":\"EntryPoint\",\"urlTemplate\":\"https:\/\/takbrzmimiasto.pl\/?s={search_term_string}\"},\"query-input\":\"required name=search_term_string\"}],\"inLanguage\":\"en-US\"},{\"@type\":\"Organization\",\"@id\":\"https:\/\/takbrzmimiasto.pl\/#organization\",\"name\":\"Tak Brzmi Miasto\",\"url\":\"https:\/\/takbrzmimiasto.pl\/\",\"sameAs\":[],\"logo\":{\"@type\":\"ImageObject\",\"inLanguage\":\"en-US\",\"@id\":\"https:\/\/takbrzmimiasto.pl\/#\/schema\/logo\/image\/\",\"url\":\"https:\/\/takbrzmimiasto.pl\/wp-content\/uploads\/2021\/04\/www_miniatura_bezmenu.jpg\",\"contentUrl\":\"https:\/\/takbrzmimiasto.pl\/wp-content\/uploads\/2021\/04\/www_miniatura_bezmenu.jpg\",\"width\":1920,\"height\":1080,\"caption\":\"Tak Brzmi Miasto\"},\"image\":{\"@id\":\"https:\/\/takbrzmimiasto.pl\/#\/schema\/logo\/image\/\"}},{\"@type\":\"Person\",\"@id\":\"https:\/\/takbrzmimiasto.pl\/#\/schema\/person\/672719f81f956a22930582b398f37de2\",\"name\":\"Jarek Jazienicki\",\"image\":{\"@type\":\"ImageObject\",\"inLanguage\":\"en-US\",\"@id\":\"https:\/\/takbrzmimiasto.pl\/#\/schema\/person\/image\/\",\"url\":\"https:\/\/secure.gravatar.com\/avatar\/71132a4675045b0a9450f79f90247b98?s=96&d=mm&r=g\",\"contentUrl\":\"https:\/\/secure.gravatar.com\/avatar\/71132a4675045b0a9450f79f90247b98?s=96&d=mm&r=g\",\"caption\":\"Jarek Jazienicki\"},\"description\":\"Perkusista, mened\u017cer, operator, dzia\u0142acz zwi\u0105zany z Thvn i wroc\u0142awsk\u0105 scen\u0105.\",\"url\":\"https:\/\/takbrzmimiasto.pl\/en\/author\/jaroslaw-jazienicki\/\"}]}<\/script>\n<!-- \/ Yoast SEO plugin. -->","yoast_head_json":{"title":"Jak by\u0107 eko w bran\u017cy muzycznej? - Tak Brzmi Miasto","description":"Nie \u0142atwo by\u0107 eko pracuj\u0105c w bran\u017cy muzycznej. Istniej\u0105 jednak sposoby na to, \u017ceby w ekologiczny spos\u00f3b promowa\u0107 swoj\u0105 tw\u00f3rczo\u015b\u0107. Oto one!","robots":{"index":"index","follow":"follow","max-snippet":"max-snippet:-1","max-image-preview":"max-image-preview:large","max-video-preview":"max-video-preview:-1"},"canonical":"https:\/\/takbrzmimiasto.pl\/en\/bycie-eko-w-branzy-muzycznej\/","og_locale":"en_US","og_type":"article","og_title":"Jak by\u0107 eko w bran\u017cy muzycznej? - Tak Brzmi Miasto","og_description":"Nie \u0142atwo by\u0107 eko pracuj\u0105c w bran\u017cy muzycznej. Istniej\u0105 jednak sposoby na to, \u017ceby w ekologiczny spos\u00f3b promowa\u0107 swoj\u0105 tw\u00f3rczo\u015b\u0107. Oto one!","og_url":"https:\/\/takbrzmimiasto.pl\/en\/bycie-eko-w-branzy-muzycznej\/","og_site_name":"Tak Brzmi Miasto","article_published_time":"2021-08-10T22:49:18+00:00","article_modified_time":"2022-05-04T13:56:14+00:00","og_image":[{"width":1920,"height":1080,"url":"https:\/\/takbrzmimiasto.pl\/wp-content\/uploads\/2021\/08\/jj-1.jpg","type":"image\/jpeg"}],"author":"Jarek Jazienicki","twitter_card":"summary_large_image","twitter_misc":{"Written by":"Jarek Jazienicki","Est. reading time":"4 minutes"},"schema":{"@context":"https:\/\/schema.org","@graph":[{"@type":"Article","@id":"https:\/\/takbrzmimiasto.pl\/en\/bycie-eko-w-branzy-muzycznej\/#article","isPartOf":{"@id":"https:\/\/takbrzmimiasto.pl\/en\/bycie-eko-w-branzy-muzycznej\/"},"author":{"name":"Jarek Jazienicki","@id":"https:\/\/takbrzmimiasto.pl\/#\/schema\/person\/672719f81f956a22930582b398f37de2"},"headline":"Jak by\u0107 eko w bran\u017cy muzycznej?","datePublished":"2021-08-10T22:49:18+00:00","dateModified":"2022-05-04T13:56:14+00:00","mainEntityOfPage":{"@id":"https:\/\/takbrzmimiasto.pl\/en\/bycie-eko-w-branzy-muzycznej\/"},"wordCount":1041,"commentCount":0,"publisher":{"@id":"https:\/\/takbrzmimiasto.pl\/#organization"},"articleSection":["Poradnik"],"inLanguage":"en-US","potentialAction":[{"@type":"CommentAction","name":"Comment","target":["https:\/\/takbrzmimiasto.pl\/en\/bycie-eko-w-branzy-muzycznej\/#respond"]}]},{"@type":"WebPage","@id":"https:\/\/takbrzmimiasto.pl\/en\/bycie-eko-w-branzy-muzycznej\/","url":"https:\/\/takbrzmimiasto.pl\/en\/bycie-eko-w-branzy-muzycznej\/","name":"Jak by\u0107 eko w bran\u017cy muzycznej? - Tak Brzmi Miasto","isPartOf":{"@id":"https:\/\/takbrzmimiasto.pl\/#website"},"datePublished":"2021-08-10T22:49:18+00:00","dateModified":"2022-05-04T13:56:14+00:00","description":"Nie \u0142atwo by\u0107 eko pracuj\u0105c w bran\u017cy muzycznej. Istniej\u0105 jednak sposoby na to, \u017ceby w ekologiczny spos\u00f3b promowa\u0107 swoj\u0105 tw\u00f3rczo\u015b\u0107. Oto one!","breadcrumb":{"@id":"https:\/\/takbrzmimiasto.pl\/en\/bycie-eko-w-branzy-muzycznej\/#breadcrumb"},"inLanguage":"en-US","potentialAction":[{"@type":"ReadAction","target":["https:\/\/takbrzmimiasto.pl\/en\/bycie-eko-w-branzy-muzycznej\/"]}]},{"@type":"BreadcrumbList","@id":"https:\/\/takbrzmimiasto.pl\/en\/bycie-eko-w-branzy-muzycznej\/#breadcrumb","itemListElement":[{"@type":"ListItem","position":1,"name":"Strona g\u0142\u00f3wna","item":"https:\/\/takbrzmimiasto.pl\/en\/"},{"@type":"ListItem","position":2,"name":"Jak by\u0107 eko w bran\u017cy muzycznej?"}]},{"@type":"WebSite","@id":"https:\/\/takbrzmimiasto.pl\/#website","url":"https:\/\/takbrzmimiasto.pl\/","name":"Tak Brzmi Miasto","description":"Tak Brzmi Miasto to konferencja, festiwal, inkubator dla mened\u017cer\u00f3w i akademia","publisher":{"@id":"https:\/\/takbrzmimiasto.pl\/#organization"},"potentialAction":[{"@type":"SearchAction","target":{"@type":"EntryPoint","urlTemplate":"https:\/\/takbrzmimiasto.pl\/?s={search_term_string}"},"query-input":"required name=search_term_string"}],"inLanguage":"en-US"},{"@type":"Organization","@id":"https:\/\/takbrzmimiasto.pl\/#organization","name":"Tak Brzmi Miasto","url":"https:\/\/takbrzmimiasto.pl\/","sameAs":[],"logo":{"@type":"ImageObject","inLanguage":"en-US","@id":"https:\/\/takbrzmimiasto.pl\/#\/schema\/logo\/image\/","url":"https:\/\/takbrzmimiasto.pl\/wp-content\/uploads\/2021\/04\/www_miniatura_bezmenu.jpg","contentUrl":"https:\/\/takbrzmimiasto.pl\/wp-content\/uploads\/2021\/04\/www_miniatura_bezmenu.jpg","width":1920,"height":1080,"caption":"Tak Brzmi Miasto"},"image":{"@id":"https:\/\/takbrzmimiasto.pl\/#\/schema\/logo\/image\/"}},{"@type":"Person","@id":"https:\/\/takbrzmimiasto.pl\/#\/schema\/person\/672719f81f956a22930582b398f37de2","name":"Jarek Jazienicki","image":{"@type":"ImageObject","inLanguage":"en-US","@id":"https:\/\/takbrzmimiasto.pl\/#\/schema\/person\/image\/","url":"https:\/\/secure.gravatar.com\/avatar\/71132a4675045b0a9450f79f90247b98?s=96&d=mm&r=g","contentUrl":"https:\/\/secure.gravatar.com\/avatar\/71132a4675045b0a9450f79f90247b98?s=96&d=mm&r=g","caption":"Jarek Jazienicki"},"description":"Perkusista, mened\u017cer, operator, dzia\u0142acz zwi\u0105zany z Thvn i wroc\u0142awsk\u0105 scen\u0105.","url":"https:\/\/takbrzmimiasto.pl\/en\/author\/jaroslaw-jazienicki\/"}]}},"_links":{"self":[{"href":"https:\/\/takbrzmimiasto.pl\/en\/wp-json\/wp\/v2\/posts\/4635\/"}],"collection":[{"href":"https:\/\/takbrzmimiasto.pl\/en\/wp-json\/wp\/v2\/posts\/"}],"about":[{"href":"https:\/\/takbrzmimiasto.pl\/en\/wp-json\/wp\/v2\/types\/post\/"}],"author":[{"embeddable":true,"href":"https:\/\/takbrzmimiasto.pl\/en\/wp-json\/wp\/v2\/users\/33\/"}],"replies":[{"embeddable":true,"href":"https:\/\/takbrzmimiasto.pl\/en\/wp-json\/wp\/v2\/comments\/?post=4635"}],"version-history":[{"count":5,"href":"https:\/\/takbrzmimiasto.pl\/en\/wp-json\/wp\/v2\/posts\/4635\/revisions\/"}],"predecessor-version":[{"id":12520,"href":"https:\/\/takbrzmimiasto.pl\/en\/wp-json\/wp\/v2\/posts\/4635\/revisions\/12520\/"}],"wp:featuredmedia":[{"embeddable":true,"href":"https:\/\/takbrzmimiasto.pl\/en\/wp-json\/wp\/v2\/media\/4636\/"}],"wp:attachment":[{"href":"https:\/\/takbrzmimiasto.pl\/en\/wp-json\/wp\/v2\/media\/?parent=4635"}],"wp:term":[{"taxonomy":"category","embeddable":true,"href":"https:\/\/takbrzmimiasto.pl\/en\/wp-json\/wp\/v2\/categories\/?post=4635"},{"taxonomy":"post_tag","embeddable":true,"href":"https:\/\/takbrzmimiasto.pl\/en\/wp-json\/wp\/v2\/tags\/?post=4635"}],"curies":[{"name":"wp","href":"https:\/\/api.w.org\/{rel}","templated":true}]}}