{"id":4648,"date":"2021-08-25T09:50:02","date_gmt":"2021-08-25T07:50:02","guid":{"rendered":"https:\/\/takbrzmimiasto.pl\/?p=4648"},"modified":"2022-04-15T11:49:25","modified_gmt":"2022-04-15T09:49:25","slug":"glos-spolecznosci-plony","status":"publish","type":"post","link":"https:\/\/takbrzmimiasto.pl\/en\/glos-spolecznosci-plony\/","title":{"rendered":"G\u0142os Spo\u0142eczno\u015bci: #plony"},"content":{"rendered":"<p><b>G\u0142os Spo\u0142eczno\u015bci: #plony<\/b><\/p>\n<p>&nbsp;<\/p>\n<p><b>Maciek Niewiadomski i Roman Wr\u00f3blewski. Po jednej stronie rozwijaj\u0105cy si\u0119 i aktywny mened\u017cer oraz gitarzysta indie rockowego zespo\u0142u, po drugiej <\/b><b>\u2013<\/b><b>samozarz\u0105dzaj\u0105cy si\u0119 pianista. Zapytali\u015bmy przedstawicieli spo\u0142eczno\u015bci, reprezentant\u00f3w nowej bran\u017cy muzycznej o prac\u0119 nad plonami: jak sia\u0107, \u017ceby rozwija\u0107 karier\u0105 muzyczn\u0105, kiedy jest czas odpoczynku, czy pora\u017cki mog\u0105 nie\u015b\u0107 plony?<\/b><\/p>\n<p>&nbsp;<\/p>\n<p><b>Ada Ku\u0107mierz: Jak sia\u0107, \u017ceby zbiera\u0107 dobre plony?<\/b><\/p>\n<p>&nbsp;<\/p>\n<p><b>Maciek Niewiadomski:<\/b> Moim zdaniem dobrze jest wszystko robi\u0107 partiami, skupiaj\u0105c si\u0119 w danym momencie tylko na jednym aspekcie zadania. Najlepiej zaplanowa\u0107, co i kiedy chcemy zrobi\u0107, um\u00f3wi\u0107 si\u0119 z zespo\u0142em tak, by ka\u017cdy wyrazi\u0142 zgod\u0119 na wsp\u00f3lny plan i m\u00f3g\u0142 si\u0119 do niego dostosowa\u0107. W jednym terminie robimy piosenki, w innym \u2013 teledyski. Dobry plan ogranicza stres i daje wi\u0119ksz\u0105 szans\u0119 na dobre zbiory. Kolejna, a nawet podstawowa rzecz, to: zacz\u0105\u0107 od muzyki. Je\u015bli ona b\u0119dzie dopracowana, taka, jak sobie \u017cyczyli\u015bmy, to mo\u017cemy podejmowa\u0107 dalsze kroki.<\/p>\n<p><img loading=\"lazy\" decoding=\"async\" class=\"alignnone wp-image-4651 size-full\" src=\"https:\/\/takbrzmimiasto.pl\/wp-content\/uploads\/2021\/08\/Maciej-Niewiadomski.png\" alt=\"\" width=\"471\" height=\"551\" data-wp-pid=\"4651\" srcset=\"https:\/\/takbrzmimiasto.pl\/wp-content\/uploads\/2021\/08\/Maciej-Niewiadomski.png 471w, https:\/\/takbrzmimiasto.pl\/wp-content\/uploads\/2021\/08\/Maciej-Niewiadomski-299x350.png 299w\" sizes=\"(max-width: 471px) 100vw, 471px\" \/><\/p>\n<p><b>Roman Wr\u00f3blewski: <\/b>Dla mnie najwa\u017cniejsza jest jako\u015b\u0107 ziarna, jakie siejemy. T\u0119 jako\u015b\u0107 mo\u017cna wypracowa\u0107 na wiele sposob\u00f3w: wyda\u0107 na to du\u017co pieni\u0119dzy albo poszuka\u0107 zdolnych ludzi, kt\u00f3rzy tak\u017ce szukaj\u0105 mo\u017cliwo\u015bci kreatywnego rozwoju. Nale\u017cy r\u00f3wnie\u017c wybra\u0107 rodzaj tego ziarna, wymy\u015bli\u0107 je. Warto stawia\u0107 na to, \u017ceby wszystko wychodzi\u0142o od serca i by\u0142o gruntownie przemy\u015blane. Wszystko, co produkuj\u0119, tak\u017ce teledyski czy sesje zdj\u0119ciowe, jest przeze mnie wymy\u015blone i czuwam nad ka\u017cdym etapem. Raz zrobi\u0142em co\u015b bez wcze\u015bniejszego przemy\u015blenia i straci\u0142em na tym 1000 euro. To by\u0142a kwestia niew\u0142a\u015bciwego doboru ekipy, du\u017co si\u0119 wtedy nauczy\u0142em. Zrobi\u0142em ten sam klip drugi raz z innymi lud\u017ami, zap\u0142aci\u0142em wi\u0119c podw\u00f3jnie, ale czuj\u0119, \u017ce to si\u0119 op\u0142aci\u0142o. I absolutnie uwa\u017cam, \u017ce trzeba p\u0142aci\u0107 wsp\u00f3\u0142pracownikom!<\/p>\n<p><img loading=\"lazy\" decoding=\"async\" class=\"alignnone wp-image-4653 size-full\" src=\"https:\/\/takbrzmimiasto.pl\/wp-content\/uploads\/2021\/08\/roman-wro\u0301blewski-piano.jpeg\" alt=\"\" width=\"500\" height=\"750\" data-wp-pid=\"4653\" srcset=\"https:\/\/takbrzmimiasto.pl\/wp-content\/uploads\/2021\/08\/roman-wro\u0301blewski-piano.jpeg 500w, https:\/\/takbrzmimiasto.pl\/wp-content\/uploads\/2021\/08\/roman-wro\u0301blewski-piano-233x350.jpeg 233w\" sizes=\"(max-width: 500px) 100vw, 500px\" \/><\/p>\n<p><b>Du\u017co si\u0119 zmieni\u0142o w czasie pandemii\u2026 na co liczyli\u015bcie, siej\u0105c wcze\u015bniej? Jakie plony uzyskali\u015bcie?<\/b><\/p>\n<p>&nbsp;<\/p>\n<p><b>RW: <\/b>Moje oczekiwania w zderzeniu z pandemi\u0105 znacz\u0105co zmala\u0142y,wi\u0119c wszelkie sukcesy przyjmuj\u0119 z wielk\u0105 wdzi\u0119czno\u015bci\u0105. Oczywi\u015bcie chcia\u0142em gra\u0107 wi\u0119cej koncert\u00f3w po wydaniu p\u0142yty, liczy\u0142em na nie bardzo&#8230; Przed pandemi\u0105 mia\u0142em rozpisane dwa scenariusze na teledyski, nagrywa\u0142em p\u0142yt\u0119 i wyobra\u017ca\u0142em sobie, \u017ce je\u015bli zrobi\u0119 wszystko tak, jak w podr\u0119cznikach o biznesie muzycznym, to uda si\u0119 przynajmniej zatoczy\u0107 pe\u0142ne ko\u0142o, a bez koncert\u00f3w brakuje \u00bc tego okr\u0119gu.<\/p>\n<p>&nbsp;<\/p>\n<p><b>MN: <\/b>Z Jels\u0105 planowali\u015bmy nagra\u0107 nowe piosenki, wyda\u0107 album, mieli\u015bmy zaplanowanych kilka koncert\u00f3w. Pandemia oczywi\u015bcie pokrzy\u017cowa\u0142a te plany. Uda\u0142o si\u0119 wprawdzie nagra\u0107 wiele piosenek, ale ich nie wydali\u015bmy, bo pojawi\u0142y si\u0119 inne projekty. Z perspektywy czasu widz\u0119, \u017ce \u017cniwem pandemii by\u0142a du\u017ca zmiana na polu priorytet\u00f3w ka\u017cdego z nas. Ka\u017cdy mia\u0142 czas, znalaz\u0142 przestrze\u0144 dla siebie i zrozumia\u0142 na czym naprawd\u0119 mu zale\u017cy. To sprawi\u0142o, \u017ce nasze drogi si\u0119 nieco rozesz\u0142y i ka\u017cdy rozwin\u0105\u0142 inny projekt. Oczywi\u015bcie nadal planujemy wyda\u0107 wsp\u00f3lne utwory, ale zesp\u00f3\u0142 ju\u017c nie jest dla nas na pierwszym miejscu.<\/p>\n<p>&nbsp;<\/p>\n<p><b>Czyli to, co by\u0142o przypadkowo rzuconym ziarnem, mo\u017ce nawet wydawa\u0142o si\u0119 chwastem, sta\u0142o si\u0119 motorem, bod\u017acem albo i \u017ar\u00f3d\u0142em inspiracji.\u00a0 Przekuwanie pora\u017cek w si\u0142\u0119? Jak sobie radzi\u0107 z niepowodzeniami?<\/b><\/p>\n<p>&nbsp;<\/p>\n<p><b>MN: <\/b>Cieszy\u0107 si\u0119 z nich! I nie my\u015ble\u0107 o nich zbyt d\u0142ugo. Niepowodzenia s\u0105 elementem codzienno\u015bci, wi\u0119c trzeba si\u0119 do nich przyzwyczai\u0107 i nauczy\u0107 si\u0119 z nich czerpa\u0107. Ucz\u0119 si\u0119 ci\u0105gle, \u017ce pora\u017cka to jest nauka. Ciesz\u0119 si\u0119 z tego, \u017ce jest to obszar do poprawy i za ka\u017cdym razem dzi\u0119kuj\u0119 losowi, \u017ce nieprzyjemna sytuacja zdarzy\u0142a si\u0119 ju\u017c teraz, a nie za kilka lat. Ostatnio inspiruje mnie bardzo serial Ted Lasso. G\u0142\u00f3wny bohater prze\u017cywa same pora\u017cki, ale ka\u017cd\u0105 z nich obraca w co\u015b dobrego i jest jednym z najbardziej pozytywnych bohater\u00f3w, jakim ostatnio si\u0119 przygl\u0105da\u0142em.<\/p>\n<p>&nbsp;<\/p>\n<p><b>RW: <\/b>Ostatnio z pora\u017cek ucz\u0119 si\u0119 tego, jak dobiera\u0107 ludzi do wsp\u00f3\u0142pracy. Nie boj\u0119 si\u0119 ryzykowa\u0107, cho\u0107 zdarzy\u0142o mi si\u0119 trafi\u0107 na wiele niew\u0142a\u015bciwych os\u00f3b. Na pewno ucz\u0119 si\u0119 te\u017c tego, \u017ce warto planowa\u0107 to, w co inwestuj\u0119pieni\u0105dze. Teraz planuj\u0105c sesj\u0119 zdj\u0119ciow\u0105 wybra\u0142em przestrze\u0144, fotografa, pracuj\u0119 nad moodboardami, ogl\u0105dam albumy z fotografiami, tworz\u0119 posta\u0107, spotkam si\u0119 z fotografem na zoomie i dok\u0142adnie rozpisujemy,jakie zdj\u0119cia, w kt\u00f3rym miejscu chcemy uzyska\u0107. Kiedynie by\u0142em przygotowany, ponosi\u0142em pora\u017cki, bo nie wiedzia\u0142em, czego chc\u0119. Traci\u0142em te\u017c du\u017co pieni\u0119dzy, kt\u00f3re teraz s\u0105 szczeg\u00f3lnie wa\u017cne. Pora\u017cki to tak\u017ce okazja do nauki poprzez rozmowy z najbli\u017cszymi osobami, kt\u00f3re potrafi\u0105 powiedzie\u0107 prawd\u0119 i pom\u00f3c w ocenie rzeczywisto\u015bci. Wa\u017cne jest te\u017c to, \u017ce \u2013 aby unikn\u0105\u0107 mocnego zderzenia z pora\u017ck\u0105 i rozczarowania \u2013warto mie\u0107 bardzo ma\u0142e i realne oczekiwania.<\/p>\n<p>&nbsp;<\/p>\n<p><b>Co przynosi lepsze efekty: wprowadzanie urozmaicenia czy specjalizacja w jednej dziedzinie?<\/b><\/p>\n<p>&nbsp;<\/p>\n<p><b>RW: <\/b>Na razie skupi\u0142em si\u0119 na specjalizacji w muzyce fortepianowej, aczkolwiek zaczynam ju\u017c prac\u0119 nad nowymi projektami, w tym elektronicznym i jazzowym. My\u015bl\u0119, \u017ce takie zaw\u0119\u017cenie dzia\u0142a\u0144 jest zdrowe, bo kiedy pr\u00f3bowa\u0142em robi\u0107 kilka rzeczy na raz, to w\u0142a\u015bciwie nic nie by\u0142o na wysokim, satysfakcjonuj\u0105cym mnie poziomie. Zdaj\u0119 sobie jednak spraw\u0119 z tego, \u017ce w swoim 15-letnim do\u015bwiadczeniu scenicznym otar\u0142em si\u0119 o przer\u00f3\u017cne gatunki muzyczne i wiele zespo\u0142\u00f3w, wi\u0119c w pewien spos\u00f3b ju\u017c spr\u00f3bowa\u0142em tego, czego chcia\u0142em, mam to za sob\u0105 i st\u0105d wiem, \u017ce moje wybory s\u0105 \u015bwiadome. Je\u015bli natomiast chodzi o promocj\u0119, tu stawia\u0142bym na wszechstronno\u015b\u0107. Sam obserwuj\u0119 mod\u0119 i trendy technologiczne, My\u015bl\u0119, \u017ce warto si\u0119 zastanowi\u0107, jak w danej przestrzeni si\u0119 promowa\u0107 \u2013 pozna\u0107 zasady dzia\u0142ania playlist na Spotify, szkoli\u0107 si\u0119 z Facebooka i Instagrama czy zapozna\u0107 si\u0119 z TikTokiem. Ja stawiam na dotarcie do ludzi. Nie chodzi o liczby, ale o dzia\u0142anie tak, by muzyka trafia\u0142a do tych os\u00f3b, kt\u00f3re b\u0119d\u0105 chcia\u0142y jej s\u0142ucha\u0107.<\/p>\n<p>&nbsp;<\/p>\n<p><b>MN: <\/b>Ja dzia\u0142am bardzo r\u00f3\u017cnorodnie, opr\u00f3cz grania w zespole zajmuj\u0119 si\u0119 produkcj\u0105 muzyki, managementem, ucz\u0119 si\u0119 bookingu, wi\u0119c jestem team #r\u00f3\u017cnorodno\u015b\u0107 (\u015bmiech). Natomiast na ka\u017cde z tych p\u00f3l przypada tylko jeden wyb\u00f3r: jestem mened\u017cerem jednej artystki i jednego artysty, gram w jednym zespole, ucz\u0119 gra\u0107 na gitarze, ale nie rozwijam tej dzia\u0142alno\u015bci w kilku szko\u0142ach.<\/p>\n<p>&nbsp;<\/p>\n<p><b>W naturze jest czas siania, zbierania i odpoczynku. Czy planujecie czas w taki spos\u00f3b, \u017ceby wykona\u0107 pewn\u0105 prac\u0119 w wyznaczonych odst\u0119pach czasowych, a p\u00f3\u017aniej planujecie czas na odpoczynek i \u201ezimowanie\u201d idei?<\/b><\/p>\n<p>&nbsp;<\/p>\n<p><b>RW: <\/b>Ostatni czas jest dla mnie bardzo pracowity. Teraz uda\u0142o mi si\u0119 z\u0142apa\u0107 kilka dni odpoczynku w Portugalii, ale zwykle pracuj\u0119 bardzo du\u017co. Dziel\u0119 sw\u00f3j czas na prac\u0119 tw\u00f3rcz\u0105, prace wydawnicze i odpoczynek, kt\u00f3ry cz\u0119\u015bciowo przeistacza si\u0119 w prac\u0119 tw\u00f3rcz\u0105. To, gdzie jestem i z kim przebywam mocno mnie inspiruje, wi\u0119c nawet, je\u015bli podr\u00f3\u017cuj\u0119, to gdzie\u015b zapisuj\u0119 nowe pomys\u0142y, notuj\u0119, tworz\u0119.<\/p>\n<p>&nbsp;<\/p>\n<p><b>MN<\/b>: To m\u00f3j najwi\u0119kszy obszar do pracy. Wydzielenie czasu na odpoczynek i umiej\u0119tno\u015b\u0107 odpoczywania. Chcia\u0142bym umie\u0107 zamkn\u0105\u0107 pewne tematy i potem odpocz\u0105\u0107. Aktualnie wszystko si\u0119 nak\u0142ada i zaz\u0119bia. P\u00f3ki co, takie tempo mi odpowiada, mam du\u017co pracy i czas na kr\u00f3tkie wakacje, ale nigdy nie wypoczywam w pe\u0142ni. My\u015bl\u0119, \u017ce aby pracowa\u0107 efektywnie, trzeba umie\u0107 oczy\u015bci\u0107 g\u0142ow\u0119 i si\u0119 zresetowa\u0107, \u017ceby przygotowa\u0107 miejsce na kolejne projekty i na\u0142adowa\u0107 baterie do dalszej pracy.<\/p>\n","protected":false},"excerpt":{"rendered":"<p>G\u0142os Spo\u0142eczno\u015bci: #plony &nbsp; Maciek Niewiadomski i Roman Wr\u00f3blewski. Po jednej stronie rozwijaj\u0105cy si\u0119 i aktywny mened\u017cer oraz gitarzysta indie rockowego zespo\u0142u, po drugiej \u2013samozarz\u0105dzaj\u0105cy si\u0119 pianista. Zapytali\u015bmy przedstawicieli spo\u0142eczno\u015bci, reprezentant\u00f3w nowej bran\u017cy muzycznej o prac\u0119 nad plonami: jak sia\u0107, \u017ceby rozwija\u0107 karier\u0105 muzyczn\u0105, kiedy jest czas odpoczynku, czy pora\u017cki mog\u0105 nie\u015b\u0107 plony? &nbsp; Ada [&hellip;]<\/p>\n","protected":false},"author":39,"featured_media":4649,"comment_status":"open","ping_status":"open","sticky":false,"template":"","format":"standard","meta":{"inline_featured_image":false,"footnotes":""},"categories":[309,306],"tags":[],"class_list":["post-4648","post","type-post","status-publish","format-standard","has-post-thumbnail","hentry","category-spolecznosc","category-wywiad"],"acf":[],"yoast_head":"<!-- This site is optimized with the Yoast SEO plugin v19.7.1 - https:\/\/yoast.com\/wordpress\/plugins\/seo\/ -->\n<title>G\u0142os Spo\u0142eczno\u015bci: #plony - Tak Brzmi Miasto<\/title>\n<meta name=\"robots\" content=\"index, follow, max-snippet:-1, max-image-preview:large, max-video-preview:-1\" \/>\n<link rel=\"canonical\" href=\"https:\/\/takbrzmimiasto.pl\/en\/glos-spolecznosci-plony\/\" \/>\n<meta property=\"og:locale\" content=\"en_US\" \/>\n<meta property=\"og:type\" content=\"article\" \/>\n<meta property=\"og:title\" content=\"G\u0142os Spo\u0142eczno\u015bci: #plony - Tak Brzmi Miasto\" \/>\n<meta property=\"og:description\" content=\"G\u0142os Spo\u0142eczno\u015bci: #plony &nbsp; Maciek Niewiadomski i Roman Wr\u00f3blewski. Po jednej stronie rozwijaj\u0105cy si\u0119 i aktywny mened\u017cer oraz gitarzysta indie rockowego zespo\u0142u, po drugiej \u2013samozarz\u0105dzaj\u0105cy si\u0119 pianista. Zapytali\u015bmy przedstawicieli spo\u0142eczno\u015bci, reprezentant\u00f3w nowej bran\u017cy muzycznej o prac\u0119 nad plonami: jak sia\u0107, \u017ceby rozwija\u0107 karier\u0105 muzyczn\u0105, kiedy jest czas odpoczynku, czy pora\u017cki mog\u0105 nie\u015b\u0107 plony? &nbsp; Ada [&hellip;]\" \/>\n<meta property=\"og:url\" content=\"https:\/\/takbrzmimiasto.pl\/en\/glos-spolecznosci-plony\/\" \/>\n<meta property=\"og:site_name\" content=\"Tak Brzmi Miasto\" \/>\n<meta property=\"article:published_time\" content=\"2021-08-25T07:50:02+00:00\" \/>\n<meta property=\"article:modified_time\" content=\"2022-04-15T09:49:25+00:00\" \/>\n<meta property=\"og:image\" content=\"https:\/\/takbrzmimiasto.pl\/wp-content\/uploads\/2021\/08\/gs-3.jpg\" \/>\n\t<meta property=\"og:image:width\" content=\"1920\" \/>\n\t<meta property=\"og:image:height\" content=\"1080\" \/>\n\t<meta property=\"og:image:type\" content=\"image\/jpeg\" \/>\n<meta name=\"author\" content=\"Adrianna Ku\u0107mierz\" \/>\n<meta name=\"twitter:card\" content=\"summary_large_image\" \/>\n<meta name=\"twitter:label1\" content=\"Written by\" \/>\n\t<meta name=\"twitter:data1\" content=\"Adrianna Ku\u0107mierz\" \/>\n\t<meta name=\"twitter:label2\" content=\"Est. reading time\" \/>\n\t<meta name=\"twitter:data2\" content=\"7 minutes\" \/>\n<script type=\"application\/ld+json\" class=\"yoast-schema-graph\">{\"@context\":\"https:\/\/schema.org\",\"@graph\":[{\"@type\":\"Article\",\"@id\":\"https:\/\/takbrzmimiasto.pl\/en\/glos-spolecznosci-plony\/#article\",\"isPartOf\":{\"@id\":\"https:\/\/takbrzmimiasto.pl\/en\/glos-spolecznosci-plony\/\"},\"author\":{\"name\":\"Adrianna Ku\u0107mierz\",\"@id\":\"https:\/\/takbrzmimiasto.pl\/#\/schema\/person\/2dc972a63547f0129144c9bb4aa44d4b\"},\"headline\":\"G\u0142os Spo\u0142eczno\u015bci: #plony\",\"datePublished\":\"2021-08-25T07:50:02+00:00\",\"dateModified\":\"2022-04-15T09:49:25+00:00\",\"mainEntityOfPage\":{\"@id\":\"https:\/\/takbrzmimiasto.pl\/en\/glos-spolecznosci-plony\/\"},\"wordCount\":1337,\"commentCount\":0,\"publisher\":{\"@id\":\"https:\/\/takbrzmimiasto.pl\/#organization\"},\"articleSection\":[\"Spo\u0142eczno\u015b\u0107\",\"Wywiad\"],\"inLanguage\":\"en-US\",\"potentialAction\":[{\"@type\":\"CommentAction\",\"name\":\"Comment\",\"target\":[\"https:\/\/takbrzmimiasto.pl\/en\/glos-spolecznosci-plony\/#respond\"]}]},{\"@type\":\"WebPage\",\"@id\":\"https:\/\/takbrzmimiasto.pl\/en\/glos-spolecznosci-plony\/\",\"url\":\"https:\/\/takbrzmimiasto.pl\/en\/glos-spolecznosci-plony\/\",\"name\":\"G\u0142os Spo\u0142eczno\u015bci: #plony - Tak Brzmi Miasto\",\"isPartOf\":{\"@id\":\"https:\/\/takbrzmimiasto.pl\/#website\"},\"datePublished\":\"2021-08-25T07:50:02+00:00\",\"dateModified\":\"2022-04-15T09:49:25+00:00\",\"breadcrumb\":{\"@id\":\"https:\/\/takbrzmimiasto.pl\/en\/glos-spolecznosci-plony\/#breadcrumb\"},\"inLanguage\":\"en-US\",\"potentialAction\":[{\"@type\":\"ReadAction\",\"target\":[\"https:\/\/takbrzmimiasto.pl\/en\/glos-spolecznosci-plony\/\"]}]},{\"@type\":\"BreadcrumbList\",\"@id\":\"https:\/\/takbrzmimiasto.pl\/en\/glos-spolecznosci-plony\/#breadcrumb\",\"itemListElement\":[{\"@type\":\"ListItem\",\"position\":1,\"name\":\"Strona g\u0142\u00f3wna\",\"item\":\"https:\/\/takbrzmimiasto.pl\/en\/\"},{\"@type\":\"ListItem\",\"position\":2,\"name\":\"G\u0142os Spo\u0142eczno\u015bci: #plony\"}]},{\"@type\":\"WebSite\",\"@id\":\"https:\/\/takbrzmimiasto.pl\/#website\",\"url\":\"https:\/\/takbrzmimiasto.pl\/\",\"name\":\"Tak Brzmi Miasto\",\"description\":\"Tak Brzmi Miasto to konferencja, festiwal, inkubator dla mened\u017cer\u00f3w i akademia\",\"publisher\":{\"@id\":\"https:\/\/takbrzmimiasto.pl\/#organization\"},\"potentialAction\":[{\"@type\":\"SearchAction\",\"target\":{\"@type\":\"EntryPoint\",\"urlTemplate\":\"https:\/\/takbrzmimiasto.pl\/?s={search_term_string}\"},\"query-input\":\"required name=search_term_string\"}],\"inLanguage\":\"en-US\"},{\"@type\":\"Organization\",\"@id\":\"https:\/\/takbrzmimiasto.pl\/#organization\",\"name\":\"Tak Brzmi Miasto\",\"url\":\"https:\/\/takbrzmimiasto.pl\/\",\"sameAs\":[],\"logo\":{\"@type\":\"ImageObject\",\"inLanguage\":\"en-US\",\"@id\":\"https:\/\/takbrzmimiasto.pl\/#\/schema\/logo\/image\/\",\"url\":\"https:\/\/takbrzmimiasto.pl\/wp-content\/uploads\/2021\/04\/www_miniatura_bezmenu.jpg\",\"contentUrl\":\"https:\/\/takbrzmimiasto.pl\/wp-content\/uploads\/2021\/04\/www_miniatura_bezmenu.jpg\",\"width\":1920,\"height\":1080,\"caption\":\"Tak Brzmi Miasto\"},\"image\":{\"@id\":\"https:\/\/takbrzmimiasto.pl\/#\/schema\/logo\/image\/\"}},{\"@type\":\"Person\",\"@id\":\"https:\/\/takbrzmimiasto.pl\/#\/schema\/person\/2dc972a63547f0129144c9bb4aa44d4b\",\"name\":\"Adrianna Ku\u0107mierz\",\"image\":{\"@type\":\"ImageObject\",\"inLanguage\":\"en-US\",\"@id\":\"https:\/\/takbrzmimiasto.pl\/#\/schema\/person\/image\/\",\"url\":\"https:\/\/secure.gravatar.com\/avatar\/a042c94f8c4d08f584629a8ee778f3c9?s=96&d=mm&r=g\",\"contentUrl\":\"https:\/\/secure.gravatar.com\/avatar\/a042c94f8c4d08f584629a8ee778f3c9?s=96&d=mm&r=g\",\"caption\":\"Adrianna Ku\u0107mierz\"},\"description\":\"Adrianna Ku\u0107mierz - wokalistka, autorka tekst\u00f3w, kompozytorka. Tak\u017ce aktorka i lektorka. Pisze piosenki, \u015bpiewa, gra w teatrze i TV. Kocha natur\u0119 i ceni ka\u017cd\u0105 chwil\u0119 sp\u0119dzon\u0105 na \u0142onie przyrody. Podr\u00f3\u017cuje kiedy si\u0119 da, a kiedy nie - celebruje relacje z lud\u017ami lub samotno\u015bci\u0105. Absolwentka Tak Brzmi Miasto Inkubator 2020.\",\"url\":\"https:\/\/takbrzmimiasto.pl\/en\/author\/adrianna-kucmierz\/\"}]}<\/script>\n<!-- \/ Yoast SEO plugin. -->","yoast_head_json":{"title":"G\u0142os Spo\u0142eczno\u015bci: #plony - Tak Brzmi Miasto","robots":{"index":"index","follow":"follow","max-snippet":"max-snippet:-1","max-image-preview":"max-image-preview:large","max-video-preview":"max-video-preview:-1"},"canonical":"https:\/\/takbrzmimiasto.pl\/en\/glos-spolecznosci-plony\/","og_locale":"en_US","og_type":"article","og_title":"G\u0142os Spo\u0142eczno\u015bci: #plony - Tak Brzmi Miasto","og_description":"G\u0142os Spo\u0142eczno\u015bci: #plony &nbsp; Maciek Niewiadomski i Roman Wr\u00f3blewski. Po jednej stronie rozwijaj\u0105cy si\u0119 i aktywny mened\u017cer oraz gitarzysta indie rockowego zespo\u0142u, po drugiej \u2013samozarz\u0105dzaj\u0105cy si\u0119 pianista. Zapytali\u015bmy przedstawicieli spo\u0142eczno\u015bci, reprezentant\u00f3w nowej bran\u017cy muzycznej o prac\u0119 nad plonami: jak sia\u0107, \u017ceby rozwija\u0107 karier\u0105 muzyczn\u0105, kiedy jest czas odpoczynku, czy pora\u017cki mog\u0105 nie\u015b\u0107 plony? &nbsp; Ada [&hellip;]","og_url":"https:\/\/takbrzmimiasto.pl\/en\/glos-spolecznosci-plony\/","og_site_name":"Tak Brzmi Miasto","article_published_time":"2021-08-25T07:50:02+00:00","article_modified_time":"2022-04-15T09:49:25+00:00","og_image":[{"width":1920,"height":1080,"url":"https:\/\/takbrzmimiasto.pl\/wp-content\/uploads\/2021\/08\/gs-3.jpg","type":"image\/jpeg"}],"author":"Adrianna Ku\u0107mierz","twitter_card":"summary_large_image","twitter_misc":{"Written by":"Adrianna Ku\u0107mierz","Est. reading time":"7 minutes"},"schema":{"@context":"https:\/\/schema.org","@graph":[{"@type":"Article","@id":"https:\/\/takbrzmimiasto.pl\/en\/glos-spolecznosci-plony\/#article","isPartOf":{"@id":"https:\/\/takbrzmimiasto.pl\/en\/glos-spolecznosci-plony\/"},"author":{"name":"Adrianna Ku\u0107mierz","@id":"https:\/\/takbrzmimiasto.pl\/#\/schema\/person\/2dc972a63547f0129144c9bb4aa44d4b"},"headline":"G\u0142os Spo\u0142eczno\u015bci: #plony","datePublished":"2021-08-25T07:50:02+00:00","dateModified":"2022-04-15T09:49:25+00:00","mainEntityOfPage":{"@id":"https:\/\/takbrzmimiasto.pl\/en\/glos-spolecznosci-plony\/"},"wordCount":1337,"commentCount":0,"publisher":{"@id":"https:\/\/takbrzmimiasto.pl\/#organization"},"articleSection":["Spo\u0142eczno\u015b\u0107","Wywiad"],"inLanguage":"en-US","potentialAction":[{"@type":"CommentAction","name":"Comment","target":["https:\/\/takbrzmimiasto.pl\/en\/glos-spolecznosci-plony\/#respond"]}]},{"@type":"WebPage","@id":"https:\/\/takbrzmimiasto.pl\/en\/glos-spolecznosci-plony\/","url":"https:\/\/takbrzmimiasto.pl\/en\/glos-spolecznosci-plony\/","name":"G\u0142os Spo\u0142eczno\u015bci: #plony - Tak Brzmi Miasto","isPartOf":{"@id":"https:\/\/takbrzmimiasto.pl\/#website"},"datePublished":"2021-08-25T07:50:02+00:00","dateModified":"2022-04-15T09:49:25+00:00","breadcrumb":{"@id":"https:\/\/takbrzmimiasto.pl\/en\/glos-spolecznosci-plony\/#breadcrumb"},"inLanguage":"en-US","potentialAction":[{"@type":"ReadAction","target":["https:\/\/takbrzmimiasto.pl\/en\/glos-spolecznosci-plony\/"]}]},{"@type":"BreadcrumbList","@id":"https:\/\/takbrzmimiasto.pl\/en\/glos-spolecznosci-plony\/#breadcrumb","itemListElement":[{"@type":"ListItem","position":1,"name":"Strona g\u0142\u00f3wna","item":"https:\/\/takbrzmimiasto.pl\/en\/"},{"@type":"ListItem","position":2,"name":"G\u0142os Spo\u0142eczno\u015bci: #plony"}]},{"@type":"WebSite","@id":"https:\/\/takbrzmimiasto.pl\/#website","url":"https:\/\/takbrzmimiasto.pl\/","name":"Tak Brzmi Miasto","description":"Tak Brzmi Miasto to konferencja, festiwal, inkubator dla mened\u017cer\u00f3w i akademia","publisher":{"@id":"https:\/\/takbrzmimiasto.pl\/#organization"},"potentialAction":[{"@type":"SearchAction","target":{"@type":"EntryPoint","urlTemplate":"https:\/\/takbrzmimiasto.pl\/?s={search_term_string}"},"query-input":"required name=search_term_string"}],"inLanguage":"en-US"},{"@type":"Organization","@id":"https:\/\/takbrzmimiasto.pl\/#organization","name":"Tak Brzmi Miasto","url":"https:\/\/takbrzmimiasto.pl\/","sameAs":[],"logo":{"@type":"ImageObject","inLanguage":"en-US","@id":"https:\/\/takbrzmimiasto.pl\/#\/schema\/logo\/image\/","url":"https:\/\/takbrzmimiasto.pl\/wp-content\/uploads\/2021\/04\/www_miniatura_bezmenu.jpg","contentUrl":"https:\/\/takbrzmimiasto.pl\/wp-content\/uploads\/2021\/04\/www_miniatura_bezmenu.jpg","width":1920,"height":1080,"caption":"Tak Brzmi Miasto"},"image":{"@id":"https:\/\/takbrzmimiasto.pl\/#\/schema\/logo\/image\/"}},{"@type":"Person","@id":"https:\/\/takbrzmimiasto.pl\/#\/schema\/person\/2dc972a63547f0129144c9bb4aa44d4b","name":"Adrianna Ku\u0107mierz","image":{"@type":"ImageObject","inLanguage":"en-US","@id":"https:\/\/takbrzmimiasto.pl\/#\/schema\/person\/image\/","url":"https:\/\/secure.gravatar.com\/avatar\/a042c94f8c4d08f584629a8ee778f3c9?s=96&d=mm&r=g","contentUrl":"https:\/\/secure.gravatar.com\/avatar\/a042c94f8c4d08f584629a8ee778f3c9?s=96&d=mm&r=g","caption":"Adrianna Ku\u0107mierz"},"description":"Adrianna Ku\u0107mierz - wokalistka, autorka tekst\u00f3w, kompozytorka. Tak\u017ce aktorka i lektorka. Pisze piosenki, \u015bpiewa, gra w teatrze i TV. Kocha natur\u0119 i ceni ka\u017cd\u0105 chwil\u0119 sp\u0119dzon\u0105 na \u0142onie przyrody. Podr\u00f3\u017cuje kiedy si\u0119 da, a kiedy nie - celebruje relacje z lud\u017ami lub samotno\u015bci\u0105. Absolwentka Tak Brzmi Miasto Inkubator 2020.","url":"https:\/\/takbrzmimiasto.pl\/en\/author\/adrianna-kucmierz\/"}]}},"_links":{"self":[{"href":"https:\/\/takbrzmimiasto.pl\/en\/wp-json\/wp\/v2\/posts\/4648\/"}],"collection":[{"href":"https:\/\/takbrzmimiasto.pl\/en\/wp-json\/wp\/v2\/posts\/"}],"about":[{"href":"https:\/\/takbrzmimiasto.pl\/en\/wp-json\/wp\/v2\/types\/post\/"}],"author":[{"embeddable":true,"href":"https:\/\/takbrzmimiasto.pl\/en\/wp-json\/wp\/v2\/users\/39\/"}],"replies":[{"embeddable":true,"href":"https:\/\/takbrzmimiasto.pl\/en\/wp-json\/wp\/v2\/comments\/?post=4648"}],"version-history":[{"count":3,"href":"https:\/\/takbrzmimiasto.pl\/en\/wp-json\/wp\/v2\/posts\/4648\/revisions\/"}],"predecessor-version":[{"id":11989,"href":"https:\/\/takbrzmimiasto.pl\/en\/wp-json\/wp\/v2\/posts\/4648\/revisions\/11989\/"}],"wp:featuredmedia":[{"embeddable":true,"href":"https:\/\/takbrzmimiasto.pl\/en\/wp-json\/wp\/v2\/media\/4649\/"}],"wp:attachment":[{"href":"https:\/\/takbrzmimiasto.pl\/en\/wp-json\/wp\/v2\/media\/?parent=4648"}],"wp:term":[{"taxonomy":"category","embeddable":true,"href":"https:\/\/takbrzmimiasto.pl\/en\/wp-json\/wp\/v2\/categories\/?post=4648"},{"taxonomy":"post_tag","embeddable":true,"href":"https:\/\/takbrzmimiasto.pl\/en\/wp-json\/wp\/v2\/tags\/?post=4648"}],"curies":[{"name":"wp","href":"https:\/\/api.w.org\/{rel}","templated":true}]}}