{"id":4738,"date":"2021-08-18T17:27:54","date_gmt":"2021-08-18T15:27:54","guid":{"rendered":"https:\/\/takbrzmimiasto.pl\/?p=4738"},"modified":"2022-04-15T12:19:10","modified_gmt":"2022-04-15T10:19:10","slug":"summercamp-letnia-szkola-tak-brzmi-miasto-dla-profesjonalizujacych-sie-muzykow","status":"publish","type":"post","link":"https:\/\/takbrzmimiasto.pl\/en\/summercamp-letnia-szkola-tak-brzmi-miasto-dla-profesjonalizujacych-sie-muzykow\/","title":{"rendered":"Summercamp \u2013 letnia szko\u0142a Tak Brzmi Miasto dla profesjonalizuj\u0105cych si\u0119 muzyk\u00f3w"},"content":{"rendered":"<p><strong>30 Inkubatorowicz\u00f3w i Inkubatorowiczek, 30 wschodz\u0105cych muzyk\u00f3w i profesjonalizuj\u0105cych si\u0119 artystek bierze udzia\u0142 Summercampie. To letnia ods\u0142ona trwaj\u0105cego od marca Inkubatora \u2013 najwi\u0119kszego w Polsce programu rozwoju dla muzyk\u00f3w i mened\u017cer\u00f3w. Za nami p\u00f3\u0142metek.<\/strong><\/p>\n<p>Jeste\u015bmy w \u015brodku kilkudziesi\u0119ciu aktywno\u015bci: wyk\u0142ad\u00f3w dla wszystkich uczestnik\u00f3w, warsztat\u00f3w w grupach, zada\u0144 odbywaj\u0105cych si\u0119 w parach, indywidualnych konsultacji, wieczornych jam sessions i YouTube Party. Od 13 do 22 sierpnia upchn\u0119li\u015bmy (wcale nie na si\u0142\u0119 i zupe\u0142nie \u015bwiadomie) esencj\u0119 Inkubatora, wisienk\u0119 na torcie, cr\u00e8me de la cr\u00e8me: \u015bwietnych specjalist\u00f3w i specjalistki z wiedz\u0105 i do\u015bwiadczeniem, kt\u00f3rym dziel\u0105 si\u0119 ze wschodz\u0105c\u0105 bran\u017c\u0105 muzyczn\u0105, kluczowe umiej\u0119tno\u015bci, kt\u00f3re uczestnicy przyswajaj\u0105 indywidualnie i wsp\u00f3lnie, a przede wszystkim: spotkanie z lud\u017ami \u2013 integracj\u0119, wymian\u0119, najlepszy rodzaj networkingu.<\/p>\n<p>9 dni w czarownym Centrum Kultury Dworek Bia\u0142opr\u0105dnicki i 9 nocy w Krowodrzy Centrum Konferencyjno-Hotelowym (****! \u2013 dla wschodz\u0105cych muzyk\u00f3w to gwiazdorskie okoliczno\u015bci).<\/p>\n<p>Summercamp trwa, a je\u015bli Was tu nie ma: wkr\u00f3tce Tak Brzmi Miasto Konferencja, na pocz\u0105tku 2022 og\u0142osimy czwarty ju\u017c Inkubator i kolejny nab\u00f3r, kt\u00f3rego przej\u015bcie mo\u017ce wi\u0105za\u0107 si\u0119 z szans\u0105 na wzi\u0119cie udzia\u0142u w przysz\u0142orocznej letniej muzycznej przygodzie!<\/p>\n<p>Jaki mamy tu klimat? Lepszy ni\u017c umiarkowany \u2013 zobaczcie zdj\u0119cia Natalii Bajek:<\/p>\n<p><img loading=\"lazy\" decoding=\"async\" class=\"alignnone wp-image-4751 size-large\" src=\"https:\/\/takbrzmimiasto.pl\/wp-content\/uploads\/2021\/08\/DSC_7780-800x503.jpg\" alt=\"\" width=\"800\" height=\"503\" data-wp-pid=\"4751\" srcset=\"https:\/\/takbrzmimiasto.pl\/wp-content\/uploads\/2021\/08\/DSC_7780-800x503.jpg 800w, https:\/\/takbrzmimiasto.pl\/wp-content\/uploads\/2021\/08\/DSC_7780-1000x629.jpg 1000w, https:\/\/takbrzmimiasto.pl\/wp-content\/uploads\/2021\/08\/DSC_7780-350x220.jpg 350w, https:\/\/takbrzmimiasto.pl\/wp-content\/uploads\/2021\/08\/DSC_7780-768x483.jpg 768w, https:\/\/takbrzmimiasto.pl\/wp-content\/uploads\/2021\/08\/DSC_7780-1536x966.jpg 1536w, https:\/\/takbrzmimiasto.pl\/wp-content\/uploads\/2021\/08\/DSC_7780-2048x1288.jpg 2048w\" sizes=\"(max-width: 800px) 100vw, 800px\" \/><\/p>\n<p><img loading=\"lazy\" decoding=\"async\" class=\"alignnone wp-image-4753 size-large\" src=\"https:\/\/takbrzmimiasto.pl\/wp-content\/uploads\/2021\/08\/DSC_7746-800x497.jpg\" alt=\"\" width=\"800\" height=\"497\" data-wp-pid=\"4753\" srcset=\"https:\/\/takbrzmimiasto.pl\/wp-content\/uploads\/2021\/08\/DSC_7746-800x497.jpg 800w, https:\/\/takbrzmimiasto.pl\/wp-content\/uploads\/2021\/08\/DSC_7746-1000x621.jpg 1000w, https:\/\/takbrzmimiasto.pl\/wp-content\/uploads\/2021\/08\/DSC_7746-350x217.jpg 350w, https:\/\/takbrzmimiasto.pl\/wp-content\/uploads\/2021\/08\/DSC_7746-768x477.jpg 768w, https:\/\/takbrzmimiasto.pl\/wp-content\/uploads\/2021\/08\/DSC_7746-1536x954.jpg 1536w, https:\/\/takbrzmimiasto.pl\/wp-content\/uploads\/2021\/08\/DSC_7746-2048x1272.jpg 2048w\" sizes=\"(max-width: 800px) 100vw, 800px\" \/><\/p>\n<p><img loading=\"lazy\" decoding=\"async\" class=\"alignnone wp-image-4739 size-large\" src=\"https:\/\/takbrzmimiasto.pl\/wp-content\/uploads\/2021\/08\/DSC_7824-800x523.jpg\" alt=\"\" width=\"800\" height=\"523\" data-wp-pid=\"4739\" srcset=\"https:\/\/takbrzmimiasto.pl\/wp-content\/uploads\/2021\/08\/DSC_7824-800x523.jpg 800w, https:\/\/takbrzmimiasto.pl\/wp-content\/uploads\/2021\/08\/DSC_7824-1000x654.jpg 1000w, https:\/\/takbrzmimiasto.pl\/wp-content\/uploads\/2021\/08\/DSC_7824-350x229.jpg 350w, https:\/\/takbrzmimiasto.pl\/wp-content\/uploads\/2021\/08\/DSC_7824-768x502.jpg 768w, https:\/\/takbrzmimiasto.pl\/wp-content\/uploads\/2021\/08\/DSC_7824-1536x1005.jpg 1536w, https:\/\/takbrzmimiasto.pl\/wp-content\/uploads\/2021\/08\/DSC_7824-2048x1340.jpg 2048w\" sizes=\"(max-width: 800px) 100vw, 800px\" \/>\u00a0<img loading=\"lazy\" decoding=\"async\" class=\"alignleft wp-image-4743 size-large\" src=\"https:\/\/takbrzmimiasto.pl\/wp-content\/uploads\/2021\/08\/DSC_7843-547x800.jpg\" alt=\"\" width=\"547\" height=\"800\" data-wp-pid=\"4743\" srcset=\"https:\/\/takbrzmimiasto.pl\/wp-content\/uploads\/2021\/08\/DSC_7843-547x800.jpg 547w, https:\/\/takbrzmimiasto.pl\/wp-content\/uploads\/2021\/08\/DSC_7843-scaled-800x1169.jpg 800w, https:\/\/takbrzmimiasto.pl\/wp-content\/uploads\/2021\/08\/DSC_7843-684x1000.jpg 684w, https:\/\/takbrzmimiasto.pl\/wp-content\/uploads\/2021\/08\/DSC_7843-240x350.jpg 240w, https:\/\/takbrzmimiasto.pl\/wp-content\/uploads\/2021\/08\/DSC_7843-768x1122.jpg 768w, https:\/\/takbrzmimiasto.pl\/wp-content\/uploads\/2021\/08\/DSC_7843-1051x1536.jpg 1051w, https:\/\/takbrzmimiasto.pl\/wp-content\/uploads\/2021\/08\/DSC_7843-1402x2048.jpg 1402w, https:\/\/takbrzmimiasto.pl\/wp-content\/uploads\/2021\/08\/DSC_7843-scaled.jpg 1752w\" sizes=\"(max-width: 547px) 100vw, 547px\" \/><img loading=\"lazy\" decoding=\"async\" class=\"alignleft wp-image-4741 size-large\" src=\"https:\/\/takbrzmimiasto.pl\/wp-content\/uploads\/2021\/08\/P8150007-800x549.jpg\" alt=\"\" width=\"800\" height=\"549\" data-wp-pid=\"4741\" srcset=\"https:\/\/takbrzmimiasto.pl\/wp-content\/uploads\/2021\/08\/P8150007-800x549.jpg 800w, https:\/\/takbrzmimiasto.pl\/wp-content\/uploads\/2021\/08\/P8150007-1000x686.jpg 1000w, https:\/\/takbrzmimiasto.pl\/wp-content\/uploads\/2021\/08\/P8150007-350x240.jpg 350w, https:\/\/takbrzmimiasto.pl\/wp-content\/uploads\/2021\/08\/P8150007-768x527.jpg 768w, https:\/\/takbrzmimiasto.pl\/wp-content\/uploads\/2021\/08\/P8150007-1536x1054.jpg 1536w, https:\/\/takbrzmimiasto.pl\/wp-content\/uploads\/2021\/08\/P8150007-2048x1405.jpg 2048w\" sizes=\"(max-width: 800px) 100vw, 800px\" \/> \u00a0<img loading=\"lazy\" decoding=\"async\" class=\"alignleft wp-image-4757 size-large\" src=\"https:\/\/takbrzmimiasto.pl\/wp-content\/uploads\/2021\/08\/P8150032-609x800.jpg\" alt=\"\" width=\"609\" height=\"800\" data-wp-pid=\"4757\" srcset=\"https:\/\/takbrzmimiasto.pl\/wp-content\/uploads\/2021\/08\/P8150032-609x800.jpg 609w, https:\/\/takbrzmimiasto.pl\/wp-content\/uploads\/2021\/08\/P8150032-scaled-800x1052.jpg 800w, https:\/\/takbrzmimiasto.pl\/wp-content\/uploads\/2021\/08\/P8150032-761x1000.jpg 761w, https:\/\/takbrzmimiasto.pl\/wp-content\/uploads\/2021\/08\/P8150032-266x350.jpg 266w, https:\/\/takbrzmimiasto.pl\/wp-content\/uploads\/2021\/08\/P8150032-768x1010.jpg 768w, https:\/\/takbrzmimiasto.pl\/wp-content\/uploads\/2021\/08\/P8150032-1168x1536.jpg 1168w, https:\/\/takbrzmimiasto.pl\/wp-content\/uploads\/2021\/08\/P8150032-1558x2048.jpg 1558w, https:\/\/takbrzmimiasto.pl\/wp-content\/uploads\/2021\/08\/P8150032-scaled.jpg 1947w\" sizes=\"(max-width: 609px) 100vw, 609px\" \/><img loading=\"lazy\" decoding=\"async\" class=\"alignleft wp-image-4745 size-large\" src=\"https:\/\/takbrzmimiasto.pl\/wp-content\/uploads\/2021\/08\/P8160020-800x593.jpg\" alt=\"\" width=\"800\" height=\"593\" data-wp-pid=\"4745\" srcset=\"https:\/\/takbrzmimiasto.pl\/wp-content\/uploads\/2021\/08\/P8160020-800x593.jpg 800w, https:\/\/takbrzmimiasto.pl\/wp-content\/uploads\/2021\/08\/P8160020-1000x741.jpg 1000w, https:\/\/takbrzmimiasto.pl\/wp-content\/uploads\/2021\/08\/P8160020-350x259.jpg 350w, https:\/\/takbrzmimiasto.pl\/wp-content\/uploads\/2021\/08\/P8160020-768x569.jpg 768w, https:\/\/takbrzmimiasto.pl\/wp-content\/uploads\/2021\/08\/P8160020-1536x1139.jpg 1536w, https:\/\/takbrzmimiasto.pl\/wp-content\/uploads\/2021\/08\/P8160020-2048x1518.jpg 2048w\" sizes=\"(max-width: 800px) 100vw, 800px\" \/> <img loading=\"lazy\" decoding=\"async\" class=\"alignleft wp-image-4747 size-large\" src=\"https:\/\/takbrzmimiasto.pl\/wp-content\/uploads\/2021\/08\/DSC_7810-800x531.jpg\" alt=\"\" width=\"800\" height=\"531\" data-wp-pid=\"4747\" srcset=\"https:\/\/takbrzmimiasto.pl\/wp-content\/uploads\/2021\/08\/DSC_7810-800x531.jpg 800w, https:\/\/takbrzmimiasto.pl\/wp-content\/uploads\/2021\/08\/DSC_7810-1000x664.jpg 1000w, https:\/\/takbrzmimiasto.pl\/wp-content\/uploads\/2021\/08\/DSC_7810-350x232.jpg 350w, https:\/\/takbrzmimiasto.pl\/wp-content\/uploads\/2021\/08\/DSC_7810-768x510.jpg 768w, https:\/\/takbrzmimiasto.pl\/wp-content\/uploads\/2021\/08\/DSC_7810-1536x1020.jpg 1536w, https:\/\/takbrzmimiasto.pl\/wp-content\/uploads\/2021\/08\/DSC_7810-2048x1360.jpg 2048w\" sizes=\"(max-width: 800px) 100vw, 800px\" \/> <img loading=\"lazy\" decoding=\"async\" class=\"alignnone wp-image-4749 size-large\" src=\"https:\/\/takbrzmimiasto.pl\/wp-content\/uploads\/2021\/08\/DSC_7786-800x531.jpg\" alt=\"\" width=\"800\" height=\"531\" data-wp-pid=\"4749\" srcset=\"https:\/\/takbrzmimiasto.pl\/wp-content\/uploads\/2021\/08\/DSC_7786-800x531.jpg 800w, https:\/\/takbrzmimiasto.pl\/wp-content\/uploads\/2021\/08\/DSC_7786-1000x664.jpg 1000w, https:\/\/takbrzmimiasto.pl\/wp-content\/uploads\/2021\/08\/DSC_7786-350x232.jpg 350w, https:\/\/takbrzmimiasto.pl\/wp-content\/uploads\/2021\/08\/DSC_7786-768x510.jpg 768w, https:\/\/takbrzmimiasto.pl\/wp-content\/uploads\/2021\/08\/DSC_7786-1536x1020.jpg 1536w, https:\/\/takbrzmimiasto.pl\/wp-content\/uploads\/2021\/08\/DSC_7786-2048x1360.jpg 2048w\" sizes=\"(max-width: 800px) 100vw, 800px\" \/> <img loading=\"lazy\" decoding=\"async\" class=\"alignleft wp-image-4755 size-large\" src=\"https:\/\/takbrzmimiasto.pl\/wp-content\/uploads\/2021\/08\/P8150045-800x563.jpg\" alt=\"\" width=\"800\" height=\"563\" data-wp-pid=\"4755\" srcset=\"https:\/\/takbrzmimiasto.pl\/wp-content\/uploads\/2021\/08\/P8150045-800x563.jpg 800w, https:\/\/takbrzmimiasto.pl\/wp-content\/uploads\/2021\/08\/P8150045-1000x704.jpg 1000w, https:\/\/takbrzmimiasto.pl\/wp-content\/uploads\/2021\/08\/P8150045-350x246.jpg 350w, https:\/\/takbrzmimiasto.pl\/wp-content\/uploads\/2021\/08\/P8150045-768x541.jpg 768w, https:\/\/takbrzmimiasto.pl\/wp-content\/uploads\/2021\/08\/P8150045-1536x1082.jpg 1536w, https:\/\/takbrzmimiasto.pl\/wp-content\/uploads\/2021\/08\/P8150045-2048x1442.jpg 2048w\" sizes=\"(max-width: 800px) 100vw, 800px\" \/> <img loading=\"lazy\" decoding=\"async\" class=\"alignleft wp-image-4763 size-large\" src=\"https:\/\/takbrzmimiasto.pl\/wp-content\/uploads\/2021\/08\/DSC_7620-800x531.jpg\" alt=\"\" width=\"800\" height=\"531\" data-wp-pid=\"4763\" srcset=\"https:\/\/takbrzmimiasto.pl\/wp-content\/uploads\/2021\/08\/DSC_7620-800x531.jpg 800w, https:\/\/takbrzmimiasto.pl\/wp-content\/uploads\/2021\/08\/DSC_7620-1000x664.jpg 1000w, https:\/\/takbrzmimiasto.pl\/wp-content\/uploads\/2021\/08\/DSC_7620-350x233.jpg 350w, https:\/\/takbrzmimiasto.pl\/wp-content\/uploads\/2021\/08\/DSC_7620-768x510.jpg 768w, https:\/\/takbrzmimiasto.pl\/wp-content\/uploads\/2021\/08\/DSC_7620-1536x1020.jpg 1536w, https:\/\/takbrzmimiasto.pl\/wp-content\/uploads\/2021\/08\/DSC_7620-2048x1360.jpg 2048w\" sizes=\"(max-width: 800px) 100vw, 800px\" \/> <img loading=\"lazy\" decoding=\"async\" class=\"alignright wp-image-4759 size-large\" src=\"https:\/\/takbrzmimiasto.pl\/wp-content\/uploads\/2021\/08\/P8140008-800x549.jpg\" alt=\"\" width=\"800\" height=\"549\" data-wp-pid=\"4759\" srcset=\"https:\/\/takbrzmimiasto.pl\/wp-content\/uploads\/2021\/08\/P8140008-800x549.jpg 800w, https:\/\/takbrzmimiasto.pl\/wp-content\/uploads\/2021\/08\/P8140008-1000x687.jpg 1000w, https:\/\/takbrzmimiasto.pl\/wp-content\/uploads\/2021\/08\/P8140008-350x240.jpg 350w, https:\/\/takbrzmimiasto.pl\/wp-content\/uploads\/2021\/08\/P8140008-768x527.jpg 768w, https:\/\/takbrzmimiasto.pl\/wp-content\/uploads\/2021\/08\/P8140008-1536x1055.jpg 1536w, https:\/\/takbrzmimiasto.pl\/wp-content\/uploads\/2021\/08\/P8140008-2048x1406.jpg 2048w\" sizes=\"(max-width: 800px) 100vw, 800px\" \/><img loading=\"lazy\" decoding=\"async\" class=\"alignleft wp-image-4761 size-large\" src=\"https:\/\/takbrzmimiasto.pl\/wp-content\/uploads\/2021\/08\/DSC_7652-800x531.jpg\" alt=\"\" width=\"800\" height=\"531\" data-wp-pid=\"4761\" srcset=\"https:\/\/takbrzmimiasto.pl\/wp-content\/uploads\/2021\/08\/DSC_7652-800x531.jpg 800w, https:\/\/takbrzmimiasto.pl\/wp-content\/uploads\/2021\/08\/DSC_7652-1000x664.jpg 1000w, https:\/\/takbrzmimiasto.pl\/wp-content\/uploads\/2021\/08\/DSC_7652-350x232.jpg 350w, https:\/\/takbrzmimiasto.pl\/wp-content\/uploads\/2021\/08\/DSC_7652-768x510.jpg 768w, https:\/\/takbrzmimiasto.pl\/wp-content\/uploads\/2021\/08\/DSC_7652-1536x1020.jpg 1536w, https:\/\/takbrzmimiasto.pl\/wp-content\/uploads\/2021\/08\/DSC_7652-2048x1360.jpg 2048w\" sizes=\"(max-width: 800px) 100vw, 800px\" \/><img loading=\"lazy\" decoding=\"async\" class=\"alignleft wp-image-4765 size-large\" src=\"https:\/\/takbrzmimiasto.pl\/wp-content\/uploads\/2021\/08\/DSC_7616-800x531.jpg\" alt=\"\" width=\"800\" height=\"531\" data-wp-pid=\"4765\" srcset=\"https:\/\/takbrzmimiasto.pl\/wp-content\/uploads\/2021\/08\/DSC_7616-800x531.jpg 800w, https:\/\/takbrzmimiasto.pl\/wp-content\/uploads\/2021\/08\/DSC_7616-1000x664.jpg 1000w, https:\/\/takbrzmimiasto.pl\/wp-content\/uploads\/2021\/08\/DSC_7616-350x232.jpg 350w, https:\/\/takbrzmimiasto.pl\/wp-content\/uploads\/2021\/08\/DSC_7616-768x510.jpg 768w, https:\/\/takbrzmimiasto.pl\/wp-content\/uploads\/2021\/08\/DSC_7616-1536x1020.jpg 1536w, https:\/\/takbrzmimiasto.pl\/wp-content\/uploads\/2021\/08\/DSC_7616-2048x1360.jpg 2048w\" sizes=\"(max-width: 800px) 100vw, 800px\" \/><\/p>\n","protected":false},"excerpt":{"rendered":"<p>30 Inkubatorowicz\u00f3w i Inkubatorowiczek, 30 wschodz\u0105cych muzyk\u00f3w i profesjonalizuj\u0105cych si\u0119 artystek bierze udzia\u0142 Summercampie. To letnia ods\u0142ona trwaj\u0105cego od marca Inkubatora \u2013 najwi\u0119kszego w Polsce programu rozwoju dla muzyk\u00f3w i mened\u017cer\u00f3w. Za nami p\u00f3\u0142metek. Jeste\u015bmy w \u015brodku kilkudziesi\u0119ciu aktywno\u015bci: wyk\u0142ad\u00f3w dla wszystkich uczestnik\u00f3w, warsztat\u00f3w w grupach, zada\u0144 odbywaj\u0105cych si\u0119 w parach, indywidualnych konsultacji, wieczornych jam [&hellip;]<\/p>\n","protected":false},"author":60,"featured_media":4704,"comment_status":"open","ping_status":"open","sticky":false,"template":"","format":"standard","meta":{"inline_featured_image":false,"footnotes":""},"categories":[308],"tags":[],"class_list":["post-4738","post","type-post","status-publish","format-standard","has-post-thumbnail","hentry","category-aktualnosci"],"acf":[],"yoast_head":"<!-- This site is optimized with the Yoast SEO plugin v19.7.1 - https:\/\/yoast.com\/wordpress\/plugins\/seo\/ -->\n<title>Summercamp \u2013 letnia szko\u0142a Tak Brzmi Miasto dla profesjonalizuj\u0105cych si\u0119 muzyk\u00f3w - Tak Brzmi Miasto<\/title>\n<meta name=\"robots\" content=\"index, follow, max-snippet:-1, max-image-preview:large, max-video-preview:-1\" \/>\n<link rel=\"canonical\" href=\"https:\/\/takbrzmimiasto.pl\/en\/summercamp-letnia-szkola-tak-brzmi-miasto-dla-profesjonalizujacych-sie-muzykow\/\" \/>\n<meta property=\"og:locale\" content=\"en_US\" \/>\n<meta property=\"og:type\" content=\"article\" \/>\n<meta property=\"og:title\" content=\"Summercamp \u2013 letnia szko\u0142a Tak Brzmi Miasto dla profesjonalizuj\u0105cych si\u0119 muzyk\u00f3w - Tak Brzmi Miasto\" \/>\n<meta property=\"og:description\" content=\"30 Inkubatorowicz\u00f3w i Inkubatorowiczek, 30 wschodz\u0105cych muzyk\u00f3w i profesjonalizuj\u0105cych si\u0119 artystek bierze udzia\u0142 Summercampie. To letnia ods\u0142ona trwaj\u0105cego od marca Inkubatora \u2013 najwi\u0119kszego w Polsce programu rozwoju dla muzyk\u00f3w i mened\u017cer\u00f3w. Za nami p\u00f3\u0142metek. Jeste\u015bmy w \u015brodku kilkudziesi\u0119ciu aktywno\u015bci: wyk\u0142ad\u00f3w dla wszystkich uczestnik\u00f3w, warsztat\u00f3w w grupach, zada\u0144 odbywaj\u0105cych si\u0119 w parach, indywidualnych konsultacji, wieczornych jam [&hellip;]\" \/>\n<meta property=\"og:url\" content=\"https:\/\/takbrzmimiasto.pl\/en\/summercamp-letnia-szkola-tak-brzmi-miasto-dla-profesjonalizujacych-sie-muzykow\/\" \/>\n<meta property=\"og:site_name\" content=\"Tak Brzmi Miasto\" \/>\n<meta property=\"article:published_time\" content=\"2021-08-18T15:27:54+00:00\" \/>\n<meta property=\"article:modified_time\" content=\"2022-04-15T10:19:10+00:00\" \/>\n<meta property=\"og:image\" content=\"https:\/\/takbrzmimiasto.pl\/wp-content\/uploads\/2021\/08\/hd28.jpg\" \/>\n\t<meta property=\"og:image:width\" content=\"1920\" \/>\n\t<meta property=\"og:image:height\" content=\"1080\" \/>\n\t<meta property=\"og:image:type\" content=\"image\/jpeg\" \/>\n<meta name=\"author\" content=\"Ewelina Krawczyk\" \/>\n<meta name=\"twitter:card\" content=\"summary_large_image\" \/>\n<meta name=\"twitter:label1\" content=\"Written by\" \/>\n\t<meta name=\"twitter:data1\" content=\"Ewelina Krawczyk\" \/>\n\t<meta name=\"twitter:label2\" content=\"Est. reading time\" \/>\n\t<meta name=\"twitter:data2\" content=\"1 minute\" \/>\n<script type=\"application\/ld+json\" class=\"yoast-schema-graph\">{\"@context\":\"https:\/\/schema.org\",\"@graph\":[{\"@type\":\"Article\",\"@id\":\"https:\/\/takbrzmimiasto.pl\/en\/summercamp-letnia-szkola-tak-brzmi-miasto-dla-profesjonalizujacych-sie-muzykow\/#article\",\"isPartOf\":{\"@id\":\"https:\/\/takbrzmimiasto.pl\/en\/summercamp-letnia-szkola-tak-brzmi-miasto-dla-profesjonalizujacych-sie-muzykow\/\"},\"author\":{\"name\":\"Ewelina Krawczyk\",\"@id\":\"https:\/\/takbrzmimiasto.pl\/#\/schema\/person\/1c946f5380dc2c5faa442dcd9665f577\"},\"headline\":\"Summercamp \u2013 letnia szko\u0142a Tak Brzmi Miasto dla profesjonalizuj\u0105cych si\u0119 muzyk\u00f3w\",\"datePublished\":\"2021-08-18T15:27:54+00:00\",\"dateModified\":\"2022-04-15T10:19:10+00:00\",\"mainEntityOfPage\":{\"@id\":\"https:\/\/takbrzmimiasto.pl\/en\/summercamp-letnia-szkola-tak-brzmi-miasto-dla-profesjonalizujacych-sie-muzykow\/\"},\"wordCount\":241,\"commentCount\":0,\"publisher\":{\"@id\":\"https:\/\/takbrzmimiasto.pl\/#organization\"},\"articleSection\":[\"Aktualno\u015bci\"],\"inLanguage\":\"en-US\",\"potentialAction\":[{\"@type\":\"CommentAction\",\"name\":\"Comment\",\"target\":[\"https:\/\/takbrzmimiasto.pl\/en\/summercamp-letnia-szkola-tak-brzmi-miasto-dla-profesjonalizujacych-sie-muzykow\/#respond\"]}]},{\"@type\":\"WebPage\",\"@id\":\"https:\/\/takbrzmimiasto.pl\/en\/summercamp-letnia-szkola-tak-brzmi-miasto-dla-profesjonalizujacych-sie-muzykow\/\",\"url\":\"https:\/\/takbrzmimiasto.pl\/en\/summercamp-letnia-szkola-tak-brzmi-miasto-dla-profesjonalizujacych-sie-muzykow\/\",\"name\":\"Summercamp \u2013 letnia szko\u0142a Tak Brzmi Miasto dla profesjonalizuj\u0105cych si\u0119 muzyk\u00f3w - Tak Brzmi Miasto\",\"isPartOf\":{\"@id\":\"https:\/\/takbrzmimiasto.pl\/#website\"},\"datePublished\":\"2021-08-18T15:27:54+00:00\",\"dateModified\":\"2022-04-15T10:19:10+00:00\",\"breadcrumb\":{\"@id\":\"https:\/\/takbrzmimiasto.pl\/en\/summercamp-letnia-szkola-tak-brzmi-miasto-dla-profesjonalizujacych-sie-muzykow\/#breadcrumb\"},\"inLanguage\":\"en-US\",\"potentialAction\":[{\"@type\":\"ReadAction\",\"target\":[\"https:\/\/takbrzmimiasto.pl\/en\/summercamp-letnia-szkola-tak-brzmi-miasto-dla-profesjonalizujacych-sie-muzykow\/\"]}]},{\"@type\":\"BreadcrumbList\",\"@id\":\"https:\/\/takbrzmimiasto.pl\/en\/summercamp-letnia-szkola-tak-brzmi-miasto-dla-profesjonalizujacych-sie-muzykow\/#breadcrumb\",\"itemListElement\":[{\"@type\":\"ListItem\",\"position\":1,\"name\":\"Strona g\u0142\u00f3wna\",\"item\":\"https:\/\/takbrzmimiasto.pl\/en\/\"},{\"@type\":\"ListItem\",\"position\":2,\"name\":\"Summercamp \u2013 letnia szko\u0142a Tak Brzmi Miasto dla profesjonalizuj\u0105cych si\u0119 muzyk\u00f3w\"}]},{\"@type\":\"WebSite\",\"@id\":\"https:\/\/takbrzmimiasto.pl\/#website\",\"url\":\"https:\/\/takbrzmimiasto.pl\/\",\"name\":\"Tak Brzmi Miasto\",\"description\":\"Tak Brzmi Miasto to konferencja, festiwal, inkubator dla mened\u017cer\u00f3w i akademia\",\"publisher\":{\"@id\":\"https:\/\/takbrzmimiasto.pl\/#organization\"},\"potentialAction\":[{\"@type\":\"SearchAction\",\"target\":{\"@type\":\"EntryPoint\",\"urlTemplate\":\"https:\/\/takbrzmimiasto.pl\/?s={search_term_string}\"},\"query-input\":\"required name=search_term_string\"}],\"inLanguage\":\"en-US\"},{\"@type\":\"Organization\",\"@id\":\"https:\/\/takbrzmimiasto.pl\/#organization\",\"name\":\"Tak Brzmi Miasto\",\"url\":\"https:\/\/takbrzmimiasto.pl\/\",\"sameAs\":[],\"logo\":{\"@type\":\"ImageObject\",\"inLanguage\":\"en-US\",\"@id\":\"https:\/\/takbrzmimiasto.pl\/#\/schema\/logo\/image\/\",\"url\":\"https:\/\/takbrzmimiasto.pl\/wp-content\/uploads\/2021\/04\/www_miniatura_bezmenu.jpg\",\"contentUrl\":\"https:\/\/takbrzmimiasto.pl\/wp-content\/uploads\/2021\/04\/www_miniatura_bezmenu.jpg\",\"width\":1920,\"height\":1080,\"caption\":\"Tak Brzmi Miasto\"},\"image\":{\"@id\":\"https:\/\/takbrzmimiasto.pl\/#\/schema\/logo\/image\/\"}},{\"@type\":\"Person\",\"@id\":\"https:\/\/takbrzmimiasto.pl\/#\/schema\/person\/1c946f5380dc2c5faa442dcd9665f577\",\"name\":\"Ewelina Krawczyk\",\"image\":{\"@type\":\"ImageObject\",\"inLanguage\":\"en-US\",\"@id\":\"https:\/\/takbrzmimiasto.pl\/#\/schema\/person\/image\/\",\"url\":\"https:\/\/secure.gravatar.com\/avatar\/03e1748f22765fb67ad17a1be9f9214e?s=96&d=mm&r=g\",\"contentUrl\":\"https:\/\/secure.gravatar.com\/avatar\/03e1748f22765fb67ad17a1be9f9214e?s=96&d=mm&r=g\",\"caption\":\"Ewelina Krawczyk\"},\"description\":\"Organizatorka, promotorka i mened\u017cerka kultury. Dyrektorka Festiwalu Wschody promuj\u0105cego now\u0105 muzyk\u0119 artystyczn\u0105. Dotychczas m.in. specjalistka ds. promocji w Wydawnictwie Znak, dziennikarka w Polska Press, wsp\u00f3\u0142prowadz\u0105ca projekty rekrutacyjne i kreatywne. Z wykszta\u0142cenia psycholo\u017cka, prowadzi\u0142a zaj\u0119cia m.in. z psychologii osobowo\u015bci i tw\u00f3rczo\u015bci. Tworzy swoj\u0105 jednoosobow\u0105 agencj\u0119 kreatywn\u0105, Si\u0119 tworzy - promocyjny pomost mi\u0119dzy tw\u00f3rcami a reszt\u0105 \u015bwiata.\",\"url\":\"https:\/\/takbrzmimiasto.pl\/en\/author\/ewelina-krawczyk\/\"}]}<\/script>\n<!-- \/ Yoast SEO plugin. -->","yoast_head_json":{"title":"Summercamp \u2013 letnia szko\u0142a Tak Brzmi Miasto dla profesjonalizuj\u0105cych si\u0119 muzyk\u00f3w - Tak Brzmi Miasto","robots":{"index":"index","follow":"follow","max-snippet":"max-snippet:-1","max-image-preview":"max-image-preview:large","max-video-preview":"max-video-preview:-1"},"canonical":"https:\/\/takbrzmimiasto.pl\/en\/summercamp-letnia-szkola-tak-brzmi-miasto-dla-profesjonalizujacych-sie-muzykow\/","og_locale":"en_US","og_type":"article","og_title":"Summercamp \u2013 letnia szko\u0142a Tak Brzmi Miasto dla profesjonalizuj\u0105cych si\u0119 muzyk\u00f3w - Tak Brzmi Miasto","og_description":"30 Inkubatorowicz\u00f3w i Inkubatorowiczek, 30 wschodz\u0105cych muzyk\u00f3w i profesjonalizuj\u0105cych si\u0119 artystek bierze udzia\u0142 Summercampie. To letnia ods\u0142ona trwaj\u0105cego od marca Inkubatora \u2013 najwi\u0119kszego w Polsce programu rozwoju dla muzyk\u00f3w i mened\u017cer\u00f3w. Za nami p\u00f3\u0142metek. Jeste\u015bmy w \u015brodku kilkudziesi\u0119ciu aktywno\u015bci: wyk\u0142ad\u00f3w dla wszystkich uczestnik\u00f3w, warsztat\u00f3w w grupach, zada\u0144 odbywaj\u0105cych si\u0119 w parach, indywidualnych konsultacji, wieczornych jam [&hellip;]","og_url":"https:\/\/takbrzmimiasto.pl\/en\/summercamp-letnia-szkola-tak-brzmi-miasto-dla-profesjonalizujacych-sie-muzykow\/","og_site_name":"Tak Brzmi Miasto","article_published_time":"2021-08-18T15:27:54+00:00","article_modified_time":"2022-04-15T10:19:10+00:00","og_image":[{"width":1920,"height":1080,"url":"https:\/\/takbrzmimiasto.pl\/wp-content\/uploads\/2021\/08\/hd28.jpg","type":"image\/jpeg"}],"author":"Ewelina Krawczyk","twitter_card":"summary_large_image","twitter_misc":{"Written by":"Ewelina Krawczyk","Est. reading time":"1 minute"},"schema":{"@context":"https:\/\/schema.org","@graph":[{"@type":"Article","@id":"https:\/\/takbrzmimiasto.pl\/en\/summercamp-letnia-szkola-tak-brzmi-miasto-dla-profesjonalizujacych-sie-muzykow\/#article","isPartOf":{"@id":"https:\/\/takbrzmimiasto.pl\/en\/summercamp-letnia-szkola-tak-brzmi-miasto-dla-profesjonalizujacych-sie-muzykow\/"},"author":{"name":"Ewelina Krawczyk","@id":"https:\/\/takbrzmimiasto.pl\/#\/schema\/person\/1c946f5380dc2c5faa442dcd9665f577"},"headline":"Summercamp \u2013 letnia szko\u0142a Tak Brzmi Miasto dla profesjonalizuj\u0105cych si\u0119 muzyk\u00f3w","datePublished":"2021-08-18T15:27:54+00:00","dateModified":"2022-04-15T10:19:10+00:00","mainEntityOfPage":{"@id":"https:\/\/takbrzmimiasto.pl\/en\/summercamp-letnia-szkola-tak-brzmi-miasto-dla-profesjonalizujacych-sie-muzykow\/"},"wordCount":241,"commentCount":0,"publisher":{"@id":"https:\/\/takbrzmimiasto.pl\/#organization"},"articleSection":["Aktualno\u015bci"],"inLanguage":"en-US","potentialAction":[{"@type":"CommentAction","name":"Comment","target":["https:\/\/takbrzmimiasto.pl\/en\/summercamp-letnia-szkola-tak-brzmi-miasto-dla-profesjonalizujacych-sie-muzykow\/#respond"]}]},{"@type":"WebPage","@id":"https:\/\/takbrzmimiasto.pl\/en\/summercamp-letnia-szkola-tak-brzmi-miasto-dla-profesjonalizujacych-sie-muzykow\/","url":"https:\/\/takbrzmimiasto.pl\/en\/summercamp-letnia-szkola-tak-brzmi-miasto-dla-profesjonalizujacych-sie-muzykow\/","name":"Summercamp \u2013 letnia szko\u0142a Tak Brzmi Miasto dla profesjonalizuj\u0105cych si\u0119 muzyk\u00f3w - Tak Brzmi Miasto","isPartOf":{"@id":"https:\/\/takbrzmimiasto.pl\/#website"},"datePublished":"2021-08-18T15:27:54+00:00","dateModified":"2022-04-15T10:19:10+00:00","breadcrumb":{"@id":"https:\/\/takbrzmimiasto.pl\/en\/summercamp-letnia-szkola-tak-brzmi-miasto-dla-profesjonalizujacych-sie-muzykow\/#breadcrumb"},"inLanguage":"en-US","potentialAction":[{"@type":"ReadAction","target":["https:\/\/takbrzmimiasto.pl\/en\/summercamp-letnia-szkola-tak-brzmi-miasto-dla-profesjonalizujacych-sie-muzykow\/"]}]},{"@type":"BreadcrumbList","@id":"https:\/\/takbrzmimiasto.pl\/en\/summercamp-letnia-szkola-tak-brzmi-miasto-dla-profesjonalizujacych-sie-muzykow\/#breadcrumb","itemListElement":[{"@type":"ListItem","position":1,"name":"Strona g\u0142\u00f3wna","item":"https:\/\/takbrzmimiasto.pl\/en\/"},{"@type":"ListItem","position":2,"name":"Summercamp \u2013 letnia szko\u0142a Tak Brzmi Miasto dla profesjonalizuj\u0105cych si\u0119 muzyk\u00f3w"}]},{"@type":"WebSite","@id":"https:\/\/takbrzmimiasto.pl\/#website","url":"https:\/\/takbrzmimiasto.pl\/","name":"Tak Brzmi Miasto","description":"Tak Brzmi Miasto to konferencja, festiwal, inkubator dla mened\u017cer\u00f3w i akademia","publisher":{"@id":"https:\/\/takbrzmimiasto.pl\/#organization"},"potentialAction":[{"@type":"SearchAction","target":{"@type":"EntryPoint","urlTemplate":"https:\/\/takbrzmimiasto.pl\/?s={search_term_string}"},"query-input":"required name=search_term_string"}],"inLanguage":"en-US"},{"@type":"Organization","@id":"https:\/\/takbrzmimiasto.pl\/#organization","name":"Tak Brzmi Miasto","url":"https:\/\/takbrzmimiasto.pl\/","sameAs":[],"logo":{"@type":"ImageObject","inLanguage":"en-US","@id":"https:\/\/takbrzmimiasto.pl\/#\/schema\/logo\/image\/","url":"https:\/\/takbrzmimiasto.pl\/wp-content\/uploads\/2021\/04\/www_miniatura_bezmenu.jpg","contentUrl":"https:\/\/takbrzmimiasto.pl\/wp-content\/uploads\/2021\/04\/www_miniatura_bezmenu.jpg","width":1920,"height":1080,"caption":"Tak Brzmi Miasto"},"image":{"@id":"https:\/\/takbrzmimiasto.pl\/#\/schema\/logo\/image\/"}},{"@type":"Person","@id":"https:\/\/takbrzmimiasto.pl\/#\/schema\/person\/1c946f5380dc2c5faa442dcd9665f577","name":"Ewelina Krawczyk","image":{"@type":"ImageObject","inLanguage":"en-US","@id":"https:\/\/takbrzmimiasto.pl\/#\/schema\/person\/image\/","url":"https:\/\/secure.gravatar.com\/avatar\/03e1748f22765fb67ad17a1be9f9214e?s=96&d=mm&r=g","contentUrl":"https:\/\/secure.gravatar.com\/avatar\/03e1748f22765fb67ad17a1be9f9214e?s=96&d=mm&r=g","caption":"Ewelina Krawczyk"},"description":"Organizatorka, promotorka i mened\u017cerka kultury. Dyrektorka Festiwalu Wschody promuj\u0105cego now\u0105 muzyk\u0119 artystyczn\u0105. Dotychczas m.in. specjalistka ds. promocji w Wydawnictwie Znak, dziennikarka w Polska Press, wsp\u00f3\u0142prowadz\u0105ca projekty rekrutacyjne i kreatywne. Z wykszta\u0142cenia psycholo\u017cka, prowadzi\u0142a zaj\u0119cia m.in. z psychologii osobowo\u015bci i tw\u00f3rczo\u015bci. Tworzy swoj\u0105 jednoosobow\u0105 agencj\u0119 kreatywn\u0105, Si\u0119 tworzy - promocyjny pomost mi\u0119dzy tw\u00f3rcami a reszt\u0105 \u015bwiata.","url":"https:\/\/takbrzmimiasto.pl\/en\/author\/ewelina-krawczyk\/"}]}},"_links":{"self":[{"href":"https:\/\/takbrzmimiasto.pl\/en\/wp-json\/wp\/v2\/posts\/4738\/"}],"collection":[{"href":"https:\/\/takbrzmimiasto.pl\/en\/wp-json\/wp\/v2\/posts\/"}],"about":[{"href":"https:\/\/takbrzmimiasto.pl\/en\/wp-json\/wp\/v2\/types\/post\/"}],"author":[{"embeddable":true,"href":"https:\/\/takbrzmimiasto.pl\/en\/wp-json\/wp\/v2\/users\/60\/"}],"replies":[{"embeddable":true,"href":"https:\/\/takbrzmimiasto.pl\/en\/wp-json\/wp\/v2\/comments\/?post=4738"}],"version-history":[{"count":3,"href":"https:\/\/takbrzmimiasto.pl\/en\/wp-json\/wp\/v2\/posts\/4738\/revisions\/"}],"predecessor-version":[{"id":4769,"href":"https:\/\/takbrzmimiasto.pl\/en\/wp-json\/wp\/v2\/posts\/4738\/revisions\/4769\/"}],"wp:featuredmedia":[{"embeddable":true,"href":"https:\/\/takbrzmimiasto.pl\/en\/wp-json\/wp\/v2\/media\/4704\/"}],"wp:attachment":[{"href":"https:\/\/takbrzmimiasto.pl\/en\/wp-json\/wp\/v2\/media\/?parent=4738"}],"wp:term":[{"taxonomy":"category","embeddable":true,"href":"https:\/\/takbrzmimiasto.pl\/en\/wp-json\/wp\/v2\/categories\/?post=4738"},{"taxonomy":"post_tag","embeddable":true,"href":"https:\/\/takbrzmimiasto.pl\/en\/wp-json\/wp\/v2\/tags\/?post=4738"}],"curies":[{"name":"wp","href":"https:\/\/api.w.org\/{rel}","templated":true}]}}