{"id":4801,"date":"2021-09-02T16:58:35","date_gmt":"2021-09-02T14:58:35","guid":{"rendered":"https:\/\/takbrzmimiasto.pl\/?p=4801"},"modified":"2022-09-23T15:45:03","modified_gmt":"2022-09-23T13:45:03","slug":"dzialalnosc-muzyczna-a-prowadzenie-dzialalnosci-gospodarczej-prawo-muzyka","status":"publish","type":"post","link":"https:\/\/takbrzmimiasto.pl\/en\/dzialalnosc-muzyczna-a-prowadzenie-dzialalnosci-gospodarczej-prawo-muzyka\/","title":{"rendered":"Dzia\u0142alno\u015b\u0107 muzyczna a prowadzenie dzia\u0142alno\u015bci gospodarczej [PRAWO MUZYKA]"},"content":{"rendered":"<p><strong>Prowadzenie dzia\u0142alno\u015bci gospodarczej wi\u0105\u017ce si\u0119 z wieloma obowi\u0105zkami. Coraz cz\u0119\u015bciej arty\u015bci i mened\u017cerowie decyduj\u0105 si\u0119 na sformalizowanie swojej dzia\u0142alno\u015bci zawodowej. Czy muzyk lub mened\u017cer maj\u0105 obowi\u0105zek prowadzenia dzia\u0142alno\u015bci gospodarczej?\u00a0<\/strong><\/p>\n<p>Nie ma takiego obowi\u0105zku. Prowadzenie dzia\u0142alno\u015bci artystycznej lub mened\u017cerskiej jest mo\u017cliwe w r\u00f3\u017cnych formach. Opcja za\u0142o\u017cenia dzia\u0142alno\u015bci gospodarczej jest jednak bardzo cz\u0119sto stosowanym wariantem, a nieraz tak\u017ce jedynym w\u0142a\u015bciwym. Warto wi\u0119c zainteresowa\u0107 si\u0119 tym tematem.<\/p>\n<p>Wykonywanie dzia\u0142alno\u015bci mened\u017cerskiej i muzycznej bez\u00a0 rejestracji dzia\u0142alno\u015bci gospodarczej jest mo\u017cliwe, jednak\u017ce prowadzi\u0107 mo\u017ce do straty potencjalnych korzy\u015bci, a w pewnych przypadkach nawet do problem\u00f3w podatkowych.\u00a0 Warto wzi\u0105\u0107 pod uwag\u0119 opcj\u0119 za\u0142o\u017cenia dzia\u0142alno\u015bci gospodarczej ju\u017c na wczesnym etapie. cho\u0107 dla wielu os\u00f3b prowadzenie w\u0142asnej firmy mo\u017ce wydawa\u0107 si\u0119 przera\u017caj\u0105ce, to w praktyce niesie to bardzo wiele korzy\u015bci. Warto wiec, aby osoby prowadz\u0105ce dzia\u0142alno\u015b\u0107 muzyczn\u0105 rozwa\u017cy\u0142y \n    <span id=\"arrow-link-98277a7b\" class=\"d-inline-block\">\n        <a href=\"https:\/\/musicodex.pl\/dzialalnosc-muzyczna-a-prowadzenie-dzialalnosci-gospodarczej\/\" class=\"arrow-link underline\">\n            <span class=\"arrow-link_text\">czytaj dalej na stronie Musicodex<\/span>\n            <span class=\"arrow-link_icon\">\n                <i class=\"fa-solid fa-arrow-right\"><\/i><i class=\"fa-solid fa-arrow-right\"><\/i>\n            <\/span>\n        <\/a>\n    <\/span>\n    .<\/p>\n<p>&nbsp;<\/p>\n<p>Udost\u0119pniamy Ci wiedz\u0119 z zakresu prawa autorskiego i prawa w muzyce dzi\u0119ki wsp\u00f3\u0142pracy z Musicodex.<\/p>\n<p>Dawk\u0119 wiedzy prawniczej dla muzyk\u00f3w znajdziesz tak\u017ce na ich YouTube&#8217;owym kanale \n    <span id=\"arrow-link-3b60cba3\" class=\"d-inline-block\">\n        <a href=\"https:\/\/www.youtube.com\/channel\/UCqShMu4dIDCgU7PcNvhZygw\" class=\"arrow-link underline\">\n            <span class=\"arrow-link_text\">Musicodex prawnicy od muzyki<\/span>\n            <span class=\"arrow-link_icon\">\n                <i class=\"fa-solid fa-arrow-right\"><\/i><i class=\"fa-solid fa-arrow-right\"><\/i>\n            <\/span>\n        <\/a>\n    <\/span>\n    !<\/p>\n","protected":false},"excerpt":{"rendered":"<p>Prowadzenie dzia\u0142alno\u015bci gospodarczej wi\u0105\u017ce si\u0119 z wieloma obowi\u0105zkami. Coraz cz\u0119\u015bciej arty\u015bci i mened\u017cerowie decyduj\u0105 si\u0119 na sformalizowanie swojej dzia\u0142alno\u015bci zawodowej. Czy muzyk lub mened\u017cer maj\u0105 obowi\u0105zek prowadzenia dzia\u0142alno\u015bci gospodarczej?\u00a0 Nie ma takiego obowi\u0105zku. Prowadzenie dzia\u0142alno\u015bci artystycznej lub mened\u017cerskiej jest mo\u017cliwe w r\u00f3\u017cnych formach. Opcja za\u0142o\u017cenia dzia\u0142alno\u015bci gospodarczej jest jednak bardzo cz\u0119sto stosowanym wariantem, a nieraz [&hellip;]<\/p>\n","protected":false},"author":68,"featured_media":4802,"comment_status":"open","ping_status":"open","sticky":false,"template":"","format":"standard","meta":{"inline_featured_image":false,"footnotes":""},"categories":[101],"tags":[],"class_list":["post-4801","post","type-post","status-publish","format-standard","has-post-thumbnail","hentry","category-prawo-muzyka"],"acf":[],"yoast_head":"<!-- This site is optimized with the Yoast SEO plugin v19.7.1 - https:\/\/yoast.com\/wordpress\/plugins\/seo\/ -->\n<title>Dzia\u0142alno\u015b\u0107 muzyczna a prowadzenie dzia\u0142alno\u015bci gospodarczej [PRAWO MUZYKA] - Tak Brzmi Miasto<\/title>\n<meta name=\"robots\" content=\"index, follow, max-snippet:-1, max-image-preview:large, max-video-preview:-1\" \/>\n<link rel=\"canonical\" href=\"https:\/\/takbrzmimiasto.pl\/en\/dzialalnosc-muzyczna-a-prowadzenie-dzialalnosci-gospodarczej-prawo-muzyka\/\" \/>\n<meta property=\"og:locale\" content=\"en_US\" \/>\n<meta property=\"og:type\" content=\"article\" \/>\n<meta property=\"og:title\" content=\"Dzia\u0142alno\u015b\u0107 muzyczna a prowadzenie dzia\u0142alno\u015bci gospodarczej [PRAWO MUZYKA] - Tak Brzmi Miasto\" \/>\n<meta property=\"og:description\" content=\"Prowadzenie dzia\u0142alno\u015bci gospodarczej wi\u0105\u017ce si\u0119 z wieloma obowi\u0105zkami. Coraz cz\u0119\u015bciej arty\u015bci i mened\u017cerowie decyduj\u0105 si\u0119 na sformalizowanie swojej dzia\u0142alno\u015bci zawodowej. Czy muzyk lub mened\u017cer maj\u0105 obowi\u0105zek prowadzenia dzia\u0142alno\u015bci gospodarczej?\u00a0 Nie ma takiego obowi\u0105zku. Prowadzenie dzia\u0142alno\u015bci artystycznej lub mened\u017cerskiej jest mo\u017cliwe w r\u00f3\u017cnych formach. Opcja za\u0142o\u017cenia dzia\u0142alno\u015bci gospodarczej jest jednak bardzo cz\u0119sto stosowanym wariantem, a nieraz [&hellip;]\" \/>\n<meta property=\"og:url\" content=\"https:\/\/takbrzmimiasto.pl\/en\/dzialalnosc-muzyczna-a-prowadzenie-dzialalnosci-gospodarczej-prawo-muzyka\/\" \/>\n<meta property=\"og:site_name\" content=\"Tak Brzmi Miasto\" \/>\n<meta property=\"article:published_time\" content=\"2021-09-02T14:58:35+00:00\" \/>\n<meta property=\"article:modified_time\" content=\"2022-09-23T13:45:03+00:00\" \/>\n<meta property=\"og:image\" content=\"https:\/\/takbrzmimiasto.pl\/wp-content\/uploads\/2021\/09\/WWWslider32.jpg\" \/>\n\t<meta property=\"og:image:width\" content=\"1600\" \/>\n\t<meta property=\"og:image:height\" content=\"1200\" \/>\n\t<meta property=\"og:image:type\" content=\"image\/jpeg\" \/>\n<meta name=\"author\" content=\"Jacek Mi\u0142aszewski\" \/>\n<meta name=\"twitter:card\" content=\"summary_large_image\" \/>\n<meta name=\"twitter:label1\" content=\"Written by\" \/>\n\t<meta name=\"twitter:data1\" content=\"Jacek Mi\u0142aszewski\" \/>\n\t<meta name=\"twitter:label2\" content=\"Est. reading time\" \/>\n\t<meta name=\"twitter:data2\" content=\"1 minute\" \/>\n<script type=\"application\/ld+json\" class=\"yoast-schema-graph\">{\"@context\":\"https:\/\/schema.org\",\"@graph\":[{\"@type\":\"Article\",\"@id\":\"https:\/\/takbrzmimiasto.pl\/en\/dzialalnosc-muzyczna-a-prowadzenie-dzialalnosci-gospodarczej-prawo-muzyka\/#article\",\"isPartOf\":{\"@id\":\"https:\/\/takbrzmimiasto.pl\/en\/dzialalnosc-muzyczna-a-prowadzenie-dzialalnosci-gospodarczej-prawo-muzyka\/\"},\"author\":{\"name\":\"Jacek Mi\u0142aszewski\",\"@id\":\"https:\/\/takbrzmimiasto.pl\/#\/schema\/person\/d1cf3dea1eeccf237d7cef6482732aa3\"},\"headline\":\"Dzia\u0142alno\u015b\u0107 muzyczna a prowadzenie dzia\u0142alno\u015bci gospodarczej [PRAWO MUZYKA]\",\"datePublished\":\"2021-09-02T14:58:35+00:00\",\"dateModified\":\"2022-09-23T13:45:03+00:00\",\"mainEntityOfPage\":{\"@id\":\"https:\/\/takbrzmimiasto.pl\/en\/dzialalnosc-muzyczna-a-prowadzenie-dzialalnosci-gospodarczej-prawo-muzyka\/\"},\"wordCount\":251,\"commentCount\":0,\"publisher\":{\"@id\":\"https:\/\/takbrzmimiasto.pl\/#organization\"},\"articleSection\":[\"Prawo Muzyka\"],\"inLanguage\":\"en-US\",\"potentialAction\":[{\"@type\":\"CommentAction\",\"name\":\"Comment\",\"target\":[\"https:\/\/takbrzmimiasto.pl\/en\/dzialalnosc-muzyczna-a-prowadzenie-dzialalnosci-gospodarczej-prawo-muzyka\/#respond\"]}]},{\"@type\":\"WebPage\",\"@id\":\"https:\/\/takbrzmimiasto.pl\/en\/dzialalnosc-muzyczna-a-prowadzenie-dzialalnosci-gospodarczej-prawo-muzyka\/\",\"url\":\"https:\/\/takbrzmimiasto.pl\/en\/dzialalnosc-muzyczna-a-prowadzenie-dzialalnosci-gospodarczej-prawo-muzyka\/\",\"name\":\"Dzia\u0142alno\u015b\u0107 muzyczna a prowadzenie dzia\u0142alno\u015bci gospodarczej [PRAWO MUZYKA] - Tak Brzmi Miasto\",\"isPartOf\":{\"@id\":\"https:\/\/takbrzmimiasto.pl\/#website\"},\"datePublished\":\"2021-09-02T14:58:35+00:00\",\"dateModified\":\"2022-09-23T13:45:03+00:00\",\"breadcrumb\":{\"@id\":\"https:\/\/takbrzmimiasto.pl\/en\/dzialalnosc-muzyczna-a-prowadzenie-dzialalnosci-gospodarczej-prawo-muzyka\/#breadcrumb\"},\"inLanguage\":\"en-US\",\"potentialAction\":[{\"@type\":\"ReadAction\",\"target\":[\"https:\/\/takbrzmimiasto.pl\/en\/dzialalnosc-muzyczna-a-prowadzenie-dzialalnosci-gospodarczej-prawo-muzyka\/\"]}]},{\"@type\":\"BreadcrumbList\",\"@id\":\"https:\/\/takbrzmimiasto.pl\/en\/dzialalnosc-muzyczna-a-prowadzenie-dzialalnosci-gospodarczej-prawo-muzyka\/#breadcrumb\",\"itemListElement\":[{\"@type\":\"ListItem\",\"position\":1,\"name\":\"Strona g\u0142\u00f3wna\",\"item\":\"https:\/\/takbrzmimiasto.pl\/en\/\"},{\"@type\":\"ListItem\",\"position\":2,\"name\":\"Dzia\u0142alno\u015b\u0107 muzyczna a prowadzenie dzia\u0142alno\u015bci gospodarczej [PRAWO MUZYKA]\"}]},{\"@type\":\"WebSite\",\"@id\":\"https:\/\/takbrzmimiasto.pl\/#website\",\"url\":\"https:\/\/takbrzmimiasto.pl\/\",\"name\":\"Tak Brzmi Miasto\",\"description\":\"Tak Brzmi Miasto to konferencja, festiwal, inkubator dla mened\u017cer\u00f3w i akademia\",\"publisher\":{\"@id\":\"https:\/\/takbrzmimiasto.pl\/#organization\"},\"potentialAction\":[{\"@type\":\"SearchAction\",\"target\":{\"@type\":\"EntryPoint\",\"urlTemplate\":\"https:\/\/takbrzmimiasto.pl\/?s={search_term_string}\"},\"query-input\":\"required name=search_term_string\"}],\"inLanguage\":\"en-US\"},{\"@type\":\"Organization\",\"@id\":\"https:\/\/takbrzmimiasto.pl\/#organization\",\"name\":\"Tak Brzmi Miasto\",\"url\":\"https:\/\/takbrzmimiasto.pl\/\",\"sameAs\":[],\"logo\":{\"@type\":\"ImageObject\",\"inLanguage\":\"en-US\",\"@id\":\"https:\/\/takbrzmimiasto.pl\/#\/schema\/logo\/image\/\",\"url\":\"https:\/\/takbrzmimiasto.pl\/wp-content\/uploads\/2021\/04\/www_miniatura_bezmenu.jpg\",\"contentUrl\":\"https:\/\/takbrzmimiasto.pl\/wp-content\/uploads\/2021\/04\/www_miniatura_bezmenu.jpg\",\"width\":1920,\"height\":1080,\"caption\":\"Tak Brzmi Miasto\"},\"image\":{\"@id\":\"https:\/\/takbrzmimiasto.pl\/#\/schema\/logo\/image\/\"}},{\"@type\":\"Person\",\"@id\":\"https:\/\/takbrzmimiasto.pl\/#\/schema\/person\/d1cf3dea1eeccf237d7cef6482732aa3\",\"name\":\"Jacek Mi\u0142aszewski\",\"image\":{\"@type\":\"ImageObject\",\"inLanguage\":\"en-US\",\"@id\":\"https:\/\/takbrzmimiasto.pl\/#\/schema\/person\/image\/\",\"url\":\"https:\/\/secure.gravatar.com\/avatar\/5b0aa8f476b14f612082bf22d1c41e32?s=96&d=mm&r=g\",\"contentUrl\":\"https:\/\/secure.gravatar.com\/avatar\/5b0aa8f476b14f612082bf22d1c41e32?s=96&d=mm&r=g\",\"caption\":\"Jacek Mi\u0142aszewski\"},\"description\":\"Marcin Bara\u0144ski i Jacek Mi\u0142aszewski tworz\u0105 wsp\u00f3lnie Musicodex. S\u0105 prawnikami specjalizuj\u0105cymi si\u0119 w prawie muzyki i prawie autorskim. Wsp\u00f3\u0142pracuj\u0105 z artystami, producentami, organizatorami koncert\u00f3w i mened\u017cerami, \u015bwiadcz\u0105c kompleksowe us\u0142ugi z zakresu doradztwa, obs\u0142ugi prawnej oraz szkole\u0144 dla przedstawicieli bran\u017cy muzycznej. Prawo muzyki i prawo autorskie to ich pasja.\",\"sameAs\":[\"http:\/\/musicodex.pl\"],\"url\":\"https:\/\/takbrzmimiasto.pl\/en\/author\/musicodex\/\"}]}<\/script>\n<!-- \/ Yoast SEO plugin. -->","yoast_head_json":{"title":"Dzia\u0142alno\u015b\u0107 muzyczna a prowadzenie dzia\u0142alno\u015bci gospodarczej [PRAWO MUZYKA] - Tak Brzmi Miasto","robots":{"index":"index","follow":"follow","max-snippet":"max-snippet:-1","max-image-preview":"max-image-preview:large","max-video-preview":"max-video-preview:-1"},"canonical":"https:\/\/takbrzmimiasto.pl\/en\/dzialalnosc-muzyczna-a-prowadzenie-dzialalnosci-gospodarczej-prawo-muzyka\/","og_locale":"en_US","og_type":"article","og_title":"Dzia\u0142alno\u015b\u0107 muzyczna a prowadzenie dzia\u0142alno\u015bci gospodarczej [PRAWO MUZYKA] - Tak Brzmi Miasto","og_description":"Prowadzenie dzia\u0142alno\u015bci gospodarczej wi\u0105\u017ce si\u0119 z wieloma obowi\u0105zkami. Coraz cz\u0119\u015bciej arty\u015bci i mened\u017cerowie decyduj\u0105 si\u0119 na sformalizowanie swojej dzia\u0142alno\u015bci zawodowej. Czy muzyk lub mened\u017cer maj\u0105 obowi\u0105zek prowadzenia dzia\u0142alno\u015bci gospodarczej?\u00a0 Nie ma takiego obowi\u0105zku. Prowadzenie dzia\u0142alno\u015bci artystycznej lub mened\u017cerskiej jest mo\u017cliwe w r\u00f3\u017cnych formach. Opcja za\u0142o\u017cenia dzia\u0142alno\u015bci gospodarczej jest jednak bardzo cz\u0119sto stosowanym wariantem, a nieraz [&hellip;]","og_url":"https:\/\/takbrzmimiasto.pl\/en\/dzialalnosc-muzyczna-a-prowadzenie-dzialalnosci-gospodarczej-prawo-muzyka\/","og_site_name":"Tak Brzmi Miasto","article_published_time":"2021-09-02T14:58:35+00:00","article_modified_time":"2022-09-23T13:45:03+00:00","og_image":[{"width":1600,"height":1200,"url":"https:\/\/takbrzmimiasto.pl\/wp-content\/uploads\/2021\/09\/WWWslider32.jpg","type":"image\/jpeg"}],"author":"Jacek Mi\u0142aszewski","twitter_card":"summary_large_image","twitter_misc":{"Written by":"Jacek Mi\u0142aszewski","Est. reading time":"1 minute"},"schema":{"@context":"https:\/\/schema.org","@graph":[{"@type":"Article","@id":"https:\/\/takbrzmimiasto.pl\/en\/dzialalnosc-muzyczna-a-prowadzenie-dzialalnosci-gospodarczej-prawo-muzyka\/#article","isPartOf":{"@id":"https:\/\/takbrzmimiasto.pl\/en\/dzialalnosc-muzyczna-a-prowadzenie-dzialalnosci-gospodarczej-prawo-muzyka\/"},"author":{"name":"Jacek Mi\u0142aszewski","@id":"https:\/\/takbrzmimiasto.pl\/#\/schema\/person\/d1cf3dea1eeccf237d7cef6482732aa3"},"headline":"Dzia\u0142alno\u015b\u0107 muzyczna a prowadzenie dzia\u0142alno\u015bci gospodarczej [PRAWO MUZYKA]","datePublished":"2021-09-02T14:58:35+00:00","dateModified":"2022-09-23T13:45:03+00:00","mainEntityOfPage":{"@id":"https:\/\/takbrzmimiasto.pl\/en\/dzialalnosc-muzyczna-a-prowadzenie-dzialalnosci-gospodarczej-prawo-muzyka\/"},"wordCount":251,"commentCount":0,"publisher":{"@id":"https:\/\/takbrzmimiasto.pl\/#organization"},"articleSection":["Prawo Muzyka"],"inLanguage":"en-US","potentialAction":[{"@type":"CommentAction","name":"Comment","target":["https:\/\/takbrzmimiasto.pl\/en\/dzialalnosc-muzyczna-a-prowadzenie-dzialalnosci-gospodarczej-prawo-muzyka\/#respond"]}]},{"@type":"WebPage","@id":"https:\/\/takbrzmimiasto.pl\/en\/dzialalnosc-muzyczna-a-prowadzenie-dzialalnosci-gospodarczej-prawo-muzyka\/","url":"https:\/\/takbrzmimiasto.pl\/en\/dzialalnosc-muzyczna-a-prowadzenie-dzialalnosci-gospodarczej-prawo-muzyka\/","name":"Dzia\u0142alno\u015b\u0107 muzyczna a prowadzenie dzia\u0142alno\u015bci gospodarczej [PRAWO MUZYKA] - Tak Brzmi Miasto","isPartOf":{"@id":"https:\/\/takbrzmimiasto.pl\/#website"},"datePublished":"2021-09-02T14:58:35+00:00","dateModified":"2022-09-23T13:45:03+00:00","breadcrumb":{"@id":"https:\/\/takbrzmimiasto.pl\/en\/dzialalnosc-muzyczna-a-prowadzenie-dzialalnosci-gospodarczej-prawo-muzyka\/#breadcrumb"},"inLanguage":"en-US","potentialAction":[{"@type":"ReadAction","target":["https:\/\/takbrzmimiasto.pl\/en\/dzialalnosc-muzyczna-a-prowadzenie-dzialalnosci-gospodarczej-prawo-muzyka\/"]}]},{"@type":"BreadcrumbList","@id":"https:\/\/takbrzmimiasto.pl\/en\/dzialalnosc-muzyczna-a-prowadzenie-dzialalnosci-gospodarczej-prawo-muzyka\/#breadcrumb","itemListElement":[{"@type":"ListItem","position":1,"name":"Strona g\u0142\u00f3wna","item":"https:\/\/takbrzmimiasto.pl\/en\/"},{"@type":"ListItem","position":2,"name":"Dzia\u0142alno\u015b\u0107 muzyczna a prowadzenie dzia\u0142alno\u015bci gospodarczej [PRAWO MUZYKA]"}]},{"@type":"WebSite","@id":"https:\/\/takbrzmimiasto.pl\/#website","url":"https:\/\/takbrzmimiasto.pl\/","name":"Tak Brzmi Miasto","description":"Tak Brzmi Miasto to konferencja, festiwal, inkubator dla mened\u017cer\u00f3w i akademia","publisher":{"@id":"https:\/\/takbrzmimiasto.pl\/#organization"},"potentialAction":[{"@type":"SearchAction","target":{"@type":"EntryPoint","urlTemplate":"https:\/\/takbrzmimiasto.pl\/?s={search_term_string}"},"query-input":"required name=search_term_string"}],"inLanguage":"en-US"},{"@type":"Organization","@id":"https:\/\/takbrzmimiasto.pl\/#organization","name":"Tak Brzmi Miasto","url":"https:\/\/takbrzmimiasto.pl\/","sameAs":[],"logo":{"@type":"ImageObject","inLanguage":"en-US","@id":"https:\/\/takbrzmimiasto.pl\/#\/schema\/logo\/image\/","url":"https:\/\/takbrzmimiasto.pl\/wp-content\/uploads\/2021\/04\/www_miniatura_bezmenu.jpg","contentUrl":"https:\/\/takbrzmimiasto.pl\/wp-content\/uploads\/2021\/04\/www_miniatura_bezmenu.jpg","width":1920,"height":1080,"caption":"Tak Brzmi Miasto"},"image":{"@id":"https:\/\/takbrzmimiasto.pl\/#\/schema\/logo\/image\/"}},{"@type":"Person","@id":"https:\/\/takbrzmimiasto.pl\/#\/schema\/person\/d1cf3dea1eeccf237d7cef6482732aa3","name":"Jacek Mi\u0142aszewski","image":{"@type":"ImageObject","inLanguage":"en-US","@id":"https:\/\/takbrzmimiasto.pl\/#\/schema\/person\/image\/","url":"https:\/\/secure.gravatar.com\/avatar\/5b0aa8f476b14f612082bf22d1c41e32?s=96&d=mm&r=g","contentUrl":"https:\/\/secure.gravatar.com\/avatar\/5b0aa8f476b14f612082bf22d1c41e32?s=96&d=mm&r=g","caption":"Jacek Mi\u0142aszewski"},"description":"Marcin Bara\u0144ski i Jacek Mi\u0142aszewski tworz\u0105 wsp\u00f3lnie Musicodex. S\u0105 prawnikami specjalizuj\u0105cymi si\u0119 w prawie muzyki i prawie autorskim. Wsp\u00f3\u0142pracuj\u0105 z artystami, producentami, organizatorami koncert\u00f3w i mened\u017cerami, \u015bwiadcz\u0105c kompleksowe us\u0142ugi z zakresu doradztwa, obs\u0142ugi prawnej oraz szkole\u0144 dla przedstawicieli bran\u017cy muzycznej. Prawo muzyki i prawo autorskie to ich pasja.","sameAs":["http:\/\/musicodex.pl"],"url":"https:\/\/takbrzmimiasto.pl\/en\/author\/musicodex\/"}]}},"_links":{"self":[{"href":"https:\/\/takbrzmimiasto.pl\/en\/wp-json\/wp\/v2\/posts\/4801\/"}],"collection":[{"href":"https:\/\/takbrzmimiasto.pl\/en\/wp-json\/wp\/v2\/posts\/"}],"about":[{"href":"https:\/\/takbrzmimiasto.pl\/en\/wp-json\/wp\/v2\/types\/post\/"}],"author":[{"embeddable":true,"href":"https:\/\/takbrzmimiasto.pl\/en\/wp-json\/wp\/v2\/users\/68\/"}],"replies":[{"embeddable":true,"href":"https:\/\/takbrzmimiasto.pl\/en\/wp-json\/wp\/v2\/comments\/?post=4801"}],"version-history":[{"count":2,"href":"https:\/\/takbrzmimiasto.pl\/en\/wp-json\/wp\/v2\/posts\/4801\/revisions\/"}],"predecessor-version":[{"id":15366,"href":"https:\/\/takbrzmimiasto.pl\/en\/wp-json\/wp\/v2\/posts\/4801\/revisions\/15366\/"}],"wp:featuredmedia":[{"embeddable":true,"href":"https:\/\/takbrzmimiasto.pl\/en\/wp-json\/wp\/v2\/media\/4802\/"}],"wp:attachment":[{"href":"https:\/\/takbrzmimiasto.pl\/en\/wp-json\/wp\/v2\/media\/?parent=4801"}],"wp:term":[{"taxonomy":"category","embeddable":true,"href":"https:\/\/takbrzmimiasto.pl\/en\/wp-json\/wp\/v2\/categories\/?post=4801"},{"taxonomy":"post_tag","embeddable":true,"href":"https:\/\/takbrzmimiasto.pl\/en\/wp-json\/wp\/v2\/tags\/?post=4801"}],"curies":[{"name":"wp","href":"https:\/\/api.w.org\/{rel}","templated":true}]}}