{"id":4808,"date":"2021-09-08T11:46:19","date_gmt":"2021-09-08T09:46:19","guid":{"rendered":"https:\/\/takbrzmimiasto.pl\/?p=4808"},"modified":"2022-09-23T15:45:03","modified_gmt":"2022-09-23T13:45:03","slug":"sie-tworzy-plony","status":"publish","type":"post","link":"https:\/\/takbrzmimiasto.pl\/en\/sie-tworzy-plony\/","title":{"rendered":"Si\u0119 tworzy #plony"},"content":{"rendered":"<p><strong>Tu\u017c przed premier\u0105 kolejnego tematu miesi\u0105ca i wysy\u0142k\u0105 naj\u015bwie\u017cszego newslettera (kt\u00f3ry mo\u017cesz otrzyma\u0107, zapisuj\u0105c si\u0119 \n    <span id=\"arrow-link-2352c153\" class=\"d-inline-block\">\n        <a href=\"https:\/\/takbrzmimiasto.pl\/newsletter\/\" class=\"arrow-link underline\">\n            <span class=\"arrow-link_text\">tutaj<\/span>\n            <span class=\"arrow-link_icon\">\n                <i class=\"fa-solid fa-arrow-right\"><\/i><i class=\"fa-solid fa-arrow-right\"><\/i>\n            <\/span>\n        <\/a>\n    <\/span>\n    ) zapraszam na podsumowanie ostatnich tygodni na naszym blogu.<\/strong><\/p>\n<p><span style=\"font-weight: 400;\">Sko\u0144czy\u0142 si\u0119 sierpie\u0144 <\/span><span style=\"font-weight: 400;\">\u2013<\/span><span style=\"font-weight: 400;\"> miesi\u0105c zbierania plon\u00f3w, kt\u00f3rego nazwa pochodzi zreszt\u0105 od \u017cniwiarskiego sierpa.\u00a0 Rolnicza nomenklatura zago\u015bci\u0142a na dobre <\/span><span style=\"font-weight: 400;\">\u2013<\/span><span style=\"font-weight: 400;\"> a przynajmniej na miesi\u0105c <\/span><span style=\"font-weight: 400;\">\u2013<\/span><span style=\"font-weight: 400;\"> w mojej g\u0142owie, kiedy postanowili\u015bmy, \u017ce tematem odcinka b\u0119d\u0105<\/span><\/p>\n<h1 style=\"text-align: center;\"><span style=\"font-weight: 400;\">#PLONY<\/span><\/h1>\n<p><span style=\"font-weight: 400;\">Plony, co ciekawe,\u00a0 przynios\u0142y skojarzenia nie tyle ze zbiorem, ze \u017cniwami, do\u017cynkami, co z sianiem, sadzeniem i upraw\u0105. Ta bardzo szeroka i nieco \u017cyczeniowa analogia, w kt\u00f3rej b\u0119dziemy por\u00f3wnywa\u0107 rolniczy cykl z muzyczn\u0105 prac\u0105, jest w gruncie rzeczy niez\u0142\u0105 lekcj\u0105. A mo\u017ce po prostu trafnym sformu\u0142owaniem czy skutecznym przypomnieniem, \u017ce praca muzyka jest trudna, mozolna, wymaga skupienia i cierpliwo\u015bci. Wymaga \u017cmudnego procesu, dobrze zaplanowanego i dopasowanego do sprzyjaj\u0105cych okoliczno\u015bci, wymaga obfitego obsiewu, skrupulatnej uprawy, nawo\u017cenia, plewienia i og\u00f3lnej dba\u0142o\u015bci, kt\u00f3ra po czasie mo\u017ce doprowadzi\u0107 obrodzenia.<\/span><\/p>\n<p><span style=\"font-weight: 400;\">Plony rodz\u0105 wiele skojarze\u0144: od drobnych sukces\u00f3w, medialnego urodzaju, zatrz\u0119sienia fan\u00f3w, ich zainteresowania, przez mnogo\u015b\u0107 koncert\u00f3w czy w og\u00f3le powodzenie w bookingu, sprzeda\u017cy p\u0142yty, streamach, klikni\u0119ciach, po plony finansowe, zarobki <\/span><span style=\"font-weight: 400;\">\u2013 <\/span><span style=\"font-weight: 400;\">mo\u017cliwo\u015b\u0107 utrzymania czy wr\u0119cz obfito\u015b\u0107. Intuicyjnie wymieni\u0142am jak\u0105\u015b w\u0142a\u015bciw\u0105 kolejno\u015b\u0107 <\/span><span style=\"font-weight: 400;\">\u2013<\/span><span style=\"font-weight: 400;\"> odwr\u00f3cenie jej mog\u0142oby spowodowa\u0107 ulotn\u0105 tymczasowo\u015b\u0107 tych zbior\u00f3w. Jednoroczno\u015b\u0107. Na najtrwalsze plony trzeba czeka\u0107 <\/span><span style=\"font-weight: 400;\">\u2013<\/span><span style=\"font-weight: 400;\"> ba! <\/span><span style=\"font-weight: 400;\">\u2013<\/span><span style=\"font-weight: 400;\"> pracowa\u0107 wiele lat. I \u015bmiem sobie wyobra\u017ca\u0107, \u017ce w dobie przeliczania klikni\u0119\u0107 i stream\u00f3w, takie odniesienie do pe\u0142nej pokory pracy rolnika (tego sprzed dofinansowa\u0144 i modernizacji), mo\u017ce by\u0107 zupe\u0142nie na miejscu.\u00a0\u00a0<\/span><\/p>\n<p><span style=\"font-weight: 400;\">Ta ba\u0144ka liczb, kt\u00f3ra nap\u0119dza wiele dzia\u0142a\u0144, determinuje promocj\u0119 bez tre\u015bci i jako\u015bci w ko\u0144cu przepada. To s\u0105 s\u0142owa, obrazki, czasem jest przekaz, niejednokrotnie jaka\u015b muzyka; nap\u0119dzaj\u0105 si\u0119 w my\u015bl algorytm\u00f3w i gubi\u0105 co\u015b prawdziwego. \u015amiec\u0105. Za\u015bmiecaj\u0105 \u015bwiat: ten wirtualny i ten w naszych g\u0142owach.\u00a0<\/span><\/p>\n<p><span style=\"font-weight: 400;\">Naszym tematem by\u0142 niedawno #wyb\u00f3r. Pisa\u0142am wtedy o tym, \u017ce trudniej wybra\u0107, kiedy mamy wiele mo\u017cliwo\u015bci. Mia\u0142am na my\u015bli osoby pracuj\u0105ce kreatywnie. Ale pomy\u015blmy o odbiorcach, o tej gonitwie i o tym, czego oni tak naprawd\u0119 potrzebuj\u0105. Jakiego nawozu im trzeba i jak rozpoznawa\u0107 chwasty, \u017ceby je skutecznie plewi\u0107?<\/span><\/p>\n<p>&nbsp;<\/p>\n<p><span style=\"font-weight: 400;\">Rozwa\u017caj\u0105c temat siania, uprawy i zbior\u00f3w warto wzi\u0105\u0107 pod uwag\u0119 jedn\u0105 magiczn\u0105 metod\u0119: czasem trzeba odpu\u015bci\u0107. <\/span><span style=\"font-weight: 400;\">\u2013<\/span> [sc name=&#8221;link&#8221; url=&#8221;https:\/\/www.youtube.com\/watch?v=S_C3SgtWjsk&#8221; tekst=&#8221;<span style=\"font-weight: 400;\">Dopiero, jak odpu\u015bcisz, dziej\u0105 si\u0119 rzeczy<\/span>&#8221; ]\u00a0<span style=\"font-weight: 400;\">\u2013<\/span><span style=\"font-weight: 400;\"> m\u00f3wi\u0142a kiedy\u015b <\/span><b>Misia Furtak<\/b><span style=\"font-weight: 400;\"> w naszym podca\u015bcie. <\/span><span style=\"font-weight: 400;\">\u2013<\/span><span style=\"font-weight: 400;\"> To jest kwestia odpuszczenia <\/span><span style=\"font-weight: 400;\">\u2013<\/span><span style=\"font-weight: 400;\"> m\u00f3wi <\/span><b>Natalia Kwiatkowska<\/b><span style=\"font-weight: 400;\"> z <\/span><b>Cheap Tobacco<\/b><span style=\"font-weight: 400;\"> w \n    <span id=\"arrow-link-6c048db7\" class=\"d-inline-block\">\n        <a href=\"https:\/\/takbrzmimiasto.pl\/plany-na-plony-rozmowa-z-cheap-tobacco\/\" class=\"arrow-link underline\">\n            <span class=\"arrow-link_text\">wywiadzie, kt\u00f3rego udzieli\u0142a<\/span>\n            <span class=\"arrow-link_icon\">\n                <i class=\"fa-solid fa-arrow-right\"><\/i><i class=\"fa-solid fa-arrow-right\"><\/i>\n            <\/span>\n        <\/a>\n    <\/span>\n    <\/span><span style=\"font-weight: 400;\">\u00a0z <\/span><b>Robertem Kapkowskim<\/b> <b>Adzie Ku\u0107mierz<\/b><span style=\"font-weight: 400;\">.\u00a0 <\/span><span style=\"font-weight: 400;\">\u2013 <\/span><span style=\"font-weight: 400;\">Moim zdaniem wa\u017cne jest, \u017ceby nie zwraca\u0107 uwagi na ograniczenia, robi\u0107 swoje i pr\u00f3bowa\u0107. Na pocz\u0105tku wiele krok\u00f3w robili\u015bmy po omacku, ale okaza\u0142o si\u0119, \u017ce kiedy si\u0119 nie boimy, odwa\u017cnie podchodzimy do ludzi, wysy\u0142amy maile, dzwonimy i zagadujemy w my\u015bl zasady \u201enie mam nic do stracenia\u201d, to dziej\u0105 si\u0119 wspania\u0142e rzeczy!<\/span><\/p>\n<p><a href=\"https:\/\/takbrzmimiasto.pl\/plany-na-plony-rozmowa-z-cheap-tobacco\/\"><img loading=\"lazy\" decoding=\"async\" class=\"aligncenter wp-image-4664 size-full\" src=\"https:\/\/takbrzmimiasto.pl\/wp-content\/uploads\/2021\/08\/TMB-cheap-1.jpg\" alt=\"\" width=\"1920\" height=\"1080\" data-wp-pid=\"4664\" srcset=\"https:\/\/takbrzmimiasto.pl\/wp-content\/uploads\/2021\/08\/TMB-cheap-1.jpg 1920w, https:\/\/takbrzmimiasto.pl\/wp-content\/uploads\/2021\/08\/TMB-cheap-1-800x450.jpg 800w, https:\/\/takbrzmimiasto.pl\/wp-content\/uploads\/2021\/08\/TMB-cheap-1-1000x563.jpg 1000w, https:\/\/takbrzmimiasto.pl\/wp-content\/uploads\/2021\/08\/TMB-cheap-1-350x197.jpg 350w, https:\/\/takbrzmimiasto.pl\/wp-content\/uploads\/2021\/08\/TMB-cheap-1-768x432.jpg 768w, https:\/\/takbrzmimiasto.pl\/wp-content\/uploads\/2021\/08\/TMB-cheap-1-1536x864.jpg 1536w\" sizes=\"(max-width: 1920px) 100vw, 1920px\" \/><\/a><\/p>\n<p>&nbsp;<\/p>\n<p><span style=\"font-weight: 400;\">Bardzo si\u0119 ciesz\u0119, \u017ce mog\u0119 Ci\u0119 zaprosi\u0107 do lektury \n    <span id=\"arrow-link-f1fa090f\" class=\"d-inline-block\">\n        <a href=\"https:\/\/takbrzmimiasto.pl\/efekt-bardzo-glodnej-gasienicy\/\" class=\"arrow-link underline\">\n            <span class=\"arrow-link_text\">drugiego felietonu<\/span>\n            <span class=\"arrow-link_icon\">\n                <i class=\"fa-solid fa-arrow-right\"><\/i><i class=\"fa-solid fa-arrow-right\"><\/i>\n            <\/span>\n        <\/a>\n    <\/span>\n    <\/span>\u00a0<b>Agnieszki Baczy\u0144skiej<\/b><span style=\"font-weight: 400;\"> (So much love). Jaga podrzuca nam lustereczko, kt\u00f3re mo\u017cemy zapyta\u0107 tylko o jedn\u0105 rzecz: czy jestem wielk\u0105 \u017car\u0142oczn\u0105 g\u0105sienic\u0105? Mam po tym tek\u015bcie jeszcze wi\u0119cej pyta\u0144 do siebie i \u015bwiata, mam jeszcze wi\u0119cej w\u0105tpliwo\u015bci. A Ty?\u00a0<\/span><\/p>\n<p><a href=\"https:\/\/takbrzmimiasto.pl\/efekt-bardzo-glodnej-gasienicy\/\"><img loading=\"lazy\" decoding=\"async\" class=\"aligncenter wp-image-4662 size-full\" src=\"https:\/\/takbrzmimiasto.pl\/wp-content\/uploads\/2021\/08\/efekt-jagi.jpg\" alt=\"\" width=\"1920\" height=\"1080\" data-wp-pid=\"4662\" srcset=\"https:\/\/takbrzmimiasto.pl\/wp-content\/uploads\/2021\/08\/efekt-jagi.jpg 1920w, https:\/\/takbrzmimiasto.pl\/wp-content\/uploads\/2021\/08\/efekt-jagi-800x450.jpg 800w, https:\/\/takbrzmimiasto.pl\/wp-content\/uploads\/2021\/08\/efekt-jagi-1000x563.jpg 1000w, https:\/\/takbrzmimiasto.pl\/wp-content\/uploads\/2021\/08\/efekt-jagi-350x197.jpg 350w, https:\/\/takbrzmimiasto.pl\/wp-content\/uploads\/2021\/08\/efekt-jagi-768x432.jpg 768w, https:\/\/takbrzmimiasto.pl\/wp-content\/uploads\/2021\/08\/efekt-jagi-1536x864.jpg 1536w\" sizes=\"(max-width: 1920px) 100vw, 1920px\" \/><\/a><\/p>\n<p>&nbsp;<\/p>\n<p><span style=\"font-weight: 400;\">Jeden malutki krok dla muzyka&#8230; Odpowiedzialno\u015b\u0107! \u017beby\u015bmy nie musieli m\u00f3wi\u0107, \u017ce plony = \u015bmieci. \n    <span id=\"arrow-link-45cebb92\" class=\"d-inline-block\">\n        <a href=\"https:\/\/takbrzmimiasto.pl\/bycie-eko-w-branzy-muzycznej\/\" class=\"arrow-link underline\">\n            <span class=\"arrow-link_text\">O byciu eko w bran\u017cy muzycznej<\/span>\n            <span class=\"arrow-link_icon\">\n                <i class=\"fa-solid fa-arrow-right\"><\/i><i class=\"fa-solid fa-arrow-right\"><\/i>\n            <\/span>\n        <\/a>\n    <\/span>\n    <\/span><span style=\"font-weight: 400;\">\u00a0pisze <\/span><b>Jarek Jazienicki<\/b><span style=\"font-weight: 400;\">. Je\u015bli determinacj\u0105 do skorzystania z poni\u017cszego tekstu b\u0119dzie moda na eko, na boho czy inne okolice zielonego nawr\u00f3cenia &#8211; te\u017c dobrze!<\/span><\/p>\n<p><a href=\"https:\/\/takbrzmimiasto.pl\/bycie-eko-w-branzy-muzycznej\/\"><img loading=\"lazy\" decoding=\"async\" class=\"aligncenter wp-image-4636 size-full\" src=\"https:\/\/takbrzmimiasto.pl\/wp-content\/uploads\/2021\/08\/jj-1.jpg\" alt=\"\" width=\"1920\" height=\"1080\" data-wp-pid=\"4636\" srcset=\"https:\/\/takbrzmimiasto.pl\/wp-content\/uploads\/2021\/08\/jj-1.jpg 1920w, https:\/\/takbrzmimiasto.pl\/wp-content\/uploads\/2021\/08\/jj-1-800x450.jpg 800w, https:\/\/takbrzmimiasto.pl\/wp-content\/uploads\/2021\/08\/jj-1-1000x563.jpg 1000w, https:\/\/takbrzmimiasto.pl\/wp-content\/uploads\/2021\/08\/jj-1-350x197.jpg 350w, https:\/\/takbrzmimiasto.pl\/wp-content\/uploads\/2021\/08\/jj-1-768x432.jpg 768w, https:\/\/takbrzmimiasto.pl\/wp-content\/uploads\/2021\/08\/jj-1-1536x864.jpg 1536w\" sizes=\"(max-width: 1920px) 100vw, 1920px\" \/><\/a><\/p>\n<p>&nbsp;<\/p>\n<p><span style=\"font-weight: 400;\">Pami\u0119tamy te\u017c o tym, \u017ce dobrze jest zapyta\u0107 Was. W naszym cyklu \n    <span id=\"arrow-link-d64871c8\" class=\"d-inline-block\">\n        <a href=\"https:\/\/takbrzmimiasto.pl\/glos-spolecznosci-plony\/\" class=\"arrow-link underline\">\n            <span class=\"arrow-link_text\">G\u0142os Spo\u0142eczno\u015bci<\/span>\n            <span class=\"arrow-link_icon\">\n                <i class=\"fa-solid fa-arrow-right\"><\/i><i class=\"fa-solid fa-arrow-right\"><\/i>\n            <\/span>\n        <\/a>\n    <\/span>\n    <\/span>\u00a0<b>Ada Ku\u0107mierz<\/b><span style=\"font-weight: 400;\"> rozmawia z artystami, kt\u00f3rych \u0142\u0105czy TBM. To wspania\u0142e lekcje, z kt\u00f3rych wszyscy nawzajem si\u0119 uczymy. Czym s\u0105 dla nich #plony? Jak sia\u0107, \u017ceby rozwija\u0107 karier\u0119 muzyczn\u0105? Kiedy jest czas odpoczynku? Czy pora\u017cki mog\u0105 nie\u015b\u0107 plony? Odpowiadaj\u0105: <\/span><b>Roman Wr\u00f3blewski<\/b><span style=\"font-weight: 400;\"> i <\/span><b>Maciek Niewiadomski<\/b><span style=\"font-weight: 400;\">.<\/span><\/p>\n<p><a href=\"https:\/\/takbrzmimiasto.pl\/glos-spolecznosci-plony\/\"><img loading=\"lazy\" decoding=\"async\" class=\"aligncenter wp-image-4649 size-full\" src=\"https:\/\/takbrzmimiasto.pl\/wp-content\/uploads\/2021\/08\/gs-3.jpg\" alt=\"\" width=\"1920\" height=\"1080\" data-wp-pid=\"4649\" srcset=\"https:\/\/takbrzmimiasto.pl\/wp-content\/uploads\/2021\/08\/gs-3.jpg 1920w, https:\/\/takbrzmimiasto.pl\/wp-content\/uploads\/2021\/08\/gs-3-800x450.jpg 800w, https:\/\/takbrzmimiasto.pl\/wp-content\/uploads\/2021\/08\/gs-3-1000x563.jpg 1000w, https:\/\/takbrzmimiasto.pl\/wp-content\/uploads\/2021\/08\/gs-3-350x197.jpg 350w, https:\/\/takbrzmimiasto.pl\/wp-content\/uploads\/2021\/08\/gs-3-768x432.jpg 768w, https:\/\/takbrzmimiasto.pl\/wp-content\/uploads\/2021\/08\/gs-3-1536x864.jpg 1536w\" sizes=\"(max-width: 1920px) 100vw, 1920px\" \/><\/a><\/p>\n<p>&nbsp;<\/p>\n<p><span style=\"font-weight: 400;\">Jeszcze jeden tekst o odpowiedzialno\u015bci w bran\u017cy muzycznej! Tym razem o odpowiedzialno\u015bci za w\u0142asn\u0105 prac\u0119. <\/span><b>Andrzej Czarnecki<\/b> <span style=\"font-weight: 400;\">\n    <span id=\"arrow-link-63bedb7f\" class=\"d-inline-block\">\n        <a href=\"https:\/\/takbrzmimiasto.pl\/rejestracja-w-zaiks-prostsze-niz-myslisz\/\" class=\"arrow-link underline\">\n            <span class=\"arrow-link_text\">przybli\u017ca ZAiKS<\/span>\n            <span class=\"arrow-link_icon\">\n                <i class=\"fa-solid fa-arrow-right\"><\/i><i class=\"fa-solid fa-arrow-right\"><\/i>\n            <\/span>\n        <\/a>\n    <\/span>\n    <\/span><span style=\"font-weight: 400;\">, a my gwarantujemy, \u017ce nikt nam nie zap\u0142aci\u0142 za ocieplenie wizerunku. Ale to naprawd\u0119 potrzebna instytucja, a Andrzej przeprowadza ni\u017cej przez ca\u0142y proces rejestracji. Oj, wiedzieli\u015bmy, \u017ce tego potrzebujesz, prawda?<\/span><\/p>\n<p><a href=\"https:\/\/takbrzmimiasto.pl\/rejestracja-w-zaiks-prostsze-niz-myslisz\/\"><img loading=\"lazy\" decoding=\"async\" class=\"aligncenter wp-image-4781 size-full\" src=\"https:\/\/takbrzmimiasto.pl\/wp-content\/uploads\/2021\/08\/ac.jpg\" alt=\"\" width=\"1920\" height=\"1080\" data-wp-pid=\"4781\" srcset=\"https:\/\/takbrzmimiasto.pl\/wp-content\/uploads\/2021\/08\/ac.jpg 1920w, https:\/\/takbrzmimiasto.pl\/wp-content\/uploads\/2021\/08\/ac-800x450.jpg 800w, https:\/\/takbrzmimiasto.pl\/wp-content\/uploads\/2021\/08\/ac-1000x563.jpg 1000w, https:\/\/takbrzmimiasto.pl\/wp-content\/uploads\/2021\/08\/ac-350x197.jpg 350w, https:\/\/takbrzmimiasto.pl\/wp-content\/uploads\/2021\/08\/ac-768x432.jpg 768w, https:\/\/takbrzmimiasto.pl\/wp-content\/uploads\/2021\/08\/ac-1536x864.jpg 1536w\" sizes=\"(max-width: 1920px) 100vw, 1920px\" \/><\/a><\/p>\n<p>&nbsp;<\/p>\n<p><span style=\"font-weight: 400;\">Rozmowa o plonach? Ca\u0142e jestestwo <\/span><b>W\u0142odka Dembowskiego<\/b><span style=\"font-weight: 400;\">, ca\u0142a jego dzia\u0142alno\u015b\u0107 artystyczna, turystyczna i filozoficzna prosi\u0142a si\u0119 o to, \u017ceby poci\u0105gn\u0105\u0107 go za j\u0119zyk i dowiedzie\u0107 si\u0119: sia\u0107, uprawia\u0107 czy zbiera\u0107&#8230; te plony? Mojej podcastowej rozmowy z Paprodziadem wys\u0142uchacie<\/span><span style=\"font-weight: 400;\"> \n    <span id=\"arrow-link-ef835b01\" class=\"d-inline-block\">\n        <a href=\"https:\/\/www.youtube.com\/watch?v=_nOsXeVWAW8&amp;t=978s\" class=\"arrow-link underline\">\n            <span class=\"arrow-link_text\">na naszym kanale YT<\/span>\n            <span class=\"arrow-link_icon\">\n                <i class=\"fa-solid fa-arrow-right\"><\/i><i class=\"fa-solid fa-arrow-right\"><\/i>\n            <\/span>\n        <\/a>\n    <\/span>\n    <\/span><span style=\"font-weight: 400;\">.<\/span><\/p>\n<p><a href=\"https:\/\/www.youtube.com\/watch?v=_nOsXeVWAW8&amp;t=978s\"><img loading=\"lazy\" decoding=\"async\" class=\"aligncenter wp-image-4813 size-full\" src=\"https:\/\/takbrzmimiasto.pl\/wp-content\/uploads\/2021\/09\/podcast_miniaturka40.jpg\" alt=\"\" width=\"1920\" height=\"1080\" data-wp-pid=\"4813\" srcset=\"https:\/\/takbrzmimiasto.pl\/wp-content\/uploads\/2021\/09\/podcast_miniaturka40.jpg 1920w, https:\/\/takbrzmimiasto.pl\/wp-content\/uploads\/2021\/09\/podcast_miniaturka40-800x450.jpg 800w, https:\/\/takbrzmimiasto.pl\/wp-content\/uploads\/2021\/09\/podcast_miniaturka40-1000x563.jpg 1000w, https:\/\/takbrzmimiasto.pl\/wp-content\/uploads\/2021\/09\/podcast_miniaturka40-350x197.jpg 350w, https:\/\/takbrzmimiasto.pl\/wp-content\/uploads\/2021\/09\/podcast_miniaturka40-768x432.jpg 768w, https:\/\/takbrzmimiasto.pl\/wp-content\/uploads\/2021\/09\/podcast_miniaturka40-1536x864.jpg 1536w\" sizes=\"(max-width: 1920px) 100vw, 1920px\" \/><\/a><\/p>\n<p>&nbsp;<\/p>\n<p><span style=\"font-weight: 400;\">\n    <span id=\"arrow-link-e602421e\" class=\"d-inline-block\">\n        <a href=\"https:\/\/takbrzmimiasto.pl\/nowosci-muzyka-i-wiesci-ze-spolecznosci-tak-brzmi-miasto-sierpien-2021\/\" class=\"arrow-link underline\">\n            <span class=\"arrow-link_text\">Sierpniowe wie\u015bci od Spo\u0142eczno\u015bci<\/span>\n            <span class=\"arrow-link_icon\">\n                <i class=\"fa-solid fa-arrow-right\"><\/i><i class=\"fa-solid fa-arrow-right\"><\/i>\n            <\/span>\n        <\/a>\n    <\/span>\n    . Prezentujemy zapowiedzi nowych singli <\/span><b>Ta\u0144ki Szafraniec <\/b><span style=\"font-weight: 400;\">oraz <\/span><b>Tara Gayan<\/b><span style=\"font-weight: 400;\"> oraz nowe numery od: <\/span><b>Filipa Mizi<\/b><span style=\"font-weight: 400;\">, <\/span><b>B6<\/b><span style=\"font-weight: 400;\">, <\/span><b>\u017bywi Jo\u0142<\/b><span style=\"font-weight: 400;\"> i <\/span><b>Alexa Pilkievicha<\/b><span style=\"font-weight: 400;\">.<\/span><\/p>\n<p><a href=\"https:\/\/takbrzmimiasto.pl\/nowosci-muzyka-i-wiesci-ze-spolecznosci-tak-brzmi-miasto-sierpien-2021\/\"><img loading=\"lazy\" decoding=\"async\" class=\"aligncenter wp-image-4712 size-full\" src=\"https:\/\/takbrzmimiasto.pl\/wp-content\/uploads\/2021\/08\/hd27.jpg\" alt=\"\" width=\"1920\" height=\"1080\" data-wp-pid=\"4712\" srcset=\"https:\/\/takbrzmimiasto.pl\/wp-content\/uploads\/2021\/08\/hd27.jpg 1920w, https:\/\/takbrzmimiasto.pl\/wp-content\/uploads\/2021\/08\/hd27-800x450.jpg 800w, https:\/\/takbrzmimiasto.pl\/wp-content\/uploads\/2021\/08\/hd27-1000x563.jpg 1000w, https:\/\/takbrzmimiasto.pl\/wp-content\/uploads\/2021\/08\/hd27-350x197.jpg 350w, https:\/\/takbrzmimiasto.pl\/wp-content\/uploads\/2021\/08\/hd27-768x432.jpg 768w, https:\/\/takbrzmimiasto.pl\/wp-content\/uploads\/2021\/08\/hd27-1536x864.jpg 1536w\" sizes=\"(max-width: 1920px) 100vw, 1920px\" \/><\/a><\/p>\n<p>&nbsp;<\/p>\n<p><span style=\"font-weight: 400;\">Tak si\u0119 ciekawie z\u0142o\u017cy\u0142o, \u017ce w ci\u0105gu ostatniego roku ukaza\u0142 si\u0119 debiut muzyczny, kt\u00f3ry <\/span><b><i>Plony<\/i><\/b> <span style=\"font-weight: 400;\">ma w tytule. <\/span><b>Ada Ku\u0107mierz<\/b><span style=\"font-weight: 400;\"> \n    <span id=\"arrow-link-b960a80b\" class=\"d-inline-block\">\n        <a href=\"https:\/\/takbrzmimiasto.pl\/plony-debiutancka-plyta-magdy-kuras\/\" class=\"arrow-link underline\">\n            <span class=\"arrow-link_text\">nie mog\u0142a przej\u015b\u0107 oboj\u0119tnie<\/span>\n            <span class=\"arrow-link_icon\">\n                <i class=\"fa-solid fa-arrow-right\"><\/i><i class=\"fa-solid fa-arrow-right\"><\/i>\n            <\/span>\n        <\/a>\n    <\/span>\n     obok tw\u00f3rczo\u015bci <\/span><b>Magdy Kura\u015b<\/b><span style=\"font-weight: 400;\"> i jej jazzowej wra\u017cliwo\u015bci.<\/span><\/p>\n<p><a href=\"https:\/\/takbrzmimiasto.pl\/plony-debiutancka-plyta-magdy-kuras\/\"><img loading=\"lazy\" decoding=\"async\" class=\"aligncenter wp-image-4708 size-full\" src=\"https:\/\/takbrzmimiasto.pl\/wp-content\/uploads\/2021\/08\/hd26.jpg\" alt=\"\" width=\"1920\" height=\"1080\" data-wp-pid=\"4710\" srcset=\"https:\/\/takbrzmimiasto.pl\/wp-content\/uploads\/2021\/08\/hd26.jpg 1920w, https:\/\/takbrzmimiasto.pl\/wp-content\/uploads\/2021\/08\/hd26-800x450.jpg 800w, https:\/\/takbrzmimiasto.pl\/wp-content\/uploads\/2021\/08\/hd26-1000x563.jpg 1000w, https:\/\/takbrzmimiasto.pl\/wp-content\/uploads\/2021\/08\/hd26-350x197.jpg 350w, https:\/\/takbrzmimiasto.pl\/wp-content\/uploads\/2021\/08\/hd26-768x432.jpg 768w, https:\/\/takbrzmimiasto.pl\/wp-content\/uploads\/2021\/08\/hd26-1536x864.jpg 1536w\" sizes=\"(max-width: 1920px) 100vw, 1920px\" \/><\/a><\/p>\n<p>&nbsp;<\/p>\n<p><span style=\"font-weight: 400;\">Sierpie\u0144 by\u0142 miesi\u0105cem plon\u00f3w tak\u017ce w Tak Brzmi Miasto. Spotkali\u015bmy w ko\u0144cu\u00a0 n a\u00a0 \u017c y w o\u00a0 Inkubatorowicz\u00f3w i Inkubatorowiczki. Odby\u0142 si\u0119 wspominany, opiewany, legendarny ju\u017c SUMMERCAMP. \n    <span id=\"arrow-link-d8bde009\" class=\"d-inline-block\">\n        <a href=\"https:\/\/takbrzmimiasto.pl\/summercamp-letnia-szkola-tak-brzmi-miasto-dla-profesjonalizujacych-sie-muzykow\/\" class=\"arrow-link underline\">\n            <span class=\"arrow-link_text\">Sprawd\u017a, co tu si\u0119 dzia\u0142o<\/span>\n            <span class=\"arrow-link_icon\">\n                <i class=\"fa-solid fa-arrow-right\"><\/i><i class=\"fa-solid fa-arrow-right\"><\/i>\n            <\/span>\n        <\/a>\n    <\/span>\n    !<\/span><\/p>\n<p><a href=\"https:\/\/takbrzmimiasto.pl\/summercamp-letnia-szkola-tak-brzmi-miasto-dla-profesjonalizujacych-sie-muzykow\/\"><img loading=\"lazy\" decoding=\"async\" class=\"aligncenter wp-image-4704 size-full\" src=\"https:\/\/takbrzmimiasto.pl\/wp-content\/uploads\/2021\/08\/hd28.jpg\" alt=\"\" width=\"1920\" height=\"1080\" data-wp-pid=\"4704\" srcset=\"https:\/\/takbrzmimiasto.pl\/wp-content\/uploads\/2021\/08\/hd28.jpg 1920w, https:\/\/takbrzmimiasto.pl\/wp-content\/uploads\/2021\/08\/hd28-800x450.jpg 800w, https:\/\/takbrzmimiasto.pl\/wp-content\/uploads\/2021\/08\/hd28-1000x563.jpg 1000w, https:\/\/takbrzmimiasto.pl\/wp-content\/uploads\/2021\/08\/hd28-350x197.jpg 350w, https:\/\/takbrzmimiasto.pl\/wp-content\/uploads\/2021\/08\/hd28-768x432.jpg 768w, https:\/\/takbrzmimiasto.pl\/wp-content\/uploads\/2021\/08\/hd28-1536x864.jpg 1536w\" sizes=\"(max-width: 1920px) 100vw, 1920px\" \/><\/a><\/p>\n<p>&nbsp;<\/p>\n<p><span style=\"font-weight: 400;\">A skoro mowa o #PLONACH! \ud83d\ude42 <\/span><b>Latem otworzyli\u015bmy swojego Patronite&#8217;a<\/b><span style=\"font-weight: 400;\">. To by\u0142a d\u0142uga praca nad wywa\u017ceniem tego, co mo\u017cemy Wam zaoferowa\u0107, tego, czego mo\u017cecie potrzebowa\u0107 i naszych cel\u00f3w, do kt\u00f3rych mo\u017cecie pom\u00f3c nam doj\u015b\u0107. Wszystko, co chcia\u0142abym Wam powiedzie\u0107 jest w \n    <span id=\"arrow-link-9b73e64d\" class=\"d-inline-block\">\n        <a href=\"https:\/\/takbrzmimiasto.pl\/tak-brzmi-patronite-wspolnie-tworzymy-muzyczna-przyszlosc\/\" class=\"arrow-link underline\">\n            <span class=\"arrow-link_text\">tek\u015bcie na naszym blogu<\/span>\n            <span class=\"arrow-link_icon\">\n                <i class=\"fa-solid fa-arrow-right\"><\/i><i class=\"fa-solid fa-arrow-right\"><\/i>\n            <\/span>\n        <\/a>\n    <\/span>\n    <\/span><span style=\"font-weight: 400;\"> i na profilu \n    <span id=\"arrow-link-477674a3\" class=\"d-inline-block\">\n        <a href=\"https:\/\/patronite.pl\/TBM\" class=\"arrow-link underline\">\n            <span class=\"arrow-link_text\">TBM Patronite<\/span>\n            <span class=\"arrow-link_icon\">\n                <i class=\"fa-solid fa-arrow-right\"><\/i><i class=\"fa-solid fa-arrow-right\"><\/i>\n            <\/span>\n        <\/a>\n    <\/span>\n    <\/span><span style=\"font-weight: 400;\">.<\/span><\/p>\n<p><a href=\"https:\/\/patronite.pl\/TBM\"><img loading=\"lazy\" decoding=\"async\" class=\"aligncenter wp-image-4541 size-full\" src=\"https:\/\/takbrzmimiasto.pl\/wp-content\/uploads\/2021\/07\/WWWslider22a.jpg\" alt=\"\" width=\"1600\" height=\"1200\" data-wp-pid=\"4541\" srcset=\"https:\/\/takbrzmimiasto.pl\/wp-content\/uploads\/2021\/07\/WWWslider22a.jpg 1600w, https:\/\/takbrzmimiasto.pl\/wp-content\/uploads\/2021\/07\/WWWslider22a-800x600.jpg 800w, https:\/\/takbrzmimiasto.pl\/wp-content\/uploads\/2021\/07\/WWWslider22a-1000x750.jpg 1000w, https:\/\/takbrzmimiasto.pl\/wp-content\/uploads\/2021\/07\/WWWslider22a-350x263.jpg 350w, https:\/\/takbrzmimiasto.pl\/wp-content\/uploads\/2021\/07\/WWWslider22a-768x576.jpg 768w, https:\/\/takbrzmimiasto.pl\/wp-content\/uploads\/2021\/07\/WWWslider22a-1536x1152.jpg 1536w\" sizes=\"(max-width: 1600px) 100vw, 1600px\" \/><\/a><\/p>\n<p>&nbsp;<\/p>\n","protected":false},"excerpt":{"rendered":"<p>Tu\u017c przed premier\u0105 kolejnego tematu miesi\u0105ca i wysy\u0142k\u0105 naj\u015bwie\u017cszego newslettera (kt\u00f3ry mo\u017cesz otrzyma\u0107, zapisuj\u0105c si\u0119 ) zapraszam na podsumowanie ostatnich tygodni na naszym blogu. Sko\u0144czy\u0142 si\u0119 sierpie\u0144 \u2013 miesi\u0105c zbierania plon\u00f3w, kt\u00f3rego nazwa pochodzi zreszt\u0105 od \u017cniwiarskiego sierpa.\u00a0 Rolnicza nomenklatura zago\u015bci\u0142a na dobre \u2013 a przynajmniej na miesi\u0105c \u2013 w mojej g\u0142owie, kiedy postanowili\u015bmy, \u017ce [&hellip;]<\/p>\n","protected":false},"author":60,"featured_media":4811,"comment_status":"open","ping_status":"open","sticky":false,"template":"","format":"standard","meta":{"inline_featured_image":false,"footnotes":""},"categories":[308],"tags":[],"class_list":["post-4808","post","type-post","status-publish","format-standard","has-post-thumbnail","hentry","category-aktualnosci"],"acf":[],"yoast_head":"<!-- This site is optimized with the Yoast SEO plugin v19.7.1 - https:\/\/yoast.com\/wordpress\/plugins\/seo\/ -->\n<title>Si\u0119 tworzy #plony - Tak Brzmi Miasto<\/title>\n<meta name=\"robots\" content=\"index, follow, max-snippet:-1, max-image-preview:large, max-video-preview:-1\" \/>\n<link rel=\"canonical\" href=\"https:\/\/takbrzmimiasto.pl\/en\/sie-tworzy-plony\/\" \/>\n<meta property=\"og:locale\" content=\"en_US\" \/>\n<meta property=\"og:type\" content=\"article\" \/>\n<meta property=\"og:title\" content=\"Si\u0119 tworzy #plony - Tak Brzmi Miasto\" \/>\n<meta property=\"og:description\" content=\"Tu\u017c przed premier\u0105 kolejnego tematu miesi\u0105ca i wysy\u0142k\u0105 naj\u015bwie\u017cszego newslettera (kt\u00f3ry mo\u017cesz otrzyma\u0107, zapisuj\u0105c si\u0119 ) zapraszam na podsumowanie ostatnich tygodni na naszym blogu. Sko\u0144czy\u0142 si\u0119 sierpie\u0144 \u2013 miesi\u0105c zbierania plon\u00f3w, kt\u00f3rego nazwa pochodzi zreszt\u0105 od \u017cniwiarskiego sierpa.\u00a0 Rolnicza nomenklatura zago\u015bci\u0142a na dobre \u2013 a przynajmniej na miesi\u0105c \u2013 w mojej g\u0142owie, kiedy postanowili\u015bmy, \u017ce [&hellip;]\" \/>\n<meta property=\"og:url\" content=\"https:\/\/takbrzmimiasto.pl\/en\/sie-tworzy-plony\/\" \/>\n<meta property=\"og:site_name\" content=\"Tak Brzmi Miasto\" \/>\n<meta property=\"article:published_time\" content=\"2021-09-08T09:46:19+00:00\" \/>\n<meta property=\"article:modified_time\" content=\"2022-09-23T13:45:03+00:00\" \/>\n<meta property=\"og:image\" content=\"https:\/\/takbrzmimiasto.pl\/wp-content\/uploads\/2021\/09\/st2.jpg\" \/>\n\t<meta property=\"og:image:width\" content=\"1920\" \/>\n\t<meta property=\"og:image:height\" content=\"1080\" \/>\n\t<meta property=\"og:image:type\" content=\"image\/jpeg\" \/>\n<meta name=\"author\" content=\"Ewelina Krawczyk\" \/>\n<meta name=\"twitter:card\" content=\"summary_large_image\" \/>\n<meta name=\"twitter:label1\" content=\"Written by\" \/>\n\t<meta name=\"twitter:data1\" content=\"Ewelina Krawczyk\" \/>\n\t<meta name=\"twitter:label2\" content=\"Est. reading time\" \/>\n\t<meta name=\"twitter:data2\" content=\"5 minutes\" \/>\n<script type=\"application\/ld+json\" class=\"yoast-schema-graph\">{\"@context\":\"https:\/\/schema.org\",\"@graph\":[{\"@type\":\"Article\",\"@id\":\"https:\/\/takbrzmimiasto.pl\/en\/sie-tworzy-plony\/#article\",\"isPartOf\":{\"@id\":\"https:\/\/takbrzmimiasto.pl\/en\/sie-tworzy-plony\/\"},\"author\":{\"name\":\"Ewelina Krawczyk\",\"@id\":\"https:\/\/takbrzmimiasto.pl\/#\/schema\/person\/1c946f5380dc2c5faa442dcd9665f577\"},\"headline\":\"Si\u0119 tworzy #plony\",\"datePublished\":\"2021-09-08T09:46:19+00:00\",\"dateModified\":\"2022-09-23T13:45:03+00:00\",\"mainEntityOfPage\":{\"@id\":\"https:\/\/takbrzmimiasto.pl\/en\/sie-tworzy-plony\/\"},\"wordCount\":1092,\"commentCount\":0,\"publisher\":{\"@id\":\"https:\/\/takbrzmimiasto.pl\/#organization\"},\"articleSection\":[\"Aktualno\u015bci\"],\"inLanguage\":\"en-US\",\"potentialAction\":[{\"@type\":\"CommentAction\",\"name\":\"Comment\",\"target\":[\"https:\/\/takbrzmimiasto.pl\/en\/sie-tworzy-plony\/#respond\"]}]},{\"@type\":\"WebPage\",\"@id\":\"https:\/\/takbrzmimiasto.pl\/en\/sie-tworzy-plony\/\",\"url\":\"https:\/\/takbrzmimiasto.pl\/en\/sie-tworzy-plony\/\",\"name\":\"Si\u0119 tworzy #plony - Tak Brzmi Miasto\",\"isPartOf\":{\"@id\":\"https:\/\/takbrzmimiasto.pl\/#website\"},\"datePublished\":\"2021-09-08T09:46:19+00:00\",\"dateModified\":\"2022-09-23T13:45:03+00:00\",\"breadcrumb\":{\"@id\":\"https:\/\/takbrzmimiasto.pl\/en\/sie-tworzy-plony\/#breadcrumb\"},\"inLanguage\":\"en-US\",\"potentialAction\":[{\"@type\":\"ReadAction\",\"target\":[\"https:\/\/takbrzmimiasto.pl\/en\/sie-tworzy-plony\/\"]}]},{\"@type\":\"BreadcrumbList\",\"@id\":\"https:\/\/takbrzmimiasto.pl\/en\/sie-tworzy-plony\/#breadcrumb\",\"itemListElement\":[{\"@type\":\"ListItem\",\"position\":1,\"name\":\"Strona g\u0142\u00f3wna\",\"item\":\"https:\/\/takbrzmimiasto.pl\/en\/\"},{\"@type\":\"ListItem\",\"position\":2,\"name\":\"Si\u0119 tworzy #plony\"}]},{\"@type\":\"WebSite\",\"@id\":\"https:\/\/takbrzmimiasto.pl\/#website\",\"url\":\"https:\/\/takbrzmimiasto.pl\/\",\"name\":\"Tak Brzmi Miasto\",\"description\":\"Tak Brzmi Miasto to konferencja, festiwal, inkubator dla mened\u017cer\u00f3w i akademia\",\"publisher\":{\"@id\":\"https:\/\/takbrzmimiasto.pl\/#organization\"},\"potentialAction\":[{\"@type\":\"SearchAction\",\"target\":{\"@type\":\"EntryPoint\",\"urlTemplate\":\"https:\/\/takbrzmimiasto.pl\/?s={search_term_string}\"},\"query-input\":\"required name=search_term_string\"}],\"inLanguage\":\"en-US\"},{\"@type\":\"Organization\",\"@id\":\"https:\/\/takbrzmimiasto.pl\/#organization\",\"name\":\"Tak Brzmi Miasto\",\"url\":\"https:\/\/takbrzmimiasto.pl\/\",\"sameAs\":[],\"logo\":{\"@type\":\"ImageObject\",\"inLanguage\":\"en-US\",\"@id\":\"https:\/\/takbrzmimiasto.pl\/#\/schema\/logo\/image\/\",\"url\":\"https:\/\/takbrzmimiasto.pl\/wp-content\/uploads\/2021\/04\/www_miniatura_bezmenu.jpg\",\"contentUrl\":\"https:\/\/takbrzmimiasto.pl\/wp-content\/uploads\/2021\/04\/www_miniatura_bezmenu.jpg\",\"width\":1920,\"height\":1080,\"caption\":\"Tak Brzmi Miasto\"},\"image\":{\"@id\":\"https:\/\/takbrzmimiasto.pl\/#\/schema\/logo\/image\/\"}},{\"@type\":\"Person\",\"@id\":\"https:\/\/takbrzmimiasto.pl\/#\/schema\/person\/1c946f5380dc2c5faa442dcd9665f577\",\"name\":\"Ewelina Krawczyk\",\"image\":{\"@type\":\"ImageObject\",\"inLanguage\":\"en-US\",\"@id\":\"https:\/\/takbrzmimiasto.pl\/#\/schema\/person\/image\/\",\"url\":\"https:\/\/secure.gravatar.com\/avatar\/03e1748f22765fb67ad17a1be9f9214e?s=96&d=mm&r=g\",\"contentUrl\":\"https:\/\/secure.gravatar.com\/avatar\/03e1748f22765fb67ad17a1be9f9214e?s=96&d=mm&r=g\",\"caption\":\"Ewelina Krawczyk\"},\"description\":\"Organizatorka, promotorka i mened\u017cerka kultury. Dyrektorka Festiwalu Wschody promuj\u0105cego now\u0105 muzyk\u0119 artystyczn\u0105. Dotychczas m.in. specjalistka ds. promocji w Wydawnictwie Znak, dziennikarka w Polska Press, wsp\u00f3\u0142prowadz\u0105ca projekty rekrutacyjne i kreatywne. Z wykszta\u0142cenia psycholo\u017cka, prowadzi\u0142a zaj\u0119cia m.in. z psychologii osobowo\u015bci i tw\u00f3rczo\u015bci. Tworzy swoj\u0105 jednoosobow\u0105 agencj\u0119 kreatywn\u0105, Si\u0119 tworzy - promocyjny pomost mi\u0119dzy tw\u00f3rcami a reszt\u0105 \u015bwiata.\",\"url\":\"https:\/\/takbrzmimiasto.pl\/en\/author\/ewelina-krawczyk\/\"}]}<\/script>\n<!-- \/ Yoast SEO plugin. -->","yoast_head_json":{"title":"Si\u0119 tworzy #plony - Tak Brzmi Miasto","robots":{"index":"index","follow":"follow","max-snippet":"max-snippet:-1","max-image-preview":"max-image-preview:large","max-video-preview":"max-video-preview:-1"},"canonical":"https:\/\/takbrzmimiasto.pl\/en\/sie-tworzy-plony\/","og_locale":"en_US","og_type":"article","og_title":"Si\u0119 tworzy #plony - Tak Brzmi Miasto","og_description":"Tu\u017c przed premier\u0105 kolejnego tematu miesi\u0105ca i wysy\u0142k\u0105 naj\u015bwie\u017cszego newslettera (kt\u00f3ry mo\u017cesz otrzyma\u0107, zapisuj\u0105c si\u0119 ) zapraszam na podsumowanie ostatnich tygodni na naszym blogu. Sko\u0144czy\u0142 si\u0119 sierpie\u0144 \u2013 miesi\u0105c zbierania plon\u00f3w, kt\u00f3rego nazwa pochodzi zreszt\u0105 od \u017cniwiarskiego sierpa.\u00a0 Rolnicza nomenklatura zago\u015bci\u0142a na dobre \u2013 a przynajmniej na miesi\u0105c \u2013 w mojej g\u0142owie, kiedy postanowili\u015bmy, \u017ce [&hellip;]","og_url":"https:\/\/takbrzmimiasto.pl\/en\/sie-tworzy-plony\/","og_site_name":"Tak Brzmi Miasto","article_published_time":"2021-09-08T09:46:19+00:00","article_modified_time":"2022-09-23T13:45:03+00:00","og_image":[{"width":1920,"height":1080,"url":"https:\/\/takbrzmimiasto.pl\/wp-content\/uploads\/2021\/09\/st2.jpg","type":"image\/jpeg"}],"author":"Ewelina Krawczyk","twitter_card":"summary_large_image","twitter_misc":{"Written by":"Ewelina Krawczyk","Est. reading time":"5 minutes"},"schema":{"@context":"https:\/\/schema.org","@graph":[{"@type":"Article","@id":"https:\/\/takbrzmimiasto.pl\/en\/sie-tworzy-plony\/#article","isPartOf":{"@id":"https:\/\/takbrzmimiasto.pl\/en\/sie-tworzy-plony\/"},"author":{"name":"Ewelina Krawczyk","@id":"https:\/\/takbrzmimiasto.pl\/#\/schema\/person\/1c946f5380dc2c5faa442dcd9665f577"},"headline":"Si\u0119 tworzy #plony","datePublished":"2021-09-08T09:46:19+00:00","dateModified":"2022-09-23T13:45:03+00:00","mainEntityOfPage":{"@id":"https:\/\/takbrzmimiasto.pl\/en\/sie-tworzy-plony\/"},"wordCount":1092,"commentCount":0,"publisher":{"@id":"https:\/\/takbrzmimiasto.pl\/#organization"},"articleSection":["Aktualno\u015bci"],"inLanguage":"en-US","potentialAction":[{"@type":"CommentAction","name":"Comment","target":["https:\/\/takbrzmimiasto.pl\/en\/sie-tworzy-plony\/#respond"]}]},{"@type":"WebPage","@id":"https:\/\/takbrzmimiasto.pl\/en\/sie-tworzy-plony\/","url":"https:\/\/takbrzmimiasto.pl\/en\/sie-tworzy-plony\/","name":"Si\u0119 tworzy #plony - Tak Brzmi Miasto","isPartOf":{"@id":"https:\/\/takbrzmimiasto.pl\/#website"},"datePublished":"2021-09-08T09:46:19+00:00","dateModified":"2022-09-23T13:45:03+00:00","breadcrumb":{"@id":"https:\/\/takbrzmimiasto.pl\/en\/sie-tworzy-plony\/#breadcrumb"},"inLanguage":"en-US","potentialAction":[{"@type":"ReadAction","target":["https:\/\/takbrzmimiasto.pl\/en\/sie-tworzy-plony\/"]}]},{"@type":"BreadcrumbList","@id":"https:\/\/takbrzmimiasto.pl\/en\/sie-tworzy-plony\/#breadcrumb","itemListElement":[{"@type":"ListItem","position":1,"name":"Strona g\u0142\u00f3wna","item":"https:\/\/takbrzmimiasto.pl\/en\/"},{"@type":"ListItem","position":2,"name":"Si\u0119 tworzy #plony"}]},{"@type":"WebSite","@id":"https:\/\/takbrzmimiasto.pl\/#website","url":"https:\/\/takbrzmimiasto.pl\/","name":"Tak Brzmi Miasto","description":"Tak Brzmi Miasto to konferencja, festiwal, inkubator dla mened\u017cer\u00f3w i akademia","publisher":{"@id":"https:\/\/takbrzmimiasto.pl\/#organization"},"potentialAction":[{"@type":"SearchAction","target":{"@type":"EntryPoint","urlTemplate":"https:\/\/takbrzmimiasto.pl\/?s={search_term_string}"},"query-input":"required name=search_term_string"}],"inLanguage":"en-US"},{"@type":"Organization","@id":"https:\/\/takbrzmimiasto.pl\/#organization","name":"Tak Brzmi Miasto","url":"https:\/\/takbrzmimiasto.pl\/","sameAs":[],"logo":{"@type":"ImageObject","inLanguage":"en-US","@id":"https:\/\/takbrzmimiasto.pl\/#\/schema\/logo\/image\/","url":"https:\/\/takbrzmimiasto.pl\/wp-content\/uploads\/2021\/04\/www_miniatura_bezmenu.jpg","contentUrl":"https:\/\/takbrzmimiasto.pl\/wp-content\/uploads\/2021\/04\/www_miniatura_bezmenu.jpg","width":1920,"height":1080,"caption":"Tak Brzmi Miasto"},"image":{"@id":"https:\/\/takbrzmimiasto.pl\/#\/schema\/logo\/image\/"}},{"@type":"Person","@id":"https:\/\/takbrzmimiasto.pl\/#\/schema\/person\/1c946f5380dc2c5faa442dcd9665f577","name":"Ewelina Krawczyk","image":{"@type":"ImageObject","inLanguage":"en-US","@id":"https:\/\/takbrzmimiasto.pl\/#\/schema\/person\/image\/","url":"https:\/\/secure.gravatar.com\/avatar\/03e1748f22765fb67ad17a1be9f9214e?s=96&d=mm&r=g","contentUrl":"https:\/\/secure.gravatar.com\/avatar\/03e1748f22765fb67ad17a1be9f9214e?s=96&d=mm&r=g","caption":"Ewelina Krawczyk"},"description":"Organizatorka, promotorka i mened\u017cerka kultury. Dyrektorka Festiwalu Wschody promuj\u0105cego now\u0105 muzyk\u0119 artystyczn\u0105. Dotychczas m.in. specjalistka ds. promocji w Wydawnictwie Znak, dziennikarka w Polska Press, wsp\u00f3\u0142prowadz\u0105ca projekty rekrutacyjne i kreatywne. Z wykszta\u0142cenia psycholo\u017cka, prowadzi\u0142a zaj\u0119cia m.in. z psychologii osobowo\u015bci i tw\u00f3rczo\u015bci. Tworzy swoj\u0105 jednoosobow\u0105 agencj\u0119 kreatywn\u0105, Si\u0119 tworzy - promocyjny pomost mi\u0119dzy tw\u00f3rcami a reszt\u0105 \u015bwiata.","url":"https:\/\/takbrzmimiasto.pl\/en\/author\/ewelina-krawczyk\/"}]}},"_links":{"self":[{"href":"https:\/\/takbrzmimiasto.pl\/en\/wp-json\/wp\/v2\/posts\/4808\/"}],"collection":[{"href":"https:\/\/takbrzmimiasto.pl\/en\/wp-json\/wp\/v2\/posts\/"}],"about":[{"href":"https:\/\/takbrzmimiasto.pl\/en\/wp-json\/wp\/v2\/types\/post\/"}],"author":[{"embeddable":true,"href":"https:\/\/takbrzmimiasto.pl\/en\/wp-json\/wp\/v2\/users\/60\/"}],"replies":[{"embeddable":true,"href":"https:\/\/takbrzmimiasto.pl\/en\/wp-json\/wp\/v2\/comments\/?post=4808"}],"version-history":[{"count":4,"href":"https:\/\/takbrzmimiasto.pl\/en\/wp-json\/wp\/v2\/posts\/4808\/revisions\/"}],"predecessor-version":[{"id":15365,"href":"https:\/\/takbrzmimiasto.pl\/en\/wp-json\/wp\/v2\/posts\/4808\/revisions\/15365\/"}],"wp:featuredmedia":[{"embeddable":true,"href":"https:\/\/takbrzmimiasto.pl\/en\/wp-json\/wp\/v2\/media\/4811\/"}],"wp:attachment":[{"href":"https:\/\/takbrzmimiasto.pl\/en\/wp-json\/wp\/v2\/media\/?parent=4808"}],"wp:term":[{"taxonomy":"category","embeddable":true,"href":"https:\/\/takbrzmimiasto.pl\/en\/wp-json\/wp\/v2\/categories\/?post=4808"},{"taxonomy":"post_tag","embeddable":true,"href":"https:\/\/takbrzmimiasto.pl\/en\/wp-json\/wp\/v2\/tags\/?post=4808"}],"curies":[{"name":"wp","href":"https:\/\/api.w.org\/{rel}","templated":true}]}}