{"id":4831,"date":"2021-09-22T19:22:41","date_gmt":"2021-09-22T17:22:41","guid":{"rendered":"https:\/\/takbrzmimiasto.pl\/?p=4831"},"modified":"2022-04-15T11:49:06","modified_gmt":"2022-04-15T09:49:06","slug":"glos-spolecznosci-edukacja","status":"publish","type":"post","link":"https:\/\/takbrzmimiasto.pl\/en\/glos-spolecznosci-edukacja\/","title":{"rendered":"G\u0142os Spo\u0142eczno\u015bci: #edukacja"},"content":{"rendered":"<p><strong>Klasyczna edukacja kontra rynek muzyczny: <\/strong><strong>Czy absolwenci szk\u00f3\u0142 muzycznych s\u0105 przygotowani do funkcjonowania w bran\u017cy muzyki rozrywkowej?<\/strong><br \/>\n<strong>Do rozmowy zaprosi\u0142am troje uczestnik\u00f3w TBM Summer Camp 2021: pianistk\u0119 Jowit\u0119 Cie\u015blikiewicz, wokalistk\u0119 Ta\u0144k\u0119 Szafraniec i gitarzyst\u0119 Ma\u0107ka Zieli\u0144skiego. Wszyscy odebrali klasyczn\u0105 edukacj\u0119 w szko\u0142ach i na akademiach muzycznych. Czego nauczyli si\u0119 przez kilkana\u015bcie lat edukacji muzycznej, a co da\u0142 im Inkubator Tak Brzmi Miasto? Co przekazuj\u0105 kolejnemu pokoleniu artyst\u00f3w?<\/strong><\/p>\n<p><strong>Czego nauczy\u0142a ci\u0119 szko\u0142a muzyczna?<br \/>\n<\/strong><strong>Ta\u0144ka Szafraniec:<\/strong> Szko\u0142a muzyczna nauczy\u0142a mnie systematyczno\u015bci, dosta\u0142am te\u017c ogromn\u0105 baz\u0119 muzyczn\u0105, nauczy\u0142am si\u0119 techniki wokalnej, podstaw komponowania i improwizacji. Szko\u0142a nauczy\u0142a mnie te\u017c pokory, ale takiej \u017ale rozumianej, \u017ce nie mam w\u0142asnej warto\u015bci, pope\u0142niam mn\u00f3stwo b\u0142\u0119d\u00f3w i nie mog\u0119 by\u0107 pewna siebie\u2026 D\u0142ugo musia\u0142am z tym walczy\u0107, aby m\u00f3c tworzy\u0107 w\u0142asn\u0105 muzyk\u0119. Dobrze, \u017ce trafi\u0142am do TBM, bo dowiedzia\u0142am si\u0119 jak to naprawi\u0107!<\/p>\n<p><strong>Jowita Cie\u015blikiewicz:<\/strong> Ja na szcz\u0119\u015bcie nie mam \u017cadnej traumy z czas\u00f3w swojej edukacji muzycznej. Nauczy\u0142am si\u0119 wszelkich spraw technicznych, gry na instrumencie i czytania nut. Mog\u0119 tak\u017ce \u015bmia\u0142o powiedzie\u0107, \u017ce w trakcie nauki zmieni\u0142a si\u0119 moja percepcja muzyki, zacz\u0119\u0142am du\u017co wi\u0119cej s\u0142ysze\u0107 i s\u0142ucha\u0107 analitycznie. Nauczy\u0142am si\u0119 tak\u017ce pracy, systematyczno\u015bci, pokory i wytrwa\u0142o\u015bci.<br \/>\n<strong>Maciek Zieli\u0144ski:<\/strong> Edukacja muzyczna nauczy\u0142a mnie techniki gry na gitarze, co dla mnie jako gitarzysty jest kluczowe. Nauczy\u0142em si\u0119 tak\u017ce mi\u0142o\u015bci do muzyki, nie tylko klasycznej, ale tak\u017ce rozrywkowej. Nauczy\u0142em si\u0119 aktywnie s\u0142ucha\u0107 muzyki oraz uczy\u0107 si\u0119 z niej, analizowa\u0107 budow\u0119 utworu i cieszy\u0107 si\u0119 d\u017awi\u0119kami, szuka\u0107 tego, co w muzyce mnie przyci\u0105ga i co dla mnie jest ciekawe. Mia\u0142em szcz\u0119\u015bcie do nauczycieli na ka\u017cdym etapie nauki \u2013 byli pe\u0142ni pasji i ch\u0119tnie si\u0119 ni\u0105 dzielili.<\/p>\n<p><strong>Czy w szkole zabrak\u0142o ci czego\u015b, co uzupe\u0142ni\u0142 Inkubator TBM?<\/strong><br \/>\n<strong>Ta\u0144ka:<\/strong> Ani szko\u0142a muzyczna, ani studia muzyczne nie nauczy\u0142y mnie, \u017ce mam swoj\u0105 warto\u015b\u0107 i godno\u015b\u0107. A Inkubator TBM w\u0142a\u015bnie to mi pokaza\u0142. Dodatkowo spotka\u0142am mn\u00f3stwo os\u00f3b, kt\u00f3re maj\u0105 z tym problem. Szko\u0142a muzyczna pomin\u0119\u0142a r\u00f3wnie\u017c zagadnienia dotycz\u0105ce promocji, managementu oraz produkcji i pisania tekst\u00f3w, a te tematy w Inkubatorze TBM tworz\u0105 g\u0142\u00f3wn\u0105 o\u015b dzia\u0142ania. Przyk\u0142adowo, na studiach muzycznych nigdy nie mia\u0142am warsztat\u00f3w z tek\u015bciarskich, a to umiej\u0119tno\u015b\u0107 bardzo istotna dla mnie jako artystki. Tutaj, na Summercampie TBM, odby\u0142o si\u0119 wiele znakomitych spotka\u0144 i zaj\u0119\u0107, dzi\u0119ki kt\u00f3rym wiem nie tylko ile pope\u0142ni\u0142am b\u0142\u0119d\u00f3w, ale te\u017c jak ich unika\u0107 w przysz\u0142o\u015bci.<\/p>\n<p><strong>Maciek:<\/strong> Na studiach muzycznych nie dowiedzia\u0142em si\u0119 jak promowa\u0107 i budowa\u0107 swoj\u0105 mark\u0119 muzyczn\u0105. Szko\u0142y muzyczne ucz\u0105 nas zawodu muzyka od strony praktycznej. Po Akademii Muzycznej wiem, \u017ce reprezentuj\u0119 wysoki poziom w kwestii umiej\u0119tno\u015bci instrumentalnych, ale mnie i pozosta\u0142ym absolwentom brakowa\u0142o wiedzy dotycz\u0105cej przedsi\u0119biorczo\u015bci. Nie dostali\u015bmy tak\u017ce podstawowych narz\u0119dzi z zakresu cho\u0107by produkcji muzycznej. Trafi\u0142em na Inkubator TBM, aby naby\u0107 umiej\u0119tno\u015bci mened\u017cerskich i\u2026 okaza\u0142o si\u0119, \u017ce to wszystko jest prostsze ni\u017c si\u0119 wydaje! Inkubator TBM nauczy\u0142 mnie jak zarz\u0105dza\u0107 swoj\u0105 karier\u0105, jak organizowa\u0107 trasy koncertowe i jak rozwija\u0107 promocj\u0119.<\/p>\n<p><strong>Jowita:<\/strong> Niestety szko\u0142a muzyczna nie u\u015bwiadamia, \u017ce mo\u017cna by\u0107 aktywnym muzykiem, nie b\u0119d\u0105c wirtuozem. Wed\u0142ug szkolnych standard\u00f3w albo jest si\u0119 najlepszym, albo nie istnieje si\u0119 wcale. Piani\u015bci nie maj\u0105 w programie nauki gry w zespole, wi\u0119c nie wiedz\u0105, \u017ce istnieje co\u015b innego poza solistyczn\u0105 karier\u0105. Ja dosy\u0107 wcze\u015bnie trafi\u0142am do zespo\u0142u rockowego, awangardowego, i okaza\u0142o si\u0119, \u017ce mimo swoich umiej\u0119tno\u015bci, nie potrafi\u0119 sama z siebie zagra\u0107 czego\u015b, co b\u0119dzie pasowa\u0142o do ju\u017c skomponowanego utworu, nie potrafi\u0119 improwizowa\u0107. Bardzo silnie odczuwa\u0142am tak\u017ce brak podstawowej edukacji w kwestiach przedsi\u0119biorczo\u015bci. Na Inkubatorze TBM nauczy\u0142am si\u0119, \u017ce muzyk sam musi by\u0107 dla siebie mened\u017cerem, powinien wyznaczy\u0107 sobie \u015bcie\u017ck\u0119 swojej kariery muzycznej. Czas edukacji jest czasem poszukiwa\u0144 drogi dla siebie, ale p\u00f3\u017aniej przychodzi moment konfrontacji z rzeczywisto\u015bci\u0105\u2026 I ten, kto wierzy w cud, \u017ce kto\u015b go odkryje, bo jest dobrym i rzetelnym muzykiem, niestety jest w b\u0142\u0119dzie.<\/p>\n<p><strong>Jak pomagasz swoim uczniom poradzi\u0107 sobie w przysz\u0142ym \u017cyciu z muzyk\u0105?<\/strong><br \/>\n<strong>Jowita:<\/strong> Pracuj\u0105c z dzie\u0107mi traktuj\u0119 edukacj\u0119 muzyczn\u0105 jako wielokierunkow\u0105 nauk\u0119 rozwojow\u0105, a nie tylko przygotowanie do zawodu. Nauka muzyki i gry na instrumencie pomaga nam w innych dziedzinach, rozwija umys\u0142. Dlatego ja chc\u0119 pokaza\u0107, \u017ce nauka gry mo\u017ce by\u0107 wspania\u0142\u0105 zabaw\u0105, mo\u017cna improwizowa\u0107, pisa\u0107 w\u0142asne piosenki i rozwija\u0107 si\u0119, czerpi\u0105c z tego przyjemno\u015b\u0107. Nie chc\u0119, aby moi uczniowie mieli jakiekolwiek traumy, urazy i \u017ale wspominali edukacj\u0119. Muzyka ma by\u0107 zabaw\u0105 i pasj\u0105, a tak\u017ce prac\u0105 po\u0142\u0105czon\u0105 z przyjemno\u015bci\u0105.<\/p>\n<p><strong>Ta\u0144ka:<\/strong> Od 11 lat ucz\u0119 \u015bpiewu, a ostatnio prowadz\u0119 zaj\u0119cia g\u0142\u00f3wnie dla dzieci. Na pewno po Inkubatorze TBM b\u0119d\u0119 swoim uczniom wi\u0119cej m\u00f3wi\u0142a o tym, jak realizowa\u0107 swoje plany muzyczne i b\u0119d\u0119 im t\u0142umaczy\u0142a to, czego sama d\u0142ugo nie wiedzia\u0142am: nie mo\u017cna tylko czeka\u0107, a\u017c co\u015b w magiczny spos\u00f3b odmieni nasze \u017cycie, a kariera potoczy si\u0119 sama. Mamy zawsze jedynie to, na co sami sobie zapracujemy. Cuda, owszem, zdarzaj\u0105 si\u0119, ale bardzo rzadko\u2026<\/p>\n<p><strong>Maciek:<\/strong> Ja ucz\u0119 stosunkowo nied\u0142ugo, w ognisku muzycznym mam grup\u0119 dzieci w wieku 7-12 lat. To s\u0105 najcz\u0119\u015bciej ich pierwsze spotkania z muzyk\u0105, wi\u0119c obieca\u0142em sobie, \u017ce zara\u017c\u0119 ich pasj\u0105 do muzyki. M\u0142odych gitarzyst\u00f3w ucz\u0119 tego, \u017ce gitara jest instrumentem, kt\u00f3ry mo\u017cna wykorzysta\u0107 w wielu sytuacjach. Mo\u017cna na nim gra\u0107 i klasyczne, i rozrywkowe utwory, zabra\u0107 na ognisko czy za\u015bpiewa\u0107 najprostsze piosenki. Je\u015bli ucze\u0144 wykazuje predyspozycje do dalszej nauki, to zach\u0119cam go, aby spr\u00f3bowa\u0142 swoich si\u0142 w szkole muzycznej. Natomiast dla mnie jest najwa\u017cniejsze to, aby uczniowie czerpali przyjemno\u015b\u0107 z grania, traktowali to jak pasj\u0119, przyjemno\u015b\u0107, \u017ceby przychodzili na lekcje z rado\u015bci\u0105 i mieli z grania ogromn\u0105 frajd\u0119.<\/p>\n","protected":false},"excerpt":{"rendered":"<p>Klasyczna edukacja kontra rynek muzyczny: Czy absolwenci szk\u00f3\u0142 muzycznych s\u0105 przygotowani do funkcjonowania w bran\u017cy muzyki rozrywkowej? Do rozmowy zaprosi\u0142am troje uczestnik\u00f3w TBM Summer Camp 2021: pianistk\u0119 Jowit\u0119 Cie\u015blikiewicz, wokalistk\u0119 Ta\u0144k\u0119 Szafraniec i gitarzyst\u0119 Ma\u0107ka Zieli\u0144skiego. Wszyscy odebrali klasyczn\u0105 edukacj\u0119 w szko\u0142ach i na akademiach muzycznych. Czego nauczyli si\u0119 przez kilkana\u015bcie lat edukacji muzycznej, a [&hellip;]<\/p>\n","protected":false},"author":39,"featured_media":4879,"comment_status":"open","ping_status":"open","sticky":false,"template":"","format":"standard","meta":{"inline_featured_image":false,"footnotes":""},"categories":[309,306],"tags":[],"class_list":["post-4831","post","type-post","status-publish","format-standard","has-post-thumbnail","hentry","category-spolecznosc","category-wywiad"],"acf":[],"yoast_head":"<!-- This site is optimized with the Yoast SEO plugin v19.7.1 - https:\/\/yoast.com\/wordpress\/plugins\/seo\/ -->\n<title>G\u0142os Spo\u0142eczno\u015bci: #edukacja - Tak Brzmi Miasto<\/title>\n<meta name=\"robots\" content=\"index, follow, max-snippet:-1, max-image-preview:large, max-video-preview:-1\" \/>\n<link rel=\"canonical\" href=\"https:\/\/takbrzmimiasto.pl\/en\/glos-spolecznosci-edukacja\/\" \/>\n<meta property=\"og:locale\" content=\"en_US\" \/>\n<meta property=\"og:type\" content=\"article\" \/>\n<meta property=\"og:title\" content=\"G\u0142os Spo\u0142eczno\u015bci: #edukacja - Tak Brzmi Miasto\" \/>\n<meta property=\"og:description\" content=\"Klasyczna edukacja kontra rynek muzyczny: Czy absolwenci szk\u00f3\u0142 muzycznych s\u0105 przygotowani do funkcjonowania w bran\u017cy muzyki rozrywkowej? Do rozmowy zaprosi\u0142am troje uczestnik\u00f3w TBM Summer Camp 2021: pianistk\u0119 Jowit\u0119 Cie\u015blikiewicz, wokalistk\u0119 Ta\u0144k\u0119 Szafraniec i gitarzyst\u0119 Ma\u0107ka Zieli\u0144skiego. Wszyscy odebrali klasyczn\u0105 edukacj\u0119 w szko\u0142ach i na akademiach muzycznych. Czego nauczyli si\u0119 przez kilkana\u015bcie lat edukacji muzycznej, a [&hellip;]\" \/>\n<meta property=\"og:url\" content=\"https:\/\/takbrzmimiasto.pl\/en\/glos-spolecznosci-edukacja\/\" \/>\n<meta property=\"og:site_name\" content=\"Tak Brzmi Miasto\" \/>\n<meta property=\"article:published_time\" content=\"2021-09-22T17:22:41+00:00\" \/>\n<meta property=\"article:modified_time\" content=\"2022-04-15T09:49:06+00:00\" \/>\n<meta property=\"og:image\" content=\"https:\/\/takbrzmimiasto.pl\/wp-content\/uploads\/2021\/09\/Projekt-bez-tytulu-3.png\" \/>\n\t<meta property=\"og:image:width\" content=\"1920\" \/>\n\t<meta property=\"og:image:height\" content=\"1080\" \/>\n\t<meta property=\"og:image:type\" content=\"image\/png\" \/>\n<meta name=\"author\" content=\"Adrianna Ku\u0107mierz\" \/>\n<meta name=\"twitter:card\" content=\"summary_large_image\" \/>\n<meta name=\"twitter:label1\" content=\"Written by\" \/>\n\t<meta name=\"twitter:data1\" content=\"Adrianna Ku\u0107mierz\" \/>\n\t<meta name=\"twitter:label2\" content=\"Est. reading time\" \/>\n\t<meta name=\"twitter:data2\" content=\"5 minutes\" \/>\n<script type=\"application\/ld+json\" class=\"yoast-schema-graph\">{\"@context\":\"https:\/\/schema.org\",\"@graph\":[{\"@type\":\"Article\",\"@id\":\"https:\/\/takbrzmimiasto.pl\/en\/glos-spolecznosci-edukacja\/#article\",\"isPartOf\":{\"@id\":\"https:\/\/takbrzmimiasto.pl\/en\/glos-spolecznosci-edukacja\/\"},\"author\":{\"name\":\"Adrianna Ku\u0107mierz\",\"@id\":\"https:\/\/takbrzmimiasto.pl\/#\/schema\/person\/2dc972a63547f0129144c9bb4aa44d4b\"},\"headline\":\"G\u0142os Spo\u0142eczno\u015bci: #edukacja\",\"datePublished\":\"2021-09-22T17:22:41+00:00\",\"dateModified\":\"2022-04-15T09:49:06+00:00\",\"mainEntityOfPage\":{\"@id\":\"https:\/\/takbrzmimiasto.pl\/en\/glos-spolecznosci-edukacja\/\"},\"wordCount\":1062,\"commentCount\":0,\"publisher\":{\"@id\":\"https:\/\/takbrzmimiasto.pl\/#organization\"},\"articleSection\":[\"Spo\u0142eczno\u015b\u0107\",\"Wywiad\"],\"inLanguage\":\"en-US\",\"potentialAction\":[{\"@type\":\"CommentAction\",\"name\":\"Comment\",\"target\":[\"https:\/\/takbrzmimiasto.pl\/en\/glos-spolecznosci-edukacja\/#respond\"]}]},{\"@type\":\"WebPage\",\"@id\":\"https:\/\/takbrzmimiasto.pl\/en\/glos-spolecznosci-edukacja\/\",\"url\":\"https:\/\/takbrzmimiasto.pl\/en\/glos-spolecznosci-edukacja\/\",\"name\":\"G\u0142os Spo\u0142eczno\u015bci: #edukacja - Tak Brzmi Miasto\",\"isPartOf\":{\"@id\":\"https:\/\/takbrzmimiasto.pl\/#website\"},\"datePublished\":\"2021-09-22T17:22:41+00:00\",\"dateModified\":\"2022-04-15T09:49:06+00:00\",\"breadcrumb\":{\"@id\":\"https:\/\/takbrzmimiasto.pl\/en\/glos-spolecznosci-edukacja\/#breadcrumb\"},\"inLanguage\":\"en-US\",\"potentialAction\":[{\"@type\":\"ReadAction\",\"target\":[\"https:\/\/takbrzmimiasto.pl\/en\/glos-spolecznosci-edukacja\/\"]}]},{\"@type\":\"BreadcrumbList\",\"@id\":\"https:\/\/takbrzmimiasto.pl\/en\/glos-spolecznosci-edukacja\/#breadcrumb\",\"itemListElement\":[{\"@type\":\"ListItem\",\"position\":1,\"name\":\"Strona g\u0142\u00f3wna\",\"item\":\"https:\/\/takbrzmimiasto.pl\/en\/\"},{\"@type\":\"ListItem\",\"position\":2,\"name\":\"G\u0142os Spo\u0142eczno\u015bci: #edukacja\"}]},{\"@type\":\"WebSite\",\"@id\":\"https:\/\/takbrzmimiasto.pl\/#website\",\"url\":\"https:\/\/takbrzmimiasto.pl\/\",\"name\":\"Tak Brzmi Miasto\",\"description\":\"Tak Brzmi Miasto to konferencja, festiwal, inkubator dla mened\u017cer\u00f3w i akademia\",\"publisher\":{\"@id\":\"https:\/\/takbrzmimiasto.pl\/#organization\"},\"potentialAction\":[{\"@type\":\"SearchAction\",\"target\":{\"@type\":\"EntryPoint\",\"urlTemplate\":\"https:\/\/takbrzmimiasto.pl\/?s={search_term_string}\"},\"query-input\":\"required name=search_term_string\"}],\"inLanguage\":\"en-US\"},{\"@type\":\"Organization\",\"@id\":\"https:\/\/takbrzmimiasto.pl\/#organization\",\"name\":\"Tak Brzmi Miasto\",\"url\":\"https:\/\/takbrzmimiasto.pl\/\",\"sameAs\":[],\"logo\":{\"@type\":\"ImageObject\",\"inLanguage\":\"en-US\",\"@id\":\"https:\/\/takbrzmimiasto.pl\/#\/schema\/logo\/image\/\",\"url\":\"https:\/\/takbrzmimiasto.pl\/wp-content\/uploads\/2021\/04\/www_miniatura_bezmenu.jpg\",\"contentUrl\":\"https:\/\/takbrzmimiasto.pl\/wp-content\/uploads\/2021\/04\/www_miniatura_bezmenu.jpg\",\"width\":1920,\"height\":1080,\"caption\":\"Tak Brzmi Miasto\"},\"image\":{\"@id\":\"https:\/\/takbrzmimiasto.pl\/#\/schema\/logo\/image\/\"}},{\"@type\":\"Person\",\"@id\":\"https:\/\/takbrzmimiasto.pl\/#\/schema\/person\/2dc972a63547f0129144c9bb4aa44d4b\",\"name\":\"Adrianna Ku\u0107mierz\",\"image\":{\"@type\":\"ImageObject\",\"inLanguage\":\"en-US\",\"@id\":\"https:\/\/takbrzmimiasto.pl\/#\/schema\/person\/image\/\",\"url\":\"https:\/\/secure.gravatar.com\/avatar\/a042c94f8c4d08f584629a8ee778f3c9?s=96&d=mm&r=g\",\"contentUrl\":\"https:\/\/secure.gravatar.com\/avatar\/a042c94f8c4d08f584629a8ee778f3c9?s=96&d=mm&r=g\",\"caption\":\"Adrianna Ku\u0107mierz\"},\"description\":\"Adrianna Ku\u0107mierz - wokalistka, autorka tekst\u00f3w, kompozytorka. Tak\u017ce aktorka i lektorka. Pisze piosenki, \u015bpiewa, gra w teatrze i TV. Kocha natur\u0119 i ceni ka\u017cd\u0105 chwil\u0119 sp\u0119dzon\u0105 na \u0142onie przyrody. Podr\u00f3\u017cuje kiedy si\u0119 da, a kiedy nie - celebruje relacje z lud\u017ami lub samotno\u015bci\u0105. Absolwentka Tak Brzmi Miasto Inkubator 2020.\",\"url\":\"https:\/\/takbrzmimiasto.pl\/en\/author\/adrianna-kucmierz\/\"}]}<\/script>\n<!-- \/ Yoast SEO plugin. -->","yoast_head_json":{"title":"G\u0142os Spo\u0142eczno\u015bci: #edukacja - Tak Brzmi Miasto","robots":{"index":"index","follow":"follow","max-snippet":"max-snippet:-1","max-image-preview":"max-image-preview:large","max-video-preview":"max-video-preview:-1"},"canonical":"https:\/\/takbrzmimiasto.pl\/en\/glos-spolecznosci-edukacja\/","og_locale":"en_US","og_type":"article","og_title":"G\u0142os Spo\u0142eczno\u015bci: #edukacja - Tak Brzmi Miasto","og_description":"Klasyczna edukacja kontra rynek muzyczny: Czy absolwenci szk\u00f3\u0142 muzycznych s\u0105 przygotowani do funkcjonowania w bran\u017cy muzyki rozrywkowej? Do rozmowy zaprosi\u0142am troje uczestnik\u00f3w TBM Summer Camp 2021: pianistk\u0119 Jowit\u0119 Cie\u015blikiewicz, wokalistk\u0119 Ta\u0144k\u0119 Szafraniec i gitarzyst\u0119 Ma\u0107ka Zieli\u0144skiego. Wszyscy odebrali klasyczn\u0105 edukacj\u0119 w szko\u0142ach i na akademiach muzycznych. Czego nauczyli si\u0119 przez kilkana\u015bcie lat edukacji muzycznej, a [&hellip;]","og_url":"https:\/\/takbrzmimiasto.pl\/en\/glos-spolecznosci-edukacja\/","og_site_name":"Tak Brzmi Miasto","article_published_time":"2021-09-22T17:22:41+00:00","article_modified_time":"2022-04-15T09:49:06+00:00","og_image":[{"width":1920,"height":1080,"url":"https:\/\/takbrzmimiasto.pl\/wp-content\/uploads\/2021\/09\/Projekt-bez-tytulu-3.png","type":"image\/png"}],"author":"Adrianna Ku\u0107mierz","twitter_card":"summary_large_image","twitter_misc":{"Written by":"Adrianna Ku\u0107mierz","Est. reading time":"5 minutes"},"schema":{"@context":"https:\/\/schema.org","@graph":[{"@type":"Article","@id":"https:\/\/takbrzmimiasto.pl\/en\/glos-spolecznosci-edukacja\/#article","isPartOf":{"@id":"https:\/\/takbrzmimiasto.pl\/en\/glos-spolecznosci-edukacja\/"},"author":{"name":"Adrianna Ku\u0107mierz","@id":"https:\/\/takbrzmimiasto.pl\/#\/schema\/person\/2dc972a63547f0129144c9bb4aa44d4b"},"headline":"G\u0142os Spo\u0142eczno\u015bci: #edukacja","datePublished":"2021-09-22T17:22:41+00:00","dateModified":"2022-04-15T09:49:06+00:00","mainEntityOfPage":{"@id":"https:\/\/takbrzmimiasto.pl\/en\/glos-spolecznosci-edukacja\/"},"wordCount":1062,"commentCount":0,"publisher":{"@id":"https:\/\/takbrzmimiasto.pl\/#organization"},"articleSection":["Spo\u0142eczno\u015b\u0107","Wywiad"],"inLanguage":"en-US","potentialAction":[{"@type":"CommentAction","name":"Comment","target":["https:\/\/takbrzmimiasto.pl\/en\/glos-spolecznosci-edukacja\/#respond"]}]},{"@type":"WebPage","@id":"https:\/\/takbrzmimiasto.pl\/en\/glos-spolecznosci-edukacja\/","url":"https:\/\/takbrzmimiasto.pl\/en\/glos-spolecznosci-edukacja\/","name":"G\u0142os Spo\u0142eczno\u015bci: #edukacja - Tak Brzmi Miasto","isPartOf":{"@id":"https:\/\/takbrzmimiasto.pl\/#website"},"datePublished":"2021-09-22T17:22:41+00:00","dateModified":"2022-04-15T09:49:06+00:00","breadcrumb":{"@id":"https:\/\/takbrzmimiasto.pl\/en\/glos-spolecznosci-edukacja\/#breadcrumb"},"inLanguage":"en-US","potentialAction":[{"@type":"ReadAction","target":["https:\/\/takbrzmimiasto.pl\/en\/glos-spolecznosci-edukacja\/"]}]},{"@type":"BreadcrumbList","@id":"https:\/\/takbrzmimiasto.pl\/en\/glos-spolecznosci-edukacja\/#breadcrumb","itemListElement":[{"@type":"ListItem","position":1,"name":"Strona g\u0142\u00f3wna","item":"https:\/\/takbrzmimiasto.pl\/en\/"},{"@type":"ListItem","position":2,"name":"G\u0142os Spo\u0142eczno\u015bci: #edukacja"}]},{"@type":"WebSite","@id":"https:\/\/takbrzmimiasto.pl\/#website","url":"https:\/\/takbrzmimiasto.pl\/","name":"Tak Brzmi Miasto","description":"Tak Brzmi Miasto to konferencja, festiwal, inkubator dla mened\u017cer\u00f3w i akademia","publisher":{"@id":"https:\/\/takbrzmimiasto.pl\/#organization"},"potentialAction":[{"@type":"SearchAction","target":{"@type":"EntryPoint","urlTemplate":"https:\/\/takbrzmimiasto.pl\/?s={search_term_string}"},"query-input":"required name=search_term_string"}],"inLanguage":"en-US"},{"@type":"Organization","@id":"https:\/\/takbrzmimiasto.pl\/#organization","name":"Tak Brzmi Miasto","url":"https:\/\/takbrzmimiasto.pl\/","sameAs":[],"logo":{"@type":"ImageObject","inLanguage":"en-US","@id":"https:\/\/takbrzmimiasto.pl\/#\/schema\/logo\/image\/","url":"https:\/\/takbrzmimiasto.pl\/wp-content\/uploads\/2021\/04\/www_miniatura_bezmenu.jpg","contentUrl":"https:\/\/takbrzmimiasto.pl\/wp-content\/uploads\/2021\/04\/www_miniatura_bezmenu.jpg","width":1920,"height":1080,"caption":"Tak Brzmi Miasto"},"image":{"@id":"https:\/\/takbrzmimiasto.pl\/#\/schema\/logo\/image\/"}},{"@type":"Person","@id":"https:\/\/takbrzmimiasto.pl\/#\/schema\/person\/2dc972a63547f0129144c9bb4aa44d4b","name":"Adrianna Ku\u0107mierz","image":{"@type":"ImageObject","inLanguage":"en-US","@id":"https:\/\/takbrzmimiasto.pl\/#\/schema\/person\/image\/","url":"https:\/\/secure.gravatar.com\/avatar\/a042c94f8c4d08f584629a8ee778f3c9?s=96&d=mm&r=g","contentUrl":"https:\/\/secure.gravatar.com\/avatar\/a042c94f8c4d08f584629a8ee778f3c9?s=96&d=mm&r=g","caption":"Adrianna Ku\u0107mierz"},"description":"Adrianna Ku\u0107mierz - wokalistka, autorka tekst\u00f3w, kompozytorka. Tak\u017ce aktorka i lektorka. Pisze piosenki, \u015bpiewa, gra w teatrze i TV. Kocha natur\u0119 i ceni ka\u017cd\u0105 chwil\u0119 sp\u0119dzon\u0105 na \u0142onie przyrody. Podr\u00f3\u017cuje kiedy si\u0119 da, a kiedy nie - celebruje relacje z lud\u017ami lub samotno\u015bci\u0105. Absolwentka Tak Brzmi Miasto Inkubator 2020.","url":"https:\/\/takbrzmimiasto.pl\/en\/author\/adrianna-kucmierz\/"}]}},"_links":{"self":[{"href":"https:\/\/takbrzmimiasto.pl\/en\/wp-json\/wp\/v2\/posts\/4831\/"}],"collection":[{"href":"https:\/\/takbrzmimiasto.pl\/en\/wp-json\/wp\/v2\/posts\/"}],"about":[{"href":"https:\/\/takbrzmimiasto.pl\/en\/wp-json\/wp\/v2\/types\/post\/"}],"author":[{"embeddable":true,"href":"https:\/\/takbrzmimiasto.pl\/en\/wp-json\/wp\/v2\/users\/39\/"}],"replies":[{"embeddable":true,"href":"https:\/\/takbrzmimiasto.pl\/en\/wp-json\/wp\/v2\/comments\/?post=4831"}],"version-history":[{"count":4,"href":"https:\/\/takbrzmimiasto.pl\/en\/wp-json\/wp\/v2\/posts\/4831\/revisions\/"}],"predecessor-version":[{"id":5019,"href":"https:\/\/takbrzmimiasto.pl\/en\/wp-json\/wp\/v2\/posts\/4831\/revisions\/5019\/"}],"wp:featuredmedia":[{"embeddable":true,"href":"https:\/\/takbrzmimiasto.pl\/en\/wp-json\/wp\/v2\/media\/4879\/"}],"wp:attachment":[{"href":"https:\/\/takbrzmimiasto.pl\/en\/wp-json\/wp\/v2\/media\/?parent=4831"}],"wp:term":[{"taxonomy":"category","embeddable":true,"href":"https:\/\/takbrzmimiasto.pl\/en\/wp-json\/wp\/v2\/categories\/?post=4831"},{"taxonomy":"post_tag","embeddable":true,"href":"https:\/\/takbrzmimiasto.pl\/en\/wp-json\/wp\/v2\/tags\/?post=4831"}],"curies":[{"name":"wp","href":"https:\/\/api.w.org\/{rel}","templated":true}]}}