{"id":5047,"date":"2021-09-26T18:23:53","date_gmt":"2021-09-26T16:23:53","guid":{"rendered":"https:\/\/takbrzmimiasto.pl\/?p=5047"},"modified":"2022-09-23T15:45:03","modified_gmt":"2022-09-23T13:45:03","slug":"mozaika-debiutancka-plyta-tanki-szafraniec","status":"publish","type":"post","link":"https:\/\/takbrzmimiasto.pl\/en\/mozaika-debiutancka-plyta-tanki-szafraniec\/","title":{"rendered":"Mozaika \u2013 debiutancka p\u0142yta Ta\u0144ki Szafraniec"},"content":{"rendered":"<p><strong>P\u0142yta <i>Mozaika<\/i><\/strong><span style=\"font-weight: 400;\"><strong> jest po\u0142\u0105czeniem od\u0142amk\u00f3w muzycznych z r\u00f3\u017cnych gatunk\u00f3w, \u015bwietnie u\u0142o\u017conych w jeden obraz. Album przeprowadza s\u0142uchacza przez big beat, inspiracje muzyk\u0105 Czes\u0142awa Niemena, po alternatywny pop rock. Teksty, kt\u00f3re znalaz\u0142y si\u0119 na kr\u0105\u017cku, s\u0105 autorstwa wokalistki i kompozytorki wi\u0119kszo\u015bci piosenek, p\u0142ynnie splecione z poezj\u0105 Marii Pawlikowskiej-Jasnorzewskiej.<\/strong> <\/span><\/p>\n<p><span style=\"font-weight: 400;\">Silny i ciekawy g\u0142os Ta\u0144ki jest pe\u0142en emocji, \u015bwiadomo\u015bci i dojrza\u0142o\u015bci muzycznej. Ka\u017cde s\u0142owo ma swoje wyj\u0105tkowe miejsce w wersie, ka\u017cdy d\u017awi\u0119k jest niezb\u0119dn\u0105 cz\u0119\u015bci\u0105 kompozycji, kt\u00f3ra porywa zar\u00f3wno do ta\u0144ca jak i refleksji.\u00a0<\/span><\/p>\n<p><img loading=\"lazy\" decoding=\"async\" class=\"aligncenter wp-image-5066 size-full\" src=\"https:\/\/takbrzmimiasto.pl\/wp-content\/uploads\/2021\/09\/cover_1920px.jpg\" alt=\"\" width=\"1920\" height=\"1920\" data-wp-pid=\"5066\" srcset=\"https:\/\/takbrzmimiasto.pl\/wp-content\/uploads\/2021\/09\/cover_1920px.jpg 1920w, https:\/\/takbrzmimiasto.pl\/wp-content\/uploads\/2021\/09\/cover_1920px-350x350.jpg 350w, https:\/\/takbrzmimiasto.pl\/wp-content\/uploads\/2021\/09\/cover_1920px-100x100.jpg 100w, https:\/\/takbrzmimiasto.pl\/wp-content\/uploads\/2021\/09\/cover_1920px-800x800.jpg 800w, https:\/\/takbrzmimiasto.pl\/wp-content\/uploads\/2021\/09\/cover_1920px-1000x1000.jpg 1000w, https:\/\/takbrzmimiasto.pl\/wp-content\/uploads\/2021\/09\/cover_1920px-768x768.jpg 768w, https:\/\/takbrzmimiasto.pl\/wp-content\/uploads\/2021\/09\/cover_1920px-1536x1536.jpg 1536w\" sizes=\"(max-width: 1920px) 100vw, 1920px\" \/><\/p>\n<p><span style=\"font-weight: 400;\">Album otwiera delikatny utw\u00f3r <\/span><i><span style=\"font-weight: 400;\">Oczy na skrzyd\u0142ach <\/span><\/i><span style=\"font-weight: 400;\">z tekstem Marii Pawlikowskiej-Jasnorzewskiej, do kt\u00f3rej wierszy powsta\u0142y jeszcze dwie pozycje p\u0142ytowe. S\u0105 one tak\u017ce cz\u0119\u015bci\u0105 projektu <\/span><i><span style=\"font-weight: 400;\">Maria<\/span><\/i><span style=\"font-weight: 400;\">, kt\u00f3ry pojawi\u0142 si\u0119 w 2020 roku, zanim zrodzi\u0142a si\u0119 <\/span><i><span style=\"font-weight: 400;\">Mozaika<\/span><\/i><span style=\"font-weight: 400;\">. Kolejne kompozycje odkrywaj\u0105 nast\u0119pne karty i daj\u0105 przem\u00f3wi\u0107 wokalistce jej mocnym, kobiecym g\u0142osem, niepozbawionym stanowczo\u015bci i m\u0142odzie\u0144czej werwy, kt\u00f3ra eksploduje w utworze <\/span><i><span style=\"font-weight: 400;\">Biec. <\/span><\/i><span style=\"font-weight: 400;\">Warto obejrze\u0107 tak\u017ce teledysk do tej piosenki, kt\u00f3ry karmi letni\u0105 energi\u0105! Tu\u017c za nim czeka kolejna niespodzianka: duet! Zniewalaj\u0105ce po\u0142\u0105czenie g\u0142os\u00f3w, dzi\u0119ki kt\u00f3remu utw\u00f3r ma pot\u0119\u017cn\u0105 moc. Tym wi\u0119kszym zaskoczeniem jest fakt, \u017ce przed mikrofonem stan\u0105\u0142 nie Organek czy Krzysztof Zalewski, a\u2026 m\u0105\u017c artystki, Micha\u0142 Szafraniec! Mamy nadziej\u0119, \u017ce solowa p\u0142yta Micha\u0142a tak\u017ce si\u0119 uka\u017ce w niedalekiej przysz\u0142o\u015bci! \ud83d\ude09<\/span><\/p>\n<p><span style=\"font-weight: 400;\">Z ca\u0142o\u015bci wyra\u017anie wyr\u00f3\u017cniaj\u0105 si\u0119 jeszcze dwie pozycje: utw\u00f3r <\/span><i><span style=\"font-weight: 400;\">Przemijam <\/span><\/i><span style=\"font-weight: 400;\">pora\u017ca si\u0142\u0105 i jednocze\u015bnie niemal zawstydza swoj\u0105 intymno\u015bci\u0105 (koniecznie zobaczcie te\u017c klip!) <\/span><i><span style=\"font-weight: 400;\">Zawsze<\/span><\/i><span style=\"font-weight: 400;\"> jawi si\u0119 natomiast jako niezb\u0119dna szczypta lekko\u015bci i domyka ca\u0142\u0105 uk\u0142adank\u0119 swoim ko\u0142ysankowym charakterem, zgrabnie przemycaj\u0105c silne przes\u0142anie.<\/span><\/p>\n<figure id=\"attachment_5068\" aria-describedby=\"caption-attachment-5068\" style=\"width: 800px\" class=\"wp-caption aligncenter\"><img loading=\"lazy\" decoding=\"async\" class=\"wp-image-5068 size-large\" src=\"https:\/\/takbrzmimiasto.pl\/wp-content\/uploads\/2021\/09\/fot.-Aleksandra-Kaminska-Broniek6ddd-800x800.jpg\" alt=\"\" width=\"800\" height=\"800\" data-wp-pid=\"5068\" srcset=\"https:\/\/takbrzmimiasto.pl\/wp-content\/uploads\/2021\/09\/fot.-Aleksandra-Kaminska-Broniek6ddd-800x800.jpg 800w, https:\/\/takbrzmimiasto.pl\/wp-content\/uploads\/2021\/09\/fot.-Aleksandra-Kaminska-Broniek6ddd-350x350.jpg 350w, https:\/\/takbrzmimiasto.pl\/wp-content\/uploads\/2021\/09\/fot.-Aleksandra-Kaminska-Broniek6ddd-scaled-100x100.jpg 100w, https:\/\/takbrzmimiasto.pl\/wp-content\/uploads\/2021\/09\/fot.-Aleksandra-Kaminska-Broniek6ddd-1000x1000.jpg 1000w, https:\/\/takbrzmimiasto.pl\/wp-content\/uploads\/2021\/09\/fot.-Aleksandra-Kaminska-Broniek6ddd-768x768.jpg 768w, https:\/\/takbrzmimiasto.pl\/wp-content\/uploads\/2021\/09\/fot.-Aleksandra-Kaminska-Broniek6ddd-1536x1536.jpg 1536w, https:\/\/takbrzmimiasto.pl\/wp-content\/uploads\/2021\/09\/fot.-Aleksandra-Kaminska-Broniek6ddd-2048x2048.jpg 2048w\" sizes=\"(max-width: 800px) 100vw, 800px\" \/><figcaption id=\"caption-attachment-5068\" class=\"wp-caption-text\">fot. Aleksandra Ka (Fotoszuflada)<\/figcaption><\/figure>\n<p><span style=\"font-weight: 400;\">Trudno uwierzy\u0107, \u017ce to dopiero pierwsza solowa p\u0142yta wokalistki!<\/span><\/p>\n<p><span style=\"font-weight: 400;\">Polecam ten znakomity, dojrza\u0142y debiut, kt\u00f3ry jeszcze przed premier\u0105 p\u0142yty osi\u0105gn\u0105\u0142 na ka\u017cdym z trzech singli kilkadziesi\u0105t tysi\u0119cy wy\u015bwietle\u0144 na YouTube! <\/span><\/p>\n<p><span style=\"font-weight: 400;\">Zd\u0105\u017cycie jeszcze na premierowy koncert Ta\u0144ki, kt\u00f3ry odb\u0119dzie si\u0119 w Warszawie w poniedzia\u0142ek, 27 wrze\u015bnia (Teatr WARSawy).\u00a0<\/span><\/p>\n<p>\n    <span id=\"arrow-link-c90b0cc2\" class=\"d-inline-block\">\n        <a href=\"https:\/\/www.facebook.com\/events\/211341604224528\" class=\"arrow-link underline\">\n            <span class=\"arrow-link_text\">Premiera w Teatrze WARSawy<\/span>\n            <span class=\"arrow-link_icon\">\n                <i class=\"fa-solid fa-arrow-right\"><\/i><i class=\"fa-solid fa-arrow-right\"><\/i>\n            <\/span>\n        <\/a>\n    <\/span>\n    <br \/>\n\n    <span id=\"arrow-link-6dcce413\" class=\"d-inline-block\">\n        <a href=\"https:\/\/www.empik.com\/mozaika-tanka-szafraniec,p1278188188,muzyka-p\" class=\"arrow-link underline\">\n            <span class=\"arrow-link_text\">Przedsprzeda\u017c Mozaiki<\/span>\n            <span class=\"arrow-link_icon\">\n                <i class=\"fa-solid fa-arrow-right\"><\/i><i class=\"fa-solid fa-arrow-right\"><\/i>\n            <\/span>\n        <\/a>\n    <\/span>\n    <br \/>\n\n    <span id=\"arrow-link-bb46b25f\" class=\"d-inline-block\">\n        <a href=\"https:\/\/www.facebook.com\/TankaSzafraniecMusic\" class=\"arrow-link underline\">\n            <span class=\"arrow-link_text\">Ta\u0144ka na FB<\/span>\n            <span class=\"arrow-link_icon\">\n                <i class=\"fa-solid fa-arrow-right\"><\/i><i class=\"fa-solid fa-arrow-right\"><\/i>\n            <\/span>\n        <\/a>\n    <\/span>\n    <\/p>\n<p><b>\u00a0<\/b><\/p>\n","protected":false},"excerpt":{"rendered":"<p>P\u0142yta Mozaika jest po\u0142\u0105czeniem od\u0142amk\u00f3w muzycznych z r\u00f3\u017cnych gatunk\u00f3w, \u015bwietnie u\u0142o\u017conych w jeden obraz. Album przeprowadza s\u0142uchacza przez big beat, inspiracje muzyk\u0105 Czes\u0142awa Niemena, po alternatywny pop rock. Teksty, kt\u00f3re znalaz\u0142y si\u0119 na kr\u0105\u017cku, s\u0105 autorstwa wokalistki i kompozytorki wi\u0119kszo\u015bci piosenek, p\u0142ynnie splecione z poezj\u0105 Marii Pawlikowskiej-Jasnorzewskiej. Silny i ciekawy g\u0142os Ta\u0144ki jest pe\u0142en emocji, [&hellip;]<\/p>\n","protected":false},"author":39,"featured_media":5049,"comment_status":"open","ping_status":"open","sticky":false,"template":"","format":"standard","meta":{"inline_featured_image":false,"footnotes":""},"categories":[307],"tags":[],"class_list":["post-5047","post","type-post","status-publish","format-standard","has-post-thumbnail","hentry","category-recenzje"],"acf":[],"yoast_head":"<!-- This site is optimized with the Yoast SEO plugin v19.7.1 - https:\/\/yoast.com\/wordpress\/plugins\/seo\/ -->\n<title>Mozaika \u2013 debiutancka p\u0142yta Ta\u0144ki Szafraniec - Tak Brzmi Miasto<\/title>\n<meta name=\"robots\" content=\"index, follow, max-snippet:-1, max-image-preview:large, max-video-preview:-1\" \/>\n<link rel=\"canonical\" href=\"https:\/\/takbrzmimiasto.pl\/en\/mozaika-debiutancka-plyta-tanki-szafraniec\/\" \/>\n<meta property=\"og:locale\" content=\"en_US\" \/>\n<meta property=\"og:type\" content=\"article\" \/>\n<meta property=\"og:title\" content=\"Mozaika \u2013 debiutancka p\u0142yta Ta\u0144ki Szafraniec - Tak Brzmi Miasto\" \/>\n<meta property=\"og:description\" content=\"P\u0142yta Mozaika jest po\u0142\u0105czeniem od\u0142amk\u00f3w muzycznych z r\u00f3\u017cnych gatunk\u00f3w, \u015bwietnie u\u0142o\u017conych w jeden obraz. Album przeprowadza s\u0142uchacza przez big beat, inspiracje muzyk\u0105 Czes\u0142awa Niemena, po alternatywny pop rock. Teksty, kt\u00f3re znalaz\u0142y si\u0119 na kr\u0105\u017cku, s\u0105 autorstwa wokalistki i kompozytorki wi\u0119kszo\u015bci piosenek, p\u0142ynnie splecione z poezj\u0105 Marii Pawlikowskiej-Jasnorzewskiej. Silny i ciekawy g\u0142os Ta\u0144ki jest pe\u0142en emocji, [&hellip;]\" \/>\n<meta property=\"og:url\" content=\"https:\/\/takbrzmimiasto.pl\/en\/mozaika-debiutancka-plyta-tanki-szafraniec\/\" \/>\n<meta property=\"og:site_name\" content=\"Tak Brzmi Miasto\" \/>\n<meta property=\"article:published_time\" content=\"2021-09-26T16:23:53+00:00\" \/>\n<meta property=\"article:modified_time\" content=\"2022-09-23T13:45:03+00:00\" \/>\n<meta property=\"og:image\" content=\"https:\/\/takbrzmimiasto.pl\/wp-content\/uploads\/2021\/09\/ts.jpg\" \/>\n\t<meta property=\"og:image:width\" content=\"1920\" \/>\n\t<meta property=\"og:image:height\" content=\"1080\" \/>\n\t<meta property=\"og:image:type\" content=\"image\/jpeg\" \/>\n<meta name=\"author\" content=\"Adrianna Ku\u0107mierz\" \/>\n<meta name=\"twitter:card\" content=\"summary_large_image\" \/>\n<meta name=\"twitter:label1\" content=\"Written by\" \/>\n\t<meta name=\"twitter:data1\" content=\"Adrianna Ku\u0107mierz\" \/>\n\t<meta name=\"twitter:label2\" content=\"Est. reading time\" \/>\n\t<meta name=\"twitter:data2\" content=\"3 minutes\" \/>\n<script type=\"application\/ld+json\" class=\"yoast-schema-graph\">{\"@context\":\"https:\/\/schema.org\",\"@graph\":[{\"@type\":\"Article\",\"@id\":\"https:\/\/takbrzmimiasto.pl\/en\/mozaika-debiutancka-plyta-tanki-szafraniec\/#article\",\"isPartOf\":{\"@id\":\"https:\/\/takbrzmimiasto.pl\/en\/mozaika-debiutancka-plyta-tanki-szafraniec\/\"},\"author\":{\"name\":\"Adrianna Ku\u0107mierz\",\"@id\":\"https:\/\/takbrzmimiasto.pl\/#\/schema\/person\/2dc972a63547f0129144c9bb4aa44d4b\"},\"headline\":\"Mozaika \u2013 debiutancka p\u0142yta Ta\u0144ki Szafraniec\",\"datePublished\":\"2021-09-26T16:23:53+00:00\",\"dateModified\":\"2022-09-23T13:45:03+00:00\",\"mainEntityOfPage\":{\"@id\":\"https:\/\/takbrzmimiasto.pl\/en\/mozaika-debiutancka-plyta-tanki-szafraniec\/\"},\"wordCount\":432,\"commentCount\":0,\"publisher\":{\"@id\":\"https:\/\/takbrzmimiasto.pl\/#organization\"},\"articleSection\":[\"Recenzje\"],\"inLanguage\":\"en-US\",\"potentialAction\":[{\"@type\":\"CommentAction\",\"name\":\"Comment\",\"target\":[\"https:\/\/takbrzmimiasto.pl\/en\/mozaika-debiutancka-plyta-tanki-szafraniec\/#respond\"]}]},{\"@type\":\"WebPage\",\"@id\":\"https:\/\/takbrzmimiasto.pl\/en\/mozaika-debiutancka-plyta-tanki-szafraniec\/\",\"url\":\"https:\/\/takbrzmimiasto.pl\/en\/mozaika-debiutancka-plyta-tanki-szafraniec\/\",\"name\":\"Mozaika \u2013 debiutancka p\u0142yta Ta\u0144ki Szafraniec - Tak Brzmi Miasto\",\"isPartOf\":{\"@id\":\"https:\/\/takbrzmimiasto.pl\/#website\"},\"datePublished\":\"2021-09-26T16:23:53+00:00\",\"dateModified\":\"2022-09-23T13:45:03+00:00\",\"breadcrumb\":{\"@id\":\"https:\/\/takbrzmimiasto.pl\/en\/mozaika-debiutancka-plyta-tanki-szafraniec\/#breadcrumb\"},\"inLanguage\":\"en-US\",\"potentialAction\":[{\"@type\":\"ReadAction\",\"target\":[\"https:\/\/takbrzmimiasto.pl\/en\/mozaika-debiutancka-plyta-tanki-szafraniec\/\"]}]},{\"@type\":\"BreadcrumbList\",\"@id\":\"https:\/\/takbrzmimiasto.pl\/en\/mozaika-debiutancka-plyta-tanki-szafraniec\/#breadcrumb\",\"itemListElement\":[{\"@type\":\"ListItem\",\"position\":1,\"name\":\"Strona g\u0142\u00f3wna\",\"item\":\"https:\/\/takbrzmimiasto.pl\/en\/\"},{\"@type\":\"ListItem\",\"position\":2,\"name\":\"Mozaika \u2013 debiutancka p\u0142yta Ta\u0144ki Szafraniec\"}]},{\"@type\":\"WebSite\",\"@id\":\"https:\/\/takbrzmimiasto.pl\/#website\",\"url\":\"https:\/\/takbrzmimiasto.pl\/\",\"name\":\"Tak Brzmi Miasto\",\"description\":\"Tak Brzmi Miasto to konferencja, festiwal, inkubator dla mened\u017cer\u00f3w i akademia\",\"publisher\":{\"@id\":\"https:\/\/takbrzmimiasto.pl\/#organization\"},\"potentialAction\":[{\"@type\":\"SearchAction\",\"target\":{\"@type\":\"EntryPoint\",\"urlTemplate\":\"https:\/\/takbrzmimiasto.pl\/?s={search_term_string}\"},\"query-input\":\"required name=search_term_string\"}],\"inLanguage\":\"en-US\"},{\"@type\":\"Organization\",\"@id\":\"https:\/\/takbrzmimiasto.pl\/#organization\",\"name\":\"Tak Brzmi Miasto\",\"url\":\"https:\/\/takbrzmimiasto.pl\/\",\"sameAs\":[],\"logo\":{\"@type\":\"ImageObject\",\"inLanguage\":\"en-US\",\"@id\":\"https:\/\/takbrzmimiasto.pl\/#\/schema\/logo\/image\/\",\"url\":\"https:\/\/takbrzmimiasto.pl\/wp-content\/uploads\/2021\/04\/www_miniatura_bezmenu.jpg\",\"contentUrl\":\"https:\/\/takbrzmimiasto.pl\/wp-content\/uploads\/2021\/04\/www_miniatura_bezmenu.jpg\",\"width\":1920,\"height\":1080,\"caption\":\"Tak Brzmi Miasto\"},\"image\":{\"@id\":\"https:\/\/takbrzmimiasto.pl\/#\/schema\/logo\/image\/\"}},{\"@type\":\"Person\",\"@id\":\"https:\/\/takbrzmimiasto.pl\/#\/schema\/person\/2dc972a63547f0129144c9bb4aa44d4b\",\"name\":\"Adrianna Ku\u0107mierz\",\"image\":{\"@type\":\"ImageObject\",\"inLanguage\":\"en-US\",\"@id\":\"https:\/\/takbrzmimiasto.pl\/#\/schema\/person\/image\/\",\"url\":\"https:\/\/secure.gravatar.com\/avatar\/a042c94f8c4d08f584629a8ee778f3c9?s=96&d=mm&r=g\",\"contentUrl\":\"https:\/\/secure.gravatar.com\/avatar\/a042c94f8c4d08f584629a8ee778f3c9?s=96&d=mm&r=g\",\"caption\":\"Adrianna Ku\u0107mierz\"},\"description\":\"Adrianna Ku\u0107mierz - wokalistka, autorka tekst\u00f3w, kompozytorka. Tak\u017ce aktorka i lektorka. Pisze piosenki, \u015bpiewa, gra w teatrze i TV. Kocha natur\u0119 i ceni ka\u017cd\u0105 chwil\u0119 sp\u0119dzon\u0105 na \u0142onie przyrody. Podr\u00f3\u017cuje kiedy si\u0119 da, a kiedy nie - celebruje relacje z lud\u017ami lub samotno\u015bci\u0105. Absolwentka Tak Brzmi Miasto Inkubator 2020.\",\"url\":\"https:\/\/takbrzmimiasto.pl\/en\/author\/adrianna-kucmierz\/\"}]}<\/script>\n<!-- \/ Yoast SEO plugin. -->","yoast_head_json":{"title":"Mozaika \u2013 debiutancka p\u0142yta Ta\u0144ki Szafraniec - Tak Brzmi Miasto","robots":{"index":"index","follow":"follow","max-snippet":"max-snippet:-1","max-image-preview":"max-image-preview:large","max-video-preview":"max-video-preview:-1"},"canonical":"https:\/\/takbrzmimiasto.pl\/en\/mozaika-debiutancka-plyta-tanki-szafraniec\/","og_locale":"en_US","og_type":"article","og_title":"Mozaika \u2013 debiutancka p\u0142yta Ta\u0144ki Szafraniec - Tak Brzmi Miasto","og_description":"P\u0142yta Mozaika jest po\u0142\u0105czeniem od\u0142amk\u00f3w muzycznych z r\u00f3\u017cnych gatunk\u00f3w, \u015bwietnie u\u0142o\u017conych w jeden obraz. Album przeprowadza s\u0142uchacza przez big beat, inspiracje muzyk\u0105 Czes\u0142awa Niemena, po alternatywny pop rock. Teksty, kt\u00f3re znalaz\u0142y si\u0119 na kr\u0105\u017cku, s\u0105 autorstwa wokalistki i kompozytorki wi\u0119kszo\u015bci piosenek, p\u0142ynnie splecione z poezj\u0105 Marii Pawlikowskiej-Jasnorzewskiej. Silny i ciekawy g\u0142os Ta\u0144ki jest pe\u0142en emocji, [&hellip;]","og_url":"https:\/\/takbrzmimiasto.pl\/en\/mozaika-debiutancka-plyta-tanki-szafraniec\/","og_site_name":"Tak Brzmi Miasto","article_published_time":"2021-09-26T16:23:53+00:00","article_modified_time":"2022-09-23T13:45:03+00:00","og_image":[{"width":1920,"height":1080,"url":"https:\/\/takbrzmimiasto.pl\/wp-content\/uploads\/2021\/09\/ts.jpg","type":"image\/jpeg"}],"author":"Adrianna Ku\u0107mierz","twitter_card":"summary_large_image","twitter_misc":{"Written by":"Adrianna Ku\u0107mierz","Est. reading time":"3 minutes"},"schema":{"@context":"https:\/\/schema.org","@graph":[{"@type":"Article","@id":"https:\/\/takbrzmimiasto.pl\/en\/mozaika-debiutancka-plyta-tanki-szafraniec\/#article","isPartOf":{"@id":"https:\/\/takbrzmimiasto.pl\/en\/mozaika-debiutancka-plyta-tanki-szafraniec\/"},"author":{"name":"Adrianna Ku\u0107mierz","@id":"https:\/\/takbrzmimiasto.pl\/#\/schema\/person\/2dc972a63547f0129144c9bb4aa44d4b"},"headline":"Mozaika \u2013 debiutancka p\u0142yta Ta\u0144ki Szafraniec","datePublished":"2021-09-26T16:23:53+00:00","dateModified":"2022-09-23T13:45:03+00:00","mainEntityOfPage":{"@id":"https:\/\/takbrzmimiasto.pl\/en\/mozaika-debiutancka-plyta-tanki-szafraniec\/"},"wordCount":432,"commentCount":0,"publisher":{"@id":"https:\/\/takbrzmimiasto.pl\/#organization"},"articleSection":["Recenzje"],"inLanguage":"en-US","potentialAction":[{"@type":"CommentAction","name":"Comment","target":["https:\/\/takbrzmimiasto.pl\/en\/mozaika-debiutancka-plyta-tanki-szafraniec\/#respond"]}]},{"@type":"WebPage","@id":"https:\/\/takbrzmimiasto.pl\/en\/mozaika-debiutancka-plyta-tanki-szafraniec\/","url":"https:\/\/takbrzmimiasto.pl\/en\/mozaika-debiutancka-plyta-tanki-szafraniec\/","name":"Mozaika \u2013 debiutancka p\u0142yta Ta\u0144ki Szafraniec - Tak Brzmi Miasto","isPartOf":{"@id":"https:\/\/takbrzmimiasto.pl\/#website"},"datePublished":"2021-09-26T16:23:53+00:00","dateModified":"2022-09-23T13:45:03+00:00","breadcrumb":{"@id":"https:\/\/takbrzmimiasto.pl\/en\/mozaika-debiutancka-plyta-tanki-szafraniec\/#breadcrumb"},"inLanguage":"en-US","potentialAction":[{"@type":"ReadAction","target":["https:\/\/takbrzmimiasto.pl\/en\/mozaika-debiutancka-plyta-tanki-szafraniec\/"]}]},{"@type":"BreadcrumbList","@id":"https:\/\/takbrzmimiasto.pl\/en\/mozaika-debiutancka-plyta-tanki-szafraniec\/#breadcrumb","itemListElement":[{"@type":"ListItem","position":1,"name":"Strona g\u0142\u00f3wna","item":"https:\/\/takbrzmimiasto.pl\/en\/"},{"@type":"ListItem","position":2,"name":"Mozaika \u2013 debiutancka p\u0142yta Ta\u0144ki Szafraniec"}]},{"@type":"WebSite","@id":"https:\/\/takbrzmimiasto.pl\/#website","url":"https:\/\/takbrzmimiasto.pl\/","name":"Tak Brzmi Miasto","description":"Tak Brzmi Miasto to konferencja, festiwal, inkubator dla mened\u017cer\u00f3w i akademia","publisher":{"@id":"https:\/\/takbrzmimiasto.pl\/#organization"},"potentialAction":[{"@type":"SearchAction","target":{"@type":"EntryPoint","urlTemplate":"https:\/\/takbrzmimiasto.pl\/?s={search_term_string}"},"query-input":"required name=search_term_string"}],"inLanguage":"en-US"},{"@type":"Organization","@id":"https:\/\/takbrzmimiasto.pl\/#organization","name":"Tak Brzmi Miasto","url":"https:\/\/takbrzmimiasto.pl\/","sameAs":[],"logo":{"@type":"ImageObject","inLanguage":"en-US","@id":"https:\/\/takbrzmimiasto.pl\/#\/schema\/logo\/image\/","url":"https:\/\/takbrzmimiasto.pl\/wp-content\/uploads\/2021\/04\/www_miniatura_bezmenu.jpg","contentUrl":"https:\/\/takbrzmimiasto.pl\/wp-content\/uploads\/2021\/04\/www_miniatura_bezmenu.jpg","width":1920,"height":1080,"caption":"Tak Brzmi Miasto"},"image":{"@id":"https:\/\/takbrzmimiasto.pl\/#\/schema\/logo\/image\/"}},{"@type":"Person","@id":"https:\/\/takbrzmimiasto.pl\/#\/schema\/person\/2dc972a63547f0129144c9bb4aa44d4b","name":"Adrianna Ku\u0107mierz","image":{"@type":"ImageObject","inLanguage":"en-US","@id":"https:\/\/takbrzmimiasto.pl\/#\/schema\/person\/image\/","url":"https:\/\/secure.gravatar.com\/avatar\/a042c94f8c4d08f584629a8ee778f3c9?s=96&d=mm&r=g","contentUrl":"https:\/\/secure.gravatar.com\/avatar\/a042c94f8c4d08f584629a8ee778f3c9?s=96&d=mm&r=g","caption":"Adrianna Ku\u0107mierz"},"description":"Adrianna Ku\u0107mierz - wokalistka, autorka tekst\u00f3w, kompozytorka. Tak\u017ce aktorka i lektorka. Pisze piosenki, \u015bpiewa, gra w teatrze i TV. Kocha natur\u0119 i ceni ka\u017cd\u0105 chwil\u0119 sp\u0119dzon\u0105 na \u0142onie przyrody. Podr\u00f3\u017cuje kiedy si\u0119 da, a kiedy nie - celebruje relacje z lud\u017ami lub samotno\u015bci\u0105. Absolwentka Tak Brzmi Miasto Inkubator 2020.","url":"https:\/\/takbrzmimiasto.pl\/en\/author\/adrianna-kucmierz\/"}]}},"_links":{"self":[{"href":"https:\/\/takbrzmimiasto.pl\/en\/wp-json\/wp\/v2\/posts\/5047\/"}],"collection":[{"href":"https:\/\/takbrzmimiasto.pl\/en\/wp-json\/wp\/v2\/posts\/"}],"about":[{"href":"https:\/\/takbrzmimiasto.pl\/en\/wp-json\/wp\/v2\/types\/post\/"}],"author":[{"embeddable":true,"href":"https:\/\/takbrzmimiasto.pl\/en\/wp-json\/wp\/v2\/users\/39\/"}],"replies":[{"embeddable":true,"href":"https:\/\/takbrzmimiasto.pl\/en\/wp-json\/wp\/v2\/comments\/?post=5047"}],"version-history":[{"count":6,"href":"https:\/\/takbrzmimiasto.pl\/en\/wp-json\/wp\/v2\/posts\/5047\/revisions\/"}],"predecessor-version":[{"id":15361,"href":"https:\/\/takbrzmimiasto.pl\/en\/wp-json\/wp\/v2\/posts\/5047\/revisions\/15361\/"}],"wp:featuredmedia":[{"embeddable":true,"href":"https:\/\/takbrzmimiasto.pl\/en\/wp-json\/wp\/v2\/media\/5049\/"}],"wp:attachment":[{"href":"https:\/\/takbrzmimiasto.pl\/en\/wp-json\/wp\/v2\/media\/?parent=5047"}],"wp:term":[{"taxonomy":"category","embeddable":true,"href":"https:\/\/takbrzmimiasto.pl\/en\/wp-json\/wp\/v2\/categories\/?post=5047"},{"taxonomy":"post_tag","embeddable":true,"href":"https:\/\/takbrzmimiasto.pl\/en\/wp-json\/wp\/v2\/tags\/?post=5047"}],"curies":[{"name":"wp","href":"https:\/\/api.w.org\/{rel}","templated":true}]}}