{"id":5048,"date":"2021-09-27T15:15:36","date_gmt":"2021-09-27T13:15:36","guid":{"rendered":"https:\/\/takbrzmimiasto.pl\/?p=5048"},"modified":"2022-09-23T15:45:03","modified_gmt":"2022-09-23T13:45:03","slug":"nowosci-muzyka-i-wiesci-ze-spolecznosci-tak-brzmi-miasto-wrzesien-2021","status":"publish","type":"post","link":"https:\/\/takbrzmimiasto.pl\/en\/nowosci-muzyka-i-wiesci-ze-spolecznosci-tak-brzmi-miasto-wrzesien-2021\/","title":{"rendered":"Nowo\u015bci, muzyka i wie\u015bci ze Spo\u0142eczno\u015bci Tak Brzmi Miasto [wrzesie\u0144 2021]"},"content":{"rendered":"<p><b>Sprawdzamy, co u nich, co u Was. \u015awie\u017ce, \u015bwie\u017cute\u0144kie single i zapowiedzi!<\/b><\/p>\n<p>&nbsp;<\/p>\n<h2><strong>Delikatno\u015b\u0107 i prostota w nowym singlu Ady Ku\u0107mierz<\/strong><\/h2>\n<p><i><span style=\"font-weight: 400;\">Pozw\u00f3l mi prosz\u0119<\/span><\/i><span style=\"font-weight: 400;\"> Ady Ku\u0107mierz to utw\u00f3r urzekaj\u0105cy delikatno\u015bci\u0105 i prostot\u0105. W swojej <\/span><span style=\"font-weight: 400;\">powtarzalnej, hipnotycznej strukturze przywodzi na my\u015bl mantr\u0119, rodzaj filozoficznej pro\u015bby czy modlitwy. Zaprasza do \u015bwiata pe\u0142nego pi\u0119kna i minimalizmu. Zar\u00f3wno tekst, jak i muzyka s\u0105 autorstwa Ady, co mo\u017cna odczu\u0107 s\u0142uchaj\u0105c utworu \u015bpiewanego niezwykle delikatnie i refleksyjnie. W refrenach pojawia si\u0119 wokal Antka Sojki, producenta singla i <\/span><span style=\"font-weight: 400;\">nadchodz\u0105cej, debiutanckiej p\u0142yty Ady <\/span><i><span style=\"font-weight: 400;\">Stan\u0119 si\u0119 ziemi\u0105<\/span><\/i><span style=\"font-weight: 400;\">.<\/span><\/p>\n<p>\n    <span id=\"arrow-link-1cb8497c\" class=\"d-inline-block\">\n        <a href=\"https:\/\/youtu.be\/PlN6CP5Zr0k\" class=\"arrow-link underline\">\n            <span class=\"arrow-link_text\">Pozw\u00f3l mi prosz\u0119<\/span>\n            <span class=\"arrow-link_icon\">\n                <i class=\"fa-solid fa-arrow-right\"><\/i><i class=\"fa-solid fa-arrow-right\"><\/i>\n            <\/span>\n        <\/a>\n    <\/span>\n    .<br \/>\n\n    <span id=\"arrow-link-57b1a3eb\" class=\"d-inline-block\">\n        <a href=\"https:\/\/www.facebook.com\/adakucmierz\/\" class=\"arrow-link underline\">\n            <span class=\"arrow-link_text\">Ada na FB<\/span>\n            <span class=\"arrow-link_icon\">\n                <i class=\"fa-solid fa-arrow-right\"><\/i><i class=\"fa-solid fa-arrow-right\"><\/i>\n            <\/span>\n        <\/a>\n    <\/span>\n    .<\/p>\n<p><img loading=\"lazy\" decoding=\"async\" class=\"aligncenter wp-image-5063 size-full\" src=\"https:\/\/takbrzmimiasto.pl\/wp-content\/uploads\/2021\/09\/ada-kucmierz.jpg\" alt=\"\" width=\"767\" height=\"716\" data-wp-pid=\"4361\" srcset=\"https:\/\/takbrzmimiasto.pl\/wp-content\/uploads\/2021\/09\/ada-kucmierz.jpg 767w, https:\/\/takbrzmimiasto.pl\/wp-content\/uploads\/2021\/09\/ada-kucmierz-350x327.jpg 350w\" sizes=\"(max-width: 767px) 100vw, 767px\" \/><\/p>\n<p>&nbsp;<\/p>\n<h2><strong>Premiera <i>Love and Hate<\/i> Agaty Nasiadki<\/strong><\/h2>\n<p><span style=\"font-weight: 400;\">\u2013 Pisz\u0105c teksty piosenek inspirowa\u0142am si\u0119 skrajno\u015bci\u0105 ludzkich emocji, kt\u00f3re potrafi\u0105 w naszym \u017cyciu dosy\u0107 mocno namiesza\u0107 \u2013 m\u00f3wi Agata. \u2013 A tak\u017ce ludzk\u0105 si\u0142\u0105, kt\u00f3ra mimo licznych przeciwno\u015bci losu w ka\u017cdym z nas drzemie.\u00a0<\/span><\/p>\n<p><span style=\"font-weight: 400;\">Rockowy zesp\u00f3\u0142 Agaty Nasiadki zapowiada singlem <\/span><i><span style=\"font-weight: 400;\">Love and Hate <\/span><\/i><span style=\"font-weight: 400;\">EP pod tym samym tytu\u0142em. Premiera singla: 24 wrze\u015bnia, kr\u00f3tkograj\u0105ca p\u0142yta uka\u017ce si\u0119 2 pa\u017adziernika fizycznie i w streamingach.<\/span><\/p>\n\n    <span id=\"arrow-link-b7c06f3a\" class=\"d-inline-block\">\n        <a href=\"https:\/\/www.facebook.com\/agatanasiadkamusic\" class=\"arrow-link underline\">\n            <span class=\"arrow-link_text\">FB Agaty Nasiadki<\/span>\n            <span class=\"arrow-link_icon\">\n                <i class=\"fa-solid fa-arrow-right\"><\/i><i class=\"fa-solid fa-arrow-right\"><\/i>\n            <\/span>\n        <\/a>\n    <\/span>\n    \n<p><img loading=\"lazy\" decoding=\"async\" class=\"aligncenter wp-image-5061 size-full\" src=\"https:\/\/takbrzmimiasto.pl\/wp-content\/uploads\/2021\/09\/Love-and-Hate-Okladka-EPki-scaled.jpg\" alt=\"\" width=\"2560\" height=\"2560\" data-wp-pid=\"4369\" srcset=\"https:\/\/takbrzmimiasto.pl\/wp-content\/uploads\/2021\/09\/Love-and-Hate-Okladka-EPki-scaled.jpg 2560w, https:\/\/takbrzmimiasto.pl\/wp-content\/uploads\/2021\/09\/Love-and-Hate-Okladka-EPki-350x350.jpg 350w, https:\/\/takbrzmimiasto.pl\/wp-content\/uploads\/2021\/09\/Love-and-Hate-Okladka-EPki-scaled-100x100.jpg 100w, https:\/\/takbrzmimiasto.pl\/wp-content\/uploads\/2021\/09\/Love-and-Hate-Okladka-EPki-800x800.jpg 800w, https:\/\/takbrzmimiasto.pl\/wp-content\/uploads\/2021\/09\/Love-and-Hate-Okladka-EPki-1000x1000.jpg 1000w, https:\/\/takbrzmimiasto.pl\/wp-content\/uploads\/2021\/09\/Love-and-Hate-Okladka-EPki-768x768.jpg 768w, https:\/\/takbrzmimiasto.pl\/wp-content\/uploads\/2021\/09\/Love-and-Hate-Okladka-EPki-1536x1536.jpg 1536w, https:\/\/takbrzmimiasto.pl\/wp-content\/uploads\/2021\/09\/Love-and-Hate-Okladka-EPki-2048x2048.jpg 2048w\" sizes=\"(max-width: 2560px) 100vw, 2560px\" \/><\/p>\n<p>&nbsp;<\/p>\n<h2><strong>Kosmiczna podr\u00f3\u017c do lat 80&#8242; w nowym singlu Angeleny<\/strong><\/h2>\n<p><i><span style=\"font-weight: 400;\">Do Starlink\u00f3w <\/span><\/i><span style=\"font-weight: 400;\">to energetyzuj\u0105cy, electro pop&#8217;owy utw\u00f3r inspirowany brzmieniami synthwave oraz nurtem retrowave.<\/span> <span style=\"font-weight: 400;\">Opowiada o sensie istnienia cz\u0142owieka, przekraczaniu niemo\u017cliwych granic i przys\u0142owiowym &#8220;si\u0119ganiu gwiazd&#8221;. <\/span><span style=\"font-weight: 400;\">Z typow\u0105 dla artystki liryczn\u0105 warstw\u0105 tekstow\u0105 oraz wyrazist\u0105 barw\u0105 g\u0142osu intryguje, pobudza wyobra\u017ani\u0119 i inspiruje. Do singla powsta\u0142o oldschool&#8217;owe lyric video pe\u0142ne niespodzianek, kt\u00f3re warto zobaczy\u0107.<\/span><\/p>\n<p><span style=\"font-weight: 400;\">\n    <span id=\"arrow-link-01fcb241\" class=\"d-inline-block\">\n        <a href=\"https:\/\/www.youtube.com\/watch?v=hdjkXVWGPi4\" class=\"arrow-link underline\">\n            <span class=\"arrow-link_text\">Do Starlink\u00f3w<\/span>\n            <span class=\"arrow-link_icon\">\n                <i class=\"fa-solid fa-arrow-right\"><\/i><i class=\"fa-solid fa-arrow-right\"><\/i>\n            <\/span>\n        <\/a>\n    <\/span>\n    <br \/>\n<\/span><span style=\"font-weight: 400;\">\n    <span id=\"arrow-link-d4603086\" class=\"d-inline-block\">\n        <a href=\"https:\/\/www.instagram.com\/angelenamusic\/\" class=\"arrow-link underline\">\n            <span class=\"arrow-link_text\">IG Angeleny<\/span>\n            <span class=\"arrow-link_icon\">\n                <i class=\"fa-solid fa-arrow-right\"><\/i><i class=\"fa-solid fa-arrow-right\"><\/i>\n            <\/span>\n        <\/a>\n    <\/span>\n    <\/span><\/p>\n<p><img loading=\"lazy\" decoding=\"async\" class=\"aligncenter wp-image-5059 size-full\" src=\"https:\/\/takbrzmimiasto.pl\/wp-content\/uploads\/2021\/09\/BR0A9151-scaled.jpg\" alt=\"\" width=\"2560\" height=\"2048\" data-wp-pid=\"4371\" srcset=\"https:\/\/takbrzmimiasto.pl\/wp-content\/uploads\/2021\/09\/BR0A9151-scaled.jpg 2560w, https:\/\/takbrzmimiasto.pl\/wp-content\/uploads\/2021\/09\/BR0A9151-800x640.jpg 800w, https:\/\/takbrzmimiasto.pl\/wp-content\/uploads\/2021\/09\/BR0A9151-1000x800.jpg 1000w, https:\/\/takbrzmimiasto.pl\/wp-content\/uploads\/2021\/09\/BR0A9151-350x280.jpg 350w, https:\/\/takbrzmimiasto.pl\/wp-content\/uploads\/2021\/09\/BR0A9151-768x614.jpg 768w, https:\/\/takbrzmimiasto.pl\/wp-content\/uploads\/2021\/09\/BR0A9151-1536x1229.jpg 1536w, https:\/\/takbrzmimiasto.pl\/wp-content\/uploads\/2021\/09\/BR0A9151-2048x1638.jpg 2048w\" sizes=\"(max-width: 2560px) 100vw, 2560px\" \/><\/p>\n<p>&nbsp;<\/p>\n<h2><strong>Neonowe lyric video od Blackjob<\/strong><\/h2>\n<p><span style=\"font-weight: 400;\"><em>PanTuSta\u0142<\/em> uka\u017ce si\u0119 28 wrze\u015bnia. <\/span><span style=\"font-weight: 400;\">To pr\u00f3ba odnalezienia siebie w \u015bwiecie, do kt\u00f3rego bohater opowie\u015bci czuje, \u017ce nie pasuje. Ekstrawertyczny \u015bwiat kontra introwertyczna monotonia i pytanie: czy to przej\u015bciowy stan, czy trzeba si\u0119 z tym faktem na dobre pogodzi\u0107? Historia opowiedziana w spos\u00f3b instrumentalnie dynamiczny i przeskalowany lekko teatralnym wokalem. Kolejny singiel b\u0119dzie kontynuowa\u0142 w\u0105tek, wi\u0119c &#8211; mo\u017cna powiedzie\u0107 &#8211; ci\u0105g dalszy nast\u0105pi!<\/span><\/p>\n\n    <span id=\"arrow-link-94e48730\" class=\"d-inline-block\">\n        <a href=\"https:\/\/www.facebook.com\/BlackJobPoland\" class=\"arrow-link underline\">\n            <span class=\"arrow-link_text\">Blackjob na FB<\/span>\n            <span class=\"arrow-link_icon\">\n                <i class=\"fa-solid fa-arrow-right\"><\/i><i class=\"fa-solid fa-arrow-right\"><\/i>\n            <\/span>\n        <\/a>\n    <\/span>\n    \n<p><img loading=\"lazy\" decoding=\"async\" class=\"alignnone wp-image-5055 size-full\" src=\"https:\/\/takbrzmimiasto.pl\/wp-content\/uploads\/2021\/09\/BlackJob-scaled.jpg\" alt=\"\" width=\"2560\" height=\"1707\" data-wp-pid=\"4373\" srcset=\"https:\/\/takbrzmimiasto.pl\/wp-content\/uploads\/2021\/09\/BlackJob-scaled.jpg 2560w, https:\/\/takbrzmimiasto.pl\/wp-content\/uploads\/2021\/09\/BlackJob-800x533.jpg 800w, https:\/\/takbrzmimiasto.pl\/wp-content\/uploads\/2021\/09\/BlackJob-1000x667.jpg 1000w, https:\/\/takbrzmimiasto.pl\/wp-content\/uploads\/2021\/09\/BlackJob-350x233.jpg 350w, https:\/\/takbrzmimiasto.pl\/wp-content\/uploads\/2021\/09\/BlackJob-768x512.jpg 768w, https:\/\/takbrzmimiasto.pl\/wp-content\/uploads\/2021\/09\/BlackJob-1536x1024.jpg 1536w, https:\/\/takbrzmimiasto.pl\/wp-content\/uploads\/2021\/09\/BlackJob-2048x1366.jpg 2048w\" sizes=\"(max-width: 2560px) 100vw, 2560px\" \/><\/p>\n<p>&nbsp;<\/p>\n<p>&nbsp;<\/p>\n","protected":false},"excerpt":{"rendered":"<p>Sprawdzamy, co u nich, co u Was. \u015awie\u017ce, \u015bwie\u017cute\u0144kie single i zapowiedzi! &nbsp; Delikatno\u015b\u0107 i prostota w nowym singlu Ady Ku\u0107mierz Pozw\u00f3l mi prosz\u0119 Ady Ku\u0107mierz to utw\u00f3r urzekaj\u0105cy delikatno\u015bci\u0105 i prostot\u0105. W swojej powtarzalnej, hipnotycznej strukturze przywodzi na my\u015bl mantr\u0119, rodzaj filozoficznej pro\u015bby czy modlitwy. Zaprasza do \u015bwiata pe\u0142nego pi\u0119kna i minimalizmu. Zar\u00f3wno tekst, [&hellip;]<\/p>\n","protected":false},"author":60,"featured_media":5053,"comment_status":"open","ping_status":"open","sticky":false,"template":"","format":"standard","meta":{"inline_featured_image":false,"footnotes":""},"categories":[308],"tags":[],"class_list":["post-5048","post","type-post","status-publish","format-standard","has-post-thumbnail","hentry","category-aktualnosci"],"acf":[],"yoast_head":"<!-- This site is optimized with the Yoast SEO plugin v19.7.1 - https:\/\/yoast.com\/wordpress\/plugins\/seo\/ -->\n<title>Nowo\u015bci, muzyka i wie\u015bci ze Spo\u0142eczno\u015bci Tak Brzmi Miasto [wrzesie\u0144 2021] - Tak Brzmi Miasto<\/title>\n<meta name=\"robots\" content=\"index, follow, max-snippet:-1, max-image-preview:large, max-video-preview:-1\" \/>\n<link rel=\"canonical\" href=\"https:\/\/takbrzmimiasto.pl\/en\/nowosci-muzyka-i-wiesci-ze-spolecznosci-tak-brzmi-miasto-wrzesien-2021\/\" \/>\n<meta property=\"og:locale\" content=\"en_US\" \/>\n<meta property=\"og:type\" content=\"article\" \/>\n<meta property=\"og:title\" content=\"Nowo\u015bci, muzyka i wie\u015bci ze Spo\u0142eczno\u015bci Tak Brzmi Miasto [wrzesie\u0144 2021] - Tak Brzmi Miasto\" \/>\n<meta property=\"og:description\" content=\"Sprawdzamy, co u nich, co u Was. \u015awie\u017ce, \u015bwie\u017cute\u0144kie single i zapowiedzi! &nbsp; Delikatno\u015b\u0107 i prostota w nowym singlu Ady Ku\u0107mierz Pozw\u00f3l mi prosz\u0119 Ady Ku\u0107mierz to utw\u00f3r urzekaj\u0105cy delikatno\u015bci\u0105 i prostot\u0105. W swojej powtarzalnej, hipnotycznej strukturze przywodzi na my\u015bl mantr\u0119, rodzaj filozoficznej pro\u015bby czy modlitwy. Zaprasza do \u015bwiata pe\u0142nego pi\u0119kna i minimalizmu. Zar\u00f3wno tekst, [&hellip;]\" \/>\n<meta property=\"og:url\" content=\"https:\/\/takbrzmimiasto.pl\/en\/nowosci-muzyka-i-wiesci-ze-spolecznosci-tak-brzmi-miasto-wrzesien-2021\/\" \/>\n<meta property=\"og:site_name\" content=\"Tak Brzmi Miasto\" \/>\n<meta property=\"article:published_time\" content=\"2021-09-27T13:15:36+00:00\" \/>\n<meta property=\"article:modified_time\" content=\"2022-09-23T13:45:03+00:00\" \/>\n<meta property=\"og:image\" content=\"https:\/\/takbrzmimiasto.pl\/wp-content\/uploads\/2021\/09\/mw.jpg\" \/>\n\t<meta property=\"og:image:width\" content=\"1920\" \/>\n\t<meta property=\"og:image:height\" content=\"1080\" \/>\n\t<meta property=\"og:image:type\" content=\"image\/jpeg\" \/>\n<meta name=\"author\" content=\"Ewelina Krawczyk\" \/>\n<meta name=\"twitter:card\" content=\"summary_large_image\" \/>\n<meta name=\"twitter:label1\" content=\"Written by\" \/>\n\t<meta name=\"twitter:data1\" content=\"Ewelina Krawczyk\" \/>\n\t<meta name=\"twitter:label2\" content=\"Est. reading time\" \/>\n\t<meta name=\"twitter:data2\" content=\"2 minutes\" \/>\n<script type=\"application\/ld+json\" class=\"yoast-schema-graph\">{\"@context\":\"https:\/\/schema.org\",\"@graph\":[{\"@type\":\"Article\",\"@id\":\"https:\/\/takbrzmimiasto.pl\/en\/nowosci-muzyka-i-wiesci-ze-spolecznosci-tak-brzmi-miasto-wrzesien-2021\/#article\",\"isPartOf\":{\"@id\":\"https:\/\/takbrzmimiasto.pl\/en\/nowosci-muzyka-i-wiesci-ze-spolecznosci-tak-brzmi-miasto-wrzesien-2021\/\"},\"author\":{\"name\":\"Ewelina Krawczyk\",\"@id\":\"https:\/\/takbrzmimiasto.pl\/#\/schema\/person\/1c946f5380dc2c5faa442dcd9665f577\"},\"headline\":\"Nowo\u015bci, muzyka i wie\u015bci ze Spo\u0142eczno\u015bci Tak Brzmi Miasto [wrzesie\u0144 2021]\",\"datePublished\":\"2021-09-27T13:15:36+00:00\",\"dateModified\":\"2022-09-23T13:45:03+00:00\",\"mainEntityOfPage\":{\"@id\":\"https:\/\/takbrzmimiasto.pl\/en\/nowosci-muzyka-i-wiesci-ze-spolecznosci-tak-brzmi-miasto-wrzesien-2021\/\"},\"wordCount\":429,\"commentCount\":0,\"publisher\":{\"@id\":\"https:\/\/takbrzmimiasto.pl\/#organization\"},\"articleSection\":[\"Aktualno\u015bci\"],\"inLanguage\":\"en-US\",\"potentialAction\":[{\"@type\":\"CommentAction\",\"name\":\"Comment\",\"target\":[\"https:\/\/takbrzmimiasto.pl\/en\/nowosci-muzyka-i-wiesci-ze-spolecznosci-tak-brzmi-miasto-wrzesien-2021\/#respond\"]}]},{\"@type\":\"WebPage\",\"@id\":\"https:\/\/takbrzmimiasto.pl\/en\/nowosci-muzyka-i-wiesci-ze-spolecznosci-tak-brzmi-miasto-wrzesien-2021\/\",\"url\":\"https:\/\/takbrzmimiasto.pl\/en\/nowosci-muzyka-i-wiesci-ze-spolecznosci-tak-brzmi-miasto-wrzesien-2021\/\",\"name\":\"Nowo\u015bci, muzyka i wie\u015bci ze Spo\u0142eczno\u015bci Tak Brzmi Miasto [wrzesie\u0144 2021] - Tak Brzmi Miasto\",\"isPartOf\":{\"@id\":\"https:\/\/takbrzmimiasto.pl\/#website\"},\"datePublished\":\"2021-09-27T13:15:36+00:00\",\"dateModified\":\"2022-09-23T13:45:03+00:00\",\"breadcrumb\":{\"@id\":\"https:\/\/takbrzmimiasto.pl\/en\/nowosci-muzyka-i-wiesci-ze-spolecznosci-tak-brzmi-miasto-wrzesien-2021\/#breadcrumb\"},\"inLanguage\":\"en-US\",\"potentialAction\":[{\"@type\":\"ReadAction\",\"target\":[\"https:\/\/takbrzmimiasto.pl\/en\/nowosci-muzyka-i-wiesci-ze-spolecznosci-tak-brzmi-miasto-wrzesien-2021\/\"]}]},{\"@type\":\"BreadcrumbList\",\"@id\":\"https:\/\/takbrzmimiasto.pl\/en\/nowosci-muzyka-i-wiesci-ze-spolecznosci-tak-brzmi-miasto-wrzesien-2021\/#breadcrumb\",\"itemListElement\":[{\"@type\":\"ListItem\",\"position\":1,\"name\":\"Strona g\u0142\u00f3wna\",\"item\":\"https:\/\/takbrzmimiasto.pl\/en\/\"},{\"@type\":\"ListItem\",\"position\":2,\"name\":\"Nowo\u015bci, muzyka i wie\u015bci ze Spo\u0142eczno\u015bci Tak Brzmi Miasto [wrzesie\u0144 2021]\"}]},{\"@type\":\"WebSite\",\"@id\":\"https:\/\/takbrzmimiasto.pl\/#website\",\"url\":\"https:\/\/takbrzmimiasto.pl\/\",\"name\":\"Tak Brzmi Miasto\",\"description\":\"Tak Brzmi Miasto to konferencja, festiwal, inkubator dla mened\u017cer\u00f3w i akademia\",\"publisher\":{\"@id\":\"https:\/\/takbrzmimiasto.pl\/#organization\"},\"potentialAction\":[{\"@type\":\"SearchAction\",\"target\":{\"@type\":\"EntryPoint\",\"urlTemplate\":\"https:\/\/takbrzmimiasto.pl\/?s={search_term_string}\"},\"query-input\":\"required name=search_term_string\"}],\"inLanguage\":\"en-US\"},{\"@type\":\"Organization\",\"@id\":\"https:\/\/takbrzmimiasto.pl\/#organization\",\"name\":\"Tak Brzmi Miasto\",\"url\":\"https:\/\/takbrzmimiasto.pl\/\",\"sameAs\":[],\"logo\":{\"@type\":\"ImageObject\",\"inLanguage\":\"en-US\",\"@id\":\"https:\/\/takbrzmimiasto.pl\/#\/schema\/logo\/image\/\",\"url\":\"https:\/\/takbrzmimiasto.pl\/wp-content\/uploads\/2021\/04\/www_miniatura_bezmenu.jpg\",\"contentUrl\":\"https:\/\/takbrzmimiasto.pl\/wp-content\/uploads\/2021\/04\/www_miniatura_bezmenu.jpg\",\"width\":1920,\"height\":1080,\"caption\":\"Tak Brzmi Miasto\"},\"image\":{\"@id\":\"https:\/\/takbrzmimiasto.pl\/#\/schema\/logo\/image\/\"}},{\"@type\":\"Person\",\"@id\":\"https:\/\/takbrzmimiasto.pl\/#\/schema\/person\/1c946f5380dc2c5faa442dcd9665f577\",\"name\":\"Ewelina Krawczyk\",\"image\":{\"@type\":\"ImageObject\",\"inLanguage\":\"en-US\",\"@id\":\"https:\/\/takbrzmimiasto.pl\/#\/schema\/person\/image\/\",\"url\":\"https:\/\/secure.gravatar.com\/avatar\/03e1748f22765fb67ad17a1be9f9214e?s=96&d=mm&r=g\",\"contentUrl\":\"https:\/\/secure.gravatar.com\/avatar\/03e1748f22765fb67ad17a1be9f9214e?s=96&d=mm&r=g\",\"caption\":\"Ewelina Krawczyk\"},\"description\":\"Organizatorka, promotorka i mened\u017cerka kultury. Dyrektorka Festiwalu Wschody promuj\u0105cego now\u0105 muzyk\u0119 artystyczn\u0105. Dotychczas m.in. specjalistka ds. promocji w Wydawnictwie Znak, dziennikarka w Polska Press, wsp\u00f3\u0142prowadz\u0105ca projekty rekrutacyjne i kreatywne. Z wykszta\u0142cenia psycholo\u017cka, prowadzi\u0142a zaj\u0119cia m.in. z psychologii osobowo\u015bci i tw\u00f3rczo\u015bci. Tworzy swoj\u0105 jednoosobow\u0105 agencj\u0119 kreatywn\u0105, Si\u0119 tworzy - promocyjny pomost mi\u0119dzy tw\u00f3rcami a reszt\u0105 \u015bwiata.\",\"url\":\"https:\/\/takbrzmimiasto.pl\/en\/author\/ewelina-krawczyk\/\"}]}<\/script>\n<!-- \/ Yoast SEO plugin. -->","yoast_head_json":{"title":"Nowo\u015bci, muzyka i wie\u015bci ze Spo\u0142eczno\u015bci Tak Brzmi Miasto [wrzesie\u0144 2021] - Tak Brzmi Miasto","robots":{"index":"index","follow":"follow","max-snippet":"max-snippet:-1","max-image-preview":"max-image-preview:large","max-video-preview":"max-video-preview:-1"},"canonical":"https:\/\/takbrzmimiasto.pl\/en\/nowosci-muzyka-i-wiesci-ze-spolecznosci-tak-brzmi-miasto-wrzesien-2021\/","og_locale":"en_US","og_type":"article","og_title":"Nowo\u015bci, muzyka i wie\u015bci ze Spo\u0142eczno\u015bci Tak Brzmi Miasto [wrzesie\u0144 2021] - Tak Brzmi Miasto","og_description":"Sprawdzamy, co u nich, co u Was. \u015awie\u017ce, \u015bwie\u017cute\u0144kie single i zapowiedzi! &nbsp; Delikatno\u015b\u0107 i prostota w nowym singlu Ady Ku\u0107mierz Pozw\u00f3l mi prosz\u0119 Ady Ku\u0107mierz to utw\u00f3r urzekaj\u0105cy delikatno\u015bci\u0105 i prostot\u0105. W swojej powtarzalnej, hipnotycznej strukturze przywodzi na my\u015bl mantr\u0119, rodzaj filozoficznej pro\u015bby czy modlitwy. Zaprasza do \u015bwiata pe\u0142nego pi\u0119kna i minimalizmu. Zar\u00f3wno tekst, [&hellip;]","og_url":"https:\/\/takbrzmimiasto.pl\/en\/nowosci-muzyka-i-wiesci-ze-spolecznosci-tak-brzmi-miasto-wrzesien-2021\/","og_site_name":"Tak Brzmi Miasto","article_published_time":"2021-09-27T13:15:36+00:00","article_modified_time":"2022-09-23T13:45:03+00:00","og_image":[{"width":1920,"height":1080,"url":"https:\/\/takbrzmimiasto.pl\/wp-content\/uploads\/2021\/09\/mw.jpg","type":"image\/jpeg"}],"author":"Ewelina Krawczyk","twitter_card":"summary_large_image","twitter_misc":{"Written by":"Ewelina Krawczyk","Est. reading time":"2 minutes"},"schema":{"@context":"https:\/\/schema.org","@graph":[{"@type":"Article","@id":"https:\/\/takbrzmimiasto.pl\/en\/nowosci-muzyka-i-wiesci-ze-spolecznosci-tak-brzmi-miasto-wrzesien-2021\/#article","isPartOf":{"@id":"https:\/\/takbrzmimiasto.pl\/en\/nowosci-muzyka-i-wiesci-ze-spolecznosci-tak-brzmi-miasto-wrzesien-2021\/"},"author":{"name":"Ewelina Krawczyk","@id":"https:\/\/takbrzmimiasto.pl\/#\/schema\/person\/1c946f5380dc2c5faa442dcd9665f577"},"headline":"Nowo\u015bci, muzyka i wie\u015bci ze Spo\u0142eczno\u015bci Tak Brzmi Miasto [wrzesie\u0144 2021]","datePublished":"2021-09-27T13:15:36+00:00","dateModified":"2022-09-23T13:45:03+00:00","mainEntityOfPage":{"@id":"https:\/\/takbrzmimiasto.pl\/en\/nowosci-muzyka-i-wiesci-ze-spolecznosci-tak-brzmi-miasto-wrzesien-2021\/"},"wordCount":429,"commentCount":0,"publisher":{"@id":"https:\/\/takbrzmimiasto.pl\/#organization"},"articleSection":["Aktualno\u015bci"],"inLanguage":"en-US","potentialAction":[{"@type":"CommentAction","name":"Comment","target":["https:\/\/takbrzmimiasto.pl\/en\/nowosci-muzyka-i-wiesci-ze-spolecznosci-tak-brzmi-miasto-wrzesien-2021\/#respond"]}]},{"@type":"WebPage","@id":"https:\/\/takbrzmimiasto.pl\/en\/nowosci-muzyka-i-wiesci-ze-spolecznosci-tak-brzmi-miasto-wrzesien-2021\/","url":"https:\/\/takbrzmimiasto.pl\/en\/nowosci-muzyka-i-wiesci-ze-spolecznosci-tak-brzmi-miasto-wrzesien-2021\/","name":"Nowo\u015bci, muzyka i wie\u015bci ze Spo\u0142eczno\u015bci Tak Brzmi Miasto [wrzesie\u0144 2021] - Tak Brzmi Miasto","isPartOf":{"@id":"https:\/\/takbrzmimiasto.pl\/#website"},"datePublished":"2021-09-27T13:15:36+00:00","dateModified":"2022-09-23T13:45:03+00:00","breadcrumb":{"@id":"https:\/\/takbrzmimiasto.pl\/en\/nowosci-muzyka-i-wiesci-ze-spolecznosci-tak-brzmi-miasto-wrzesien-2021\/#breadcrumb"},"inLanguage":"en-US","potentialAction":[{"@type":"ReadAction","target":["https:\/\/takbrzmimiasto.pl\/en\/nowosci-muzyka-i-wiesci-ze-spolecznosci-tak-brzmi-miasto-wrzesien-2021\/"]}]},{"@type":"BreadcrumbList","@id":"https:\/\/takbrzmimiasto.pl\/en\/nowosci-muzyka-i-wiesci-ze-spolecznosci-tak-brzmi-miasto-wrzesien-2021\/#breadcrumb","itemListElement":[{"@type":"ListItem","position":1,"name":"Strona g\u0142\u00f3wna","item":"https:\/\/takbrzmimiasto.pl\/en\/"},{"@type":"ListItem","position":2,"name":"Nowo\u015bci, muzyka i wie\u015bci ze Spo\u0142eczno\u015bci Tak Brzmi Miasto [wrzesie\u0144 2021]"}]},{"@type":"WebSite","@id":"https:\/\/takbrzmimiasto.pl\/#website","url":"https:\/\/takbrzmimiasto.pl\/","name":"Tak Brzmi Miasto","description":"Tak Brzmi Miasto to konferencja, festiwal, inkubator dla mened\u017cer\u00f3w i akademia","publisher":{"@id":"https:\/\/takbrzmimiasto.pl\/#organization"},"potentialAction":[{"@type":"SearchAction","target":{"@type":"EntryPoint","urlTemplate":"https:\/\/takbrzmimiasto.pl\/?s={search_term_string}"},"query-input":"required name=search_term_string"}],"inLanguage":"en-US"},{"@type":"Organization","@id":"https:\/\/takbrzmimiasto.pl\/#organization","name":"Tak Brzmi Miasto","url":"https:\/\/takbrzmimiasto.pl\/","sameAs":[],"logo":{"@type":"ImageObject","inLanguage":"en-US","@id":"https:\/\/takbrzmimiasto.pl\/#\/schema\/logo\/image\/","url":"https:\/\/takbrzmimiasto.pl\/wp-content\/uploads\/2021\/04\/www_miniatura_bezmenu.jpg","contentUrl":"https:\/\/takbrzmimiasto.pl\/wp-content\/uploads\/2021\/04\/www_miniatura_bezmenu.jpg","width":1920,"height":1080,"caption":"Tak Brzmi Miasto"},"image":{"@id":"https:\/\/takbrzmimiasto.pl\/#\/schema\/logo\/image\/"}},{"@type":"Person","@id":"https:\/\/takbrzmimiasto.pl\/#\/schema\/person\/1c946f5380dc2c5faa442dcd9665f577","name":"Ewelina Krawczyk","image":{"@type":"ImageObject","inLanguage":"en-US","@id":"https:\/\/takbrzmimiasto.pl\/#\/schema\/person\/image\/","url":"https:\/\/secure.gravatar.com\/avatar\/03e1748f22765fb67ad17a1be9f9214e?s=96&d=mm&r=g","contentUrl":"https:\/\/secure.gravatar.com\/avatar\/03e1748f22765fb67ad17a1be9f9214e?s=96&d=mm&r=g","caption":"Ewelina Krawczyk"},"description":"Organizatorka, promotorka i mened\u017cerka kultury. Dyrektorka Festiwalu Wschody promuj\u0105cego now\u0105 muzyk\u0119 artystyczn\u0105. Dotychczas m.in. specjalistka ds. promocji w Wydawnictwie Znak, dziennikarka w Polska Press, wsp\u00f3\u0142prowadz\u0105ca projekty rekrutacyjne i kreatywne. Z wykszta\u0142cenia psycholo\u017cka, prowadzi\u0142a zaj\u0119cia m.in. z psychologii osobowo\u015bci i tw\u00f3rczo\u015bci. Tworzy swoj\u0105 jednoosobow\u0105 agencj\u0119 kreatywn\u0105, Si\u0119 tworzy - promocyjny pomost mi\u0119dzy tw\u00f3rcami a reszt\u0105 \u015bwiata.","url":"https:\/\/takbrzmimiasto.pl\/en\/author\/ewelina-krawczyk\/"}]}},"_links":{"self":[{"href":"https:\/\/takbrzmimiasto.pl\/en\/wp-json\/wp\/v2\/posts\/5048\/"}],"collection":[{"href":"https:\/\/takbrzmimiasto.pl\/en\/wp-json\/wp\/v2\/posts\/"}],"about":[{"href":"https:\/\/takbrzmimiasto.pl\/en\/wp-json\/wp\/v2\/types\/post\/"}],"author":[{"embeddable":true,"href":"https:\/\/takbrzmimiasto.pl\/en\/wp-json\/wp\/v2\/users\/60\/"}],"replies":[{"embeddable":true,"href":"https:\/\/takbrzmimiasto.pl\/en\/wp-json\/wp\/v2\/comments\/?post=5048"}],"version-history":[{"count":2,"href":"https:\/\/takbrzmimiasto.pl\/en\/wp-json\/wp\/v2\/posts\/5048\/revisions\/"}],"predecessor-version":[{"id":15360,"href":"https:\/\/takbrzmimiasto.pl\/en\/wp-json\/wp\/v2\/posts\/5048\/revisions\/15360\/"}],"wp:featuredmedia":[{"embeddable":true,"href":"https:\/\/takbrzmimiasto.pl\/en\/wp-json\/wp\/v2\/media\/5053\/"}],"wp:attachment":[{"href":"https:\/\/takbrzmimiasto.pl\/en\/wp-json\/wp\/v2\/media\/?parent=5048"}],"wp:term":[{"taxonomy":"category","embeddable":true,"href":"https:\/\/takbrzmimiasto.pl\/en\/wp-json\/wp\/v2\/categories\/?post=5048"},{"taxonomy":"post_tag","embeddable":true,"href":"https:\/\/takbrzmimiasto.pl\/en\/wp-json\/wp\/v2\/tags\/?post=5048"}],"curies":[{"name":"wp","href":"https:\/\/api.w.org\/{rel}","templated":true}]}}