{"id":5091,"date":"2021-09-24T09:39:03","date_gmt":"2021-09-24T07:39:03","guid":{"rendered":"https:\/\/takbrzmimiasto.pl\/?p=5091"},"modified":"2022-04-15T12:18:16","modified_gmt":"2022-04-15T10:18:16","slug":"ludzie-tematem-konferencji-tak-brzmi-miasto","status":"publish","type":"post","link":"https:\/\/takbrzmimiasto.pl\/en\/ludzie-tematem-konferencji-tak-brzmi-miasto\/","title":{"rendered":"LUDZIE! tematem konferencji Tak Brzmi Miasto"},"content":{"rendered":"<p><b>W 2020 roku podczas konferencji dla muzyk\u00f3w i mened\u017cer\u00f3w pytali\u015bmy: <\/b><b><i>Przysz\u0142o\u015b\u0107?<\/i><\/b><b> Po roku temat wydarzenia rysuje si\u0119, jak odpowied\u017a: <\/b><b><i>Ludzie<\/i><\/b><b>. Program opiera si\u0119 na osi artysta-cz\u0142owiek-odbiorca. Ca\u0142ym Tak Brzmi Miastem zapraszamy do Krakowa 13 i 14 listopada!<\/b><\/p>\n<p><span style=\"font-weight: 400;\">W zdigitalizowanym \u015bwiecie warto zada\u0107 sobie pytanie: co jest pierwsze? Pomys\u0142, kompozycja, produkcja, wizerunek, potrzeba, promocja, streaming, social media? Chcemy przypomnie\u0107, \u017ce pierwszy jest cz\u0142owiek. Cz\u0142owiek pracuje z muzyk\u0105 i cz\u0142owiek j\u0105 odbiera. Ludzie spotykaj\u0105 si\u0119 w \u015bwiecie sztuki &#8211; tym zawodowym i tym prywatnym &#8211; maj\u0105c okre\u015blone (lub nie) cele, potrzeby oraz do\u015bwiadczenia.\u00a0<\/span><\/p>\n<p><span style=\"font-weight: 400;\">Panele, warsztaty i wyk\u0142ady ekspert\u00f3w z szerokiego \u015bwiata muzyki b\u0119d\u0105 dotyka\u0107 sensu tworzenia, warto\u015bci wsp\u00f3\u0142pracy i istoty tworzenia wi\u0119zi z publiczno\u015bci\u0105. Specjali\u015bci od muzyki, kultury, biznesu, psychologii, a nawet futurologii zastanowi\u0105 si\u0119 wsp\u00f3lnie czy bran\u017ca muzyczna dzia\u0142a #poludzku, czy jest transparentna i fair? Co zrobi\u0107, \u017ceby tak by\u0142o? O co mo\u017ce zapyta\u0107 siebie artysta i artystka? Jaka przysz\u0142o\u015b\u0107 b\u0119dzie dla nich najlepsza? Jak o ni\u0105 zadba\u0107?<\/span><\/p>\n<p><span style=\"font-weight: 400;\">#poludzku o zarz\u0105dzaniu, komunikacji i obecno\u015bci w sieci. \u015awiadomie o rozwijaniu publiczno\u015bci, publicznym wizerunku i odpowiedzialno\u015bci bran\u017cowej.\u00a0<\/span><\/p>\n<p><span style=\"font-weight: 400;\">#poludzku w ramach Tak Brzmi Miasto Konferencja: Ludzie! 13 i 14 listopada 2021 r. w Krakowie w Teatrze Proxima oraz online<\/span><\/p>\n<p><img loading=\"lazy\" decoding=\"async\" class=\"aligncenter wp-image-5083 size-full\" src=\"https:\/\/takbrzmimiasto.pl\/wp-content\/uploads\/2021\/07\/hd05.jpg\" alt=\"\" width=\"1920\" height=\"1080\" data-wp-pid=\"5083\" srcset=\"https:\/\/takbrzmimiasto.pl\/wp-content\/uploads\/2021\/07\/hd05.jpg 1920w, https:\/\/takbrzmimiasto.pl\/wp-content\/uploads\/2021\/07\/hd05-800x450.jpg 800w, https:\/\/takbrzmimiasto.pl\/wp-content\/uploads\/2021\/07\/hd05-1000x563.jpg 1000w, https:\/\/takbrzmimiasto.pl\/wp-content\/uploads\/2021\/07\/hd05-350x197.jpg 350w, https:\/\/takbrzmimiasto.pl\/wp-content\/uploads\/2021\/07\/hd05-768x432.jpg 768w, https:\/\/takbrzmimiasto.pl\/wp-content\/uploads\/2021\/07\/hd05-1536x864.jpg 1536w\" sizes=\"(max-width: 1920px) 100vw, 1920px\" \/><\/p>\n<h6><b>powered by HEMI Music Hub<\/b><b><br \/>\n<\/b><b>co-founded by Creative Europe Programme of the European Union<\/b><\/h6>\n","protected":false},"excerpt":{"rendered":"<p>W 2020 roku podczas konferencji dla muzyk\u00f3w i mened\u017cer\u00f3w pytali\u015bmy: Przysz\u0142o\u015b\u0107? Po roku temat wydarzenia rysuje si\u0119, jak odpowied\u017a: Ludzie. Program opiera si\u0119 na osi artysta-cz\u0142owiek-odbiorca. Ca\u0142ym Tak Brzmi Miastem zapraszamy do Krakowa 13 i 14 listopada! W zdigitalizowanym \u015bwiecie warto zada\u0107 sobie pytanie: co jest pierwsze? Pomys\u0142, kompozycja, produkcja, wizerunek, potrzeba, promocja, streaming, social [&hellip;]<\/p>\n","protected":false},"author":60,"featured_media":5081,"comment_status":"open","ping_status":"open","sticky":false,"template":"","format":"standard","meta":{"inline_featured_image":false,"footnotes":""},"categories":[308],"tags":[],"class_list":["post-5091","post","type-post","status-publish","format-standard","has-post-thumbnail","hentry","category-aktualnosci"],"acf":[],"yoast_head":"<!-- This site is optimized with the Yoast SEO plugin v19.7.1 - https:\/\/yoast.com\/wordpress\/plugins\/seo\/ -->\n<title>LUDZIE! tematem konferencji Tak Brzmi Miasto - Tak Brzmi Miasto<\/title>\n<meta name=\"robots\" content=\"index, follow, max-snippet:-1, max-image-preview:large, max-video-preview:-1\" \/>\n<link rel=\"canonical\" href=\"https:\/\/takbrzmimiasto.pl\/en\/ludzie-tematem-konferencji-tak-brzmi-miasto\/\" \/>\n<meta property=\"og:locale\" content=\"en_US\" \/>\n<meta property=\"og:type\" content=\"article\" \/>\n<meta property=\"og:title\" content=\"LUDZIE! tematem konferencji Tak Brzmi Miasto - Tak Brzmi Miasto\" \/>\n<meta property=\"og:description\" content=\"W 2020 roku podczas konferencji dla muzyk\u00f3w i mened\u017cer\u00f3w pytali\u015bmy: Przysz\u0142o\u015b\u0107? Po roku temat wydarzenia rysuje si\u0119, jak odpowied\u017a: Ludzie. Program opiera si\u0119 na osi artysta-cz\u0142owiek-odbiorca. Ca\u0142ym Tak Brzmi Miastem zapraszamy do Krakowa 13 i 14 listopada! W zdigitalizowanym \u015bwiecie warto zada\u0107 sobie pytanie: co jest pierwsze? Pomys\u0142, kompozycja, produkcja, wizerunek, potrzeba, promocja, streaming, social [&hellip;]\" \/>\n<meta property=\"og:url\" content=\"https:\/\/takbrzmimiasto.pl\/en\/ludzie-tematem-konferencji-tak-brzmi-miasto\/\" \/>\n<meta property=\"og:site_name\" content=\"Tak Brzmi Miasto\" \/>\n<meta property=\"article:published_time\" content=\"2021-09-24T07:39:03+00:00\" \/>\n<meta property=\"article:modified_time\" content=\"2022-04-15T10:18:16+00:00\" \/>\n<meta property=\"og:image\" content=\"https:\/\/takbrzmimiasto.pl\/wp-content\/uploads\/2021\/07\/hd04.jpg\" \/>\n\t<meta property=\"og:image:width\" content=\"1920\" \/>\n\t<meta property=\"og:image:height\" content=\"1080\" \/>\n\t<meta property=\"og:image:type\" content=\"image\/jpeg\" \/>\n<meta name=\"author\" content=\"Ewelina Krawczyk\" \/>\n<meta name=\"twitter:card\" content=\"summary_large_image\" \/>\n<meta name=\"twitter:label1\" content=\"Written by\" \/>\n\t<meta name=\"twitter:data1\" content=\"Ewelina Krawczyk\" \/>\n\t<meta name=\"twitter:label2\" content=\"Est. reading time\" \/>\n\t<meta name=\"twitter:data2\" content=\"1 minute\" \/>\n<script type=\"application\/ld+json\" class=\"yoast-schema-graph\">{\"@context\":\"https:\/\/schema.org\",\"@graph\":[{\"@type\":\"Article\",\"@id\":\"https:\/\/takbrzmimiasto.pl\/en\/ludzie-tematem-konferencji-tak-brzmi-miasto\/#article\",\"isPartOf\":{\"@id\":\"https:\/\/takbrzmimiasto.pl\/en\/ludzie-tematem-konferencji-tak-brzmi-miasto\/\"},\"author\":{\"name\":\"Ewelina Krawczyk\",\"@id\":\"https:\/\/takbrzmimiasto.pl\/#\/schema\/person\/1c946f5380dc2c5faa442dcd9665f577\"},\"headline\":\"LUDZIE! tematem konferencji Tak Brzmi Miasto\",\"datePublished\":\"2021-09-24T07:39:03+00:00\",\"dateModified\":\"2022-04-15T10:18:16+00:00\",\"mainEntityOfPage\":{\"@id\":\"https:\/\/takbrzmimiasto.pl\/en\/ludzie-tematem-konferencji-tak-brzmi-miasto\/\"},\"wordCount\":242,\"commentCount\":0,\"publisher\":{\"@id\":\"https:\/\/takbrzmimiasto.pl\/#organization\"},\"articleSection\":[\"Aktualno\u015bci\"],\"inLanguage\":\"en-US\",\"potentialAction\":[{\"@type\":\"CommentAction\",\"name\":\"Comment\",\"target\":[\"https:\/\/takbrzmimiasto.pl\/en\/ludzie-tematem-konferencji-tak-brzmi-miasto\/#respond\"]}]},{\"@type\":\"WebPage\",\"@id\":\"https:\/\/takbrzmimiasto.pl\/en\/ludzie-tematem-konferencji-tak-brzmi-miasto\/\",\"url\":\"https:\/\/takbrzmimiasto.pl\/en\/ludzie-tematem-konferencji-tak-brzmi-miasto\/\",\"name\":\"LUDZIE! tematem konferencji Tak Brzmi Miasto - Tak Brzmi Miasto\",\"isPartOf\":{\"@id\":\"https:\/\/takbrzmimiasto.pl\/#website\"},\"datePublished\":\"2021-09-24T07:39:03+00:00\",\"dateModified\":\"2022-04-15T10:18:16+00:00\",\"breadcrumb\":{\"@id\":\"https:\/\/takbrzmimiasto.pl\/en\/ludzie-tematem-konferencji-tak-brzmi-miasto\/#breadcrumb\"},\"inLanguage\":\"en-US\",\"potentialAction\":[{\"@type\":\"ReadAction\",\"target\":[\"https:\/\/takbrzmimiasto.pl\/en\/ludzie-tematem-konferencji-tak-brzmi-miasto\/\"]}]},{\"@type\":\"BreadcrumbList\",\"@id\":\"https:\/\/takbrzmimiasto.pl\/en\/ludzie-tematem-konferencji-tak-brzmi-miasto\/#breadcrumb\",\"itemListElement\":[{\"@type\":\"ListItem\",\"position\":1,\"name\":\"Strona g\u0142\u00f3wna\",\"item\":\"https:\/\/takbrzmimiasto.pl\/en\/\"},{\"@type\":\"ListItem\",\"position\":2,\"name\":\"LUDZIE! tematem konferencji Tak Brzmi Miasto\"}]},{\"@type\":\"WebSite\",\"@id\":\"https:\/\/takbrzmimiasto.pl\/#website\",\"url\":\"https:\/\/takbrzmimiasto.pl\/\",\"name\":\"Tak Brzmi Miasto\",\"description\":\"Tak Brzmi Miasto to konferencja, festiwal, inkubator dla mened\u017cer\u00f3w i akademia\",\"publisher\":{\"@id\":\"https:\/\/takbrzmimiasto.pl\/#organization\"},\"potentialAction\":[{\"@type\":\"SearchAction\",\"target\":{\"@type\":\"EntryPoint\",\"urlTemplate\":\"https:\/\/takbrzmimiasto.pl\/?s={search_term_string}\"},\"query-input\":\"required name=search_term_string\"}],\"inLanguage\":\"en-US\"},{\"@type\":\"Organization\",\"@id\":\"https:\/\/takbrzmimiasto.pl\/#organization\",\"name\":\"Tak Brzmi Miasto\",\"url\":\"https:\/\/takbrzmimiasto.pl\/\",\"sameAs\":[],\"logo\":{\"@type\":\"ImageObject\",\"inLanguage\":\"en-US\",\"@id\":\"https:\/\/takbrzmimiasto.pl\/#\/schema\/logo\/image\/\",\"url\":\"https:\/\/takbrzmimiasto.pl\/wp-content\/uploads\/2021\/04\/www_miniatura_bezmenu.jpg\",\"contentUrl\":\"https:\/\/takbrzmimiasto.pl\/wp-content\/uploads\/2021\/04\/www_miniatura_bezmenu.jpg\",\"width\":1920,\"height\":1080,\"caption\":\"Tak Brzmi Miasto\"},\"image\":{\"@id\":\"https:\/\/takbrzmimiasto.pl\/#\/schema\/logo\/image\/\"}},{\"@type\":\"Person\",\"@id\":\"https:\/\/takbrzmimiasto.pl\/#\/schema\/person\/1c946f5380dc2c5faa442dcd9665f577\",\"name\":\"Ewelina Krawczyk\",\"image\":{\"@type\":\"ImageObject\",\"inLanguage\":\"en-US\",\"@id\":\"https:\/\/takbrzmimiasto.pl\/#\/schema\/person\/image\/\",\"url\":\"https:\/\/secure.gravatar.com\/avatar\/03e1748f22765fb67ad17a1be9f9214e?s=96&d=mm&r=g\",\"contentUrl\":\"https:\/\/secure.gravatar.com\/avatar\/03e1748f22765fb67ad17a1be9f9214e?s=96&d=mm&r=g\",\"caption\":\"Ewelina Krawczyk\"},\"description\":\"Organizatorka, promotorka i mened\u017cerka kultury. Dyrektorka Festiwalu Wschody promuj\u0105cego now\u0105 muzyk\u0119 artystyczn\u0105. Dotychczas m.in. specjalistka ds. promocji w Wydawnictwie Znak, dziennikarka w Polska Press, wsp\u00f3\u0142prowadz\u0105ca projekty rekrutacyjne i kreatywne. Z wykszta\u0142cenia psycholo\u017cka, prowadzi\u0142a zaj\u0119cia m.in. z psychologii osobowo\u015bci i tw\u00f3rczo\u015bci. Tworzy swoj\u0105 jednoosobow\u0105 agencj\u0119 kreatywn\u0105, Si\u0119 tworzy - promocyjny pomost mi\u0119dzy tw\u00f3rcami a reszt\u0105 \u015bwiata.\",\"url\":\"https:\/\/takbrzmimiasto.pl\/en\/author\/ewelina-krawczyk\/\"}]}<\/script>\n<!-- \/ Yoast SEO plugin. -->","yoast_head_json":{"title":"LUDZIE! tematem konferencji Tak Brzmi Miasto - Tak Brzmi Miasto","robots":{"index":"index","follow":"follow","max-snippet":"max-snippet:-1","max-image-preview":"max-image-preview:large","max-video-preview":"max-video-preview:-1"},"canonical":"https:\/\/takbrzmimiasto.pl\/en\/ludzie-tematem-konferencji-tak-brzmi-miasto\/","og_locale":"en_US","og_type":"article","og_title":"LUDZIE! tematem konferencji Tak Brzmi Miasto - Tak Brzmi Miasto","og_description":"W 2020 roku podczas konferencji dla muzyk\u00f3w i mened\u017cer\u00f3w pytali\u015bmy: Przysz\u0142o\u015b\u0107? Po roku temat wydarzenia rysuje si\u0119, jak odpowied\u017a: Ludzie. Program opiera si\u0119 na osi artysta-cz\u0142owiek-odbiorca. Ca\u0142ym Tak Brzmi Miastem zapraszamy do Krakowa 13 i 14 listopada! W zdigitalizowanym \u015bwiecie warto zada\u0107 sobie pytanie: co jest pierwsze? Pomys\u0142, kompozycja, produkcja, wizerunek, potrzeba, promocja, streaming, social [&hellip;]","og_url":"https:\/\/takbrzmimiasto.pl\/en\/ludzie-tematem-konferencji-tak-brzmi-miasto\/","og_site_name":"Tak Brzmi Miasto","article_published_time":"2021-09-24T07:39:03+00:00","article_modified_time":"2022-04-15T10:18:16+00:00","og_image":[{"width":1920,"height":1080,"url":"https:\/\/takbrzmimiasto.pl\/wp-content\/uploads\/2021\/07\/hd04.jpg","type":"image\/jpeg"}],"author":"Ewelina Krawczyk","twitter_card":"summary_large_image","twitter_misc":{"Written by":"Ewelina Krawczyk","Est. reading time":"1 minute"},"schema":{"@context":"https:\/\/schema.org","@graph":[{"@type":"Article","@id":"https:\/\/takbrzmimiasto.pl\/en\/ludzie-tematem-konferencji-tak-brzmi-miasto\/#article","isPartOf":{"@id":"https:\/\/takbrzmimiasto.pl\/en\/ludzie-tematem-konferencji-tak-brzmi-miasto\/"},"author":{"name":"Ewelina Krawczyk","@id":"https:\/\/takbrzmimiasto.pl\/#\/schema\/person\/1c946f5380dc2c5faa442dcd9665f577"},"headline":"LUDZIE! tematem konferencji Tak Brzmi Miasto","datePublished":"2021-09-24T07:39:03+00:00","dateModified":"2022-04-15T10:18:16+00:00","mainEntityOfPage":{"@id":"https:\/\/takbrzmimiasto.pl\/en\/ludzie-tematem-konferencji-tak-brzmi-miasto\/"},"wordCount":242,"commentCount":0,"publisher":{"@id":"https:\/\/takbrzmimiasto.pl\/#organization"},"articleSection":["Aktualno\u015bci"],"inLanguage":"en-US","potentialAction":[{"@type":"CommentAction","name":"Comment","target":["https:\/\/takbrzmimiasto.pl\/en\/ludzie-tematem-konferencji-tak-brzmi-miasto\/#respond"]}]},{"@type":"WebPage","@id":"https:\/\/takbrzmimiasto.pl\/en\/ludzie-tematem-konferencji-tak-brzmi-miasto\/","url":"https:\/\/takbrzmimiasto.pl\/en\/ludzie-tematem-konferencji-tak-brzmi-miasto\/","name":"LUDZIE! tematem konferencji Tak Brzmi Miasto - Tak Brzmi Miasto","isPartOf":{"@id":"https:\/\/takbrzmimiasto.pl\/#website"},"datePublished":"2021-09-24T07:39:03+00:00","dateModified":"2022-04-15T10:18:16+00:00","breadcrumb":{"@id":"https:\/\/takbrzmimiasto.pl\/en\/ludzie-tematem-konferencji-tak-brzmi-miasto\/#breadcrumb"},"inLanguage":"en-US","potentialAction":[{"@type":"ReadAction","target":["https:\/\/takbrzmimiasto.pl\/en\/ludzie-tematem-konferencji-tak-brzmi-miasto\/"]}]},{"@type":"BreadcrumbList","@id":"https:\/\/takbrzmimiasto.pl\/en\/ludzie-tematem-konferencji-tak-brzmi-miasto\/#breadcrumb","itemListElement":[{"@type":"ListItem","position":1,"name":"Strona g\u0142\u00f3wna","item":"https:\/\/takbrzmimiasto.pl\/en\/"},{"@type":"ListItem","position":2,"name":"LUDZIE! tematem konferencji Tak Brzmi Miasto"}]},{"@type":"WebSite","@id":"https:\/\/takbrzmimiasto.pl\/#website","url":"https:\/\/takbrzmimiasto.pl\/","name":"Tak Brzmi Miasto","description":"Tak Brzmi Miasto to konferencja, festiwal, inkubator dla mened\u017cer\u00f3w i akademia","publisher":{"@id":"https:\/\/takbrzmimiasto.pl\/#organization"},"potentialAction":[{"@type":"SearchAction","target":{"@type":"EntryPoint","urlTemplate":"https:\/\/takbrzmimiasto.pl\/?s={search_term_string}"},"query-input":"required name=search_term_string"}],"inLanguage":"en-US"},{"@type":"Organization","@id":"https:\/\/takbrzmimiasto.pl\/#organization","name":"Tak Brzmi Miasto","url":"https:\/\/takbrzmimiasto.pl\/","sameAs":[],"logo":{"@type":"ImageObject","inLanguage":"en-US","@id":"https:\/\/takbrzmimiasto.pl\/#\/schema\/logo\/image\/","url":"https:\/\/takbrzmimiasto.pl\/wp-content\/uploads\/2021\/04\/www_miniatura_bezmenu.jpg","contentUrl":"https:\/\/takbrzmimiasto.pl\/wp-content\/uploads\/2021\/04\/www_miniatura_bezmenu.jpg","width":1920,"height":1080,"caption":"Tak Brzmi Miasto"},"image":{"@id":"https:\/\/takbrzmimiasto.pl\/#\/schema\/logo\/image\/"}},{"@type":"Person","@id":"https:\/\/takbrzmimiasto.pl\/#\/schema\/person\/1c946f5380dc2c5faa442dcd9665f577","name":"Ewelina Krawczyk","image":{"@type":"ImageObject","inLanguage":"en-US","@id":"https:\/\/takbrzmimiasto.pl\/#\/schema\/person\/image\/","url":"https:\/\/secure.gravatar.com\/avatar\/03e1748f22765fb67ad17a1be9f9214e?s=96&d=mm&r=g","contentUrl":"https:\/\/secure.gravatar.com\/avatar\/03e1748f22765fb67ad17a1be9f9214e?s=96&d=mm&r=g","caption":"Ewelina Krawczyk"},"description":"Organizatorka, promotorka i mened\u017cerka kultury. Dyrektorka Festiwalu Wschody promuj\u0105cego now\u0105 muzyk\u0119 artystyczn\u0105. Dotychczas m.in. specjalistka ds. promocji w Wydawnictwie Znak, dziennikarka w Polska Press, wsp\u00f3\u0142prowadz\u0105ca projekty rekrutacyjne i kreatywne. Z wykszta\u0142cenia psycholo\u017cka, prowadzi\u0142a zaj\u0119cia m.in. z psychologii osobowo\u015bci i tw\u00f3rczo\u015bci. Tworzy swoj\u0105 jednoosobow\u0105 agencj\u0119 kreatywn\u0105, Si\u0119 tworzy - promocyjny pomost mi\u0119dzy tw\u00f3rcami a reszt\u0105 \u015bwiata.","url":"https:\/\/takbrzmimiasto.pl\/en\/author\/ewelina-krawczyk\/"}]}},"_links":{"self":[{"href":"https:\/\/takbrzmimiasto.pl\/en\/wp-json\/wp\/v2\/posts\/5091\/"}],"collection":[{"href":"https:\/\/takbrzmimiasto.pl\/en\/wp-json\/wp\/v2\/posts\/"}],"about":[{"href":"https:\/\/takbrzmimiasto.pl\/en\/wp-json\/wp\/v2\/types\/post\/"}],"author":[{"embeddable":true,"href":"https:\/\/takbrzmimiasto.pl\/en\/wp-json\/wp\/v2\/users\/60\/"}],"replies":[{"embeddable":true,"href":"https:\/\/takbrzmimiasto.pl\/en\/wp-json\/wp\/v2\/comments\/?post=5091"}],"version-history":[{"count":4,"href":"https:\/\/takbrzmimiasto.pl\/en\/wp-json\/wp\/v2\/posts\/5091\/revisions\/"}],"predecessor-version":[{"id":5127,"href":"https:\/\/takbrzmimiasto.pl\/en\/wp-json\/wp\/v2\/posts\/5091\/revisions\/5127\/"}],"wp:featuredmedia":[{"embeddable":true,"href":"https:\/\/takbrzmimiasto.pl\/en\/wp-json\/wp\/v2\/media\/5081\/"}],"wp:attachment":[{"href":"https:\/\/takbrzmimiasto.pl\/en\/wp-json\/wp\/v2\/media\/?parent=5091"}],"wp:term":[{"taxonomy":"category","embeddable":true,"href":"https:\/\/takbrzmimiasto.pl\/en\/wp-json\/wp\/v2\/categories\/?post=5091"},{"taxonomy":"post_tag","embeddable":true,"href":"https:\/\/takbrzmimiasto.pl\/en\/wp-json\/wp\/v2\/tags\/?post=5091"}],"curies":[{"name":"wp","href":"https:\/\/api.w.org\/{rel}","templated":true}]}}