{"id":5223,"date":"2021-09-30T17:17:21","date_gmt":"2021-09-30T15:17:21","guid":{"rendered":"https:\/\/takbrzmimiasto.pl\/?p=5223"},"modified":"2022-09-23T15:45:03","modified_gmt":"2022-09-23T13:45:03","slug":"umowa-z-muzykiem-sesyjnym-prawo-muzyka","status":"publish","type":"post","link":"https:\/\/takbrzmimiasto.pl\/en\/umowa-z-muzykiem-sesyjnym-prawo-muzyka\/","title":{"rendered":"Umowa z muzykiem sesyjnym [PRAWO MUZYKA]"},"content":{"rendered":"<p><strong>Umowa z muzykiem sesyjnym to dokument niezb\u0119dny w produkcji muzycznej. Wielu producent\u00f3w nie zdaje sobie sprawy z tego jak bardzo ryzykuj\u0105 nie podpisuj\u0105c um\u00f3w z muzykami sesyjnymi. Brak pisemnych um\u00f3w oznacza brak pe\u0142nych praw do nagranego materia\u0142u. Co si\u0119 z tym wi\u0105\u017ce?<\/strong><\/p>\n<p>Producent zaprosi\u0142 do wsp\u00f3\u0142pracy wokalistk\u0119, kt\u00f3ra mia\u0142a u\u0142o\u017cy\u0107 i nagra\u0107 dla niego partie ch\u00f3rk\u00f3w do kilku utwor\u00f3w, kt\u00f3re\u00a0<strong>mia\u0142y znale\u017a\u0107 si\u0119 na p\u0142ycie<\/strong>. Wokalistka zrealizowa\u0142a nagrania i otrzyma\u0142a od producenta wynagrodzenie. Niestety \u2013 producent i wokalistka nie zawarli \u017cadnej umowy. Nied\u0142ugo p\u00f3\u017aniej p\u0142yta zosta\u0142a wydana i sprzedawa\u0142a si\u0119 w ca\u0142kiem dobrze. Po trzech latach od wydania p\u0142yty do producenta zg\u0142osi\u0142a si\u0119 du\u017ca firma telekomunikacyjna z propozycj\u0105 wykorzystania jednego z utwor\u00f3w z p\u0142yty w kampanii reklamowej. Producent zgodzi\u0142 si\u0119. Otrzyma\u0142 du\u017ce wynagrodzenie \u2013 jednocze\u015bnie o\u015bwiadczaj\u0105c w podpisanej z firm\u0105 telekomunikacyjn\u0105 umowie, \u017ce posiada wszystkie prawa do nagra\u0144. Piosenka trafi\u0142a do reklamy, o czym dowiedzia\u0142a si\u0119 wokalistka, kt\u00f3ra nagra\u0142a ch\u00f3rki mi\u0119dzy innymi w\u0142a\u015bnie w tej piosence.<\/p>\n<p>Jak sko\u0144czy\u0142a si\u0119 ta historia? Dla producenta bardzo \u017ale.<\/p>\n<p>\n    <span id=\"arrow-link-9bd95b95\" class=\"d-inline-block\">\n        <a href=\"https:\/\/musicodex.pl\/umowa-z-muzykiem-sesyjnym\/\" class=\"arrow-link underline\">\n            <span class=\"arrow-link_text\">czytaj dalej na stronie Musicodex<\/span>\n            <span class=\"arrow-link_icon\">\n                <i class=\"fa-solid fa-arrow-right\"><\/i><i class=\"fa-solid fa-arrow-right\"><\/i>\n            <\/span>\n        <\/a>\n    <\/span>\n    .<\/p>\n<p>&nbsp;<\/p>\n<p>Udost\u0119pniamy Ci wiedz\u0119 z zakresu prawa autorskiego i prawa w muzyce dzi\u0119ki wsp\u00f3\u0142pracy z Musicodex.<\/p>\n<p>Dawk\u0119 wiedzy prawniczej dla muzyk\u00f3w znajdziesz tak\u017ce na ich YouTube&#8217;owym kanale \n    <span id=\"arrow-link-16f94ff2\" class=\"d-inline-block\">\n        <a href=\"https:\/\/www.youtube.com\/channel\/UCqShMu4dIDCgU7PcNvhZygw\" class=\"arrow-link underline\">\n            <span class=\"arrow-link_text\">Musicodex prawnicy od muzyki<\/span>\n            <span class=\"arrow-link_icon\">\n                <i class=\"fa-solid fa-arrow-right\"><\/i><i class=\"fa-solid fa-arrow-right\"><\/i>\n            <\/span>\n        <\/a>\n    <\/span>\n    !<\/p>\n","protected":false},"excerpt":{"rendered":"<p>Umowa z muzykiem sesyjnym to dokument niezb\u0119dny w produkcji muzycznej. Wielu producent\u00f3w nie zdaje sobie sprawy z tego jak bardzo ryzykuj\u0105 nie podpisuj\u0105c um\u00f3w z muzykami sesyjnymi. Brak pisemnych um\u00f3w oznacza brak pe\u0142nych praw do nagranego materia\u0142u. Co si\u0119 z tym wi\u0105\u017ce? Producent zaprosi\u0142 do wsp\u00f3\u0142pracy wokalistk\u0119, kt\u00f3ra mia\u0142a u\u0142o\u017cy\u0107 i nagra\u0107 dla niego partie [&hellip;]<\/p>\n","protected":false},"author":68,"featured_media":5224,"comment_status":"open","ping_status":"open","sticky":false,"template":"","format":"standard","meta":{"inline_featured_image":false,"footnotes":""},"categories":[101],"tags":[],"class_list":["post-5223","post","type-post","status-publish","format-standard","has-post-thumbnail","hentry","category-prawo-muzyka"],"acf":[],"yoast_head":"<!-- This site is optimized with the Yoast SEO plugin v19.7.1 - https:\/\/yoast.com\/wordpress\/plugins\/seo\/ -->\n<title>Umowa z muzykiem sesyjnym [PRAWO MUZYKA] - Tak Brzmi Miasto<\/title>\n<meta name=\"robots\" content=\"index, follow, max-snippet:-1, max-image-preview:large, max-video-preview:-1\" \/>\n<link rel=\"canonical\" href=\"https:\/\/takbrzmimiasto.pl\/en\/umowa-z-muzykiem-sesyjnym-prawo-muzyka\/\" \/>\n<meta property=\"og:locale\" content=\"en_US\" \/>\n<meta property=\"og:type\" content=\"article\" \/>\n<meta property=\"og:title\" content=\"Umowa z muzykiem sesyjnym [PRAWO MUZYKA] - Tak Brzmi Miasto\" \/>\n<meta property=\"og:description\" content=\"Umowa z muzykiem sesyjnym to dokument niezb\u0119dny w produkcji muzycznej. Wielu producent\u00f3w nie zdaje sobie sprawy z tego jak bardzo ryzykuj\u0105 nie podpisuj\u0105c um\u00f3w z muzykami sesyjnymi. Brak pisemnych um\u00f3w oznacza brak pe\u0142nych praw do nagranego materia\u0142u. Co si\u0119 z tym wi\u0105\u017ce? Producent zaprosi\u0142 do wsp\u00f3\u0142pracy wokalistk\u0119, kt\u00f3ra mia\u0142a u\u0142o\u017cy\u0107 i nagra\u0107 dla niego partie [&hellip;]\" \/>\n<meta property=\"og:url\" content=\"https:\/\/takbrzmimiasto.pl\/en\/umowa-z-muzykiem-sesyjnym-prawo-muzyka\/\" \/>\n<meta property=\"og:site_name\" content=\"Tak Brzmi Miasto\" \/>\n<meta property=\"article:published_time\" content=\"2021-09-30T15:17:21+00:00\" \/>\n<meta property=\"article:modified_time\" content=\"2022-09-23T13:45:03+00:00\" \/>\n<meta property=\"og:image\" content=\"https:\/\/takbrzmimiasto.pl\/wp-content\/uploads\/2021\/09\/hd36.jpg\" \/>\n\t<meta property=\"og:image:width\" content=\"1920\" \/>\n\t<meta property=\"og:image:height\" content=\"1080\" \/>\n\t<meta property=\"og:image:type\" content=\"image\/jpeg\" \/>\n<meta name=\"author\" content=\"Jacek Mi\u0142aszewski\" \/>\n<meta name=\"twitter:card\" content=\"summary_large_image\" \/>\n<meta name=\"twitter:label1\" content=\"Written by\" \/>\n\t<meta name=\"twitter:data1\" content=\"Jacek Mi\u0142aszewski\" \/>\n\t<meta name=\"twitter:label2\" content=\"Est. reading time\" \/>\n\t<meta name=\"twitter:data2\" content=\"1 minute\" \/>\n<script type=\"application\/ld+json\" class=\"yoast-schema-graph\">{\"@context\":\"https:\/\/schema.org\",\"@graph\":[{\"@type\":\"Article\",\"@id\":\"https:\/\/takbrzmimiasto.pl\/en\/umowa-z-muzykiem-sesyjnym-prawo-muzyka\/#article\",\"isPartOf\":{\"@id\":\"https:\/\/takbrzmimiasto.pl\/en\/umowa-z-muzykiem-sesyjnym-prawo-muzyka\/\"},\"author\":{\"name\":\"Jacek Mi\u0142aszewski\",\"@id\":\"https:\/\/takbrzmimiasto.pl\/#\/schema\/person\/d1cf3dea1eeccf237d7cef6482732aa3\"},\"headline\":\"Umowa z muzykiem sesyjnym [PRAWO MUZYKA]\",\"datePublished\":\"2021-09-30T15:17:21+00:00\",\"dateModified\":\"2022-09-23T13:45:03+00:00\",\"mainEntityOfPage\":{\"@id\":\"https:\/\/takbrzmimiasto.pl\/en\/umowa-z-muzykiem-sesyjnym-prawo-muzyka\/\"},\"wordCount\":275,\"commentCount\":0,\"publisher\":{\"@id\":\"https:\/\/takbrzmimiasto.pl\/#organization\"},\"articleSection\":[\"Prawo Muzyka\"],\"inLanguage\":\"en-US\",\"potentialAction\":[{\"@type\":\"CommentAction\",\"name\":\"Comment\",\"target\":[\"https:\/\/takbrzmimiasto.pl\/en\/umowa-z-muzykiem-sesyjnym-prawo-muzyka\/#respond\"]}]},{\"@type\":\"WebPage\",\"@id\":\"https:\/\/takbrzmimiasto.pl\/en\/umowa-z-muzykiem-sesyjnym-prawo-muzyka\/\",\"url\":\"https:\/\/takbrzmimiasto.pl\/en\/umowa-z-muzykiem-sesyjnym-prawo-muzyka\/\",\"name\":\"Umowa z muzykiem sesyjnym [PRAWO MUZYKA] - Tak Brzmi Miasto\",\"isPartOf\":{\"@id\":\"https:\/\/takbrzmimiasto.pl\/#website\"},\"datePublished\":\"2021-09-30T15:17:21+00:00\",\"dateModified\":\"2022-09-23T13:45:03+00:00\",\"breadcrumb\":{\"@id\":\"https:\/\/takbrzmimiasto.pl\/en\/umowa-z-muzykiem-sesyjnym-prawo-muzyka\/#breadcrumb\"},\"inLanguage\":\"en-US\",\"potentialAction\":[{\"@type\":\"ReadAction\",\"target\":[\"https:\/\/takbrzmimiasto.pl\/en\/umowa-z-muzykiem-sesyjnym-prawo-muzyka\/\"]}]},{\"@type\":\"BreadcrumbList\",\"@id\":\"https:\/\/takbrzmimiasto.pl\/en\/umowa-z-muzykiem-sesyjnym-prawo-muzyka\/#breadcrumb\",\"itemListElement\":[{\"@type\":\"ListItem\",\"position\":1,\"name\":\"Strona g\u0142\u00f3wna\",\"item\":\"https:\/\/takbrzmimiasto.pl\/en\/\"},{\"@type\":\"ListItem\",\"position\":2,\"name\":\"Umowa z muzykiem sesyjnym [PRAWO MUZYKA]\"}]},{\"@type\":\"WebSite\",\"@id\":\"https:\/\/takbrzmimiasto.pl\/#website\",\"url\":\"https:\/\/takbrzmimiasto.pl\/\",\"name\":\"Tak Brzmi Miasto\",\"description\":\"Tak Brzmi Miasto to konferencja, festiwal, inkubator dla mened\u017cer\u00f3w i akademia\",\"publisher\":{\"@id\":\"https:\/\/takbrzmimiasto.pl\/#organization\"},\"potentialAction\":[{\"@type\":\"SearchAction\",\"target\":{\"@type\":\"EntryPoint\",\"urlTemplate\":\"https:\/\/takbrzmimiasto.pl\/?s={search_term_string}\"},\"query-input\":\"required name=search_term_string\"}],\"inLanguage\":\"en-US\"},{\"@type\":\"Organization\",\"@id\":\"https:\/\/takbrzmimiasto.pl\/#organization\",\"name\":\"Tak Brzmi Miasto\",\"url\":\"https:\/\/takbrzmimiasto.pl\/\",\"sameAs\":[],\"logo\":{\"@type\":\"ImageObject\",\"inLanguage\":\"en-US\",\"@id\":\"https:\/\/takbrzmimiasto.pl\/#\/schema\/logo\/image\/\",\"url\":\"https:\/\/takbrzmimiasto.pl\/wp-content\/uploads\/2021\/04\/www_miniatura_bezmenu.jpg\",\"contentUrl\":\"https:\/\/takbrzmimiasto.pl\/wp-content\/uploads\/2021\/04\/www_miniatura_bezmenu.jpg\",\"width\":1920,\"height\":1080,\"caption\":\"Tak Brzmi Miasto\"},\"image\":{\"@id\":\"https:\/\/takbrzmimiasto.pl\/#\/schema\/logo\/image\/\"}},{\"@type\":\"Person\",\"@id\":\"https:\/\/takbrzmimiasto.pl\/#\/schema\/person\/d1cf3dea1eeccf237d7cef6482732aa3\",\"name\":\"Jacek Mi\u0142aszewski\",\"image\":{\"@type\":\"ImageObject\",\"inLanguage\":\"en-US\",\"@id\":\"https:\/\/takbrzmimiasto.pl\/#\/schema\/person\/image\/\",\"url\":\"https:\/\/secure.gravatar.com\/avatar\/5b0aa8f476b14f612082bf22d1c41e32?s=96&d=mm&r=g\",\"contentUrl\":\"https:\/\/secure.gravatar.com\/avatar\/5b0aa8f476b14f612082bf22d1c41e32?s=96&d=mm&r=g\",\"caption\":\"Jacek Mi\u0142aszewski\"},\"description\":\"Marcin Bara\u0144ski i Jacek Mi\u0142aszewski tworz\u0105 wsp\u00f3lnie Musicodex. S\u0105 prawnikami specjalizuj\u0105cymi si\u0119 w prawie muzyki i prawie autorskim. Wsp\u00f3\u0142pracuj\u0105 z artystami, producentami, organizatorami koncert\u00f3w i mened\u017cerami, \u015bwiadcz\u0105c kompleksowe us\u0142ugi z zakresu doradztwa, obs\u0142ugi prawnej oraz szkole\u0144 dla przedstawicieli bran\u017cy muzycznej. Prawo muzyki i prawo autorskie to ich pasja.\",\"sameAs\":[\"http:\/\/musicodex.pl\"],\"url\":\"https:\/\/takbrzmimiasto.pl\/en\/author\/musicodex\/\"}]}<\/script>\n<!-- \/ Yoast SEO plugin. -->","yoast_head_json":{"title":"Umowa z muzykiem sesyjnym [PRAWO MUZYKA] - Tak Brzmi Miasto","robots":{"index":"index","follow":"follow","max-snippet":"max-snippet:-1","max-image-preview":"max-image-preview:large","max-video-preview":"max-video-preview:-1"},"canonical":"https:\/\/takbrzmimiasto.pl\/en\/umowa-z-muzykiem-sesyjnym-prawo-muzyka\/","og_locale":"en_US","og_type":"article","og_title":"Umowa z muzykiem sesyjnym [PRAWO MUZYKA] - Tak Brzmi Miasto","og_description":"Umowa z muzykiem sesyjnym to dokument niezb\u0119dny w produkcji muzycznej. Wielu producent\u00f3w nie zdaje sobie sprawy z tego jak bardzo ryzykuj\u0105 nie podpisuj\u0105c um\u00f3w z muzykami sesyjnymi. Brak pisemnych um\u00f3w oznacza brak pe\u0142nych praw do nagranego materia\u0142u. Co si\u0119 z tym wi\u0105\u017ce? Producent zaprosi\u0142 do wsp\u00f3\u0142pracy wokalistk\u0119, kt\u00f3ra mia\u0142a u\u0142o\u017cy\u0107 i nagra\u0107 dla niego partie [&hellip;]","og_url":"https:\/\/takbrzmimiasto.pl\/en\/umowa-z-muzykiem-sesyjnym-prawo-muzyka\/","og_site_name":"Tak Brzmi Miasto","article_published_time":"2021-09-30T15:17:21+00:00","article_modified_time":"2022-09-23T13:45:03+00:00","og_image":[{"width":1920,"height":1080,"url":"https:\/\/takbrzmimiasto.pl\/wp-content\/uploads\/2021\/09\/hd36.jpg","type":"image\/jpeg"}],"author":"Jacek Mi\u0142aszewski","twitter_card":"summary_large_image","twitter_misc":{"Written by":"Jacek Mi\u0142aszewski","Est. reading time":"1 minute"},"schema":{"@context":"https:\/\/schema.org","@graph":[{"@type":"Article","@id":"https:\/\/takbrzmimiasto.pl\/en\/umowa-z-muzykiem-sesyjnym-prawo-muzyka\/#article","isPartOf":{"@id":"https:\/\/takbrzmimiasto.pl\/en\/umowa-z-muzykiem-sesyjnym-prawo-muzyka\/"},"author":{"name":"Jacek Mi\u0142aszewski","@id":"https:\/\/takbrzmimiasto.pl\/#\/schema\/person\/d1cf3dea1eeccf237d7cef6482732aa3"},"headline":"Umowa z muzykiem sesyjnym [PRAWO MUZYKA]","datePublished":"2021-09-30T15:17:21+00:00","dateModified":"2022-09-23T13:45:03+00:00","mainEntityOfPage":{"@id":"https:\/\/takbrzmimiasto.pl\/en\/umowa-z-muzykiem-sesyjnym-prawo-muzyka\/"},"wordCount":275,"commentCount":0,"publisher":{"@id":"https:\/\/takbrzmimiasto.pl\/#organization"},"articleSection":["Prawo Muzyka"],"inLanguage":"en-US","potentialAction":[{"@type":"CommentAction","name":"Comment","target":["https:\/\/takbrzmimiasto.pl\/en\/umowa-z-muzykiem-sesyjnym-prawo-muzyka\/#respond"]}]},{"@type":"WebPage","@id":"https:\/\/takbrzmimiasto.pl\/en\/umowa-z-muzykiem-sesyjnym-prawo-muzyka\/","url":"https:\/\/takbrzmimiasto.pl\/en\/umowa-z-muzykiem-sesyjnym-prawo-muzyka\/","name":"Umowa z muzykiem sesyjnym [PRAWO MUZYKA] - Tak Brzmi Miasto","isPartOf":{"@id":"https:\/\/takbrzmimiasto.pl\/#website"},"datePublished":"2021-09-30T15:17:21+00:00","dateModified":"2022-09-23T13:45:03+00:00","breadcrumb":{"@id":"https:\/\/takbrzmimiasto.pl\/en\/umowa-z-muzykiem-sesyjnym-prawo-muzyka\/#breadcrumb"},"inLanguage":"en-US","potentialAction":[{"@type":"ReadAction","target":["https:\/\/takbrzmimiasto.pl\/en\/umowa-z-muzykiem-sesyjnym-prawo-muzyka\/"]}]},{"@type":"BreadcrumbList","@id":"https:\/\/takbrzmimiasto.pl\/en\/umowa-z-muzykiem-sesyjnym-prawo-muzyka\/#breadcrumb","itemListElement":[{"@type":"ListItem","position":1,"name":"Strona g\u0142\u00f3wna","item":"https:\/\/takbrzmimiasto.pl\/en\/"},{"@type":"ListItem","position":2,"name":"Umowa z muzykiem sesyjnym [PRAWO MUZYKA]"}]},{"@type":"WebSite","@id":"https:\/\/takbrzmimiasto.pl\/#website","url":"https:\/\/takbrzmimiasto.pl\/","name":"Tak Brzmi Miasto","description":"Tak Brzmi Miasto to konferencja, festiwal, inkubator dla mened\u017cer\u00f3w i akademia","publisher":{"@id":"https:\/\/takbrzmimiasto.pl\/#organization"},"potentialAction":[{"@type":"SearchAction","target":{"@type":"EntryPoint","urlTemplate":"https:\/\/takbrzmimiasto.pl\/?s={search_term_string}"},"query-input":"required name=search_term_string"}],"inLanguage":"en-US"},{"@type":"Organization","@id":"https:\/\/takbrzmimiasto.pl\/#organization","name":"Tak Brzmi Miasto","url":"https:\/\/takbrzmimiasto.pl\/","sameAs":[],"logo":{"@type":"ImageObject","inLanguage":"en-US","@id":"https:\/\/takbrzmimiasto.pl\/#\/schema\/logo\/image\/","url":"https:\/\/takbrzmimiasto.pl\/wp-content\/uploads\/2021\/04\/www_miniatura_bezmenu.jpg","contentUrl":"https:\/\/takbrzmimiasto.pl\/wp-content\/uploads\/2021\/04\/www_miniatura_bezmenu.jpg","width":1920,"height":1080,"caption":"Tak Brzmi Miasto"},"image":{"@id":"https:\/\/takbrzmimiasto.pl\/#\/schema\/logo\/image\/"}},{"@type":"Person","@id":"https:\/\/takbrzmimiasto.pl\/#\/schema\/person\/d1cf3dea1eeccf237d7cef6482732aa3","name":"Jacek Mi\u0142aszewski","image":{"@type":"ImageObject","inLanguage":"en-US","@id":"https:\/\/takbrzmimiasto.pl\/#\/schema\/person\/image\/","url":"https:\/\/secure.gravatar.com\/avatar\/5b0aa8f476b14f612082bf22d1c41e32?s=96&d=mm&r=g","contentUrl":"https:\/\/secure.gravatar.com\/avatar\/5b0aa8f476b14f612082bf22d1c41e32?s=96&d=mm&r=g","caption":"Jacek Mi\u0142aszewski"},"description":"Marcin Bara\u0144ski i Jacek Mi\u0142aszewski tworz\u0105 wsp\u00f3lnie Musicodex. S\u0105 prawnikami specjalizuj\u0105cymi si\u0119 w prawie muzyki i prawie autorskim. Wsp\u00f3\u0142pracuj\u0105 z artystami, producentami, organizatorami koncert\u00f3w i mened\u017cerami, \u015bwiadcz\u0105c kompleksowe us\u0142ugi z zakresu doradztwa, obs\u0142ugi prawnej oraz szkole\u0144 dla przedstawicieli bran\u017cy muzycznej. Prawo muzyki i prawo autorskie to ich pasja.","sameAs":["http:\/\/musicodex.pl"],"url":"https:\/\/takbrzmimiasto.pl\/en\/author\/musicodex\/"}]}},"_links":{"self":[{"href":"https:\/\/takbrzmimiasto.pl\/en\/wp-json\/wp\/v2\/posts\/5223\/"}],"collection":[{"href":"https:\/\/takbrzmimiasto.pl\/en\/wp-json\/wp\/v2\/posts\/"}],"about":[{"href":"https:\/\/takbrzmimiasto.pl\/en\/wp-json\/wp\/v2\/types\/post\/"}],"author":[{"embeddable":true,"href":"https:\/\/takbrzmimiasto.pl\/en\/wp-json\/wp\/v2\/users\/68\/"}],"replies":[{"embeddable":true,"href":"https:\/\/takbrzmimiasto.pl\/en\/wp-json\/wp\/v2\/comments\/?post=5223"}],"version-history":[{"count":2,"href":"https:\/\/takbrzmimiasto.pl\/en\/wp-json\/wp\/v2\/posts\/5223\/revisions\/"}],"predecessor-version":[{"id":15359,"href":"https:\/\/takbrzmimiasto.pl\/en\/wp-json\/wp\/v2\/posts\/5223\/revisions\/15359\/"}],"wp:featuredmedia":[{"embeddable":true,"href":"https:\/\/takbrzmimiasto.pl\/en\/wp-json\/wp\/v2\/media\/5224\/"}],"wp:attachment":[{"href":"https:\/\/takbrzmimiasto.pl\/en\/wp-json\/wp\/v2\/media\/?parent=5223"}],"wp:term":[{"taxonomy":"category","embeddable":true,"href":"https:\/\/takbrzmimiasto.pl\/en\/wp-json\/wp\/v2\/categories\/?post=5223"},{"taxonomy":"post_tag","embeddable":true,"href":"https:\/\/takbrzmimiasto.pl\/en\/wp-json\/wp\/v2\/tags\/?post=5223"}],"curies":[{"name":"wp","href":"https:\/\/api.w.org\/{rel}","templated":true}]}}