{"id":7028,"date":"2021-10-19T08:10:08","date_gmt":"2021-10-19T06:10:08","guid":{"rendered":"https:\/\/takbrzmimiasto.pl\/?p=7028"},"modified":"2022-04-15T12:26:38","modified_gmt":"2022-04-15T10:26:38","slug":"garnitur-od-salvadora-dali","status":"publish","type":"post","link":"https:\/\/takbrzmimiasto.pl\/en\/garnitur-od-salvadora-dali\/","title":{"rendered":"Garnitur od Salvadora Dali [felieton Jagi Baczy\u0144skiej]"},"content":{"rendered":"<p>Zdecydowanie jestem jesieniar\u0105. Jesie\u0144 ma moje tempo. Inspiruje mnie. S\u0142u\u017cy. Doceniam i celebruj\u0119 jej br\u0105zy, karminy, ochry i \u017c\u00f3\u0142cienie. Wchodz\u0105 w r\u0119ce, wype\u0142niaj\u0105 kieszenie, moszcz\u0105 si\u0119 na dnie torby, wpe\u0142zaj\u0105 za wycieraczki i turlaj\u0105 si\u0119 pod nogami. Jak co roku jesienna gala moich prywatnych zachwyt\u00f3w rozdaje nagrody niesko\u0144czonej czu\u0142o\u015bci mi\u0119kkich swetr\u00f3w, skutecznego omotania atrakcyjnie ciep\u0142ym szalem i b\u0142ogiego ko\u0142ysania w ramionach kusz\u0105cych kocyk\u00f3w. Uwielbiam te wszystkie rozgrzane, dymi\u0105ce kubki, kt\u00f3re podaj\u0105 mi korzenne herbaty, czekolady z odrobin\u0105 chili, albo napary imbirowe z kurkum\u0105 i miodem.<\/p>\n<p>Jesieni\u0105 lubi\u0119 przygl\u0105da\u0107 si\u0119 ludziom. Zauwa\u017cyli\u015bcie, \u017ce jesieni\u0105 zaczynamy mi\u0119kn\u0105\u0107? Rozpuszczamy si\u0119 owini\u0119ci w ciep\u0142e kurtki i czapki. Delikatniejemy. Polar i puch izoluj\u0105 nas od ha\u0142asu i amortyzuj\u0105 uszczypni\u0119cia dokuczliwych zdarze\u0144. Bezpieczniej nam. Opadaj\u0105 gardy, maski i wstyd, gdy we\u0142ny i w\u0142\u00f3czki bior\u0105 w ramiona nasze cia\u0142a. Jesieni\u0105 wra\u017cliwo\u015b\u0107 przestaje by\u0107 s\u0142abo\u015bci\u0105. Z ka\u017cdym opadni\u0119tym li\u015bciem i ka\u017cd\u0105 nag\u0105 ga\u0142\u0105zk\u0105 mamy coraz wi\u0119ksz\u0105 ochot\u0119 na szczero\u015b\u0107. Otulone szalami gard\u0142a obna\u017caj\u0105 od dawna t\u0142umione s\u0142owa i zaczynaj\u0105 m\u00f3wi\u0107, to co czuj\u0105. Czasem nawet krzycz\u0105. Zauwa\u017cyli\u015bcie? Jesieni\u0105 ludzie cz\u0119\u015bciej m\u00f3wi\u0105 prawd\u0119. Jesieni\u0105 zdarzaj\u0105 si\u0119 wa\u017cne spotkania, wa\u017cne rozmowy, niekiedy pomi\u0119dzy ca\u0142kiem obcymi sobie lud\u017ami.<\/p>\n<p>W jesienne wieczory zamykam si\u0119 w studiu, wyci\u0105gam looper, odkr\u0119cam pog\u0142osy, delaye i znikam. Otulaj\u0105 mnie, nak\u0142adaj\u0105ce si\u0119 na siebie wokalizy. Owijam je wok\u00f3\u0142 siebie jak te mi\u0119ciutkie jesienne szale, przymierzam jak te jesienne p\u0142aszcze i marynarki, i najzwyczajniej w \u015bwiecie jest mi dobrze. Czasem mam ochot\u0119 otuli\u0107 si\u0119 czym\u015b od uznanego projektanta. Dzisiaj wyszpera\u0142am \u201eSelf-Portrait in Three Colors\u201d Mingusa. Sk\u0142ada si\u0119 z trzech niezale\u017cnych linii melodycznych prowadzonych r\u00f3wnolegle. Ka\u017cda z melodii, to ca\u0142kiem inny p\u0142aszcz, inna stylizacja. Ka\u017cd\u0105 kom\u00f3rk\u0119 swojego cia\u0142a przepuszczam przez rezonans, kt\u00f3ry tworzy m\u00f3j w\u0142asny g\u0142os. Ubieram je kolejno w ka\u017cd\u0105 z tych trzech melodii i po chwili wprowadzam si\u0119 w stan medytacji.<\/p>\n<p>Przypominam sobie anegdot\u0119 o m\u0119\u017cczy\u017anie, kt\u00f3ry odbiera od krawca specjalnie dla niego uszyty garnitur. Przymierza. Przygl\u0105da si\u0119 niepewnie w lustrze. Zauwa\u017ca, \u017ce chyba jednak co\u015b posz\u0142o nie tak. Prawa nogawka jest za kr\u00f3tka, a lewy r\u0119kaw za d\u0142ugi. Wewn\u0119trzny szew spodni niezbyt korzystnie si\u0119 uk\u0142ada, a marynarka kr\u0119puje ruch ramion. M\u0119\u017cczyzna nie umie ukry\u0107 rozczarowania \u2013 przecie\u017c garnitur mia\u0142 by\u0107 skrojony idealnie na niego. Krawiec macha lekcewa\u017c\u0105co r\u0119k\u0105. Logicznie t\u0142umaczy, \u017ce to \u017caden problem, bo je\u017celi troch\u0119 ugnie prawe kolano i b\u0119dzie stara\u0142 si\u0119 chodzi\u0107 z kolanami skierowanymi do wewn\u0105trz, to d\u0142ugo\u015b\u0107 spodni b\u0119dzie w sam raz, ba! zaczn\u0105 si\u0119 nawet znakomicie uk\u0142ada\u0107. A marynarka? Prosz\u0119 bardzo: jak zegnie lewy \u0142okie\u0107 i rozepnie guzik, to d\u0142ugo\u015b\u0107 r\u0119kawa oka\u017ce si\u0119 w\u0142a\u015bciwa i ruchy ramion b\u0119d\u0105 mia\u0142y wi\u0119cej swobody. Po tych fachowych poprawkach, m\u0119\u017cczyzna jeszcze raz przegl\u0105da si\u0119 w lustrze. Okazuje si\u0119, \u017ce to faktycznie \u015bwietnie skrojony garnitur. Zachwycony wraca w nim do domu. Gdy tak ku\u015btyka, dw\u00f3ch pan\u00f3w przygl\u0105da si\u0119 mu z zaciekawieniem. Jeden z nich wyra\u017ca wsp\u00f3\u0142czucie, dla rzucaj\u0105cej si\u0119 w oczy niepe\u0142nosprawno\u015bci, a drugi wzdycha z zazdro\u015bci\u0105, jak to \u015bwietnie skrojony garnitur\u2026<\/p>\n<p>Ile\u017c takich \u015bwietnie skrojonych garnitur\u00f3w szyjemy sobie w ci\u0105gu \u017cycia? B\u0105d\u017amy szczerzy \u2013 najwi\u0119cej mamy tych, kt\u00f3re dostali\u015bmy w prezencie. Dosy\u0107 \u0142atwo jest rozsta\u0107 si\u0119 z niepasuj\u0105cymi garniturami, kt\u00f3re sami zam\u00f3wili\u015bmy, ale to nie wiadomo sk\u0105d wzi\u0119te przekonanie, \u017ce nie wypada nie przyj\u0105\u0107 prezentu, znacznie utrudnia wymian\u0119 tej przedziwnej \u201egarderoby\u201d. Zaczynaj\u0105 nas bole\u0107 kolana, m\u0119cz\u0105 si\u0119 r\u0119ce, a nienaturalny krok dewastuj\u0105co wp\u0142ywa na kr\u0119gos\u0142up. Nie szkodzi. Garnitur musi dobrze le\u017ce\u0107. Zawieramy w nim znajomo\u015bci, przeprowadzamy rozmowy, m\u00f3wimy, \u017ce kochamy, \u017ce nienawidzimy, \u017ce nie chcemy, \u017ce pragniemy\u2026 Tadam! Oto my. Ludzie. Wi\u0119kszo\u015b\u0107 w niefortunnie skrojonych garniturach. Dlaczego, ach dlaczego, tak trudno nam si\u0119 ze sob\u0105 czasem porozumie\u0107?<\/p>\n<p>Znacie metod\u0119 Salvadora Dali? W wieku sze\u015bciu lat chcia\u0142 zosta\u0107 kuchark\u0105, w wieku siedmiu lat Napoleonem, a poniewa\u017c jego ambicje nie przestawa\u0142y rosn\u0105\u0107, zosta\u0142 Dalim \u2013 tak zaczynaj\u0105 si\u0119 jego wspomnienia (\u201eMoje sekretne \u017cycie\u201d, S. Dali). Otwarcie przyznawa\u0142, \u017ce skromno\u015b\u0107 nie jest jego specjalno\u015bci\u0105. Twierdzi\u0142 nawet, \u017ce s\u0105 dni, kiedy my\u015bli, \u017ce umrze z przedawkowania satysfakcji, i \u017ce nic nie poradzi na to, \u017ce jest siedliskiem geniuszu. Uwa\u017ca\u0142 te\u017c, \u017ce nie ma sensu obawia\u0107 si\u0119 doskona\u0142o\u015bci, poniewa\u017c nigdy si\u0119 jej nie osi\u0105gnie. Wracaj\u0105c do metody. Jest szale\u0144czo prosta i zawiera si\u0119 w jednym zdaniu. \u201eKa\u017cdego ranka, kiedy si\u0119 budz\u0119, do\u015bwiadczam niezwyk\u0142ej rado\u015bci \u2013 rado\u015bci z bycia Salvadorem Dali \u2013 i zachwycam si\u0119: jakie cudowne rzeczy Salvador Dali dzisiaj osi\u0105gnie?\u201d<\/p>\n<p>Zastanawiam si\u0119 nad w\u0142asn\u0105 \u201egarderob\u0105\u201d, gdzie mam takich garnitur\u00f3w kilka. S\u0105 tam te wygodne, mi\u0119ciutkie jak jesienne kocyki, jednak uczciwie zauwa\u017cam te\u017c te skrojone chyba na kogo\u015b innego, kt\u00f3re jednak nadal nosz\u0119. Je\u017celi tej jesieni przydarzy mi si\u0119 jakie\u015b wa\u017cne spotkanie, jaka\u015b wa\u017cna rozmowa z drugim cz\u0142owiekiem, i je\u015bli akurat nie b\u0119d\u0119 owini\u0119ta kocykiem\u2026 to mam nadziej\u0119, \u017ce chocia\u017c b\u0119d\u0119 mia\u0142a na sobie garnitur skrojony metod\u0105 Salvadora Dali.<\/p>\n<p>&nbsp;<\/p>\n<p>So Much Love,<\/p>\n<p>Jaga<\/p>\n","protected":false},"excerpt":{"rendered":"<p>Zdecydowanie jestem jesieniar\u0105. Jesie\u0144 ma moje tempo. Inspiruje mnie. S\u0142u\u017cy. Doceniam i celebruj\u0119 jej br\u0105zy, karminy, ochry i \u017c\u00f3\u0142cienie. Wchodz\u0105 w r\u0119ce, wype\u0142niaj\u0105 kieszenie, moszcz\u0105 si\u0119 na dnie torby, wpe\u0142zaj\u0105 za wycieraczki i turlaj\u0105 si\u0119 pod nogami. Jak co roku jesienna gala moich prywatnych zachwyt\u00f3w rozdaje nagrody niesko\u0144czonej czu\u0142o\u015bci mi\u0119kkich swetr\u00f3w, skutecznego omotania atrakcyjnie ciep\u0142ym [&hellip;]<\/p>\n","protected":false},"author":1250,"featured_media":7029,"comment_status":"open","ping_status":"open","sticky":false,"template":"","format":"standard","meta":{"inline_featured_image":false,"footnotes":""},"categories":[309],"tags":[],"class_list":["post-7028","post","type-post","status-publish","format-standard","has-post-thumbnail","hentry","category-spolecznosc"],"acf":[],"yoast_head":"<!-- This site is optimized with the Yoast SEO plugin v19.7.1 - https:\/\/yoast.com\/wordpress\/plugins\/seo\/ -->\n<title>Garnitur od Salvadora Dali [felieton Jagi Baczy\u0144skiej] - Tak Brzmi Miasto<\/title>\n<meta name=\"robots\" content=\"index, follow, max-snippet:-1, max-image-preview:large, max-video-preview:-1\" \/>\n<link rel=\"canonical\" href=\"https:\/\/takbrzmimiasto.pl\/en\/garnitur-od-salvadora-dali\/\" \/>\n<meta property=\"og:locale\" content=\"en_US\" \/>\n<meta property=\"og:type\" content=\"article\" \/>\n<meta property=\"og:title\" content=\"Garnitur od Salvadora Dali [felieton Jagi Baczy\u0144skiej] - Tak Brzmi Miasto\" \/>\n<meta property=\"og:description\" content=\"Zdecydowanie jestem jesieniar\u0105. Jesie\u0144 ma moje tempo. Inspiruje mnie. S\u0142u\u017cy. Doceniam i celebruj\u0119 jej br\u0105zy, karminy, ochry i \u017c\u00f3\u0142cienie. Wchodz\u0105 w r\u0119ce, wype\u0142niaj\u0105 kieszenie, moszcz\u0105 si\u0119 na dnie torby, wpe\u0142zaj\u0105 za wycieraczki i turlaj\u0105 si\u0119 pod nogami. Jak co roku jesienna gala moich prywatnych zachwyt\u00f3w rozdaje nagrody niesko\u0144czonej czu\u0142o\u015bci mi\u0119kkich swetr\u00f3w, skutecznego omotania atrakcyjnie ciep\u0142ym [&hellip;]\" \/>\n<meta property=\"og:url\" content=\"https:\/\/takbrzmimiasto.pl\/en\/garnitur-od-salvadora-dali\/\" \/>\n<meta property=\"og:site_name\" content=\"Tak Brzmi Miasto\" \/>\n<meta property=\"article:published_time\" content=\"2021-10-19T06:10:08+00:00\" \/>\n<meta property=\"article:modified_time\" content=\"2022-04-15T10:26:38+00:00\" \/>\n<meta property=\"og:image\" content=\"https:\/\/takbrzmimiasto.pl\/wp-content\/uploads\/2021\/10\/Ludzie-jaga.jpg\" \/>\n\t<meta property=\"og:image:width\" content=\"1920\" \/>\n\t<meta property=\"og:image:height\" content=\"1080\" \/>\n\t<meta property=\"og:image:type\" content=\"image\/jpeg\" \/>\n<meta name=\"author\" content=\"Jaga Baczy\u0144ska\" \/>\n<meta name=\"twitter:card\" content=\"summary_large_image\" \/>\n<meta name=\"twitter:label1\" content=\"Written by\" \/>\n\t<meta name=\"twitter:data1\" content=\"Jaga Baczy\u0144ska\" \/>\n\t<meta name=\"twitter:label2\" content=\"Est. reading time\" \/>\n\t<meta name=\"twitter:data2\" content=\"4 minutes\" \/>\n<script type=\"application\/ld+json\" class=\"yoast-schema-graph\">{\"@context\":\"https:\/\/schema.org\",\"@graph\":[{\"@type\":\"Article\",\"@id\":\"https:\/\/takbrzmimiasto.pl\/en\/garnitur-od-salvadora-dali\/#article\",\"isPartOf\":{\"@id\":\"https:\/\/takbrzmimiasto.pl\/en\/garnitur-od-salvadora-dali\/\"},\"author\":{\"name\":\"Jaga Baczy\u0144ska\",\"@id\":\"https:\/\/takbrzmimiasto.pl\/#\/schema\/person\/6c6a52802f0aa2204b6a06d814093189\"},\"headline\":\"Garnitur od Salvadora Dali [felieton Jagi Baczy\u0144skiej]\",\"datePublished\":\"2021-10-19T06:10:08+00:00\",\"dateModified\":\"2022-04-15T10:26:38+00:00\",\"mainEntityOfPage\":{\"@id\":\"https:\/\/takbrzmimiasto.pl\/en\/garnitur-od-salvadora-dali\/\"},\"wordCount\":948,\"commentCount\":0,\"publisher\":{\"@id\":\"https:\/\/takbrzmimiasto.pl\/#organization\"},\"articleSection\":[\"Spo\u0142eczno\u015b\u0107\"],\"inLanguage\":\"en-US\",\"potentialAction\":[{\"@type\":\"CommentAction\",\"name\":\"Comment\",\"target\":[\"https:\/\/takbrzmimiasto.pl\/en\/garnitur-od-salvadora-dali\/#respond\"]}]},{\"@type\":\"WebPage\",\"@id\":\"https:\/\/takbrzmimiasto.pl\/en\/garnitur-od-salvadora-dali\/\",\"url\":\"https:\/\/takbrzmimiasto.pl\/en\/garnitur-od-salvadora-dali\/\",\"name\":\"Garnitur od Salvadora Dali [felieton Jagi Baczy\u0144skiej] - Tak Brzmi Miasto\",\"isPartOf\":{\"@id\":\"https:\/\/takbrzmimiasto.pl\/#website\"},\"datePublished\":\"2021-10-19T06:10:08+00:00\",\"dateModified\":\"2022-04-15T10:26:38+00:00\",\"breadcrumb\":{\"@id\":\"https:\/\/takbrzmimiasto.pl\/en\/garnitur-od-salvadora-dali\/#breadcrumb\"},\"inLanguage\":\"en-US\",\"potentialAction\":[{\"@type\":\"ReadAction\",\"target\":[\"https:\/\/takbrzmimiasto.pl\/en\/garnitur-od-salvadora-dali\/\"]}]},{\"@type\":\"BreadcrumbList\",\"@id\":\"https:\/\/takbrzmimiasto.pl\/en\/garnitur-od-salvadora-dali\/#breadcrumb\",\"itemListElement\":[{\"@type\":\"ListItem\",\"position\":1,\"name\":\"Strona g\u0142\u00f3wna\",\"item\":\"https:\/\/takbrzmimiasto.pl\/en\/\"},{\"@type\":\"ListItem\",\"position\":2,\"name\":\"Garnitur od Salvadora Dali [felieton Jagi Baczy\u0144skiej]\"}]},{\"@type\":\"WebSite\",\"@id\":\"https:\/\/takbrzmimiasto.pl\/#website\",\"url\":\"https:\/\/takbrzmimiasto.pl\/\",\"name\":\"Tak Brzmi Miasto\",\"description\":\"Tak Brzmi Miasto to konferencja, festiwal, inkubator dla mened\u017cer\u00f3w i akademia\",\"publisher\":{\"@id\":\"https:\/\/takbrzmimiasto.pl\/#organization\"},\"potentialAction\":[{\"@type\":\"SearchAction\",\"target\":{\"@type\":\"EntryPoint\",\"urlTemplate\":\"https:\/\/takbrzmimiasto.pl\/?s={search_term_string}\"},\"query-input\":\"required name=search_term_string\"}],\"inLanguage\":\"en-US\"},{\"@type\":\"Organization\",\"@id\":\"https:\/\/takbrzmimiasto.pl\/#organization\",\"name\":\"Tak Brzmi Miasto\",\"url\":\"https:\/\/takbrzmimiasto.pl\/\",\"sameAs\":[],\"logo\":{\"@type\":\"ImageObject\",\"inLanguage\":\"en-US\",\"@id\":\"https:\/\/takbrzmimiasto.pl\/#\/schema\/logo\/image\/\",\"url\":\"https:\/\/takbrzmimiasto.pl\/wp-content\/uploads\/2021\/04\/www_miniatura_bezmenu.jpg\",\"contentUrl\":\"https:\/\/takbrzmimiasto.pl\/wp-content\/uploads\/2021\/04\/www_miniatura_bezmenu.jpg\",\"width\":1920,\"height\":1080,\"caption\":\"Tak Brzmi Miasto\"},\"image\":{\"@id\":\"https:\/\/takbrzmimiasto.pl\/#\/schema\/logo\/image\/\"}},{\"@type\":\"Person\",\"@id\":\"https:\/\/takbrzmimiasto.pl\/#\/schema\/person\/6c6a52802f0aa2204b6a06d814093189\",\"name\":\"Jaga Baczy\u0144ska\",\"image\":{\"@type\":\"ImageObject\",\"inLanguage\":\"en-US\",\"@id\":\"https:\/\/takbrzmimiasto.pl\/#\/schema\/person\/image\/\",\"url\":\"https:\/\/secure.gravatar.com\/avatar\/5f03d9131a30fead21678bcce5600986?s=96&d=mm&r=g\",\"contentUrl\":\"https:\/\/secure.gravatar.com\/avatar\/5f03d9131a30fead21678bcce5600986?s=96&d=mm&r=g\",\"caption\":\"Jaga Baczy\u0144ska\"},\"description\":\"wokalistka, autorka tekst\u00f3w, kompozytorka, po\u0142owa duetu So Much Love. Zmagaj\u0105ca si\u0119 z w\u0142asnym introwertyzmem z konieczno\u015bci, mi\u0142o\u015bniczka ciszy i spokoju z usposobienia, kolekcjonerka zachwyt\u00f3w z wyboru. Zajmuje si\u0119 Terapi\u0105 Czaszkowo - Krzy\u017cow\u0105 i Polarity, pracuje g\u0142\u00f3wnie z empatami i osobami z wysok\u0105 wra\u017cliwo\u015bci\u0105. Absolwentka Tak Brzmi Miasto Inkubator 2020.\",\"url\":\"https:\/\/takbrzmimiasto.pl\/en\/author\/jaga-baczynska\/\"}]}<\/script>\n<!-- \/ Yoast SEO plugin. -->","yoast_head_json":{"title":"Garnitur od Salvadora Dali [felieton Jagi Baczy\u0144skiej] - Tak Brzmi Miasto","robots":{"index":"index","follow":"follow","max-snippet":"max-snippet:-1","max-image-preview":"max-image-preview:large","max-video-preview":"max-video-preview:-1"},"canonical":"https:\/\/takbrzmimiasto.pl\/en\/garnitur-od-salvadora-dali\/","og_locale":"en_US","og_type":"article","og_title":"Garnitur od Salvadora Dali [felieton Jagi Baczy\u0144skiej] - Tak Brzmi Miasto","og_description":"Zdecydowanie jestem jesieniar\u0105. Jesie\u0144 ma moje tempo. Inspiruje mnie. S\u0142u\u017cy. Doceniam i celebruj\u0119 jej br\u0105zy, karminy, ochry i \u017c\u00f3\u0142cienie. Wchodz\u0105 w r\u0119ce, wype\u0142niaj\u0105 kieszenie, moszcz\u0105 si\u0119 na dnie torby, wpe\u0142zaj\u0105 za wycieraczki i turlaj\u0105 si\u0119 pod nogami. Jak co roku jesienna gala moich prywatnych zachwyt\u00f3w rozdaje nagrody niesko\u0144czonej czu\u0142o\u015bci mi\u0119kkich swetr\u00f3w, skutecznego omotania atrakcyjnie ciep\u0142ym [&hellip;]","og_url":"https:\/\/takbrzmimiasto.pl\/en\/garnitur-od-salvadora-dali\/","og_site_name":"Tak Brzmi Miasto","article_published_time":"2021-10-19T06:10:08+00:00","article_modified_time":"2022-04-15T10:26:38+00:00","og_image":[{"width":1920,"height":1080,"url":"https:\/\/takbrzmimiasto.pl\/wp-content\/uploads\/2021\/10\/Ludzie-jaga.jpg","type":"image\/jpeg"}],"author":"Jaga Baczy\u0144ska","twitter_card":"summary_large_image","twitter_misc":{"Written by":"Jaga Baczy\u0144ska","Est. reading time":"4 minutes"},"schema":{"@context":"https:\/\/schema.org","@graph":[{"@type":"Article","@id":"https:\/\/takbrzmimiasto.pl\/en\/garnitur-od-salvadora-dali\/#article","isPartOf":{"@id":"https:\/\/takbrzmimiasto.pl\/en\/garnitur-od-salvadora-dali\/"},"author":{"name":"Jaga Baczy\u0144ska","@id":"https:\/\/takbrzmimiasto.pl\/#\/schema\/person\/6c6a52802f0aa2204b6a06d814093189"},"headline":"Garnitur od Salvadora Dali [felieton Jagi Baczy\u0144skiej]","datePublished":"2021-10-19T06:10:08+00:00","dateModified":"2022-04-15T10:26:38+00:00","mainEntityOfPage":{"@id":"https:\/\/takbrzmimiasto.pl\/en\/garnitur-od-salvadora-dali\/"},"wordCount":948,"commentCount":0,"publisher":{"@id":"https:\/\/takbrzmimiasto.pl\/#organization"},"articleSection":["Spo\u0142eczno\u015b\u0107"],"inLanguage":"en-US","potentialAction":[{"@type":"CommentAction","name":"Comment","target":["https:\/\/takbrzmimiasto.pl\/en\/garnitur-od-salvadora-dali\/#respond"]}]},{"@type":"WebPage","@id":"https:\/\/takbrzmimiasto.pl\/en\/garnitur-od-salvadora-dali\/","url":"https:\/\/takbrzmimiasto.pl\/en\/garnitur-od-salvadora-dali\/","name":"Garnitur od Salvadora Dali [felieton Jagi Baczy\u0144skiej] - Tak Brzmi Miasto","isPartOf":{"@id":"https:\/\/takbrzmimiasto.pl\/#website"},"datePublished":"2021-10-19T06:10:08+00:00","dateModified":"2022-04-15T10:26:38+00:00","breadcrumb":{"@id":"https:\/\/takbrzmimiasto.pl\/en\/garnitur-od-salvadora-dali\/#breadcrumb"},"inLanguage":"en-US","potentialAction":[{"@type":"ReadAction","target":["https:\/\/takbrzmimiasto.pl\/en\/garnitur-od-salvadora-dali\/"]}]},{"@type":"BreadcrumbList","@id":"https:\/\/takbrzmimiasto.pl\/en\/garnitur-od-salvadora-dali\/#breadcrumb","itemListElement":[{"@type":"ListItem","position":1,"name":"Strona g\u0142\u00f3wna","item":"https:\/\/takbrzmimiasto.pl\/en\/"},{"@type":"ListItem","position":2,"name":"Garnitur od Salvadora Dali [felieton Jagi Baczy\u0144skiej]"}]},{"@type":"WebSite","@id":"https:\/\/takbrzmimiasto.pl\/#website","url":"https:\/\/takbrzmimiasto.pl\/","name":"Tak Brzmi Miasto","description":"Tak Brzmi Miasto to konferencja, festiwal, inkubator dla mened\u017cer\u00f3w i akademia","publisher":{"@id":"https:\/\/takbrzmimiasto.pl\/#organization"},"potentialAction":[{"@type":"SearchAction","target":{"@type":"EntryPoint","urlTemplate":"https:\/\/takbrzmimiasto.pl\/?s={search_term_string}"},"query-input":"required name=search_term_string"}],"inLanguage":"en-US"},{"@type":"Organization","@id":"https:\/\/takbrzmimiasto.pl\/#organization","name":"Tak Brzmi Miasto","url":"https:\/\/takbrzmimiasto.pl\/","sameAs":[],"logo":{"@type":"ImageObject","inLanguage":"en-US","@id":"https:\/\/takbrzmimiasto.pl\/#\/schema\/logo\/image\/","url":"https:\/\/takbrzmimiasto.pl\/wp-content\/uploads\/2021\/04\/www_miniatura_bezmenu.jpg","contentUrl":"https:\/\/takbrzmimiasto.pl\/wp-content\/uploads\/2021\/04\/www_miniatura_bezmenu.jpg","width":1920,"height":1080,"caption":"Tak Brzmi Miasto"},"image":{"@id":"https:\/\/takbrzmimiasto.pl\/#\/schema\/logo\/image\/"}},{"@type":"Person","@id":"https:\/\/takbrzmimiasto.pl\/#\/schema\/person\/6c6a52802f0aa2204b6a06d814093189","name":"Jaga Baczy\u0144ska","image":{"@type":"ImageObject","inLanguage":"en-US","@id":"https:\/\/takbrzmimiasto.pl\/#\/schema\/person\/image\/","url":"https:\/\/secure.gravatar.com\/avatar\/5f03d9131a30fead21678bcce5600986?s=96&d=mm&r=g","contentUrl":"https:\/\/secure.gravatar.com\/avatar\/5f03d9131a30fead21678bcce5600986?s=96&d=mm&r=g","caption":"Jaga Baczy\u0144ska"},"description":"wokalistka, autorka tekst\u00f3w, kompozytorka, po\u0142owa duetu So Much Love. Zmagaj\u0105ca si\u0119 z w\u0142asnym introwertyzmem z konieczno\u015bci, mi\u0142o\u015bniczka ciszy i spokoju z usposobienia, kolekcjonerka zachwyt\u00f3w z wyboru. Zajmuje si\u0119 Terapi\u0105 Czaszkowo - Krzy\u017cow\u0105 i Polarity, pracuje g\u0142\u00f3wnie z empatami i osobami z wysok\u0105 wra\u017cliwo\u015bci\u0105. Absolwentka Tak Brzmi Miasto Inkubator 2020.","url":"https:\/\/takbrzmimiasto.pl\/en\/author\/jaga-baczynska\/"}]}},"_links":{"self":[{"href":"https:\/\/takbrzmimiasto.pl\/en\/wp-json\/wp\/v2\/posts\/7028\/"}],"collection":[{"href":"https:\/\/takbrzmimiasto.pl\/en\/wp-json\/wp\/v2\/posts\/"}],"about":[{"href":"https:\/\/takbrzmimiasto.pl\/en\/wp-json\/wp\/v2\/types\/post\/"}],"author":[{"embeddable":true,"href":"https:\/\/takbrzmimiasto.pl\/en\/wp-json\/wp\/v2\/users\/1250\/"}],"replies":[{"embeddable":true,"href":"https:\/\/takbrzmimiasto.pl\/en\/wp-json\/wp\/v2\/comments\/?post=7028"}],"version-history":[{"count":5,"href":"https:\/\/takbrzmimiasto.pl\/en\/wp-json\/wp\/v2\/posts\/7028\/revisions\/"}],"predecessor-version":[{"id":7064,"href":"https:\/\/takbrzmimiasto.pl\/en\/wp-json\/wp\/v2\/posts\/7028\/revisions\/7064\/"}],"wp:featuredmedia":[{"embeddable":true,"href":"https:\/\/takbrzmimiasto.pl\/en\/wp-json\/wp\/v2\/media\/7029\/"}],"wp:attachment":[{"href":"https:\/\/takbrzmimiasto.pl\/en\/wp-json\/wp\/v2\/media\/?parent=7028"}],"wp:term":[{"taxonomy":"category","embeddable":true,"href":"https:\/\/takbrzmimiasto.pl\/en\/wp-json\/wp\/v2\/categories\/?post=7028"},{"taxonomy":"post_tag","embeddable":true,"href":"https:\/\/takbrzmimiasto.pl\/en\/wp-json\/wp\/v2\/tags\/?post=7028"}],"curies":[{"name":"wp","href":"https:\/\/api.w.org\/{rel}","templated":true}]}}