{"id":7032,"date":"2021-10-28T20:31:22","date_gmt":"2021-10-28T18:31:22","guid":{"rendered":"https:\/\/takbrzmimiasto.pl\/?p=7032"},"modified":"2022-04-20T17:05:59","modified_gmt":"2022-04-20T15:05:59","slug":"mam-pomysly-nie-mam-kasy-czyli-rzecz-o-stypendiach","status":"publish","type":"post","link":"https:\/\/takbrzmimiasto.pl\/en\/mam-pomysly-nie-mam-kasy-czyli-rzecz-o-stypendiach\/","title":{"rendered":"Stypendia artystyczne: Najciekawsze propozycje"},"content":{"rendered":"<p style=\"text-align: justify;\"><strong>Powiedzmy, \u017ce jeste\u015b kim\u015b, kto ma co\u015b wa\u017cnego do powiedzenia. Masz \u015bwietny pomys\u0142, o kt\u00f3rym du\u017co my\u015bla\u0142e\u015b i nosisz go w sobie od dawna. Dopracowujesz go w my\u015blach, wiesz ju\u017c z kim chcia\u0142by\u015b go zrealizowa\u0107. Mo\u017ce nawet wyliczy\u0142e\u015b, ile potrzeba pieni\u0119dzy, by taki pomys\u0142 wcieli\u0107 w \u017cycie. <\/strong><strong>Ci\u0105gle jednak czekasz, m\u00f3wisz: \u201eKiedy b\u0119d\u0119 mia\u0142 fundusze, to wtedy\u201d. Pewnie ju\u017c poszukiwa\u0142e\u015b pieni\u0119dzy w r\u00f3\u017cnych instytucjach, nie widz\u0105c jednak realnej szansy ich zdobycia. Mo\u017ce oszcz\u0119dza\u0142e\u015b na ten cel. Tymczasem, rozwi\u0105zaniem dla ciebie mog\u0105 by\u0107 stypendia artystyczne. Przygotowali\u015bmy przegl\u0105d kilku najciekawszych propozycji.<\/strong><\/p>\n<p>&nbsp;<\/p>\n<h2 style=\"text-align: justify;\"><strong>Programy ministerialne<\/strong><b><br \/>\n<\/b><\/h2>\n<p style=\"text-align: justify;\"><b>Gaude Polonia<\/b><\/p>\n<p style=\"text-align: justify;\">Program Stypendialny Ministra Kultury przeznaczony jest dla tw\u00f3rc\u00f3w kultury oraz t\u0142umaczy literatury polskiej z kraj\u00f3w Europy \u015arodkowowschodniej, w pierwszej kolejno\u015bci z Bia\u0142orusi i Ukrainy. Program s\u0142u\u017cy budowaniu p\u0142aszczyzny zrozumienia i dobrych kontakt\u00f3w na gruncie wsp\u00f3\u0142pracy kulturalnej pomi\u0119dzy Polsk\u0105, a jej bliskimi s\u0105siadami.<\/p>\n<p style=\"text-align: justify;\">W Polsce o to p\u00f3\u0142roczne stypendium mog\u0105 ubiega\u0107 si\u0119 tw\u00f3rcy, reprezentuj\u0105cy nast\u0119puj\u0105ce dziedziny: film, fotografia, konserwacja zabytk\u00f3w, literatura i przek\u0142ad, muzyka, sztuki wizualne, teatr oraz krytyka sztuki, teatru i filmu.<\/p>\n<p style=\"text-align: justify;\"><b>M\u0142oda Polska<\/b><\/p>\n<p style=\"text-align: justify;\">Program\u00a0przeznaczony jest dla m\u0142odych artyst\u00f3w, kt\u00f3rzy maj\u0105 w swoim dorobku wybitne osi\u0105gni\u0119cia w dziedzinie filmu, fotografii, literatury, muzyki, sztuk wizualnych, ta\u0144ca lub teatru.<\/p>\n<p style=\"text-align: justify;\">Stypendium mo\u017ce by\u0107 przeznaczone na realizacj\u0119 w\u0142asnego projektu artystycznego, zakup instrument\u00f3w i sprz\u0119tu niezb\u0119dnego do pracy, studia czy rezydencje zagraniczne.<\/p>\n<p>&nbsp;<\/p>\n<h2 style=\"text-align: justify;\"><strong>Stypendia artystyczne: Programy pozaministerialne<\/strong><b><br \/>\n<\/b><\/h2>\n<p style=\"text-align: justify;\">Opr\u00f3cz program\u00f3w ministerialnych mo\u017cna si\u0119 ubiega\u0107 te\u017c o stypendia fundowane przez samorz\u0105dy, organizacje pozarz\u0105dowe<b>, <\/b>szko\u0142y wy\u017csze i \u015brednie oraz firmy.<\/p>\n<p style=\"text-align: justify;\">Organy samorz\u0105dowe, w systemie rocznym lub p\u00f3\u0142rocznym, og\u0142aszaj\u0105 konkursy ofert skierowane do organizacji pozarz\u0105dowych (NGO) i tw\u00f3rc\u00f3w niezale\u017cnych. Przy czym tw\u00f3rcy niezale\u017cni, wsp\u00f3\u0142pracuj\u0105cy z NGO maj\u0105 szans\u0119 wzi\u0105\u0107 udzia\u0142 w obu typach konkurs\u00f3w.<\/p>\n<p style=\"text-align: justify;\">Du\u017cym wsparciem dla dzia\u0142a\u0144 tw\u00f3rcy niezale\u017cnego oraz finansowania projekt\u00f3w autorskich jest mo\u017cliwo\u015b\u0107 wyst\u0105pienia o wsparcie finansowe do niezale\u017cnych fundacji grantodawczych. Zbie\u017cno\u015b\u0107 cel\u00f3w i misji tw\u00f3rcy z za\u0142o\u017ceniami statutowymi fundacji wspieraj\u0105cych daje szerokie pole do dzia\u0142ania i wsp\u00f3\u0142pracy. W\u015br\u00f3d fundator\u00f3w mo\u017cna znale\u017a\u0107 fundacje zajmuj\u0105ce si\u0119 wsparciem r\u00f3\u017cnorodnej i wielotematycznej dzia\u0142alno\u015bci tw\u00f3rczej, przyk\u0142adowo: Fundacja BGK im. Jana Kantego Steczkowskiego, Fundacja im. Leopolda Kronenberga, Fundacja J&amp;S Pro Bono Poloniae, Fundacja Kultury, Akademia Rozwoju Filantropii w Polsce, Fundacja Edukacja dla Demokracji, Fundacja Forda, Fundacja im. Konrada Adenauera, Fundacja Karpacka czy Fundacja Roberta Boscha.<\/p>\n<p style=\"text-align: justify;\">I na koniec jeszcze jedna opcja: finansowanie przez osoby prywatne, czyli dobrze ju\u017c znane crowdfunding i patronaty. Jednak to ju\u017c temat na osobny artyku\u0142.<\/p>\n<p style=\"text-align: justify;\">Jak wida\u0107, mo\u017cliwo\u015bci dla tw\u00f3rcy jest wiele, a kto szuka ten znajdzie, wi\u0119c nie czekaj i do dzie\u0142a!<\/p>\n","protected":false},"excerpt":{"rendered":"<p>Powiedzmy, \u017ce jeste\u015b kim\u015b, kto ma co\u015b wa\u017cnego do powiedzenia. Masz \u015bwietny pomys\u0142, o kt\u00f3rym du\u017co my\u015bla\u0142e\u015b i nosisz go w sobie od dawna. Dopracowujesz go w my\u015blach, wiesz ju\u017c z kim chcia\u0142by\u015b go zrealizowa\u0107. Mo\u017ce nawet wyliczy\u0142e\u015b, ile potrzeba pieni\u0119dzy, by taki pomys\u0142 wcieli\u0107 w \u017cycie. Ci\u0105gle jednak czekasz, m\u00f3wisz: \u201eKiedy b\u0119d\u0119 mia\u0142 fundusze, [&hellip;]<\/p>\n","protected":false},"author":1664,"featured_media":7057,"comment_status":"open","ping_status":"open","sticky":false,"template":"","format":"standard","meta":{"inline_featured_image":false,"footnotes":""},"categories":[304],"tags":[327,328,326],"class_list":["post-7032","post","type-post","status-publish","format-standard","has-post-thumbnail","hentry","category-poradnik","tag-stypendia-artystyczne","tag-stypendia-muzyczne","tag-tak-brzmi-miasto"],"acf":[],"yoast_head":"<!-- This site is optimized with the Yoast SEO plugin v19.7.1 - https:\/\/yoast.com\/wordpress\/plugins\/seo\/ -->\n<title>Stypendia artystyczne: Najciekawsze propozycje - Tak Brzmi Miasto<\/title>\n<meta name=\"description\" content=\"Arty\u015bci cz\u0119sto zmagaj\u0105 si\u0119 z brakiem \u015brodk\u00f3w na realizacj\u0119 swoich pomys\u0142\u00f3w. Rozwi\u0105zaniem tego problemu mog\u0105 by\u0107 stypendia artystyczne.\" \/>\n<meta name=\"robots\" content=\"index, follow, max-snippet:-1, max-image-preview:large, max-video-preview:-1\" \/>\n<link rel=\"canonical\" href=\"https:\/\/takbrzmimiasto.pl\/en\/mam-pomysly-nie-mam-kasy-czyli-rzecz-o-stypendiach\/\" \/>\n<meta property=\"og:locale\" content=\"en_US\" \/>\n<meta property=\"og:type\" content=\"article\" \/>\n<meta property=\"og:title\" content=\"Stypendia artystyczne: Najciekawsze propozycje - Tak Brzmi Miasto\" \/>\n<meta property=\"og:description\" content=\"Arty\u015bci cz\u0119sto zmagaj\u0105 si\u0119 z brakiem \u015brodk\u00f3w na realizacj\u0119 swoich pomys\u0142\u00f3w. Rozwi\u0105zaniem tego problemu mog\u0105 by\u0107 stypendia artystyczne.\" \/>\n<meta property=\"og:url\" content=\"https:\/\/takbrzmimiasto.pl\/en\/mam-pomysly-nie-mam-kasy-czyli-rzecz-o-stypendiach\/\" \/>\n<meta property=\"og:site_name\" content=\"Tak Brzmi Miasto\" \/>\n<meta property=\"article:published_time\" content=\"2021-10-28T18:31:22+00:00\" \/>\n<meta property=\"article:modified_time\" content=\"2022-04-20T15:05:59+00:00\" \/>\n<meta property=\"og:image\" content=\"https:\/\/takbrzmimiasto.pl\/wp-content\/uploads\/2021\/10\/Ludzie-Alicja-1.jpg\" \/>\n\t<meta property=\"og:image:width\" content=\"1920\" \/>\n\t<meta property=\"og:image:height\" content=\"1080\" \/>\n\t<meta property=\"og:image:type\" content=\"image\/jpeg\" \/>\n<meta name=\"author\" content=\"AlicjaGrabowska\" \/>\n<meta name=\"twitter:card\" content=\"summary_large_image\" \/>\n<meta name=\"twitter:label1\" content=\"Written by\" \/>\n\t<meta name=\"twitter:data1\" content=\"AlicjaGrabowska\" \/>\n\t<meta name=\"twitter:label2\" content=\"Est. reading time\" \/>\n\t<meta name=\"twitter:data2\" content=\"2 minutes\" \/>\n<script type=\"application\/ld+json\" class=\"yoast-schema-graph\">{\"@context\":\"https:\/\/schema.org\",\"@graph\":[{\"@type\":\"Article\",\"@id\":\"https:\/\/takbrzmimiasto.pl\/en\/mam-pomysly-nie-mam-kasy-czyli-rzecz-o-stypendiach\/#article\",\"isPartOf\":{\"@id\":\"https:\/\/takbrzmimiasto.pl\/en\/mam-pomysly-nie-mam-kasy-czyli-rzecz-o-stypendiach\/\"},\"author\":{\"name\":\"AlicjaGrabowska\",\"@id\":\"https:\/\/takbrzmimiasto.pl\/#\/schema\/person\/6e40126ee85a2d9fba670b0a349c4310\"},\"headline\":\"Stypendia artystyczne: Najciekawsze propozycje\",\"datePublished\":\"2021-10-28T18:31:22+00:00\",\"dateModified\":\"2022-04-20T15:05:59+00:00\",\"mainEntityOfPage\":{\"@id\":\"https:\/\/takbrzmimiasto.pl\/en\/mam-pomysly-nie-mam-kasy-czyli-rzecz-o-stypendiach\/\"},\"wordCount\":512,\"commentCount\":0,\"publisher\":{\"@id\":\"https:\/\/takbrzmimiasto.pl\/#organization\"},\"keywords\":[\"Stypendia artystyczne\",\"Stypendia muzyczne\",\"Tak Brzmi Miasto\"],\"articleSection\":[\"Poradnik\"],\"inLanguage\":\"en-US\",\"potentialAction\":[{\"@type\":\"CommentAction\",\"name\":\"Comment\",\"target\":[\"https:\/\/takbrzmimiasto.pl\/en\/mam-pomysly-nie-mam-kasy-czyli-rzecz-o-stypendiach\/#respond\"]}]},{\"@type\":\"WebPage\",\"@id\":\"https:\/\/takbrzmimiasto.pl\/en\/mam-pomysly-nie-mam-kasy-czyli-rzecz-o-stypendiach\/\",\"url\":\"https:\/\/takbrzmimiasto.pl\/en\/mam-pomysly-nie-mam-kasy-czyli-rzecz-o-stypendiach\/\",\"name\":\"Stypendia artystyczne: Najciekawsze propozycje - Tak Brzmi Miasto\",\"isPartOf\":{\"@id\":\"https:\/\/takbrzmimiasto.pl\/#website\"},\"datePublished\":\"2021-10-28T18:31:22+00:00\",\"dateModified\":\"2022-04-20T15:05:59+00:00\",\"description\":\"Arty\u015bci cz\u0119sto zmagaj\u0105 si\u0119 z brakiem \u015brodk\u00f3w na realizacj\u0119 swoich pomys\u0142\u00f3w. Rozwi\u0105zaniem tego problemu mog\u0105 by\u0107 stypendia artystyczne.\",\"breadcrumb\":{\"@id\":\"https:\/\/takbrzmimiasto.pl\/en\/mam-pomysly-nie-mam-kasy-czyli-rzecz-o-stypendiach\/#breadcrumb\"},\"inLanguage\":\"en-US\",\"potentialAction\":[{\"@type\":\"ReadAction\",\"target\":[\"https:\/\/takbrzmimiasto.pl\/en\/mam-pomysly-nie-mam-kasy-czyli-rzecz-o-stypendiach\/\"]}]},{\"@type\":\"BreadcrumbList\",\"@id\":\"https:\/\/takbrzmimiasto.pl\/en\/mam-pomysly-nie-mam-kasy-czyli-rzecz-o-stypendiach\/#breadcrumb\",\"itemListElement\":[{\"@type\":\"ListItem\",\"position\":1,\"name\":\"Strona g\u0142\u00f3wna\",\"item\":\"https:\/\/takbrzmimiasto.pl\/en\/\"},{\"@type\":\"ListItem\",\"position\":2,\"name\":\"Stypendia artystyczne: Najciekawsze propozycje\"}]},{\"@type\":\"WebSite\",\"@id\":\"https:\/\/takbrzmimiasto.pl\/#website\",\"url\":\"https:\/\/takbrzmimiasto.pl\/\",\"name\":\"Tak Brzmi Miasto\",\"description\":\"Tak Brzmi Miasto to konferencja, festiwal, inkubator dla mened\u017cer\u00f3w i akademia\",\"publisher\":{\"@id\":\"https:\/\/takbrzmimiasto.pl\/#organization\"},\"potentialAction\":[{\"@type\":\"SearchAction\",\"target\":{\"@type\":\"EntryPoint\",\"urlTemplate\":\"https:\/\/takbrzmimiasto.pl\/?s={search_term_string}\"},\"query-input\":\"required name=search_term_string\"}],\"inLanguage\":\"en-US\"},{\"@type\":\"Organization\",\"@id\":\"https:\/\/takbrzmimiasto.pl\/#organization\",\"name\":\"Tak Brzmi Miasto\",\"url\":\"https:\/\/takbrzmimiasto.pl\/\",\"sameAs\":[],\"logo\":{\"@type\":\"ImageObject\",\"inLanguage\":\"en-US\",\"@id\":\"https:\/\/takbrzmimiasto.pl\/#\/schema\/logo\/image\/\",\"url\":\"https:\/\/takbrzmimiasto.pl\/wp-content\/uploads\/2021\/04\/www_miniatura_bezmenu.jpg\",\"contentUrl\":\"https:\/\/takbrzmimiasto.pl\/wp-content\/uploads\/2021\/04\/www_miniatura_bezmenu.jpg\",\"width\":1920,\"height\":1080,\"caption\":\"Tak Brzmi Miasto\"},\"image\":{\"@id\":\"https:\/\/takbrzmimiasto.pl\/#\/schema\/logo\/image\/\"}},{\"@type\":\"Person\",\"@id\":\"https:\/\/takbrzmimiasto.pl\/#\/schema\/person\/6e40126ee85a2d9fba670b0a349c4310\",\"name\":\"AlicjaGrabowska\",\"image\":{\"@type\":\"ImageObject\",\"inLanguage\":\"en-US\",\"@id\":\"https:\/\/takbrzmimiasto.pl\/#\/schema\/person\/image\/\",\"url\":\"https:\/\/secure.gravatar.com\/avatar\/cbe506f5e17df377f5b4608755d2c39c?s=96&d=mm&r=g\",\"contentUrl\":\"https:\/\/secure.gravatar.com\/avatar\/cbe506f5e17df377f5b4608755d2c39c?s=96&d=mm&r=g\",\"caption\":\"AlicjaGrabowska\"},\"description\":\"Performerka, wokalistka, producentka, aktorka, tek\u015bciarka, czasami t\u0142umaczy. Z dzieci\u0119ca ufno\u015bci\u0105 wierzy, \u017ce nie ma tego z\u0142ego, co by na dobre nie wysz\u0142o. Odnajduje si\u0119 w ogrodzie i zielarstwie, ale najlepiej czuj\u0119 si\u0119 na scenie. Absolwentka TBM Inkubator 2020\",\"url\":\"https:\/\/takbrzmimiasto.pl\/en\/author\/alicjagrabowska\/\"}]}<\/script>\n<!-- \/ Yoast SEO plugin. -->","yoast_head_json":{"title":"Stypendia artystyczne: Najciekawsze propozycje - Tak Brzmi Miasto","description":"Arty\u015bci cz\u0119sto zmagaj\u0105 si\u0119 z brakiem \u015brodk\u00f3w na realizacj\u0119 swoich pomys\u0142\u00f3w. Rozwi\u0105zaniem tego problemu mog\u0105 by\u0107 stypendia artystyczne.","robots":{"index":"index","follow":"follow","max-snippet":"max-snippet:-1","max-image-preview":"max-image-preview:large","max-video-preview":"max-video-preview:-1"},"canonical":"https:\/\/takbrzmimiasto.pl\/en\/mam-pomysly-nie-mam-kasy-czyli-rzecz-o-stypendiach\/","og_locale":"en_US","og_type":"article","og_title":"Stypendia artystyczne: Najciekawsze propozycje - Tak Brzmi Miasto","og_description":"Arty\u015bci cz\u0119sto zmagaj\u0105 si\u0119 z brakiem \u015brodk\u00f3w na realizacj\u0119 swoich pomys\u0142\u00f3w. Rozwi\u0105zaniem tego problemu mog\u0105 by\u0107 stypendia artystyczne.","og_url":"https:\/\/takbrzmimiasto.pl\/en\/mam-pomysly-nie-mam-kasy-czyli-rzecz-o-stypendiach\/","og_site_name":"Tak Brzmi Miasto","article_published_time":"2021-10-28T18:31:22+00:00","article_modified_time":"2022-04-20T15:05:59+00:00","og_image":[{"width":1920,"height":1080,"url":"https:\/\/takbrzmimiasto.pl\/wp-content\/uploads\/2021\/10\/Ludzie-Alicja-1.jpg","type":"image\/jpeg"}],"author":"AlicjaGrabowska","twitter_card":"summary_large_image","twitter_misc":{"Written by":"AlicjaGrabowska","Est. reading time":"2 minutes"},"schema":{"@context":"https:\/\/schema.org","@graph":[{"@type":"Article","@id":"https:\/\/takbrzmimiasto.pl\/en\/mam-pomysly-nie-mam-kasy-czyli-rzecz-o-stypendiach\/#article","isPartOf":{"@id":"https:\/\/takbrzmimiasto.pl\/en\/mam-pomysly-nie-mam-kasy-czyli-rzecz-o-stypendiach\/"},"author":{"name":"AlicjaGrabowska","@id":"https:\/\/takbrzmimiasto.pl\/#\/schema\/person\/6e40126ee85a2d9fba670b0a349c4310"},"headline":"Stypendia artystyczne: Najciekawsze propozycje","datePublished":"2021-10-28T18:31:22+00:00","dateModified":"2022-04-20T15:05:59+00:00","mainEntityOfPage":{"@id":"https:\/\/takbrzmimiasto.pl\/en\/mam-pomysly-nie-mam-kasy-czyli-rzecz-o-stypendiach\/"},"wordCount":512,"commentCount":0,"publisher":{"@id":"https:\/\/takbrzmimiasto.pl\/#organization"},"keywords":["Stypendia artystyczne","Stypendia muzyczne","Tak Brzmi Miasto"],"articleSection":["Poradnik"],"inLanguage":"en-US","potentialAction":[{"@type":"CommentAction","name":"Comment","target":["https:\/\/takbrzmimiasto.pl\/en\/mam-pomysly-nie-mam-kasy-czyli-rzecz-o-stypendiach\/#respond"]}]},{"@type":"WebPage","@id":"https:\/\/takbrzmimiasto.pl\/en\/mam-pomysly-nie-mam-kasy-czyli-rzecz-o-stypendiach\/","url":"https:\/\/takbrzmimiasto.pl\/en\/mam-pomysly-nie-mam-kasy-czyli-rzecz-o-stypendiach\/","name":"Stypendia artystyczne: Najciekawsze propozycje - Tak Brzmi Miasto","isPartOf":{"@id":"https:\/\/takbrzmimiasto.pl\/#website"},"datePublished":"2021-10-28T18:31:22+00:00","dateModified":"2022-04-20T15:05:59+00:00","description":"Arty\u015bci cz\u0119sto zmagaj\u0105 si\u0119 z brakiem \u015brodk\u00f3w na realizacj\u0119 swoich pomys\u0142\u00f3w. Rozwi\u0105zaniem tego problemu mog\u0105 by\u0107 stypendia artystyczne.","breadcrumb":{"@id":"https:\/\/takbrzmimiasto.pl\/en\/mam-pomysly-nie-mam-kasy-czyli-rzecz-o-stypendiach\/#breadcrumb"},"inLanguage":"en-US","potentialAction":[{"@type":"ReadAction","target":["https:\/\/takbrzmimiasto.pl\/en\/mam-pomysly-nie-mam-kasy-czyli-rzecz-o-stypendiach\/"]}]},{"@type":"BreadcrumbList","@id":"https:\/\/takbrzmimiasto.pl\/en\/mam-pomysly-nie-mam-kasy-czyli-rzecz-o-stypendiach\/#breadcrumb","itemListElement":[{"@type":"ListItem","position":1,"name":"Strona g\u0142\u00f3wna","item":"https:\/\/takbrzmimiasto.pl\/en\/"},{"@type":"ListItem","position":2,"name":"Stypendia artystyczne: Najciekawsze propozycje"}]},{"@type":"WebSite","@id":"https:\/\/takbrzmimiasto.pl\/#website","url":"https:\/\/takbrzmimiasto.pl\/","name":"Tak Brzmi Miasto","description":"Tak Brzmi Miasto to konferencja, festiwal, inkubator dla mened\u017cer\u00f3w i akademia","publisher":{"@id":"https:\/\/takbrzmimiasto.pl\/#organization"},"potentialAction":[{"@type":"SearchAction","target":{"@type":"EntryPoint","urlTemplate":"https:\/\/takbrzmimiasto.pl\/?s={search_term_string}"},"query-input":"required name=search_term_string"}],"inLanguage":"en-US"},{"@type":"Organization","@id":"https:\/\/takbrzmimiasto.pl\/#organization","name":"Tak Brzmi Miasto","url":"https:\/\/takbrzmimiasto.pl\/","sameAs":[],"logo":{"@type":"ImageObject","inLanguage":"en-US","@id":"https:\/\/takbrzmimiasto.pl\/#\/schema\/logo\/image\/","url":"https:\/\/takbrzmimiasto.pl\/wp-content\/uploads\/2021\/04\/www_miniatura_bezmenu.jpg","contentUrl":"https:\/\/takbrzmimiasto.pl\/wp-content\/uploads\/2021\/04\/www_miniatura_bezmenu.jpg","width":1920,"height":1080,"caption":"Tak Brzmi Miasto"},"image":{"@id":"https:\/\/takbrzmimiasto.pl\/#\/schema\/logo\/image\/"}},{"@type":"Person","@id":"https:\/\/takbrzmimiasto.pl\/#\/schema\/person\/6e40126ee85a2d9fba670b0a349c4310","name":"AlicjaGrabowska","image":{"@type":"ImageObject","inLanguage":"en-US","@id":"https:\/\/takbrzmimiasto.pl\/#\/schema\/person\/image\/","url":"https:\/\/secure.gravatar.com\/avatar\/cbe506f5e17df377f5b4608755d2c39c?s=96&d=mm&r=g","contentUrl":"https:\/\/secure.gravatar.com\/avatar\/cbe506f5e17df377f5b4608755d2c39c?s=96&d=mm&r=g","caption":"AlicjaGrabowska"},"description":"Performerka, wokalistka, producentka, aktorka, tek\u015bciarka, czasami t\u0142umaczy. Z dzieci\u0119ca ufno\u015bci\u0105 wierzy, \u017ce nie ma tego z\u0142ego, co by na dobre nie wysz\u0142o. Odnajduje si\u0119 w ogrodzie i zielarstwie, ale najlepiej czuj\u0119 si\u0119 na scenie. Absolwentka TBM Inkubator 2020","url":"https:\/\/takbrzmimiasto.pl\/en\/author\/alicjagrabowska\/"}]}},"_links":{"self":[{"href":"https:\/\/takbrzmimiasto.pl\/en\/wp-json\/wp\/v2\/posts\/7032\/"}],"collection":[{"href":"https:\/\/takbrzmimiasto.pl\/en\/wp-json\/wp\/v2\/posts\/"}],"about":[{"href":"https:\/\/takbrzmimiasto.pl\/en\/wp-json\/wp\/v2\/types\/post\/"}],"author":[{"embeddable":true,"href":"https:\/\/takbrzmimiasto.pl\/en\/wp-json\/wp\/v2\/users\/1664\/"}],"replies":[{"embeddable":true,"href":"https:\/\/takbrzmimiasto.pl\/en\/wp-json\/wp\/v2\/comments\/?post=7032"}],"version-history":[{"count":14,"href":"https:\/\/takbrzmimiasto.pl\/en\/wp-json\/wp\/v2\/posts\/7032\/revisions\/"}],"predecessor-version":[{"id":12452,"href":"https:\/\/takbrzmimiasto.pl\/en\/wp-json\/wp\/v2\/posts\/7032\/revisions\/12452\/"}],"wp:featuredmedia":[{"embeddable":true,"href":"https:\/\/takbrzmimiasto.pl\/en\/wp-json\/wp\/v2\/media\/7057\/"}],"wp:attachment":[{"href":"https:\/\/takbrzmimiasto.pl\/en\/wp-json\/wp\/v2\/media\/?parent=7032"}],"wp:term":[{"taxonomy":"category","embeddable":true,"href":"https:\/\/takbrzmimiasto.pl\/en\/wp-json\/wp\/v2\/categories\/?post=7032"},{"taxonomy":"post_tag","embeddable":true,"href":"https:\/\/takbrzmimiasto.pl\/en\/wp-json\/wp\/v2\/tags\/?post=7032"}],"curies":[{"name":"wp","href":"https:\/\/api.w.org\/{rel}","templated":true}]}}