{"id":7801,"date":"2021-10-30T21:56:12","date_gmt":"2021-10-30T19:56:12","guid":{"rendered":"https:\/\/takbrzmimiasto.pl\/?p=7801"},"modified":"2022-09-23T15:45:01","modified_gmt":"2022-09-23T13:45:01","slug":"nowosci-muzyka-i-wiesci-ze-spolecznosci-tak-brzmi-miasto-pazdziernik-2021","status":"publish","type":"post","link":"https:\/\/takbrzmimiasto.pl\/en\/nowosci-muzyka-i-wiesci-ze-spolecznosci-tak-brzmi-miasto-pazdziernik-2021\/","title":{"rendered":"Nowo\u015bci, muzyka i wie\u015bci ze Spo\u0142eczno\u015bci Tak Brzmi Miasto [pa\u017adziernik 2021]"},"content":{"rendered":"<p><b>Pa\u017adziernik przyni\u00f3s\u0142 mn\u00f3stwo dobrej muzyki od Spo\u0142eczno\u015bci TBM. Polecamy!<\/b><\/p>\n<p>&nbsp;<\/p>\n<h2><strong><i>B\u0119dzie mi\u0142o<\/i>. Follow Rivers wydali pierwszy utw\u00f3r po polsku<\/strong><\/h2>\n<p><i><span style=\"font-weight: 400;\">B\u0119dzie mi\u0142o<\/span><\/i><span style=\"font-weight: 400;\"> ma ju\u017c miesi\u0105c. Ale wci\u0105\u017c mo\u017cna nazwa\u0107 ten utw\u00f3r \u015bwie\u017cym singlem. To ogrom ciep\u0142a i ukojenia, kt\u00f3ry daje przestrze\u0144 do \u017cyciowych refleksji. Idealny na jesie\u0144.<\/span><\/p>\n<p>\n    <span id=\"arrow-link-46b24131\" class=\"d-inline-block\">\n        <a href=\"https:\/\/www.youtube.com\/watch?v=nuoQGQqFLZM&amp;t=14s\" class=\"arrow-link underline\">\n            <span class=\"arrow-link_text\">B\u0119dzie mi\u0142o na YT<\/span>\n            <span class=\"arrow-link_icon\">\n                <i class=\"fa-solid fa-arrow-right\"><\/i><i class=\"fa-solid fa-arrow-right\"><\/i>\n            <\/span>\n        <\/a>\n    <\/span>\n    .<br \/>\n\n    <span id=\"arrow-link-1d671efe\" class=\"d-inline-block\">\n        <a href=\"https:\/\/www.facebook.com\/Followriversmusic\" class=\"arrow-link underline\">\n            <span class=\"arrow-link_text\">Follow Rivers na FB<\/span>\n            <span class=\"arrow-link_icon\">\n                <i class=\"fa-solid fa-arrow-right\"><\/i><i class=\"fa-solid fa-arrow-right\"><\/i>\n            <\/span>\n        <\/a>\n    <\/span>\n    .<\/p>\n<p><img loading=\"lazy\" decoding=\"async\" class=\"alignnone wp-image-7813 size-large\" src=\"https:\/\/takbrzmimiasto.pl\/wp-content\/uploads\/2021\/10\/Duet-2-scaled-e1634758527650-800x800.jpg\" alt=\"\" width=\"800\" height=\"800\" data-wp-pid=\"4361\" \/><\/p>\n<p>&nbsp;<\/p>\n<h2><strong>Alex Pilkevych \u0142amie zasady w singlu <i>Honesty<\/i><\/strong><\/h2>\n<p><i><span style=\"font-weight: 400;\">Honesty<\/span><\/i><span style=\"font-weight: 400;\"> to pr\u00f3ba akceptacji b\u00f3lu z jego falami: odchodzeniem i powrotami. To te\u017c muzyczny eksperyment. Utw\u00f3r \u0142amie zasady metalu progresywnego: przewa\u017caj\u0105 elementy elektroniki, ale synthy znikaj\u0105 zast\u0105pione \u017cywymi instrumentami. Wideo do singla zosta\u0142o nagrane samodzielnie przez Alexa i Anastasi\u0119 Zazuliak. Bohaterka klipu to przypadkowa dziewczyna, kt\u00f3r\u0105 spotkali w przej\u015bciu podziemnym.<\/span><\/p>\n<p>\n    <span id=\"arrow-link-73e6af63\" class=\"d-inline-block\">\n        <a href=\"https:\/\/www.youtube.com\/watch?v=akWLCJD7gqY\" class=\"arrow-link underline\">\n            <span class=\"arrow-link_text\">Honesty na YT<\/span>\n            <span class=\"arrow-link_icon\">\n                <i class=\"fa-solid fa-arrow-right\"><\/i><i class=\"fa-solid fa-arrow-right\"><\/i>\n            <\/span>\n        <\/a>\n    <\/span>\n    <br \/>\n\n    <span id=\"arrow-link-5d773399\" class=\"d-inline-block\">\n        <a href=\"https:\/\/www.facebook.com\/alex.pilkevych.official\" class=\"arrow-link underline\">\n            <span class=\"arrow-link_text\">Alex Pilkevych na FB<\/span>\n            <span class=\"arrow-link_icon\">\n                <i class=\"fa-solid fa-arrow-right\"><\/i><i class=\"fa-solid fa-arrow-right\"><\/i>\n            <\/span>\n        <\/a>\n    <\/span>\n    <\/p>\n<p><img loading=\"lazy\" decoding=\"async\" class=\"alignnone wp-image-7811 size-large\" src=\"https:\/\/takbrzmimiasto.pl\/wp-content\/uploads\/2021\/10\/honesty-natural-single-artwork-lighter-bg-2-800x800.jpg\" alt=\"\" width=\"800\" height=\"800\" data-wp-pid=\"4369\" srcset=\"https:\/\/takbrzmimiasto.pl\/wp-content\/uploads\/2021\/10\/honesty-natural-single-artwork-lighter-bg-2-800x800.jpg 800w, https:\/\/takbrzmimiasto.pl\/wp-content\/uploads\/2021\/10\/honesty-natural-single-artwork-lighter-bg-2-350x350.jpg 350w, https:\/\/takbrzmimiasto.pl\/wp-content\/uploads\/2021\/10\/honesty-natural-single-artwork-lighter-bg-2-scaled-100x100.jpg 100w, https:\/\/takbrzmimiasto.pl\/wp-content\/uploads\/2021\/10\/honesty-natural-single-artwork-lighter-bg-2-1000x1000.jpg 1000w, https:\/\/takbrzmimiasto.pl\/wp-content\/uploads\/2021\/10\/honesty-natural-single-artwork-lighter-bg-2-768x768.jpg 768w, https:\/\/takbrzmimiasto.pl\/wp-content\/uploads\/2021\/10\/honesty-natural-single-artwork-lighter-bg-2-1536x1536.jpg 1536w, https:\/\/takbrzmimiasto.pl\/wp-content\/uploads\/2021\/10\/honesty-natural-single-artwork-lighter-bg-2-2048x2048.jpg 2048w\" sizes=\"(max-width: 800px) 100vw, 800px\" \/><\/p>\n<p>&nbsp;<\/p>\n<h2><strong>Alternatywne <i>Suple<\/i> Polaczka. Muzyczne suplementy mi\u0142o\u015bci?<\/strong><\/h2>\n<p><i><span style=\"font-weight: 400;\">Suple<\/span><\/i><span style=\"font-weight: 400;\"> to suplementy. Symbole \u017caru i smutku, rado\u015bci i uniesie\u0144. Skrajnym obrazem mi\u0142o\u015bci. Pulsuj\u0105cym obrazem, kt\u00f3ry muzycznie odda\u0142 Rafa\u0142 Matuszak z Przemkiem Kuczy\u0144skim, Przemkiem Dominiakiem i Robertem Przybyszem. Robert vel. Polaczek jest te\u017c autorem teledysku do singla.<\/span><\/p>\n<p><span style=\"font-weight: 400;\">\n    <span id=\"arrow-link-0b9db8fc\" class=\"d-inline-block\">\n        <a href=\"https:\/\/youtu.be\/aKEldiKhqEM\" class=\"arrow-link underline\">\n            <span class=\"arrow-link_text\">Suple<\/span>\n            <span class=\"arrow-link_icon\">\n                <i class=\"fa-solid fa-arrow-right\"><\/i><i class=\"fa-solid fa-arrow-right\"><\/i>\n            <\/span>\n        <\/a>\n    <\/span>\n    <br \/>\n<\/span><span style=\"font-weight: 400;\">\n    <span id=\"arrow-link-e1df47c6\" class=\"d-inline-block\">\n        <a href=\"https:\/\/www.facebook.com\/rp.polaczek\" class=\"arrow-link underline\">\n            <span class=\"arrow-link_text\">Polaczek na FB<\/span>\n            <span class=\"arrow-link_icon\">\n                <i class=\"fa-solid fa-arrow-right\"><\/i><i class=\"fa-solid fa-arrow-right\"><\/i>\n            <\/span>\n        <\/a>\n    <\/span>\n    <\/span><\/p>\n<p><img loading=\"lazy\" decoding=\"async\" class=\"alignnone wp-image-7805 size-large\" src=\"https:\/\/takbrzmimiasto.pl\/wp-content\/uploads\/2021\/10\/Polaczek_Suple_okladka-800x800.jpg\" alt=\"\" width=\"800\" height=\"800\" data-wp-pid=\"4371\" srcset=\"https:\/\/takbrzmimiasto.pl\/wp-content\/uploads\/2021\/10\/Polaczek_Suple_okladka-800x800.jpg 800w, https:\/\/takbrzmimiasto.pl\/wp-content\/uploads\/2021\/10\/Polaczek_Suple_okladka-350x350.jpg 350w, https:\/\/takbrzmimiasto.pl\/wp-content\/uploads\/2021\/10\/Polaczek_Suple_okladka-scaled-100x100.jpg 100w, https:\/\/takbrzmimiasto.pl\/wp-content\/uploads\/2021\/10\/Polaczek_Suple_okladka-1000x1000.jpg 1000w, https:\/\/takbrzmimiasto.pl\/wp-content\/uploads\/2021\/10\/Polaczek_Suple_okladka-768x768.jpg 768w, https:\/\/takbrzmimiasto.pl\/wp-content\/uploads\/2021\/10\/Polaczek_Suple_okladka-1536x1536.jpg 1536w, https:\/\/takbrzmimiasto.pl\/wp-content\/uploads\/2021\/10\/Polaczek_Suple_okladka-2048x2048.jpg 2048w\" sizes=\"(max-width: 800px) 100vw, 800px\" \/><\/p>\n<p>&nbsp;<\/p>\n<h2><strong>Eliza A. Tkacz w muzycznej podr\u00f3\u017cy. Ukaza\u0142 si\u0119 jej minialbum <i>Itaka<\/i><\/strong><\/h2>\n<p><span style=\"font-weight: 400;\">Pi\u0119\u0107 piosenek opowiada o podr\u00f3\u017cy do upragnionego miejsca, do kt\u00f3rego ka\u017cdy kroczy kr\u0119t\u0105 drog\u0105 marze\u0144. Liryczne partie instrument\u00f3w smyczkowych, p\u0142yna\u0328ce dz\u0301wie\u0328ki harfy, delikatny fortepian oraz przestrzenne wokale wprowadzaj\u0105 s\u0142uchacza w nostalgiczny nastr\u00f3j. Melancholia szybko jednak zostaje prze\u0142amana dynamicznymi uderzeniami perkusji i gitary, si\u0142\u0105 i uporem. Ostatnia piosenka, to burzliwy, elektroniczny fina\u0142 i zapowied\u017a, \u017ce ta droga b\u0119dzie kontynuowana.\u00a0<\/span><\/p>\n<p><i><span style=\"font-weight: 400;\">Itaka<\/span><\/i><span style=\"font-weight: 400;\"> to drugi minialbum Elizy. Dost\u0119pny ju\u017c w serwisach streamingowych.<\/span><\/p>\n<p>\n    <span id=\"arrow-link-912eb2b2\" class=\"d-inline-block\">\n        <a href=\"https:\/\/www.youtube.com\/watch?v=tPxEiO_ho9Q\" class=\"arrow-link underline\">\n            <span class=\"arrow-link_text\">Itaka <\/span>\n            <span class=\"arrow-link_icon\">\n                <i class=\"fa-solid fa-arrow-right\"><\/i><i class=\"fa-solid fa-arrow-right\"><\/i>\n            <\/span>\n        <\/a>\n    <\/span>\n    <br \/>\n\n    <span id=\"arrow-link-297d51e4\" class=\"d-inline-block\">\n        <a href=\"https:\/\/www.facebook.com\/ElizaATkaczMusic\" class=\"arrow-link underline\">\n            <span class=\"arrow-link_text\">Eliza A. Tkacz na FB<\/span>\n            <span class=\"arrow-link_icon\">\n                <i class=\"fa-solid fa-arrow-right\"><\/i><i class=\"fa-solid fa-arrow-right\"><\/i>\n            <\/span>\n        <\/a>\n    <\/span>\n    <\/p>\n<p><img loading=\"lazy\" decoding=\"async\" class=\"alignnone wp-image-7803 size-large\" src=\"https:\/\/takbrzmimiasto.pl\/wp-content\/uploads\/2021\/10\/Itaka_okladka-1_1500x1500-800x800.jpg\" alt=\"\" width=\"800\" height=\"800\" data-wp-pid=\"4373\" srcset=\"https:\/\/takbrzmimiasto.pl\/wp-content\/uploads\/2021\/10\/Itaka_okladka-1_1500x1500-800x800.jpg 800w, https:\/\/takbrzmimiasto.pl\/wp-content\/uploads\/2021\/10\/Itaka_okladka-1_1500x1500-350x350.jpg 350w, https:\/\/takbrzmimiasto.pl\/wp-content\/uploads\/2021\/10\/Itaka_okladka-1_1500x1500-100x100.jpg 100w, https:\/\/takbrzmimiasto.pl\/wp-content\/uploads\/2021\/10\/Itaka_okladka-1_1500x1500-1000x1000.jpg 1000w, https:\/\/takbrzmimiasto.pl\/wp-content\/uploads\/2021\/10\/Itaka_okladka-1_1500x1500-768x768.jpg 768w, https:\/\/takbrzmimiasto.pl\/wp-content\/uploads\/2021\/10\/Itaka_okladka-1_1500x1500.jpg 1500w\" sizes=\"(max-width: 800px) 100vw, 800px\" \/><\/p>\n<p>&nbsp;<\/p>\n<h2><strong>Mi\u0119dzynarodowy duet jesieniarzy Chair przedstawia <i>love ad<\/i> <\/strong><\/h2>\n<p><span style=\"font-weight: 400;\">Historia dw\u00f3ch domokr\u0105\u017cc\u00f3w pr\u00f3buj\u0105cych pitchowa\u0107 mi\u0142o\u015b\u0107 z pewno\u015bci\u0105 rozgrzeje zzi\u0119bni\u0119te jesieni\u0105 serca. Ca\u0142o\u015b\u0107 okraszona klipem kr\u0119conym na kamerze 16mm idealnie ubiera nasz\u0105 histori\u0119 w ciep\u0142y, analogowy szalik z kliszy. <\/span><\/p>\n<p><span style=\"font-weight: 400;\">17 u\u017cytkownik\u00f3w lubi to<br \/>\n<\/span><span style=\"font-weight: 400;\">36 u\u017cytkownik\u00f3w obserwuje to<br \/>\n\n    <span id=\"arrow-link-33b3f476\" class=\"d-inline-block\">\n        <a href=\"https:\/\/www.facebook.com\/Chair.The.Band\" class=\"arrow-link underline\">\n            <span class=\"arrow-link_text\">Chair na FB<\/span>\n            <span class=\"arrow-link_icon\">\n                <i class=\"fa-solid fa-arrow-right\"><\/i><i class=\"fa-solid fa-arrow-right\"><\/i>\n            <\/span>\n        <\/a>\n    <\/span>\n    <br \/>\n<\/span><\/p>\n<p><span style=\"font-weight: 400;\">S\u0142ysza\u0142am muzyk\u0119 przedpremierowo. Warto do\u0142\u0105czy\u0107 do ekskluzywnego grona fan\u00f3w i wyczekiwa\u0107. Obiecali, \u017ce b\u0119dzie wkr\u00f3tce. Mo\u017ce ju\u017c jest?<\/span><\/p>\n\n    <span id=\"arrow-link-861366bc\" class=\"d-inline-block\">\n        <a href=\"https:\/\/youtu.be\/rAx-aKVcmpI\" class=\"arrow-link underline\">\n            <span class=\"arrow-link_text\">love ad<\/span>\n            <span class=\"arrow-link_icon\">\n                <i class=\"fa-solid fa-arrow-right\"><\/i><i class=\"fa-solid fa-arrow-right\"><\/i>\n            <\/span>\n        <\/a>\n    <\/span>\n    \n<p><img loading=\"lazy\" decoding=\"async\" class=\"alignnone wp-image-7809 size-large\" src=\"https:\/\/takbrzmimiasto.pl\/wp-content\/uploads\/2021\/10\/unnamed-1-800x800.jpg\" alt=\"\" width=\"800\" height=\"800\" data-wp-pid=\"4373\" srcset=\"https:\/\/takbrzmimiasto.pl\/wp-content\/uploads\/2021\/10\/unnamed-1-800x800.jpg 800w, https:\/\/takbrzmimiasto.pl\/wp-content\/uploads\/2021\/10\/unnamed-1-350x350.jpg 350w, https:\/\/takbrzmimiasto.pl\/wp-content\/uploads\/2021\/10\/unnamed-1-scaled-100x100.jpg 100w, https:\/\/takbrzmimiasto.pl\/wp-content\/uploads\/2021\/10\/unnamed-1-1000x1000.jpg 1000w, https:\/\/takbrzmimiasto.pl\/wp-content\/uploads\/2021\/10\/unnamed-1-768x768.jpg 768w, https:\/\/takbrzmimiasto.pl\/wp-content\/uploads\/2021\/10\/unnamed-1-1536x1536.jpg 1536w, https:\/\/takbrzmimiasto.pl\/wp-content\/uploads\/2021\/10\/unnamed-1-2048x2048.jpg 2048w\" sizes=\"(max-width: 800px) 100vw, 800px\" \/><\/p>\n<p>&nbsp;<\/p>\n<h2><strong><i>Noc\u0105<\/i> zespo\u0142u\u2026 P\u00f3\u0142cie\u0144<\/strong><\/h2>\n<p><i><span style=\"font-weight: 400;\">Noc\u0105<\/span><\/i><span style=\"font-weight: 400;\"> to nowy singiel warszawskiego zespo\u0142u P\u00f3\u0142cie\u0144, zapowiadaj\u0105cy p\u0142yt\u0119 o tym samym tytule, kt\u00f3ra uka\u017ce si\u0119 pod koniec pa\u017adziernika. Ca\u0142y materia\u0142 nagrany w Nebula Studio balansuje na granicy \u015bwiat\u0142a i ciemno\u015bci. Utw\u00f3r <\/span><i><span style=\"font-weight: 400;\">Noc\u0105<\/span><\/i><span style=\"font-weight: 400;\"> paradoksalnie jest t\u0105 ja\u015bniejsz\u0105 cz\u0119\u015bci\u0105 albumu. W warstwie muzycznej P\u00f3\u0142cie\u0144 nawi\u0105zuje do zachodniego folk-popu.\u00a0<\/span><\/p>\n<p><span style=\"font-weight: 400;\">Premiera 23 pa\u017adziernika.<\/span><\/p>\n\n    <span id=\"arrow-link-bce3c966\" class=\"d-inline-block\">\n        <a href=\"https:\/\/www.facebook.com\/polcienofficial\/\" class=\"arrow-link underline\">\n            <span class=\"arrow-link_text\">P\u00f3\u0142cie\u0144 na FB<\/span>\n            <span class=\"arrow-link_icon\">\n                <i class=\"fa-solid fa-arrow-right\"><\/i><i class=\"fa-solid fa-arrow-right\"><\/i>\n            <\/span>\n        <\/a>\n    <\/span>\n    \n<p><img loading=\"lazy\" decoding=\"async\" class=\"alignnone wp-image-7807 size-large\" src=\"https:\/\/takbrzmimiasto.pl\/wp-content\/uploads\/2021\/10\/Single_Final-793x800.png\" alt=\"\" width=\"793\" height=\"800\" data-wp-pid=\"4373\" srcset=\"https:\/\/takbrzmimiasto.pl\/wp-content\/uploads\/2021\/10\/Single_Final-793x800.png 793w, https:\/\/takbrzmimiasto.pl\/wp-content\/uploads\/2021\/10\/Single_Final-100x100.png 100w, https:\/\/takbrzmimiasto.pl\/wp-content\/uploads\/2021\/10\/Single_Final-800x807.png 800w, https:\/\/takbrzmimiasto.pl\/wp-content\/uploads\/2021\/10\/Single_Final-991x1000.png 991w, https:\/\/takbrzmimiasto.pl\/wp-content\/uploads\/2021\/10\/Single_Final-347x350.png 347w, https:\/\/takbrzmimiasto.pl\/wp-content\/uploads\/2021\/10\/Single_Final-768x775.png 768w, https:\/\/takbrzmimiasto.pl\/wp-content\/uploads\/2021\/10\/Single_Final-1522x1536.png 1522w, https:\/\/takbrzmimiasto.pl\/wp-content\/uploads\/2021\/10\/Single_Final-2029x2048.png 2029w\" sizes=\"(max-width: 793px) 100vw, 793px\" \/><\/p>\n<p>&nbsp;<\/p>\n<h2><strong><i>I&#8217;m ok<\/i> Filipa Mizi promuje apk\u0119, kt\u00f3ra ma pom\u00f3c ludziom z depresj\u0105<\/strong><\/h2>\n<p><span style=\"font-weight: 400;\">W ELLIPSE naukowcy z pi\u0119ciu kraj\u00f3w w Europie (Szwecja, Polska, W\u0119gry, Austria i Norwegia) opracowali bezp\u0142atn\u0105 aplikacj\u0119 <\/span><b>12-Stopniowy Plan Bezpiecze\u0144stwa<\/b><span style=\"font-weight: 400;\">, pomagaj\u0105c\u0105 osobom borykaj\u0105cym si\u0119 z destruktywnymi my\u015blami i impulsami, oraz z poczuciem obezw\u0142adniaj\u0105cego l\u0119ku, smutku, nienawi\u015bci, poczucia winy czy wstydu. Aplikacja b\u0119dzie dost\u0119pna w pa\u017adzierniku.\u00a0<\/span><\/p>\n<p><span style=\"font-weight: 400;\">Oficjalnym utworem muzycznym, kt\u00f3ry promuje aplikacj\u0119 jest w\u0142a\u015bnie <em>I\u2019m ok<\/em> Filipa Mizi.<\/span><\/p>\n<p><span style=\"font-weight: 400;\">\u2013 Wiem jakie to uczucie, gdy czujesz pustk\u0119 i brak nadziei.(&#8230;) Pragn\u0119, \u017ceby ten utw\u00f3r przypomina\u0142 o tym, \u017ce nawet w naszych najmroczniejszych chwilach nie jeste\u015bmy sami i \u017ce zawsze warto jest szuka\u0107 pomocy \u2013 m\u00f3wi Filip.<\/span><\/p>\n<p>\n    <span id=\"arrow-link-cb57c5c6\" class=\"d-inline-block\">\n        <a href=\"http:\/\/e-llipse.com\/\" class=\"arrow-link underline\">\n            <span class=\"arrow-link_text\">Strona projektu<\/span>\n            <span class=\"arrow-link_icon\">\n                <i class=\"fa-solid fa-arrow-right\"><\/i><i class=\"fa-solid fa-arrow-right\"><\/i>\n            <\/span>\n        <\/a>\n    <\/span>\n    <br \/>\n\n    <span id=\"arrow-link-37dc8cd7\" class=\"d-inline-block\">\n        <a href=\"https:\/\/www.youtube.com\/watch?v=1RYU95XlOjE\" class=\"arrow-link underline\">\n            <span class=\"arrow-link_text\">I'm OK<\/span>\n            <span class=\"arrow-link_icon\">\n                <i class=\"fa-solid fa-arrow-right\"><\/i><i class=\"fa-solid fa-arrow-right\"><\/i>\n            <\/span>\n        <\/a>\n    <\/span>\n    <\/p>\n<p><img loading=\"lazy\" decoding=\"async\" class=\"alignnone wp-image-7815 size-full\" src=\"https:\/\/takbrzmimiasto.pl\/wp-content\/uploads\/2021\/10\/fot.-Michal-Lagodac.jpg\" alt=\"\" width=\"719\" height=\"719\" data-wp-pid=\"4373\" srcset=\"https:\/\/takbrzmimiasto.pl\/wp-content\/uploads\/2021\/10\/fot.-Michal-Lagodac.jpg 719w, https:\/\/takbrzmimiasto.pl\/wp-content\/uploads\/2021\/10\/fot.-Michal-Lagodac-350x350.jpg 350w, https:\/\/takbrzmimiasto.pl\/wp-content\/uploads\/2021\/10\/fot.-Michal-Lagodac-100x100.jpg 100w\" sizes=\"(max-width: 719px) 100vw, 719px\" \/><\/p>\n<p>&nbsp;<\/p>\n<p>&nbsp;<\/p>\n","protected":false},"excerpt":{"rendered":"<p>Pa\u017adziernik przyni\u00f3s\u0142 mn\u00f3stwo dobrej muzyki od Spo\u0142eczno\u015bci TBM. Polecamy! &nbsp; B\u0119dzie mi\u0142o. Follow Rivers wydali pierwszy utw\u00f3r po polsku B\u0119dzie mi\u0142o ma ju\u017c miesi\u0105c. Ale wci\u0105\u017c mo\u017cna nazwa\u0107 ten utw\u00f3r \u015bwie\u017cym singlem. To ogrom ciep\u0142a i ukojenia, kt\u00f3ry daje przestrze\u0144 do \u017cyciowych refleksji. Idealny na jesie\u0144. . . &nbsp; Alex Pilkevych \u0142amie zasady w singlu [&hellip;]<\/p>\n","protected":false},"author":60,"featured_media":7818,"comment_status":"open","ping_status":"open","sticky":false,"template":"","format":"standard","meta":{"inline_featured_image":false,"footnotes":""},"categories":[308],"tags":[],"class_list":["post-7801","post","type-post","status-publish","format-standard","has-post-thumbnail","hentry","category-aktualnosci"],"acf":[],"yoast_head":"<!-- This site is optimized with the Yoast SEO plugin v19.7.1 - https:\/\/yoast.com\/wordpress\/plugins\/seo\/ -->\n<title>Nowo\u015bci, muzyka i wie\u015bci ze Spo\u0142eczno\u015bci Tak Brzmi Miasto [pa\u017adziernik 2021] - Tak Brzmi Miasto<\/title>\n<meta name=\"robots\" content=\"index, follow, max-snippet:-1, max-image-preview:large, max-video-preview:-1\" \/>\n<link rel=\"canonical\" href=\"https:\/\/takbrzmimiasto.pl\/en\/nowosci-muzyka-i-wiesci-ze-spolecznosci-tak-brzmi-miasto-pazdziernik-2021\/\" \/>\n<meta property=\"og:locale\" content=\"en_US\" \/>\n<meta property=\"og:type\" content=\"article\" \/>\n<meta property=\"og:title\" content=\"Nowo\u015bci, muzyka i wie\u015bci ze Spo\u0142eczno\u015bci Tak Brzmi Miasto [pa\u017adziernik 2021] - Tak Brzmi Miasto\" \/>\n<meta property=\"og:description\" content=\"Pa\u017adziernik przyni\u00f3s\u0142 mn\u00f3stwo dobrej muzyki od Spo\u0142eczno\u015bci TBM. Polecamy! &nbsp; B\u0119dzie mi\u0142o. Follow Rivers wydali pierwszy utw\u00f3r po polsku B\u0119dzie mi\u0142o ma ju\u017c miesi\u0105c. Ale wci\u0105\u017c mo\u017cna nazwa\u0107 ten utw\u00f3r \u015bwie\u017cym singlem. To ogrom ciep\u0142a i ukojenia, kt\u00f3ry daje przestrze\u0144 do \u017cyciowych refleksji. Idealny na jesie\u0144. . . &nbsp; Alex Pilkevych \u0142amie zasady w singlu [&hellip;]\" \/>\n<meta property=\"og:url\" content=\"https:\/\/takbrzmimiasto.pl\/en\/nowosci-muzyka-i-wiesci-ze-spolecznosci-tak-brzmi-miasto-pazdziernik-2021\/\" \/>\n<meta property=\"og:site_name\" content=\"Tak Brzmi Miasto\" \/>\n<meta property=\"article:published_time\" content=\"2021-10-30T19:56:12+00:00\" \/>\n<meta property=\"article:modified_time\" content=\"2022-09-23T13:45:01+00:00\" \/>\n<meta property=\"og:image\" content=\"https:\/\/takbrzmimiasto.pl\/wp-content\/uploads\/2021\/10\/mw.jpg\" \/>\n\t<meta property=\"og:image:width\" content=\"1920\" \/>\n\t<meta property=\"og:image:height\" content=\"1080\" \/>\n\t<meta property=\"og:image:type\" content=\"image\/jpeg\" \/>\n<meta name=\"author\" content=\"Ewelina Krawczyk\" \/>\n<meta name=\"twitter:card\" content=\"summary_large_image\" \/>\n<meta name=\"twitter:label1\" content=\"Written by\" \/>\n\t<meta name=\"twitter:data1\" content=\"Ewelina Krawczyk\" \/>\n\t<meta name=\"twitter:label2\" content=\"Est. reading time\" \/>\n\t<meta name=\"twitter:data2\" content=\"4 minutes\" \/>\n<script type=\"application\/ld+json\" class=\"yoast-schema-graph\">{\"@context\":\"https:\/\/schema.org\",\"@graph\":[{\"@type\":\"Article\",\"@id\":\"https:\/\/takbrzmimiasto.pl\/en\/nowosci-muzyka-i-wiesci-ze-spolecznosci-tak-brzmi-miasto-pazdziernik-2021\/#article\",\"isPartOf\":{\"@id\":\"https:\/\/takbrzmimiasto.pl\/en\/nowosci-muzyka-i-wiesci-ze-spolecznosci-tak-brzmi-miasto-pazdziernik-2021\/\"},\"author\":{\"name\":\"Ewelina Krawczyk\",\"@id\":\"https:\/\/takbrzmimiasto.pl\/#\/schema\/person\/1c946f5380dc2c5faa442dcd9665f577\"},\"headline\":\"Nowo\u015bci, muzyka i wie\u015bci ze Spo\u0142eczno\u015bci Tak Brzmi Miasto [pa\u017adziernik 2021]\",\"datePublished\":\"2021-10-30T19:56:12+00:00\",\"dateModified\":\"2022-09-23T13:45:01+00:00\",\"mainEntityOfPage\":{\"@id\":\"https:\/\/takbrzmimiasto.pl\/en\/nowosci-muzyka-i-wiesci-ze-spolecznosci-tak-brzmi-miasto-pazdziernik-2021\/\"},\"wordCount\":737,\"commentCount\":0,\"publisher\":{\"@id\":\"https:\/\/takbrzmimiasto.pl\/#organization\"},\"articleSection\":[\"Aktualno\u015bci\"],\"inLanguage\":\"en-US\",\"potentialAction\":[{\"@type\":\"CommentAction\",\"name\":\"Comment\",\"target\":[\"https:\/\/takbrzmimiasto.pl\/en\/nowosci-muzyka-i-wiesci-ze-spolecznosci-tak-brzmi-miasto-pazdziernik-2021\/#respond\"]}]},{\"@type\":\"WebPage\",\"@id\":\"https:\/\/takbrzmimiasto.pl\/en\/nowosci-muzyka-i-wiesci-ze-spolecznosci-tak-brzmi-miasto-pazdziernik-2021\/\",\"url\":\"https:\/\/takbrzmimiasto.pl\/en\/nowosci-muzyka-i-wiesci-ze-spolecznosci-tak-brzmi-miasto-pazdziernik-2021\/\",\"name\":\"Nowo\u015bci, muzyka i wie\u015bci ze Spo\u0142eczno\u015bci Tak Brzmi Miasto [pa\u017adziernik 2021] - Tak Brzmi Miasto\",\"isPartOf\":{\"@id\":\"https:\/\/takbrzmimiasto.pl\/#website\"},\"datePublished\":\"2021-10-30T19:56:12+00:00\",\"dateModified\":\"2022-09-23T13:45:01+00:00\",\"breadcrumb\":{\"@id\":\"https:\/\/takbrzmimiasto.pl\/en\/nowosci-muzyka-i-wiesci-ze-spolecznosci-tak-brzmi-miasto-pazdziernik-2021\/#breadcrumb\"},\"inLanguage\":\"en-US\",\"potentialAction\":[{\"@type\":\"ReadAction\",\"target\":[\"https:\/\/takbrzmimiasto.pl\/en\/nowosci-muzyka-i-wiesci-ze-spolecznosci-tak-brzmi-miasto-pazdziernik-2021\/\"]}]},{\"@type\":\"BreadcrumbList\",\"@id\":\"https:\/\/takbrzmimiasto.pl\/en\/nowosci-muzyka-i-wiesci-ze-spolecznosci-tak-brzmi-miasto-pazdziernik-2021\/#breadcrumb\",\"itemListElement\":[{\"@type\":\"ListItem\",\"position\":1,\"name\":\"Strona g\u0142\u00f3wna\",\"item\":\"https:\/\/takbrzmimiasto.pl\/en\/\"},{\"@type\":\"ListItem\",\"position\":2,\"name\":\"Nowo\u015bci, muzyka i wie\u015bci ze Spo\u0142eczno\u015bci Tak Brzmi Miasto [pa\u017adziernik 2021]\"}]},{\"@type\":\"WebSite\",\"@id\":\"https:\/\/takbrzmimiasto.pl\/#website\",\"url\":\"https:\/\/takbrzmimiasto.pl\/\",\"name\":\"Tak Brzmi Miasto\",\"description\":\"Tak Brzmi Miasto to konferencja, festiwal, inkubator dla mened\u017cer\u00f3w i akademia\",\"publisher\":{\"@id\":\"https:\/\/takbrzmimiasto.pl\/#organization\"},\"potentialAction\":[{\"@type\":\"SearchAction\",\"target\":{\"@type\":\"EntryPoint\",\"urlTemplate\":\"https:\/\/takbrzmimiasto.pl\/?s={search_term_string}\"},\"query-input\":\"required name=search_term_string\"}],\"inLanguage\":\"en-US\"},{\"@type\":\"Organization\",\"@id\":\"https:\/\/takbrzmimiasto.pl\/#organization\",\"name\":\"Tak Brzmi Miasto\",\"url\":\"https:\/\/takbrzmimiasto.pl\/\",\"sameAs\":[],\"logo\":{\"@type\":\"ImageObject\",\"inLanguage\":\"en-US\",\"@id\":\"https:\/\/takbrzmimiasto.pl\/#\/schema\/logo\/image\/\",\"url\":\"https:\/\/takbrzmimiasto.pl\/wp-content\/uploads\/2021\/04\/www_miniatura_bezmenu.jpg\",\"contentUrl\":\"https:\/\/takbrzmimiasto.pl\/wp-content\/uploads\/2021\/04\/www_miniatura_bezmenu.jpg\",\"width\":1920,\"height\":1080,\"caption\":\"Tak Brzmi Miasto\"},\"image\":{\"@id\":\"https:\/\/takbrzmimiasto.pl\/#\/schema\/logo\/image\/\"}},{\"@type\":\"Person\",\"@id\":\"https:\/\/takbrzmimiasto.pl\/#\/schema\/person\/1c946f5380dc2c5faa442dcd9665f577\",\"name\":\"Ewelina Krawczyk\",\"image\":{\"@type\":\"ImageObject\",\"inLanguage\":\"en-US\",\"@id\":\"https:\/\/takbrzmimiasto.pl\/#\/schema\/person\/image\/\",\"url\":\"https:\/\/secure.gravatar.com\/avatar\/03e1748f22765fb67ad17a1be9f9214e?s=96&d=mm&r=g\",\"contentUrl\":\"https:\/\/secure.gravatar.com\/avatar\/03e1748f22765fb67ad17a1be9f9214e?s=96&d=mm&r=g\",\"caption\":\"Ewelina Krawczyk\"},\"description\":\"Organizatorka, promotorka i mened\u017cerka kultury. Dyrektorka Festiwalu Wschody promuj\u0105cego now\u0105 muzyk\u0119 artystyczn\u0105. Dotychczas m.in. specjalistka ds. promocji w Wydawnictwie Znak, dziennikarka w Polska Press, wsp\u00f3\u0142prowadz\u0105ca projekty rekrutacyjne i kreatywne. Z wykszta\u0142cenia psycholo\u017cka, prowadzi\u0142a zaj\u0119cia m.in. z psychologii osobowo\u015bci i tw\u00f3rczo\u015bci. Tworzy swoj\u0105 jednoosobow\u0105 agencj\u0119 kreatywn\u0105, Si\u0119 tworzy - promocyjny pomost mi\u0119dzy tw\u00f3rcami a reszt\u0105 \u015bwiata.\",\"url\":\"https:\/\/takbrzmimiasto.pl\/en\/author\/ewelina-krawczyk\/\"}]}<\/script>\n<!-- \/ Yoast SEO plugin. -->","yoast_head_json":{"title":"Nowo\u015bci, muzyka i wie\u015bci ze Spo\u0142eczno\u015bci Tak Brzmi Miasto [pa\u017adziernik 2021] - Tak Brzmi Miasto","robots":{"index":"index","follow":"follow","max-snippet":"max-snippet:-1","max-image-preview":"max-image-preview:large","max-video-preview":"max-video-preview:-1"},"canonical":"https:\/\/takbrzmimiasto.pl\/en\/nowosci-muzyka-i-wiesci-ze-spolecznosci-tak-brzmi-miasto-pazdziernik-2021\/","og_locale":"en_US","og_type":"article","og_title":"Nowo\u015bci, muzyka i wie\u015bci ze Spo\u0142eczno\u015bci Tak Brzmi Miasto [pa\u017adziernik 2021] - Tak Brzmi Miasto","og_description":"Pa\u017adziernik przyni\u00f3s\u0142 mn\u00f3stwo dobrej muzyki od Spo\u0142eczno\u015bci TBM. Polecamy! &nbsp; B\u0119dzie mi\u0142o. Follow Rivers wydali pierwszy utw\u00f3r po polsku B\u0119dzie mi\u0142o ma ju\u017c miesi\u0105c. Ale wci\u0105\u017c mo\u017cna nazwa\u0107 ten utw\u00f3r \u015bwie\u017cym singlem. To ogrom ciep\u0142a i ukojenia, kt\u00f3ry daje przestrze\u0144 do \u017cyciowych refleksji. Idealny na jesie\u0144. . . &nbsp; Alex Pilkevych \u0142amie zasady w singlu [&hellip;]","og_url":"https:\/\/takbrzmimiasto.pl\/en\/nowosci-muzyka-i-wiesci-ze-spolecznosci-tak-brzmi-miasto-pazdziernik-2021\/","og_site_name":"Tak Brzmi Miasto","article_published_time":"2021-10-30T19:56:12+00:00","article_modified_time":"2022-09-23T13:45:01+00:00","og_image":[{"width":1920,"height":1080,"url":"https:\/\/takbrzmimiasto.pl\/wp-content\/uploads\/2021\/10\/mw.jpg","type":"image\/jpeg"}],"author":"Ewelina Krawczyk","twitter_card":"summary_large_image","twitter_misc":{"Written by":"Ewelina Krawczyk","Est. reading time":"4 minutes"},"schema":{"@context":"https:\/\/schema.org","@graph":[{"@type":"Article","@id":"https:\/\/takbrzmimiasto.pl\/en\/nowosci-muzyka-i-wiesci-ze-spolecznosci-tak-brzmi-miasto-pazdziernik-2021\/#article","isPartOf":{"@id":"https:\/\/takbrzmimiasto.pl\/en\/nowosci-muzyka-i-wiesci-ze-spolecznosci-tak-brzmi-miasto-pazdziernik-2021\/"},"author":{"name":"Ewelina Krawczyk","@id":"https:\/\/takbrzmimiasto.pl\/#\/schema\/person\/1c946f5380dc2c5faa442dcd9665f577"},"headline":"Nowo\u015bci, muzyka i wie\u015bci ze Spo\u0142eczno\u015bci Tak Brzmi Miasto [pa\u017adziernik 2021]","datePublished":"2021-10-30T19:56:12+00:00","dateModified":"2022-09-23T13:45:01+00:00","mainEntityOfPage":{"@id":"https:\/\/takbrzmimiasto.pl\/en\/nowosci-muzyka-i-wiesci-ze-spolecznosci-tak-brzmi-miasto-pazdziernik-2021\/"},"wordCount":737,"commentCount":0,"publisher":{"@id":"https:\/\/takbrzmimiasto.pl\/#organization"},"articleSection":["Aktualno\u015bci"],"inLanguage":"en-US","potentialAction":[{"@type":"CommentAction","name":"Comment","target":["https:\/\/takbrzmimiasto.pl\/en\/nowosci-muzyka-i-wiesci-ze-spolecznosci-tak-brzmi-miasto-pazdziernik-2021\/#respond"]}]},{"@type":"WebPage","@id":"https:\/\/takbrzmimiasto.pl\/en\/nowosci-muzyka-i-wiesci-ze-spolecznosci-tak-brzmi-miasto-pazdziernik-2021\/","url":"https:\/\/takbrzmimiasto.pl\/en\/nowosci-muzyka-i-wiesci-ze-spolecznosci-tak-brzmi-miasto-pazdziernik-2021\/","name":"Nowo\u015bci, muzyka i wie\u015bci ze Spo\u0142eczno\u015bci Tak Brzmi Miasto [pa\u017adziernik 2021] - Tak Brzmi Miasto","isPartOf":{"@id":"https:\/\/takbrzmimiasto.pl\/#website"},"datePublished":"2021-10-30T19:56:12+00:00","dateModified":"2022-09-23T13:45:01+00:00","breadcrumb":{"@id":"https:\/\/takbrzmimiasto.pl\/en\/nowosci-muzyka-i-wiesci-ze-spolecznosci-tak-brzmi-miasto-pazdziernik-2021\/#breadcrumb"},"inLanguage":"en-US","potentialAction":[{"@type":"ReadAction","target":["https:\/\/takbrzmimiasto.pl\/en\/nowosci-muzyka-i-wiesci-ze-spolecznosci-tak-brzmi-miasto-pazdziernik-2021\/"]}]},{"@type":"BreadcrumbList","@id":"https:\/\/takbrzmimiasto.pl\/en\/nowosci-muzyka-i-wiesci-ze-spolecznosci-tak-brzmi-miasto-pazdziernik-2021\/#breadcrumb","itemListElement":[{"@type":"ListItem","position":1,"name":"Strona g\u0142\u00f3wna","item":"https:\/\/takbrzmimiasto.pl\/en\/"},{"@type":"ListItem","position":2,"name":"Nowo\u015bci, muzyka i wie\u015bci ze Spo\u0142eczno\u015bci Tak Brzmi Miasto [pa\u017adziernik 2021]"}]},{"@type":"WebSite","@id":"https:\/\/takbrzmimiasto.pl\/#website","url":"https:\/\/takbrzmimiasto.pl\/","name":"Tak Brzmi Miasto","description":"Tak Brzmi Miasto to konferencja, festiwal, inkubator dla mened\u017cer\u00f3w i akademia","publisher":{"@id":"https:\/\/takbrzmimiasto.pl\/#organization"},"potentialAction":[{"@type":"SearchAction","target":{"@type":"EntryPoint","urlTemplate":"https:\/\/takbrzmimiasto.pl\/?s={search_term_string}"},"query-input":"required name=search_term_string"}],"inLanguage":"en-US"},{"@type":"Organization","@id":"https:\/\/takbrzmimiasto.pl\/#organization","name":"Tak Brzmi Miasto","url":"https:\/\/takbrzmimiasto.pl\/","sameAs":[],"logo":{"@type":"ImageObject","inLanguage":"en-US","@id":"https:\/\/takbrzmimiasto.pl\/#\/schema\/logo\/image\/","url":"https:\/\/takbrzmimiasto.pl\/wp-content\/uploads\/2021\/04\/www_miniatura_bezmenu.jpg","contentUrl":"https:\/\/takbrzmimiasto.pl\/wp-content\/uploads\/2021\/04\/www_miniatura_bezmenu.jpg","width":1920,"height":1080,"caption":"Tak Brzmi Miasto"},"image":{"@id":"https:\/\/takbrzmimiasto.pl\/#\/schema\/logo\/image\/"}},{"@type":"Person","@id":"https:\/\/takbrzmimiasto.pl\/#\/schema\/person\/1c946f5380dc2c5faa442dcd9665f577","name":"Ewelina Krawczyk","image":{"@type":"ImageObject","inLanguage":"en-US","@id":"https:\/\/takbrzmimiasto.pl\/#\/schema\/person\/image\/","url":"https:\/\/secure.gravatar.com\/avatar\/03e1748f22765fb67ad17a1be9f9214e?s=96&d=mm&r=g","contentUrl":"https:\/\/secure.gravatar.com\/avatar\/03e1748f22765fb67ad17a1be9f9214e?s=96&d=mm&r=g","caption":"Ewelina Krawczyk"},"description":"Organizatorka, promotorka i mened\u017cerka kultury. Dyrektorka Festiwalu Wschody promuj\u0105cego now\u0105 muzyk\u0119 artystyczn\u0105. Dotychczas m.in. specjalistka ds. promocji w Wydawnictwie Znak, dziennikarka w Polska Press, wsp\u00f3\u0142prowadz\u0105ca projekty rekrutacyjne i kreatywne. Z wykszta\u0142cenia psycholo\u017cka, prowadzi\u0142a zaj\u0119cia m.in. z psychologii osobowo\u015bci i tw\u00f3rczo\u015bci. Tworzy swoj\u0105 jednoosobow\u0105 agencj\u0119 kreatywn\u0105, Si\u0119 tworzy - promocyjny pomost mi\u0119dzy tw\u00f3rcami a reszt\u0105 \u015bwiata.","url":"https:\/\/takbrzmimiasto.pl\/en\/author\/ewelina-krawczyk\/"}]}},"_links":{"self":[{"href":"https:\/\/takbrzmimiasto.pl\/en\/wp-json\/wp\/v2\/posts\/7801\/"}],"collection":[{"href":"https:\/\/takbrzmimiasto.pl\/en\/wp-json\/wp\/v2\/posts\/"}],"about":[{"href":"https:\/\/takbrzmimiasto.pl\/en\/wp-json\/wp\/v2\/types\/post\/"}],"author":[{"embeddable":true,"href":"https:\/\/takbrzmimiasto.pl\/en\/wp-json\/wp\/v2\/users\/60\/"}],"replies":[{"embeddable":true,"href":"https:\/\/takbrzmimiasto.pl\/en\/wp-json\/wp\/v2\/comments\/?post=7801"}],"version-history":[{"count":4,"href":"https:\/\/takbrzmimiasto.pl\/en\/wp-json\/wp\/v2\/posts\/7801\/revisions\/"}],"predecessor-version":[{"id":15350,"href":"https:\/\/takbrzmimiasto.pl\/en\/wp-json\/wp\/v2\/posts\/7801\/revisions\/15350\/"}],"wp:featuredmedia":[{"embeddable":true,"href":"https:\/\/takbrzmimiasto.pl\/en\/wp-json\/wp\/v2\/media\/7818\/"}],"wp:attachment":[{"href":"https:\/\/takbrzmimiasto.pl\/en\/wp-json\/wp\/v2\/media\/?parent=7801"}],"wp:term":[{"taxonomy":"category","embeddable":true,"href":"https:\/\/takbrzmimiasto.pl\/en\/wp-json\/wp\/v2\/categories\/?post=7801"},{"taxonomy":"post_tag","embeddable":true,"href":"https:\/\/takbrzmimiasto.pl\/en\/wp-json\/wp\/v2\/tags\/?post=7801"}],"curies":[{"name":"wp","href":"https:\/\/api.w.org\/{rel}","templated":true}]}}