{"id":7836,"date":"2021-10-20T18:46:36","date_gmt":"2021-10-20T16:46:36","guid":{"rendered":"https:\/\/takbrzmimiasto.pl\/?p=7836"},"modified":"2022-09-23T15:45:02","modified_gmt":"2022-09-23T13:45:02","slug":"ludzie-tak-brzmia-showcasey-dostatnia-w-koncerty-sobota-w-krakowie","status":"publish","type":"post","link":"https:\/\/takbrzmimiasto.pl\/en\/ludzie-tak-brzmia-showcasey-dostatnia-w-koncerty-sobota-w-krakowie\/","title":{"rendered":"Ludzie! Tak brzmi\u0105 Showcase&#8217;y. Dostatnia w koncerty sobota w Krakowie"},"content":{"rendered":"<p><b>Baza, Hevre i Alchemia \u2013 te trzy krakowskie przestrzenie muzyczne wype\u0142ni 13 listopada muzyka dwunastki artyst\u00f3w i artystek! W ramach Tak Brzmi Miasto Konferencja, jak co roku, zapraszamy Was na showcase&#8217;y. Prezentujemy zespo\u0142y, kt\u00f3re poznajemy lepiej dzi\u0119ki naszym inicjatywom. Przedstawiamy sk\u0142ady, kt\u00f3re wschodz\u0105 w pi\u0119knym stylu.<\/b><\/p>\n<p>&nbsp;<\/p>\n<h2>HEVRE<\/h2>\n<div id=\"single-gallery-cf77d71f\" class=\"single-gallery row p-0 m-0 g-2\">\n                    <div class=\"single-gallery-cf77d71f-item single-gallery-item\" data-bs-toggle=\"modal\" data-bs-target=\"#single-gallery-cf77d71f-modal\" data-slide-index=\"0\">\n                        <img decoding=\"async\" src=\"https:\/\/takbrzmimiasto.pl\/wp-content\/uploads\/2021\/10\/05_roman-800x800.png\" alt=\"Zdj\u0119cie #0 galerii zdj\u0119\u0107\">\n                    <\/div>\n                    <div class=\"single-gallery-cf77d71f-item single-gallery-item\" data-bs-toggle=\"modal\" data-bs-target=\"#single-gallery-cf77d71f-modal\" data-slide-index=\"1\">\n                        <img decoding=\"async\" src=\"https:\/\/takbrzmimiasto.pl\/wp-content\/uploads\/2021\/10\/03_bazarnik-800x800.png\" alt=\"Zdj\u0119cie #1 galerii zdj\u0119\u0107\">\n                    <\/div>\n                    <div class=\"single-gallery-cf77d71f-item single-gallery-item\" data-bs-toggle=\"modal\" data-bs-target=\"#single-gallery-cf77d71f-modal\" data-slide-index=\"2\">\n                        <img decoding=\"async\" src=\"https:\/\/takbrzmimiasto.pl\/wp-content\/uploads\/2021\/10\/02_alice-800x800.png\" alt=\"Zdj\u0119cie #2 galerii zdj\u0119\u0107\">\n                    <\/div>\n                    <div class=\"single-gallery-cf77d71f-item single-gallery-item\" data-bs-toggle=\"modal\" data-bs-target=\"#single-gallery-cf77d71f-modal\" data-slide-index=\"3\">\n                        <img decoding=\"async\" src=\"https:\/\/takbrzmimiasto.pl\/wp-content\/uploads\/2021\/10\/08_wowakin-800x800.png\" alt=\"Zdj\u0119cie #3 galerii zdj\u0119\u0107\">\n                    <\/div><\/div>\n            <div class=\"modal fade single-gallery-modal\" id=\"single-gallery-cf77d71f-modal\" tabindex=\"-1\" aria-labelledby=\"single-gallery-cf77d71f-modal\" aria-hidden=\"true\">\n                <div class=\"modal-dialog modal-dialog-centered modal-lg\" role=\"document\">\n                    <div class=\"modal-content position-relative border-0\">\n                        \n                        <button type=\"button\" class=\"btn-close ms-auto position-absolute top-0 end-0 p-3\" data-bs-dismiss=\"modal\" aria-label=\"Close\"><\/button>\n                \n                        <div class=\"row single-gallery-slider-container\">\n                            <div class=\"col-12\">\n                                <div id=\"single-gallery-cf77d71f-slider\" class=\"w-100 swiper\">\n                                    <div class=\"swiper-wrapper\">            \n        \n                                        <div class=\"swiper-slide\">\n                                            <img decoding=\"async\" class=\"\" src=\"https:\/\/takbrzmimiasto.pl\/wp-content\/uploads\/2021\/10\/05_roman.png\" alt=\"Zdj\u0119cie #0 galerii zdj\u0119\u0107\">\n                                        <\/div>\n            \n                                        <div class=\"swiper-slide\">\n                                            <img decoding=\"async\" class=\"\" src=\"https:\/\/takbrzmimiasto.pl\/wp-content\/uploads\/2021\/10\/03_bazarnik.png\" alt=\"Zdj\u0119cie #1 galerii zdj\u0119\u0107\">\n                                        <\/div>\n            \n                                        <div class=\"swiper-slide\">\n                                            <img decoding=\"async\" class=\"\" src=\"https:\/\/takbrzmimiasto.pl\/wp-content\/uploads\/2021\/10\/02_alice.png\" alt=\"Zdj\u0119cie #2 galerii zdj\u0119\u0107\">\n                                        <\/div>\n            \n                                        <div class=\"swiper-slide\">\n                                            <img decoding=\"async\" class=\"\" src=\"https:\/\/takbrzmimiasto.pl\/wp-content\/uploads\/2021\/10\/08_wowakin.png\" alt=\"Zdj\u0119cie #3 galerii zdj\u0119\u0107\">\n                                        <\/div>\n            \n                                    <\/div>\n                                <\/div>\n                                <div id=\"single-gallery-cf77d71f-slider-prev\" class=\"swiper-button-prev\"><\/div>\n                                <div id=\"single-gallery-cf77d71f-slider-next\" class=\"swiper-button-next\"><\/div>\n                                <div id=\"single-gallery-cf77d71f-slider-pagination\" class=\"swiper-pagination\"><\/div>\n                            <\/div>\n                        <\/div>\n                    <\/div>\n                <\/div>\n            <\/div>\n            \n<p><strong>Roman Wr\u00f3blewski<\/strong> <b>\u2013<\/b> tr\u00f3jmiejski pianista, kompozytor, od lat zaanga\u017cowany w wiele projekt\u00f3w muzycznych o r\u00f3\u017cnorodnej stylistyce. Tworzy\u0142 lub wsp\u00f3\u0142tworzy\u0142 10 album\u00f3w studyjnych. Wsp\u00f3\u0142pracowa\u0142 m.in. z Tymonem Tyma\u0144skim, Sar\u0105 i Robertem Brylewskim, koncertowa\u0142 w Europie, Azji oraz na wielu festiwalach w Polsce<\/p>\n<p>Mi\u0142osz Bazarnik 5tet <b>\u2013 <\/b>nowa ods\u0142ona muzyki lidera zespo\u0142u znanego ze swojego autorskiego tria, zespo\u0142u Lazy Swingers Band czy JEDNO. Tym razem si\u0119ga po rzadko spotykany pi\u0119cioosobowy sk\u0142ad: sekcja rytmiczna z saksofonem tenorowym i gitar\u0105 elektryczn\u0105. W swojej tw\u00f3rczo\u015bci inspiruje si\u0119 takimi artystami jak Aaron Parks, Mike Moreno, Olli Hirvonen czy Marcin Wasilewski. Pomi\u0119dzy konkretnymi ostinatami basowymi, czy mocnymi tematami znajdziemy tak\u017ce sporo liryzmu i przestrzeni.<\/p>\n<p>Alice <b>\u2013\u00a0<\/b>wokalistka, flecistka i producentka. W przysz\u0142ym roku zadebiutuje z autorsk\u0105 p\u0142yt\u0105 <em>Prisoners of Expectations<\/em>. Alice to hipnotyzuj\u0105cy wokal przywodz\u0105cy na my\u015bl Bj\u00f6rk, \u015bwie\u017ce aran\u017cacje w stylu Hiatus Kaiyote, bezkompromisowo\u015b\u0107 w elektronicznych brzmieniach inspirowana Sophie czy Arc\u0105. To po\u0142\u0105czenie odhumanizowanej elektroniki z przesyconym ludzkimi emocjami wokalem. Ca\u0142o\u015b\u0107 z\u0142\u0105czona koncepcj\u0105, wobec kt\u00f3rej warto nie stawia\u0107 oczekiwa\u0144.<\/p>\n<p>Wowakin \u2013 trio specjalizuje si\u0119 w muzyce folkowej, \u0142\u0105cz\u0105c ludowe brzmienie z nowoczesn\u0105 aran\u017cacj\u0105. Podej\u015bcie do muzyki odznacza si\u0119 swobod\u0105, improwizacyjno\u015bci\u0105, brawur\u0105 wykonawcz\u0105. Zesp\u00f3\u0142 jest laureatem konkursu Polskiego Radia Nowa Tradycja\u201916, reprezentowa\u0142 kraj na Womex\u201917, wyst\u0105pi\u0142 te\u017c na najwa\u017cniejszych festiwalach muzyki \u015bwiata, m.in.: EthnoPort\u201918, Skrzy\u017cowanie Kultur\u201918, Budapest Ritmo\u201918, CrossRoads\u201919 Ostrawa, Globaltica\u201919. WoWaKin wyda\u0142 we wrze\u015bniu 2017 sw\u00f3j debiutancki album <em>Kraj za miastem<\/em>, a we wrze\u015bniu 2020 album <em>Wi\u0105zanka<\/em> (<em>The Bunch<\/em>), kt\u00f3ry otrzyma\u0142 II miejsce w konkursie Polskiego Radia na Folkowy Fonogram Roku<\/p>\n<p>&nbsp;<\/p>\n<h2>BAZA<\/h2>\n<div id=\"single-gallery-a1e5a3b3\" class=\"single-gallery row p-0 m-0 g-2\">\n                    <div class=\"single-gallery-a1e5a3b3-item single-gallery-item\" data-bs-toggle=\"modal\" data-bs-target=\"#single-gallery-a1e5a3b3-modal\" data-slide-index=\"0\">\n                        <img decoding=\"async\" src=\"https:\/\/takbrzmimiasto.pl\/wp-content\/uploads\/2021\/10\/09_zagi-800x800.png\" alt=\"Zdj\u0119cie #0 galerii zdj\u0119\u0107\">\n                    <\/div>\n                    <div class=\"single-gallery-a1e5a3b3-item single-gallery-item\" data-bs-toggle=\"modal\" data-bs-target=\"#single-gallery-a1e5a3b3-modal\" data-slide-index=\"1\">\n                        <img decoding=\"async\" src=\"https:\/\/takbrzmimiasto.pl\/wp-content\/uploads\/2021\/10\/07_wojtek-800x800.png\" alt=\"Zdj\u0119cie #1 galerii zdj\u0119\u0107\">\n                    <\/div>\n                    <div class=\"single-gallery-a1e5a3b3-item single-gallery-item\" data-bs-toggle=\"modal\" data-bs-target=\"#single-gallery-a1e5a3b3-modal\" data-slide-index=\"2\">\n                        <img decoding=\"async\" src=\"https:\/\/takbrzmimiasto.pl\/wp-content\/uploads\/2021\/10\/04_postman-800x800.png\" alt=\"Zdj\u0119cie #2 galerii zdj\u0119\u0107\">\n                    <\/div><\/div>\n            <div class=\"modal fade single-gallery-modal\" id=\"single-gallery-a1e5a3b3-modal\" tabindex=\"-1\" aria-labelledby=\"single-gallery-a1e5a3b3-modal\" aria-hidden=\"true\">\n                <div class=\"modal-dialog modal-dialog-centered modal-lg\" role=\"document\">\n                    <div class=\"modal-content position-relative border-0\">\n                        \n                        <button type=\"button\" class=\"btn-close ms-auto position-absolute top-0 end-0 p-3\" data-bs-dismiss=\"modal\" aria-label=\"Close\"><\/button>\n                \n                        <div class=\"row single-gallery-slider-container\">\n                            <div class=\"col-12\">\n                                <div id=\"single-gallery-a1e5a3b3-slider\" class=\"w-100 swiper\">\n                                    <div class=\"swiper-wrapper\">            \n        \n                                        <div class=\"swiper-slide\">\n                                            <img decoding=\"async\" class=\"\" src=\"https:\/\/takbrzmimiasto.pl\/wp-content\/uploads\/2021\/10\/09_zagi.png\" alt=\"Zdj\u0119cie #0 galerii zdj\u0119\u0107\">\n                                        <\/div>\n            \n                                        <div class=\"swiper-slide\">\n                                            <img decoding=\"async\" class=\"\" src=\"https:\/\/takbrzmimiasto.pl\/wp-content\/uploads\/2021\/10\/07_wojtek.png\" alt=\"Zdj\u0119cie #1 galerii zdj\u0119\u0107\">\n                                        <\/div>\n            \n                                        <div class=\"swiper-slide\">\n                                            <img decoding=\"async\" class=\"\" src=\"https:\/\/takbrzmimiasto.pl\/wp-content\/uploads\/2021\/10\/04_postman.png\" alt=\"Zdj\u0119cie #2 galerii zdj\u0119\u0107\">\n                                        <\/div>\n            \n                                    <\/div>\n                                <\/div>\n                                <div id=\"single-gallery-a1e5a3b3-slider-prev\" class=\"swiper-button-prev\"><\/div>\n                                <div id=\"single-gallery-a1e5a3b3-slider-next\" class=\"swiper-button-next\"><\/div>\n                                <div id=\"single-gallery-a1e5a3b3-slider-pagination\" class=\"swiper-pagination\"><\/div>\n                            <\/div>\n                        <\/div>\n                    <\/div>\n                <\/div>\n            <\/div>\n            \n<p>Zagi \u2013 nagrodzona trzema z\u0142otymi p\u0142ytami ZPAV kompozytorka i autorka muzyki i tekst\u00f3w, kt\u00f3ra pisze dla siebie, ale r\u00f3wnie\u017c dla innych artyst\u00f3w. \u015apiewaj\u0105ca dziewczyna z gitar\u0105 \u2013 bardzo wyrazista posta\u0107 na polskiej scenie muzycznej. Jej muzyk\u0119 mo\u017cna zamkn\u0105\u0107 w pude\u0142ku z napisami indie-rock, pop, alternatywa.<\/p>\n<p>Wojtek Szuma\u0144ski \u2013 kompozytor, gitarzysta oraz autor tekst\u00f3w. Jest znany g\u0142\u00f3wnie ze swojej dzia\u0142alno\u015bci w serwisie YouTube, gdzie umieszcza autorskie utwory. Jego tw\u00f3rczo\u015b\u0107 zebra\u0142a milionowe ods\u0142ony. Piosenki charakteryzuj\u0105 si\u0119 chwytliw\u0105 muzyk\u0105 oraz b\u0142yskotliwymi tekstami, cz\u0119sto o zabarwieniu humorystycznym, ale r\u00f3wnie\u017c melancholijnym, sk\u0142aniaj\u0105cym do refleksji. Wyst\u0119p na \u017cywo sk\u0142ada si\u0119 z klimatycznych, niepublikowanych dot\u0105d aran\u017cacji w trio \u2013 z Weros\u0142aw\u0105 (skrzypce, wokal) i Krzysztofem (wiolonczela)<\/p>\n<p>Postman \u2013 muzyk, multiinstrumentalista, kompozytor, piosenkarz i songwriter. Od 2017 roku jez\u0301dzi po ca\u0142ej Europie z koncertami, od Ukrainy po Holandi\u0119, go\u015bci\u0142 na wielkich festiwalach oraz w ma\u0142ych klubach \u2013 miasteczkach i wsiach. Przed rokiem ukaza\u0142a si\u0119 druga studyjna p\u0142yta Postmana zatytu\u0142owana <em>City Freak<\/em>. Artysta s\u0301piewa w je\u0328zyku angielskim i ukrain\u0301skim. Postman jest jednym z najciekawszych przedstawicieli fali nowej ukrain\u0301skiej muzyki.<\/p>\n<p>&nbsp;<\/p>\n<h2>ALCHEMIA<\/h2>\n<div id=\"single-gallery-da2b9be8\" class=\"single-gallery row p-0 m-0 g-2\">\n                    <div class=\"single-gallery-da2b9be8-item single-gallery-item\" data-bs-toggle=\"modal\" data-bs-target=\"#single-gallery-da2b9be8-modal\" data-slide-index=\"0\">\n                        <img decoding=\"async\" src=\"https:\/\/takbrzmimiasto.pl\/wp-content\/uploads\/2021\/10\/10_tanka-800x800.png\" alt=\"Zdj\u0119cie #0 galerii zdj\u0119\u0107\">\n                    <\/div>\n                    <div class=\"single-gallery-da2b9be8-item single-gallery-item\" data-bs-toggle=\"modal\" data-bs-target=\"#single-gallery-da2b9be8-modal\" data-slide-index=\"1\">\n                        <img decoding=\"async\" src=\"https:\/\/takbrzmimiasto.pl\/wp-content\/uploads\/2021\/10\/06_lights-800x800.png\" alt=\"Zdj\u0119cie #1 galerii zdj\u0119\u0107\">\n                    <\/div>\n                    <div class=\"single-gallery-da2b9be8-item single-gallery-item\" data-bs-toggle=\"modal\" data-bs-target=\"#single-gallery-da2b9be8-modal\" data-slide-index=\"2\">\n                        <img decoding=\"async\" src=\"https:\/\/takbrzmimiasto.pl\/wp-content\/uploads\/2021\/10\/01_aleph-800x800.png\" alt=\"Zdj\u0119cie #2 galerii zdj\u0119\u0107\">\n                    <\/div><\/div>\n            <div class=\"modal fade single-gallery-modal\" id=\"single-gallery-da2b9be8-modal\" tabindex=\"-1\" aria-labelledby=\"single-gallery-da2b9be8-modal\" aria-hidden=\"true\">\n                <div class=\"modal-dialog modal-dialog-centered modal-lg\" role=\"document\">\n                    <div class=\"modal-content position-relative border-0\">\n                        \n                        <button type=\"button\" class=\"btn-close ms-auto position-absolute top-0 end-0 p-3\" data-bs-dismiss=\"modal\" aria-label=\"Close\"><\/button>\n                \n                        <div class=\"row single-gallery-slider-container\">\n                            <div class=\"col-12\">\n                                <div id=\"single-gallery-da2b9be8-slider\" class=\"w-100 swiper\">\n                                    <div class=\"swiper-wrapper\">            \n        \n                                        <div class=\"swiper-slide\">\n                                            <img decoding=\"async\" class=\"\" src=\"https:\/\/takbrzmimiasto.pl\/wp-content\/uploads\/2021\/10\/10_tanka.png\" alt=\"Zdj\u0119cie #0 galerii zdj\u0119\u0107\">\n                                        <\/div>\n            \n                                        <div class=\"swiper-slide\">\n                                            <img decoding=\"async\" class=\"\" src=\"https:\/\/takbrzmimiasto.pl\/wp-content\/uploads\/2021\/10\/06_lights.png\" alt=\"Zdj\u0119cie #1 galerii zdj\u0119\u0107\">\n                                        <\/div>\n            \n                                        <div class=\"swiper-slide\">\n                                            <img decoding=\"async\" class=\"\" src=\"https:\/\/takbrzmimiasto.pl\/wp-content\/uploads\/2021\/10\/01_aleph.png\" alt=\"Zdj\u0119cie #2 galerii zdj\u0119\u0107\">\n                                        <\/div>\n            \n                                    <\/div>\n                                <\/div>\n                                <div id=\"single-gallery-da2b9be8-slider-prev\" class=\"swiper-button-prev\"><\/div>\n                                <div id=\"single-gallery-da2b9be8-slider-next\" class=\"swiper-button-next\"><\/div>\n                                <div id=\"single-gallery-da2b9be8-slider-pagination\" class=\"swiper-pagination\"><\/div>\n                            <\/div>\n                        <\/div>\n                    <\/div>\n                <\/div>\n            <\/div>\n            \n<p>Ta\u0144ka Szafraniec \u2013 wokalistka, songwritterka, KOBIETA. Dla jednych ostoja spokoju, dla innych cisza przed burz\u0105 i kolorowy ptak. Muzyk\u0119 nazywa wolno\u015bci\u0105, traktuje j\u0105 jako spos\u00f3b na wyra\u017cenie prawdy i emocji, jako swoj\u0105 przestrze\u0144. Przez lata pracowa\u0142a jako ch\u00f3rek z gwiazdami polskiej sceny, a swoje piosenki pisa\u0142a do szuflady. W 2020 roku zadebiutowa\u0142a singlem <em>Teraz i tu<\/em>, a id\u0105c za ciosem w 2021 r. wyda\u0142a kolejne single, prezentuj\u0105c barwne ods\u0142ony muzyczne od rock&#8217;n&#8217;rolla po synthowe brzmienia popu lat 80&#8242;.\u00a0 Niedawno ukaza\u0142 si\u0119 jej debiutancki album,\u00a0<em>Mozaika.<\/em><\/p>\n<p>The Great White Lights \u2013 zesp\u00f3\u0142, w kt\u00f3rego sk\u0142ad wchodzi czterech wroc\u0142awian poruszaj\u0105cych si\u0119 w obr\u0119bie wsp\u00f3\u0142czesnej muzyki gitarowej. Na swoim koncie maj\u0105 debiutancki album <em>The Great White Lights<\/em> z 2019 roku. Pochodz\u0105cy z niego singiel, <em>Come Again<\/em>, znalaz\u0142 si\u0119 na sk\u0142adance Radiowej Czw\u00f3rki, <em>B\u0119dzie G\u0142o\u015bno vol. 2<\/em>. W ci\u0105gu swojej kariery wyst\u0105pili u boku takich zespo\u0142\u00f3w jak New Model Army, Muchy, Hurt czy Sidney Polak. Aktualnie pracuj\u0105 nad swoj\u0105 drug\u0105 p\u0142yt\u0105 (planowana premiera: I kwarta\u0142 2022).<\/p>\n<p>Aleph \u2013 za\u0142oga sopockich pirat\u00f3w, przemierzaj\u0105ca glob od ok. 2014. Po\u0142amane rytmy, psychodeliczne przestrzenie i grunge&#8217;owa dosadno\u015b\u0107. Introspektywny trip dla uwa\u017cnych. aleph promuje obecnie tegoroczny album pt. <em>Kairos<\/em>.<\/p>\n<p>&nbsp;<\/p>\n<p>\n    <span id=\"arrow-link-f378d91d\" class=\"d-inline-block\">\n        <a href=\"https:\/\/takbrzmimiasto.pl\/konferencja-2021\/\" class=\"arrow-link underline\">\n            <span class=\"arrow-link_text\">Wi\u0119cej o konferencji, go\u015bciach i koncertach oraz godziny wyst\u0119p\u00f3w<\/span>\n            <span class=\"arrow-link_icon\">\n                <i class=\"fa-solid fa-arrow-right\"><\/i><i class=\"fa-solid fa-arrow-right\"><\/i>\n            <\/span>\n        <\/a>\n    <\/span>\n    <br \/>\n\n    <span id=\"arrow-link-a4896880\" class=\"d-inline-block\">\n        <a href=\"https:\/\/takbrzmimiasto.pl\/sklep\/\" class=\"arrow-link underline\">\n            <span class=\"arrow-link_text\">Karnety na konferencj\u0119 i na same koncerty<\/span>\n            <span class=\"arrow-link_icon\">\n                <i class=\"fa-solid fa-arrow-right\"><\/i><i class=\"fa-solid fa-arrow-right\"><\/i>\n            <\/span>\n        <\/a>\n    <\/span>\n    <\/p>\n","protected":false},"excerpt":{"rendered":"<p>Baza, Hevre i Alchemia \u2013 te trzy krakowskie przestrzenie muzyczne wype\u0142ni 13 listopada muzyka dwunastki artyst\u00f3w i artystek! W ramach Tak Brzmi Miasto Konferencja, jak co roku, zapraszamy Was na showcase&#8217;y. Prezentujemy zespo\u0142y, kt\u00f3re poznajemy lepiej dzi\u0119ki naszym inicjatywom. Przedstawiamy sk\u0142ady, kt\u00f3re wschodz\u0105 w pi\u0119knym stylu. &nbsp; HEVRE Roman Wr\u00f3blewski \u2013 tr\u00f3jmiejski pianista, kompozytor, od [&hellip;]<\/p>\n","protected":false},"author":60,"featured_media":7830,"comment_status":"open","ping_status":"open","sticky":false,"template":"","format":"standard","meta":{"inline_featured_image":false,"footnotes":""},"categories":[308],"tags":[],"class_list":["post-7836","post","type-post","status-publish","format-standard","has-post-thumbnail","hentry","category-aktualnosci"],"acf":[],"yoast_head":"<!-- This site is optimized with the Yoast SEO plugin v19.7.1 - https:\/\/yoast.com\/wordpress\/plugins\/seo\/ -->\n<title>Ludzie! Tak brzmi\u0105 Showcase&#039;y. Dostatnia w koncerty sobota w Krakowie - Tak Brzmi Miasto<\/title>\n<meta name=\"robots\" content=\"index, follow, max-snippet:-1, max-image-preview:large, max-video-preview:-1\" \/>\n<link rel=\"canonical\" href=\"https:\/\/takbrzmimiasto.pl\/en\/ludzie-tak-brzmia-showcasey-dostatnia-w-koncerty-sobota-w-krakowie\/\" \/>\n<meta property=\"og:locale\" content=\"en_US\" \/>\n<meta property=\"og:type\" content=\"article\" \/>\n<meta property=\"og:title\" content=\"Ludzie! Tak brzmi\u0105 Showcase&#039;y. Dostatnia w koncerty sobota w Krakowie - Tak Brzmi Miasto\" \/>\n<meta property=\"og:description\" content=\"Baza, Hevre i Alchemia \u2013 te trzy krakowskie przestrzenie muzyczne wype\u0142ni 13 listopada muzyka dwunastki artyst\u00f3w i artystek! W ramach Tak Brzmi Miasto Konferencja, jak co roku, zapraszamy Was na showcase&#8217;y. Prezentujemy zespo\u0142y, kt\u00f3re poznajemy lepiej dzi\u0119ki naszym inicjatywom. Przedstawiamy sk\u0142ady, kt\u00f3re wschodz\u0105 w pi\u0119knym stylu. &nbsp; HEVRE Roman Wr\u00f3blewski \u2013 tr\u00f3jmiejski pianista, kompozytor, od [&hellip;]\" \/>\n<meta property=\"og:url\" content=\"https:\/\/takbrzmimiasto.pl\/en\/ludzie-tak-brzmia-showcasey-dostatnia-w-koncerty-sobota-w-krakowie\/\" \/>\n<meta property=\"og:site_name\" content=\"Tak Brzmi Miasto\" \/>\n<meta property=\"article:published_time\" content=\"2021-10-20T16:46:36+00:00\" \/>\n<meta property=\"article:modified_time\" content=\"2022-09-23T13:45:02+00:00\" \/>\n<meta property=\"og:image\" content=\"https:\/\/takbrzmimiasto.pl\/wp-content\/uploads\/2021\/09\/ld.jpg\" \/>\n\t<meta property=\"og:image:width\" content=\"1920\" \/>\n\t<meta property=\"og:image:height\" content=\"1080\" \/>\n\t<meta property=\"og:image:type\" content=\"image\/jpeg\" \/>\n<meta name=\"author\" content=\"Ewelina Krawczyk\" \/>\n<meta name=\"twitter:card\" content=\"summary_large_image\" \/>\n<meta name=\"twitter:label1\" content=\"Written by\" \/>\n\t<meta name=\"twitter:data1\" content=\"Ewelina Krawczyk\" \/>\n\t<meta name=\"twitter:label2\" content=\"Est. reading time\" \/>\n\t<meta name=\"twitter:data2\" content=\"3 minutes\" \/>\n<script type=\"application\/ld+json\" class=\"yoast-schema-graph\">{\"@context\":\"https:\/\/schema.org\",\"@graph\":[{\"@type\":\"Article\",\"@id\":\"https:\/\/takbrzmimiasto.pl\/en\/ludzie-tak-brzmia-showcasey-dostatnia-w-koncerty-sobota-w-krakowie\/#article\",\"isPartOf\":{\"@id\":\"https:\/\/takbrzmimiasto.pl\/en\/ludzie-tak-brzmia-showcasey-dostatnia-w-koncerty-sobota-w-krakowie\/\"},\"author\":{\"name\":\"Ewelina Krawczyk\",\"@id\":\"https:\/\/takbrzmimiasto.pl\/#\/schema\/person\/1c946f5380dc2c5faa442dcd9665f577\"},\"headline\":\"Ludzie! Tak brzmi\u0105 Showcase&#8217;y. Dostatnia w koncerty sobota w Krakowie\",\"datePublished\":\"2021-10-20T16:46:36+00:00\",\"dateModified\":\"2022-09-23T13:45:02+00:00\",\"mainEntityOfPage\":{\"@id\":\"https:\/\/takbrzmimiasto.pl\/en\/ludzie-tak-brzmia-showcasey-dostatnia-w-koncerty-sobota-w-krakowie\/\"},\"wordCount\":815,\"commentCount\":0,\"publisher\":{\"@id\":\"https:\/\/takbrzmimiasto.pl\/#organization\"},\"articleSection\":[\"Aktualno\u015bci\"],\"inLanguage\":\"en-US\",\"potentialAction\":[{\"@type\":\"CommentAction\",\"name\":\"Comment\",\"target\":[\"https:\/\/takbrzmimiasto.pl\/en\/ludzie-tak-brzmia-showcasey-dostatnia-w-koncerty-sobota-w-krakowie\/#respond\"]}]},{\"@type\":\"WebPage\",\"@id\":\"https:\/\/takbrzmimiasto.pl\/en\/ludzie-tak-brzmia-showcasey-dostatnia-w-koncerty-sobota-w-krakowie\/\",\"url\":\"https:\/\/takbrzmimiasto.pl\/en\/ludzie-tak-brzmia-showcasey-dostatnia-w-koncerty-sobota-w-krakowie\/\",\"name\":\"Ludzie! Tak brzmi\u0105 Showcase'y. Dostatnia w koncerty sobota w Krakowie - Tak Brzmi Miasto\",\"isPartOf\":{\"@id\":\"https:\/\/takbrzmimiasto.pl\/#website\"},\"datePublished\":\"2021-10-20T16:46:36+00:00\",\"dateModified\":\"2022-09-23T13:45:02+00:00\",\"breadcrumb\":{\"@id\":\"https:\/\/takbrzmimiasto.pl\/en\/ludzie-tak-brzmia-showcasey-dostatnia-w-koncerty-sobota-w-krakowie\/#breadcrumb\"},\"inLanguage\":\"en-US\",\"potentialAction\":[{\"@type\":\"ReadAction\",\"target\":[\"https:\/\/takbrzmimiasto.pl\/en\/ludzie-tak-brzmia-showcasey-dostatnia-w-koncerty-sobota-w-krakowie\/\"]}]},{\"@type\":\"BreadcrumbList\",\"@id\":\"https:\/\/takbrzmimiasto.pl\/en\/ludzie-tak-brzmia-showcasey-dostatnia-w-koncerty-sobota-w-krakowie\/#breadcrumb\",\"itemListElement\":[{\"@type\":\"ListItem\",\"position\":1,\"name\":\"Strona g\u0142\u00f3wna\",\"item\":\"https:\/\/takbrzmimiasto.pl\/en\/\"},{\"@type\":\"ListItem\",\"position\":2,\"name\":\"Ludzie! Tak brzmi\u0105 Showcase&#8217;y. Dostatnia w koncerty sobota w Krakowie\"}]},{\"@type\":\"WebSite\",\"@id\":\"https:\/\/takbrzmimiasto.pl\/#website\",\"url\":\"https:\/\/takbrzmimiasto.pl\/\",\"name\":\"Tak Brzmi Miasto\",\"description\":\"Tak Brzmi Miasto to konferencja, festiwal, inkubator dla mened\u017cer\u00f3w i akademia\",\"publisher\":{\"@id\":\"https:\/\/takbrzmimiasto.pl\/#organization\"},\"potentialAction\":[{\"@type\":\"SearchAction\",\"target\":{\"@type\":\"EntryPoint\",\"urlTemplate\":\"https:\/\/takbrzmimiasto.pl\/?s={search_term_string}\"},\"query-input\":\"required name=search_term_string\"}],\"inLanguage\":\"en-US\"},{\"@type\":\"Organization\",\"@id\":\"https:\/\/takbrzmimiasto.pl\/#organization\",\"name\":\"Tak Brzmi Miasto\",\"url\":\"https:\/\/takbrzmimiasto.pl\/\",\"sameAs\":[],\"logo\":{\"@type\":\"ImageObject\",\"inLanguage\":\"en-US\",\"@id\":\"https:\/\/takbrzmimiasto.pl\/#\/schema\/logo\/image\/\",\"url\":\"https:\/\/takbrzmimiasto.pl\/wp-content\/uploads\/2021\/04\/www_miniatura_bezmenu.jpg\",\"contentUrl\":\"https:\/\/takbrzmimiasto.pl\/wp-content\/uploads\/2021\/04\/www_miniatura_bezmenu.jpg\",\"width\":1920,\"height\":1080,\"caption\":\"Tak Brzmi Miasto\"},\"image\":{\"@id\":\"https:\/\/takbrzmimiasto.pl\/#\/schema\/logo\/image\/\"}},{\"@type\":\"Person\",\"@id\":\"https:\/\/takbrzmimiasto.pl\/#\/schema\/person\/1c946f5380dc2c5faa442dcd9665f577\",\"name\":\"Ewelina Krawczyk\",\"image\":{\"@type\":\"ImageObject\",\"inLanguage\":\"en-US\",\"@id\":\"https:\/\/takbrzmimiasto.pl\/#\/schema\/person\/image\/\",\"url\":\"https:\/\/secure.gravatar.com\/avatar\/03e1748f22765fb67ad17a1be9f9214e?s=96&d=mm&r=g\",\"contentUrl\":\"https:\/\/secure.gravatar.com\/avatar\/03e1748f22765fb67ad17a1be9f9214e?s=96&d=mm&r=g\",\"caption\":\"Ewelina Krawczyk\"},\"description\":\"Organizatorka, promotorka i mened\u017cerka kultury. Dyrektorka Festiwalu Wschody promuj\u0105cego now\u0105 muzyk\u0119 artystyczn\u0105. Dotychczas m.in. specjalistka ds. promocji w Wydawnictwie Znak, dziennikarka w Polska Press, wsp\u00f3\u0142prowadz\u0105ca projekty rekrutacyjne i kreatywne. Z wykszta\u0142cenia psycholo\u017cka, prowadzi\u0142a zaj\u0119cia m.in. z psychologii osobowo\u015bci i tw\u00f3rczo\u015bci. Tworzy swoj\u0105 jednoosobow\u0105 agencj\u0119 kreatywn\u0105, Si\u0119 tworzy - promocyjny pomost mi\u0119dzy tw\u00f3rcami a reszt\u0105 \u015bwiata.\",\"url\":\"https:\/\/takbrzmimiasto.pl\/en\/author\/ewelina-krawczyk\/\"}]}<\/script>\n<!-- \/ Yoast SEO plugin. -->","yoast_head_json":{"title":"Ludzie! Tak brzmi\u0105 Showcase'y. Dostatnia w koncerty sobota w Krakowie - Tak Brzmi Miasto","robots":{"index":"index","follow":"follow","max-snippet":"max-snippet:-1","max-image-preview":"max-image-preview:large","max-video-preview":"max-video-preview:-1"},"canonical":"https:\/\/takbrzmimiasto.pl\/en\/ludzie-tak-brzmia-showcasey-dostatnia-w-koncerty-sobota-w-krakowie\/","og_locale":"en_US","og_type":"article","og_title":"Ludzie! Tak brzmi\u0105 Showcase'y. Dostatnia w koncerty sobota w Krakowie - Tak Brzmi Miasto","og_description":"Baza, Hevre i Alchemia \u2013 te trzy krakowskie przestrzenie muzyczne wype\u0142ni 13 listopada muzyka dwunastki artyst\u00f3w i artystek! W ramach Tak Brzmi Miasto Konferencja, jak co roku, zapraszamy Was na showcase&#8217;y. Prezentujemy zespo\u0142y, kt\u00f3re poznajemy lepiej dzi\u0119ki naszym inicjatywom. Przedstawiamy sk\u0142ady, kt\u00f3re wschodz\u0105 w pi\u0119knym stylu. &nbsp; HEVRE Roman Wr\u00f3blewski \u2013 tr\u00f3jmiejski pianista, kompozytor, od [&hellip;]","og_url":"https:\/\/takbrzmimiasto.pl\/en\/ludzie-tak-brzmia-showcasey-dostatnia-w-koncerty-sobota-w-krakowie\/","og_site_name":"Tak Brzmi Miasto","article_published_time":"2021-10-20T16:46:36+00:00","article_modified_time":"2022-09-23T13:45:02+00:00","og_image":[{"width":1920,"height":1080,"url":"https:\/\/takbrzmimiasto.pl\/wp-content\/uploads\/2021\/09\/ld.jpg","type":"image\/jpeg"}],"author":"Ewelina Krawczyk","twitter_card":"summary_large_image","twitter_misc":{"Written by":"Ewelina Krawczyk","Est. reading time":"3 minutes"},"schema":{"@context":"https:\/\/schema.org","@graph":[{"@type":"Article","@id":"https:\/\/takbrzmimiasto.pl\/en\/ludzie-tak-brzmia-showcasey-dostatnia-w-koncerty-sobota-w-krakowie\/#article","isPartOf":{"@id":"https:\/\/takbrzmimiasto.pl\/en\/ludzie-tak-brzmia-showcasey-dostatnia-w-koncerty-sobota-w-krakowie\/"},"author":{"name":"Ewelina Krawczyk","@id":"https:\/\/takbrzmimiasto.pl\/#\/schema\/person\/1c946f5380dc2c5faa442dcd9665f577"},"headline":"Ludzie! Tak brzmi\u0105 Showcase&#8217;y. Dostatnia w koncerty sobota w Krakowie","datePublished":"2021-10-20T16:46:36+00:00","dateModified":"2022-09-23T13:45:02+00:00","mainEntityOfPage":{"@id":"https:\/\/takbrzmimiasto.pl\/en\/ludzie-tak-brzmia-showcasey-dostatnia-w-koncerty-sobota-w-krakowie\/"},"wordCount":815,"commentCount":0,"publisher":{"@id":"https:\/\/takbrzmimiasto.pl\/#organization"},"articleSection":["Aktualno\u015bci"],"inLanguage":"en-US","potentialAction":[{"@type":"CommentAction","name":"Comment","target":["https:\/\/takbrzmimiasto.pl\/en\/ludzie-tak-brzmia-showcasey-dostatnia-w-koncerty-sobota-w-krakowie\/#respond"]}]},{"@type":"WebPage","@id":"https:\/\/takbrzmimiasto.pl\/en\/ludzie-tak-brzmia-showcasey-dostatnia-w-koncerty-sobota-w-krakowie\/","url":"https:\/\/takbrzmimiasto.pl\/en\/ludzie-tak-brzmia-showcasey-dostatnia-w-koncerty-sobota-w-krakowie\/","name":"Ludzie! Tak brzmi\u0105 Showcase'y. Dostatnia w koncerty sobota w Krakowie - Tak Brzmi Miasto","isPartOf":{"@id":"https:\/\/takbrzmimiasto.pl\/#website"},"datePublished":"2021-10-20T16:46:36+00:00","dateModified":"2022-09-23T13:45:02+00:00","breadcrumb":{"@id":"https:\/\/takbrzmimiasto.pl\/en\/ludzie-tak-brzmia-showcasey-dostatnia-w-koncerty-sobota-w-krakowie\/#breadcrumb"},"inLanguage":"en-US","potentialAction":[{"@type":"ReadAction","target":["https:\/\/takbrzmimiasto.pl\/en\/ludzie-tak-brzmia-showcasey-dostatnia-w-koncerty-sobota-w-krakowie\/"]}]},{"@type":"BreadcrumbList","@id":"https:\/\/takbrzmimiasto.pl\/en\/ludzie-tak-brzmia-showcasey-dostatnia-w-koncerty-sobota-w-krakowie\/#breadcrumb","itemListElement":[{"@type":"ListItem","position":1,"name":"Strona g\u0142\u00f3wna","item":"https:\/\/takbrzmimiasto.pl\/en\/"},{"@type":"ListItem","position":2,"name":"Ludzie! Tak brzmi\u0105 Showcase&#8217;y. Dostatnia w koncerty sobota w Krakowie"}]},{"@type":"WebSite","@id":"https:\/\/takbrzmimiasto.pl\/#website","url":"https:\/\/takbrzmimiasto.pl\/","name":"Tak Brzmi Miasto","description":"Tak Brzmi Miasto to konferencja, festiwal, inkubator dla mened\u017cer\u00f3w i akademia","publisher":{"@id":"https:\/\/takbrzmimiasto.pl\/#organization"},"potentialAction":[{"@type":"SearchAction","target":{"@type":"EntryPoint","urlTemplate":"https:\/\/takbrzmimiasto.pl\/?s={search_term_string}"},"query-input":"required name=search_term_string"}],"inLanguage":"en-US"},{"@type":"Organization","@id":"https:\/\/takbrzmimiasto.pl\/#organization","name":"Tak Brzmi Miasto","url":"https:\/\/takbrzmimiasto.pl\/","sameAs":[],"logo":{"@type":"ImageObject","inLanguage":"en-US","@id":"https:\/\/takbrzmimiasto.pl\/#\/schema\/logo\/image\/","url":"https:\/\/takbrzmimiasto.pl\/wp-content\/uploads\/2021\/04\/www_miniatura_bezmenu.jpg","contentUrl":"https:\/\/takbrzmimiasto.pl\/wp-content\/uploads\/2021\/04\/www_miniatura_bezmenu.jpg","width":1920,"height":1080,"caption":"Tak Brzmi Miasto"},"image":{"@id":"https:\/\/takbrzmimiasto.pl\/#\/schema\/logo\/image\/"}},{"@type":"Person","@id":"https:\/\/takbrzmimiasto.pl\/#\/schema\/person\/1c946f5380dc2c5faa442dcd9665f577","name":"Ewelina Krawczyk","image":{"@type":"ImageObject","inLanguage":"en-US","@id":"https:\/\/takbrzmimiasto.pl\/#\/schema\/person\/image\/","url":"https:\/\/secure.gravatar.com\/avatar\/03e1748f22765fb67ad17a1be9f9214e?s=96&d=mm&r=g","contentUrl":"https:\/\/secure.gravatar.com\/avatar\/03e1748f22765fb67ad17a1be9f9214e?s=96&d=mm&r=g","caption":"Ewelina Krawczyk"},"description":"Organizatorka, promotorka i mened\u017cerka kultury. Dyrektorka Festiwalu Wschody promuj\u0105cego now\u0105 muzyk\u0119 artystyczn\u0105. Dotychczas m.in. specjalistka ds. promocji w Wydawnictwie Znak, dziennikarka w Polska Press, wsp\u00f3\u0142prowadz\u0105ca projekty rekrutacyjne i kreatywne. Z wykszta\u0142cenia psycholo\u017cka, prowadzi\u0142a zaj\u0119cia m.in. z psychologii osobowo\u015bci i tw\u00f3rczo\u015bci. Tworzy swoj\u0105 jednoosobow\u0105 agencj\u0119 kreatywn\u0105, Si\u0119 tworzy - promocyjny pomost mi\u0119dzy tw\u00f3rcami a reszt\u0105 \u015bwiata.","url":"https:\/\/takbrzmimiasto.pl\/en\/author\/ewelina-krawczyk\/"}]}},"_links":{"self":[{"href":"https:\/\/takbrzmimiasto.pl\/en\/wp-json\/wp\/v2\/posts\/7836\/"}],"collection":[{"href":"https:\/\/takbrzmimiasto.pl\/en\/wp-json\/wp\/v2\/posts\/"}],"about":[{"href":"https:\/\/takbrzmimiasto.pl\/en\/wp-json\/wp\/v2\/types\/post\/"}],"author":[{"embeddable":true,"href":"https:\/\/takbrzmimiasto.pl\/en\/wp-json\/wp\/v2\/users\/60\/"}],"replies":[{"embeddable":true,"href":"https:\/\/takbrzmimiasto.pl\/en\/wp-json\/wp\/v2\/comments\/?post=7836"}],"version-history":[{"count":10,"href":"https:\/\/takbrzmimiasto.pl\/en\/wp-json\/wp\/v2\/posts\/7836\/revisions\/"}],"predecessor-version":[{"id":15353,"href":"https:\/\/takbrzmimiasto.pl\/en\/wp-json\/wp\/v2\/posts\/7836\/revisions\/15353\/"}],"wp:featuredmedia":[{"embeddable":true,"href":"https:\/\/takbrzmimiasto.pl\/en\/wp-json\/wp\/v2\/media\/7830\/"}],"wp:attachment":[{"href":"https:\/\/takbrzmimiasto.pl\/en\/wp-json\/wp\/v2\/media\/?parent=7836"}],"wp:term":[{"taxonomy":"category","embeddable":true,"href":"https:\/\/takbrzmimiasto.pl\/en\/wp-json\/wp\/v2\/categories\/?post=7836"},{"taxonomy":"post_tag","embeddable":true,"href":"https:\/\/takbrzmimiasto.pl\/en\/wp-json\/wp\/v2\/tags\/?post=7836"}],"curies":[{"name":"wp","href":"https:\/\/api.w.org\/{rel}","templated":true}]}}