{"id":8499,"date":"2021-11-08T19:28:14","date_gmt":"2021-11-08T18:28:14","guid":{"rendered":"https:\/\/takbrzmimiasto.pl\/?p=8499"},"modified":"2022-04-15T11:42:54","modified_gmt":"2022-04-15T09:42:54","slug":"kwiat-jabloni-o-relacjach-z-przyjaciolmi-i-sluchaczami-o-tworzeniu-i-wspolpracy-o-ludziach-i-zwierzetach","status":"publish","type":"post","link":"https:\/\/takbrzmimiasto.pl\/en\/kwiat-jabloni-o-relacjach-z-przyjaciolmi-i-sluchaczami-o-tworzeniu-i-wspolpracy-o-ludziach-i-zwierzetach\/","title":{"rendered":"Kwiat Jab\u0142oni o ludziach i relacjach. Wywiad z Kasi\u0105 i Jackiem Sienkiewiczami"},"content":{"rendered":"<p><b>Z Kasi\u0105 i Jackiem z zespo\u0142u Kwiat Jab\u0142oni rozmawia Ada Ku\u0107mierz<\/b><\/p>\n<p>&nbsp;<\/p>\n<p><b>Jeste\u015bcie ekstrawertykami czy introwertykami? A mo\u017ce ambiwertykami?<\/b><\/p>\n<p><b>Kasia Sienkiewicz<\/b>: Ja zdecydowanie jestem ekstrawertykiem. Najlepiej czuj\u0119 si\u0119 w\u015br\u00f3d ludzi. Od kilku lat wynajmuj\u0119 pok\u00f3j w miejscu, gdzie mieszkaj\u0105 te\u017c inne osoby, konkretnie dwie wspania\u0142e skrzypaczki. Dziewczyny maj\u0105 ten sam rozmiar ubra\u0144, wi\u0119c cz\u0119sto po\u017cyczamy sobie rzeczy, wszystko nale\u017cy do wszystkich. Czuj\u0119 si\u0119 doskonale wracaj\u0105c\u00a0 do domu, w kt\u00f3rym kto\u015b zawsze jest. Mamy sporo go\u015bci i du\u017co si\u0119 dzieje. To samo mam w pracy \u2013 otacza mnie wiele os\u00f3b, niemal\u017ce codziennie poznaj\u0119 kogo\u015b nowego. Taki tryb \u017cycia jest idealny dla mojego typu osobowo\u015bci, bo dzi\u0119ki temu si\u0119 uspokajam.<\/p>\n<p><b>Jacek Sienkiewicz<\/b>: Ja jestem dosy\u0107 introwertyczny. Czuje si\u0119 dobrze sam, mieszkam sam i bardzo mi to odpowiada. Cho\u0107 m\u00f3g\u0142bym te\u017c si\u0119 opisa\u0107 jako ambiwertyk, bo bardzo lubi\u0119 ludzi, ch\u0119tnie przed nimi wyst\u0119puj\u0119 i rozmawiam z nimi, ale potrzebuj\u0119 poby\u0107 czasem w samotno\u015bci, \u017ceby si\u0119 zrelaksowa\u0107 i zebra\u0107 my\u015bli. Podczas pandemii brakowa\u0142o mi kontaktu z widzami i dopiero jak wr\u00f3cili\u015bmy do grania koncert\u00f3w na \u017cywo, poczu\u0142em, \u017ce ludzie wok\u00f3\u0142 nas s\u0105 naprawd\u0119 niezb\u0119dni i to dla nich jest ca\u0142a nasza muzyka!<\/p>\n<p>&nbsp;<\/p>\n<p><b>Nawi\u0105zuj\u0105c do pandemii: jaka jest dla was r\u00f3\u017cnica pomi\u0119dzy graniem na \u017cywo \u2013 kiedy widzicie reakcje widz\u00f3w, ich wyraz twarzy, s\u0142yszycie jak z wami \u015bpiewaj\u0105 \u2013 a koncertem online \u2013 kiedy komunikatem jaki otrzymujecie od widza s\u0105 emotikony i komentarze?<\/b><\/p>\n<p><b>JS<\/b>: Dla mnie g\u0142\u00f3wn\u0105 r\u00f3\u017cnic\u0105 jest op\u00f3\u017anienie \u2013 dialog z widzami na sali odbywa si\u0119 w czasie rzeczywistym i jest to bardzo naturalne. W internecie po ka\u017cdej naszej wypowiedzi sp\u0142ywaj\u0105 komentarze jeszcze przez dobrych kilka minut i jest to bardzo dziwna forma. Trudno przedni\u0105 zauwa\u017cy\u0107, \u017ce po drugiej stronie jest przecie\u017c \u017cywy cz\u0142owiek.<\/p>\n<p><b>KS:<\/b> Ja mam problem z tym, \u017ce w takich sytuacjach nie widz\u0119 reakcji ludzi i nie s\u0142ysz\u0119 braw, wi\u0119c nie wiem czy widownia dobrze si\u0119 bawi.<\/p>\n<p><b>JS:<\/b> Tak! I wszystkie komunikaty, kt\u00f3re do nas docieraj\u0105 od widz\u00f3w musz\u0105 przej\u015b\u0107 najpierw przez nasz\u0105 wyobra\u017ani\u0119. Widz\u0119 to tak, \u017ce w domach s\u0105 ludzie, odci\u0119ci od nas grubym murem, i trzeba si\u0119 mocno natrudzi\u0107, \u017ceby si\u0119 przez niego przebi\u0107.<\/p>\n<p>&nbsp;<\/p>\n<h2>Jacek: Kasia wyr\u00f3\u017cnia si\u0119 du\u017c\u0105 doz\u0105 empatii. Uwa\u017cam, \u017ce tak og\u00f3lnoludzko jest to raczej rzadka, ale wspania\u0142a cecha.<\/h2>\n<p>&nbsp;<\/p>\n<p><b>Wolicie si\u0119 otacza\u0107 sta\u0142ym gronem wsp\u00f3\u0142pracownik\u00f3w czy poznawa\u0107 nowych ludzi?<\/b><\/p>\n<p><b>KS: <\/b>Mamy sta\u0142e grono wsp\u00f3\u0142pracownik\u00f3w, a to jest bardzo wa\u017cne, bo dzi\u0119ki nim czujemy si\u0119 w trasie koncertowej jak w domu. Je\u015bli w ci\u0105gu tygodnia zmienia si\u0119 miejsce pobytu sze\u015bciokrotnie, to w\u0142a\u015bnie ci ludzie powoduj\u0105, \u017ce czujemy si\u0119 bezpiecznie. Mened\u017cer, realizator d\u017awi\u0119ku, mistrzyni o\u015bwietlenia, oczywi\u015bcie muzycy, ale tak\u017ce osoby pomagaj\u0105ce w sprawach technicznych. To nasi przyjaciele, \u015bwietne osoby. Lubimy natomiast okazjonalnie zaprasza\u0107 do wsp\u00f3\u0142pracy nowych ludzi, do konkretnych projekt\u00f3w. To jest, moim zdaniem, jedna z najwi\u0119kszych rado\u015bci p\u0142yn\u0105cych z bycia muzykiem \u2013 mo\u017cliwo\u015b\u0107 wchodzenia w kreatywne wsp\u00f3\u0142prace. Dzi\u0119ki nim mo\u017cna si\u0119 uczy\u0107, rozwija\u0107, si\u0119ga\u0107 po nowe gatunki i poznawa\u0107 r\u00f3\u017cne sposoby pracy.<\/p>\n<p><b>JS: <\/b>W\u0142a\u015bnie! Zar\u00f3wno sta\u0142e grono wsp\u00f3\u0142pracownik\u00f3w, jak i osoby, z kt\u00f3rymi robimy nowe projekty przynosz\u0105 mi du\u017co rado\u015bci. Wspaniale jest te\u017c zosta\u0107 zapraszanym do wsp\u00f3\u0142pracy, gdzie trzeba si\u0119 dostosowa\u0107 do ustalonych przez kogo\u015b warunk\u00f3w pracy, tak jak ostatnio z Miuoshem. Nagrywaj\u0105c wsp\u00f3lnie jego najnowsz\u0105 p\u0142yt\u0119 mogli\u015bmy si\u0119 du\u017co nauczy\u0107 poprzez przygl\u0105danie si\u0119 ca\u0142emu procesowi jej powstawania. Wielk\u0105 warto\u015bci\u0105 jest wed\u0142ug mnie mo\u017cliwo\u015b\u0107 wyj\u015bcia ze swojej ba\u0144ki muzycznej i odkrywania nowego artystycznego \u015bwiata, kt\u00f3ry zosta\u0142 stworzony przez innego cz\u0142owieka.<\/p>\n<p>&nbsp;<\/p>\n<p><b>Kiedy podejmowali\u015bcie decyzj\u0119 o wsp\u00f3\u0142pracy z artystami, takimi jak Ralph Kami\u0144ski, Julia Pietrucha czy Igo, to zawsze byli\u015bcie zgodni, czy pojawia\u0142y si\u0119 r\u00f3\u017cnice zda\u0144?\u00a0<\/b><\/p>\n<p><b>KS: <\/b>Raczej obydwoje entuzjastycznie reagujemy na wszelkie zaproszenia i zazwyczaj jeste\u015bmy zgodni, co do wyboru os\u00f3b, z kt\u00f3rymi chcieliby\u015bmy wsp\u00f3\u0142pracowa\u0107.<\/p>\n<p><b>JS<\/b>: Wobec tych, z kt\u00f3rymi nawi\u0105zali\u015bmy wsp\u00f3\u0142prac\u0119 nie mieli\u015bmy \u017cadnych w\u0105tpliwo\u015bci. Rozmawiaj\u0105c o <em>Drogach prostych<\/em> oboje mieli\u015bmy w g\u0142owie Juli\u0119 Pietruch\u0119, na spotkanie z Ralphem te\u017c bardzo si\u0119 cieszyli\u015bmy. Podobnie Bela Komoszy\u0144ska czy Igor Herbut pojawili si\u0119 w efekcie naszych decyzji, kt\u00f3re si\u0119 zgra\u0142y w czasie i szcz\u0119\u015bliwie dosz\u0142o do realizacji plan\u00f3w. Zdarza\u0142o si\u0119 r\u00f3wnie\u017c, \u017ce po dyskusjach ostatecznie nie decydowali\u015bmy si\u0119 na dan\u0105 wsp\u00f3\u0142prac\u0119, bo jedno z nas mia\u0142o obiekcje z powod\u00f3w personalnych lub artystycznych.<\/p>\n<p>&nbsp;<\/p>\n<h2>Kasia: Jacek jest pracowity i solidny. Jak si\u0119 go o co\u015b poprosi, to na pewno to zrobi. Dodatkowo jest super zabawny, serdeczny i pogodny, a to jest bardzo wa\u017cne w ludziach.<\/h2>\n<p>&nbsp;<\/p>\n<p><b>Macie wsp\u00f3lnych znajomych czy ka\u017cde obraca si\u0119 w swoim gronie?<\/b><\/p>\n<p><b>KS:<\/b> W wi\u0119kszo\u015bci to te same osoby. Chodzili\u015bmy do tych samych szk\u00f3\u0142, je\u017adzili\u015bmy wsp\u00f3lnie na kolonie, wybrali\u015bmy ten sam uniwersytet, wi\u0119c to dosy\u0107 naturalne, \u017ce grona bliskich nam os\u00f3b si\u0119 zaz\u0119biaj\u0105. Zawsze te\u017c zapraszamy si\u0119 wzajemnie na imprezy, kt\u00f3re organizujemy, wi\u0119c znamy tych samych ludzi.<\/p>\n<p><b>JS:<\/b> To prawda. Kasia bardzo mocno wsi\u0105k\u0142a w towarzystwo z Uniwersytetu Muzycznego i mieszka z dziewczynami z UMFC, a poniewa\u017c ja wci\u0105\u017c tam studiuj\u0119, to znam t\u0119 sam\u0105 grup\u0119 ludzi. Ja natomiast mam swoich przyjaci\u00f3\u0142, do kt\u00f3rych cz\u0119sto si\u0119 wybieram do Piaseczna &#8211; Kasia te\u017c ich zna, ale ja sp\u0119dzam z nimi du\u017co wi\u0119cej czasu.<\/p>\n<p><b>KS<\/b>: Z ciekawo\u015bci, ilu mamy wsp\u00f3lnych znajomych na Facebooku?<\/p>\n<p><b>JS<\/b>: Prawie 500!<\/p>\n<p>&nbsp;<\/p>\n<p><b>Gdyby\u015bcie nie byli rodze\u0144stwem, czy chcieliby\u015bcie ze sob\u0105 wsp\u00f3\u0142pracowa\u0107?<\/b><\/p>\n<p><b>KS<\/b>: O! Nigdy nikt o to nie zapyta\u0142! Musz\u0119 si\u0119 zastanowi\u0107\u2026 My\u015bl\u0119, \u017ce tak. Tak, na pewno!<\/p>\n<p><b>JS<\/b>: To kwestia tego, w jakich okoliczno\u015bciach by\u015bmy si\u0119 poznali. Z Kasi\u0105 zacz\u0119li\u015bmy wsp\u00f3\u0142pracowa\u0107 bardzo wcze\u015bnie, mieli\u015bmy podobne do\u015bwiadczenia, podobne wychowanie muzyczne, troch\u0119 si\u0119 wzajemnie ukszta\u0142towali\u015bmy wykonawczo. Gdyby\u015bmy nie byli rodze\u0144stwem, to byliby\u015bmy kompletnie innymi lud\u017ami.<\/p>\n<p><b>KS<\/b>: Ale zak\u0142adaj\u0105c, \u017ce ty gra\u0142by\u015b na mandolinie, a ja interesowa\u0142abym si\u0119 muzyk\u0105 country, to i tak prawdopodobnie wpadliby\u015bmy na siebie, bo w Polsce niewiele os\u00f3b fascynuje si\u0119 tym gatunkiem i instrumentarium. Opr\u00f3cz tego pasujemy do siebie charakterologicznie. Jacek chocia\u017cby nie ma w sobie cechy, kt\u00f3rej nie znosz\u0119, czyli zdolno\u015bci do obra\u017cania si\u0119. Dzi\u0119ki temu doskonale nam si\u0119 razem pracuje.<\/p>\n<p><b>JS<\/b>: Kasia te\u017c si\u0119 nie obra\u017ca i to jest \u015bwietne.<\/p>\n<p>&nbsp;<\/p>\n<p><b>Jakie jeszcze cechy lubicie w sobie nawzajem?<\/b><\/p>\n<p><b>JS<\/b>: Kasia wyr\u00f3\u017cnia si\u0119 du\u017c\u0105 doz\u0105 empatii. Uwa\u017cam, \u017ce tak og\u00f3lnoludzko jest to raczej rzadka, ale wspania\u0142a cecha.<\/p>\n<p><b>KS<\/b>: Jacek jest pracowity i solidny. Jak si\u0119 go o co\u015b poprosi, to na pewno to zrobi. Dodatkowo jest super zabawny, serdeczny i pogodny, a to jest bardzo wa\u017cne w ludziach.<\/p>\n<p>&nbsp;<\/p>\n<p><b>A jakich cech ch\u0119tnie by\u015bcie si\u0119 pozbyli w tej drugiej osobie?<\/b><\/p>\n<p><b>JS: <\/b>W Kasi nie lubi\u0119 tego, \u017ce przyczepia si\u0119 do drobiazg\u00f3w. Kiedy pracujemy razem nad jakim\u015b materia\u0142em, to Kasia potrafi znale\u017a\u0107 jaki\u015b detal i pracowa\u0107 nad nim do upartego.<\/p>\n<p><b>KS<\/b>: Serio? Nie wiedzia\u0142am, \u017ce ci\u0119 to denerwuje!<\/p>\n<p><b>JS<\/b>: Tak, ty by\u015b chcia\u0142a, \u017ceby pewne rzeczy by\u0142y zawsze takie same, a ja ceni\u0119 w muzyce spontaniczno\u015b\u0107 i to, \u017ceby muzycy mieli swobod\u0119 na scenie.<\/p>\n<p><b>KS<\/b>: Hmm\u2026 faktycznie tak jest i raczej to si\u0119 nie zmieni. To kwestia tego, \u017ce kiedy zale\u017cy mi na jakim\u015b elemencie i chc\u0119 wprowadzi\u0107 zmian\u0119, to potem bez jej wprowadzenia za ka\u017cdym razem, graj\u0105c piosenk\u0119, czu\u0142abym dyskomfort. Ale mog\u0119 nad tym troch\u0119 popracowa\u0107. W Jacku dra\u017cni mnie, \u017ce nie potrafi zareagowa\u0107 emocjonalnie i spontanicznie na dan\u0105 sytuacj\u0119 i dowiaduj\u0119 si\u0119 o tym, co w jakim\u015b kontek\u015bcie poczu\u0142 dopiero d\u0142ugo po fakcie. Przez to czasem nie umiem go rozszyfrowa\u0107 na bie\u017c\u0105co. Jacek jest bardzo stonowany i opanowany, a ja du\u017co bardziej niecierpliwa i lubi\u0119 od razu rozmawia\u0107 o tym, co czuj\u0119.<\/p>\n<p>&nbsp;<\/p>\n<h2>Kasia: Mam ma\u0142o czasu nawet dla siebie i czuj\u0119 si\u0119 zm\u0119czona, przez co nie jestem w stanie wystarczaj\u0105co dobrze pracowa\u0107 nad swoimi emocjami, \u017cebym potem mog\u0142a si\u0119 nimi dzieli\u0107 z bliskimi. Po prostu bywa, \u017ce zbyt ma\u0142o mog\u0119 wnie\u015b\u0107 w relacje, by by\u0142y warto\u015bciowe i dobre&#8230;<\/h2>\n<p>&nbsp;<\/p>\n<p><b>Kiedy obserwujecie siebie, czy widzicie jakie\u015b znacz\u0105ce r\u00f3\u017cnice pomi\u0119dzy zachowaniem w\u015br\u00f3d ludzi, a zachowaniem w domowym zaciszu?<\/b><\/p>\n<p><b>KS<\/b>: Jacek jest zawsze taki sam, cho\u0107 wiem, \u017ce kiedy si\u0119 stresuje, to mniej m\u00f3wi.<\/p>\n<p><b>JS<\/b>: A Kasia m\u00f3wi wi\u0119cej w sytuacji stresuj\u0105cej! Ale nigdy nie zak\u0142ada masek.<\/p>\n<p>&nbsp;<\/p>\n<p><b>Pr\u00f3bowali\u015bcie wcze\u015bniej gra\u0107 w innych zespo\u0142ach, ale dopiero Kwiat Jab\u0142oni tak dobrze si\u0119 sprawdzi\u0142 i zdoby\u0142 popularno\u015b\u0107. Czy to kwestia doboru odpowiednich os\u00f3b do zespo\u0142u czy mo\u017ce innych czynnik\u00f3w?<\/b><\/p>\n<p><b>JS<\/b>: Nie wiem jaka tak naprawd\u0119 jest kolejno\u015b\u0107 zdarze\u0144. Czy najpierw projekt odnosi sukces i wtedy trzeba mie\u0107 u boku odpowiednich ludzi, czy jest mo\u017ce tak, \u017ce sukces powstaje dzi\u0119ki tej wyj\u0105tkowej grupie os\u00f3b, kt\u00f3ra aktualnie ze sob\u0105 wsp\u00f3\u0142pracuje? W naszym przypadku Kwiat Jab\u0142oni zadzia\u0142a\u0142 nie tylko dlatego, \u017ce si\u0119 dobrze bawili\u015bmy, ale tak\u017ce dzi\u0119ki dobraniu znakomitego sk\u0142adu i wsp\u00f3\u0142pracy z wieloma zdolnymi, pe\u0142nymi energii osobami. Mamy \u015bwietnego mened\u017cera, kt\u00f3ry nam wci\u0105\u017c niesamowicie pomaga. Ju\u017c przy pierwszym teledysku pracowali\u015bmy z grup\u0105 przyjaci\u00f3\u0142, profesjonaln\u0105 scenografk\u0105, graficzk\u0105, mamy te\u017c wsparcie w promocji.<\/p>\n<p>Kiedy odnosi si\u0119 sukces komercyjny, to dopiero wida\u0107 jaka masa utalentowanych ludzi wsp\u00f3\u0142tworzy taki projekt.<\/p>\n<p><b>KS<\/b>: Z pewno\u015bci\u0105, kiedy robi si\u0119 wszystko samemu, nie da si\u0119 by\u0107 w pe\u0142ni skupionym na ka\u017cdym dzia\u0142aniu, dlatego uwa\u017cam, \u017ce podzia\u0142 r\u00f3l jest kluczowy. Kiedy\u015b opr\u00f3cz grania pr\u00f3bowali\u015bmy ogarnia\u0107 wszystko sami &#8211; na przyk\u0142ad samodzielnie zawozili\u015bmy siebie i wtedy jeszcze niewielk\u0105 ekip\u0119 os\u00f3b na koncerty. Teraz, kiedy ka\u017cdy ma swoje zadanie, jeste\u015bmy nieco bardziej wypocz\u0119ci, skoncentrowani i wszystko funkcjonuje sprawniej. Od kiedy pracujemy chocia\u017cby z mened\u017cerem czy kierowc\u0105 znacz\u0105co zmieni\u0142a si\u0119 nasza jako\u015b\u0107 \u017cycia, poczucie komfortu wzros\u0142o i mamy mo\u017cliwo\u015b\u0107 pe\u0142nego skupienia si\u0119 przed koncertem.<\/p>\n<p>&nbsp;<\/p>\n<h2>Jacek: (&#8230;) bardzo chcia\u0142bym mie\u0107 czas dla ka\u017cdej osoby i ka\u017cdemu udzieli\u0107 odpowiedzi, ale nie mam tyle siebie samego w sobie, \u017ceby m\u00f3c odpowiednio zareagowa\u0107 na energi\u0119, kt\u00f3ra do mnie sp\u0142ywa od innych.<\/h2>\n<p>&nbsp;<\/p>\n<p><b>Muzyk\u0119 tworzycie dla siebie czy dla innych? Z potrzeby w\u0142asnej duszy czy my\u015bl\u0105c o potrzebach odbiorc\u00f3w?<\/b><\/p>\n<p><b>JS<\/b>: Oczywi\u015bcie chodzi nam tylko o pieni\u0105dze!<\/p>\n<p><b>KS<\/b>: I tu si\u0119 r\u00f3\u017cnimy! Mnie chodzi o s\u0142aw\u0119, a Jackowi o pieni\u0105dze (\u015bmiech).<\/p>\n<p><b>JS<\/b>: Mnie zawsze chodzi o to, \u017ceby co\u015b wyrazi\u0107 \u2013 a czy to si\u0119 komu\u015b spodoba, to ju\u017c jest drugorz\u0119dne. Zale\u017cy mi, \u017ceby Kwiat Jab\u0142oni by\u0142 projektem sp\u00f3jnym, kt\u00f3ry ma swoj\u0105 warto\u015b\u0107. Staram si\u0119, \u017ceby piosenki by\u0142y w jednolitym stylu, a niekoniecznie si\u0119gam po formy eksperymentalne, nie tworz\u0119 dwunastominutowych utwor\u00f3w z du\u017c\u0105 ilo\u015bci\u0105 improwizacji. Tworz\u0119 wi\u0119c dla siebie, ale z my\u015bl\u0105 o odbiorcach.<\/p>\n<p><b>KS<\/b>: Ja tworz\u0119 wtedy, kiedy mnie co\u015b poruszy, jestem szcz\u0119\u015bliwa albo zaskoczona, zadziwiona, smutna \u2013 to musz\u0105 by\u0107 silne emocje. Gromadz\u0119 pomys\u0142y na nowe piosenki, ale pracuj\u0119 nad nimi tylko wtedy, kiedy mam natchnienie i poczuj\u0119 tak\u0105 potrzeb\u0119. Napisali\u015bmy oboje sporo piosenek, a nie wszystkie trafi\u0142y na p\u0142yt\u0119. Znam wielu artyst\u00f3w, kt\u00f3rzy pisz\u0105 w precyzyjnie wyznaczonych momentach, o sta\u0142ych porach, w konkretnym stylu, chodz\u0105 na warsztaty z pisania i robi\u0105 to bardziej mechanicznie. Ja dzia\u0142am inaczej.<\/p>\n<p>&nbsp;<\/p>\n<p>\u201e<b>Czasami nie mam tyle si\u0142y w sobie, by mo\u017cna jej by\u0142o doda\u0107 Tobie. I bywa, \u017ce mam mi\u0142o\u015bci za ma\u0142o, by jeszcze kogo\u015b kocha\u0107 si\u0119 uda\u0142o\u201d \u2013 to fragment jednej z waszych najnowszych piosenek. Czy czujecie czasem, \u017ce jest was za ma\u0142o, \u017ceby m\u00f3c dawa\u0107 co\u015b z siebie?<\/b><\/p>\n<p><b>KS<\/b>: Tak, to akurat s\u0142owa z mojej piosenki <em>Drogi proste<\/em>. Ale my\u015bl\u0119, \u017ce Jacek podobnie odczuwa ten tekst. Czasem czuj\u0119, \u017ce jestem prze\u0142adowana ilo\u015bci\u0105 spotka\u0144, kontakt\u00f3w i rozm\u00f3w. Chocia\u017c, jak wspomina\u0142am, lubi\u0119 kontakt z lud\u017ami, czasami wyczerpuje mi si\u0119 energia i nie jestem w stanie da\u0107 ka\u017cdemu tyle samo uwagi. Mam ma\u0142o czasu nawet dla siebie i czuj\u0119 si\u0119 zm\u0119czona, przez co nie jestem w stanie wystarczaj\u0105co dobrze pracowa\u0107 nad swoimi emocjami, \u017cebym potem mog\u0142a si\u0119 nimi dzieli\u0107 z bliskimi. Po prostu bywa, \u017ce zbyt ma\u0142o mog\u0119 wnie\u015b\u0107 w relacje, by by\u0142y warto\u015bciowe i dobre, bo brakuje mi emocjonalnych zdolno\u015bci. Oczywi\u015bcie nie zawsze. To tylko opis znanego mi stanu.<\/p>\n<p><b>JS<\/b>: Mamy z Kasi\u0105 podobny problem. Zawsze pr\u00f3buj\u0119 zadowoli\u0107 wszystkich ludzi dooko\u0142a, przez co robi si\u0119 ich w moim \u017cyciu coraz wi\u0119cej. Nie zawsze mam czas dla moich przyjaci\u00f3\u0142 i znajomych, a tym bardziej nie jestem w stanie podtrzymywa\u0107 relacji ze wszystkimi osobami, kt\u00f3re do nas pisz\u0105 poprzez media spo\u0142eczno\u015bciowe. Szczeg\u00f3lnie po koncertach wiadomo\u015bci jest tak wiele, \u017ce nie jeste\u015bmy w stanie ich wszystkich przeczyta\u0107, a co dopiero na ka\u017cd\u0105 z nich odpisa\u0107. W takich sytuacjach czuj\u0119, \u017ce bardzo chcia\u0142bym mie\u0107 czas dla ka\u017cdej osoby i ka\u017cdemu udzieli\u0107 odpowiedzi, ale nie mam tyle siebie samego w sobie, \u017ceby m\u00f3c odpowiednio zareagowa\u0107 na energi\u0119, kt\u00f3ra do mnie sp\u0142ywa od innych.<\/p>\n<p>&nbsp;<\/p>\n<p><b>Robili\u015bcie eksperyment spo\u0142eczny w Poznaniu<\/b><b>, podczas kt\u00f3rego siedzieli\u015bcie za szyb\u0105 przy ulicy i rejestrowali\u015bcie reakcje ludzi. Przygotowuj\u0105c si\u0119 do tego wydarzenia, bardziej byli\u015bcie ciekawi reakcji przechodni\u00f3w czy swojej?<\/b><\/p>\n<p><b>JS<\/b>: Ja by\u0142em bardzo ciekaw reakcji przechodni\u00f3w. Mieli\u015bmy zaplanowane jak b\u0119dziemy si\u0119 zachowywa\u0107, ale okaza\u0142o si\u0119, \u017ce ju\u017c po pierwszych minutach patrzenia wzajemnie na siebie nasze reakcje bardzo zaskoczy\u0142y nas samych. Mieli\u015bmy by\u0107 stonowani i zachowywa\u0107 si\u0119 jak pos\u0105gi, a to okaza\u0142o si\u0119 zupe\u0142nie niemo\u017cliwe! Byli\u015bmy bardzo zaskoczeni tym, co ludzie robi\u0105 i tym jak to rezonuje w nas.<\/p>\n<p><b>KS<\/b>: U mnie raczej dominowa\u0142y obawy, a nie ciekawo\u015b\u0107. By\u0142am sceptycznie nastawiona do tego pomys\u0142u i ba\u0142am si\u0119, \u017ce to kompletnie nie wypali. Wydawa\u0142o mi si\u0119, \u017ce Polacy s\u0105 za ma\u0142o spontaniczni i najpewniej ich reakcje nie b\u0119d\u0105 wystarczaj\u0105co ciekawe. A jednak wysz\u0142o naprawd\u0119 fajnie!<\/p>\n<p>&nbsp;<\/p>\n<p><b>Cz\u0119sto m\u00f3wicie o r\u00f3wno\u015bci ludzi i zwierz\u0105t. Czym by\u0142by \u015bwiat, gdyby nie by\u0142o zwierz\u0105t?<\/b><\/p>\n<p><b>JS<\/b>: Koszmar! Co za okropna wizja. Niekt\u00f3rzy z nas \u017cyj\u0105 w takim \u015bwiecie, ale to jest \u015bwiat, w kt\u00f3rym ludzie rezygnuj\u0105 z naturalnych odruch\u00f3w i intuicji. Kiedy przygl\u0105dam si\u0119 zwierz\u0119tom, mam wra\u017cenie, \u017ce s\u0105 w wiecznym stanie medytacji, s\u0105 tu i teraz, okazuj\u0105 zainteresowanie innymi istotami \u017cywymi. A ludzie cz\u0119sto zamykaj\u0105 si\u0119 na tego typu kontakt, ograniczaj\u0105 si\u0119 do sfery j\u0119zyka i nie potrafi\u0105 si\u0119 otworzy\u0107 na wra\u017cliwo\u015b\u0107.<\/p>\n<p><b>KS<\/b>: Mog\u0119 si\u0119 pod tym podpisa\u0107. Uwa\u017cam te\u017c, \u017ce \u015bwiat bez zwierz\u0105t by\u0142by znacznie mniej inspiruj\u0105cy, mniej radosny i zachwycaj\u0105cy. Zwierz\u0119ta s\u0105 elementem natury, kt\u00f3ry potrafi oczarowa\u0107, tak jak zachody i wschody s\u0142o\u0144ca, kt\u00f3re cho\u0107 wydarzaj\u0105 si\u0119 codziennie, to wci\u0105\u017c poruszaj\u0105 nas tak, jak gdyby\u015bmy widzieli po raz pierwszy. Jednocze\u015bnie musz\u0119 z ogromnym smutkiem stwierdzi\u0107, \u017ce bez zwierz\u0105t by\u0142oby na \u015bwiecie znacznie mniej ich cierpienia. Z pewno\u015bci\u0105 dla nich by\u0142oby du\u017co lepiej, gdyby nie istnia\u0142y. Cz\u0142owiek traktuje zwierz\u0119ta w spos\u00f3b najbardziej okrutny z mo\u017cliwych.<\/p>\n<p><b>JS<\/b>: Ale bez nich, nasz \u015bwiat te\u017c by nie istnia\u0142, wi\u0119c i nas by tutaj nie by\u0142o\u2026<\/p>\n","protected":false},"excerpt":{"rendered":"<p>Z Kasi\u0105 i Jackiem z zespo\u0142u Kwiat Jab\u0142oni rozmawia Ada Ku\u0107mierz &nbsp; Jeste\u015bcie ekstrawertykami czy introwertykami? A mo\u017ce ambiwertykami? Kasia Sienkiewicz: Ja zdecydowanie jestem ekstrawertykiem. Najlepiej czuj\u0119 si\u0119 w\u015br\u00f3d ludzi. Od kilku lat wynajmuj\u0119 pok\u00f3j w miejscu, gdzie mieszkaj\u0105 te\u017c inne osoby, konkretnie dwie wspania\u0142e skrzypaczki. Dziewczyny maj\u0105 ten sam rozmiar ubra\u0144, wi\u0119c cz\u0119sto po\u017cyczamy [&hellip;]<\/p>\n","protected":false},"author":39,"featured_media":8500,"comment_status":"open","ping_status":"open","sticky":false,"template":"","format":"standard","meta":{"inline_featured_image":false,"footnotes":""},"categories":[306],"tags":[],"class_list":["post-8499","post","type-post","status-publish","format-standard","has-post-thumbnail","hentry","category-wywiad"],"acf":[],"yoast_head":"<!-- This site is optimized with the Yoast SEO plugin v19.7.1 - https:\/\/yoast.com\/wordpress\/plugins\/seo\/ -->\n<title>Kwiat Jab\u0142oni o ludziach i relacjach. Wywiad z Kasi\u0105 i Jackiem Sienkiewiczami - Tak Brzmi Miasto<\/title>\n<meta name=\"robots\" content=\"index, follow, max-snippet:-1, max-image-preview:large, max-video-preview:-1\" \/>\n<link rel=\"canonical\" href=\"https:\/\/takbrzmimiasto.pl\/en\/kwiat-jabloni-o-relacjach-z-przyjaciolmi-i-sluchaczami-o-tworzeniu-i-wspolpracy-o-ludziach-i-zwierzetach\/\" \/>\n<meta property=\"og:locale\" content=\"en_US\" \/>\n<meta property=\"og:type\" content=\"article\" \/>\n<meta property=\"og:title\" content=\"Kwiat Jab\u0142oni o ludziach i relacjach. Wywiad z Kasi\u0105 i Jackiem Sienkiewiczami - Tak Brzmi Miasto\" \/>\n<meta property=\"og:description\" content=\"Z Kasi\u0105 i Jackiem z zespo\u0142u Kwiat Jab\u0142oni rozmawia Ada Ku\u0107mierz &nbsp; Jeste\u015bcie ekstrawertykami czy introwertykami? A mo\u017ce ambiwertykami? Kasia Sienkiewicz: Ja zdecydowanie jestem ekstrawertykiem. Najlepiej czuj\u0119 si\u0119 w\u015br\u00f3d ludzi. Od kilku lat wynajmuj\u0119 pok\u00f3j w miejscu, gdzie mieszkaj\u0105 te\u017c inne osoby, konkretnie dwie wspania\u0142e skrzypaczki. Dziewczyny maj\u0105 ten sam rozmiar ubra\u0144, wi\u0119c cz\u0119sto po\u017cyczamy [&hellip;]\" \/>\n<meta property=\"og:url\" content=\"https:\/\/takbrzmimiasto.pl\/en\/kwiat-jabloni-o-relacjach-z-przyjaciolmi-i-sluchaczami-o-tworzeniu-i-wspolpracy-o-ludziach-i-zwierzetach\/\" \/>\n<meta property=\"og:site_name\" content=\"Tak Brzmi Miasto\" \/>\n<meta property=\"article:published_time\" content=\"2021-11-08T18:28:14+00:00\" \/>\n<meta property=\"article:modified_time\" content=\"2022-04-15T09:42:54+00:00\" \/>\n<meta property=\"og:image\" content=\"https:\/\/takbrzmimiasto.pl\/wp-content\/uploads\/2021\/11\/kj.jpg\" \/>\n\t<meta property=\"og:image:width\" content=\"1920\" \/>\n\t<meta property=\"og:image:height\" content=\"1080\" \/>\n\t<meta property=\"og:image:type\" content=\"image\/jpeg\" \/>\n<meta name=\"author\" content=\"Adrianna Ku\u0107mierz\" \/>\n<meta name=\"twitter:card\" content=\"summary_large_image\" \/>\n<meta name=\"twitter:label1\" content=\"Written by\" \/>\n\t<meta name=\"twitter:data1\" content=\"Adrianna Ku\u0107mierz\" \/>\n\t<meta name=\"twitter:label2\" content=\"Est. reading time\" \/>\n\t<meta name=\"twitter:data2\" content=\"10 minutes\" \/>\n<script type=\"application\/ld+json\" class=\"yoast-schema-graph\">{\"@context\":\"https:\/\/schema.org\",\"@graph\":[{\"@type\":\"Article\",\"@id\":\"https:\/\/takbrzmimiasto.pl\/en\/kwiat-jabloni-o-relacjach-z-przyjaciolmi-i-sluchaczami-o-tworzeniu-i-wspolpracy-o-ludziach-i-zwierzetach\/#article\",\"isPartOf\":{\"@id\":\"https:\/\/takbrzmimiasto.pl\/en\/kwiat-jabloni-o-relacjach-z-przyjaciolmi-i-sluchaczami-o-tworzeniu-i-wspolpracy-o-ludziach-i-zwierzetach\/\"},\"author\":{\"name\":\"Adrianna Ku\u0107mierz\",\"@id\":\"https:\/\/takbrzmimiasto.pl\/#\/schema\/person\/2dc972a63547f0129144c9bb4aa44d4b\"},\"headline\":\"Kwiat Jab\u0142oni o ludziach i relacjach. Wywiad z Kasi\u0105 i Jackiem Sienkiewiczami\",\"datePublished\":\"2021-11-08T18:28:14+00:00\",\"dateModified\":\"2022-04-15T09:42:54+00:00\",\"mainEntityOfPage\":{\"@id\":\"https:\/\/takbrzmimiasto.pl\/en\/kwiat-jabloni-o-relacjach-z-przyjaciolmi-i-sluchaczami-o-tworzeniu-i-wspolpracy-o-ludziach-i-zwierzetach\/\"},\"wordCount\":2749,\"commentCount\":0,\"publisher\":{\"@id\":\"https:\/\/takbrzmimiasto.pl\/#organization\"},\"articleSection\":[\"Wywiad\"],\"inLanguage\":\"en-US\",\"potentialAction\":[{\"@type\":\"CommentAction\",\"name\":\"Comment\",\"target\":[\"https:\/\/takbrzmimiasto.pl\/en\/kwiat-jabloni-o-relacjach-z-przyjaciolmi-i-sluchaczami-o-tworzeniu-i-wspolpracy-o-ludziach-i-zwierzetach\/#respond\"]}]},{\"@type\":\"WebPage\",\"@id\":\"https:\/\/takbrzmimiasto.pl\/en\/kwiat-jabloni-o-relacjach-z-przyjaciolmi-i-sluchaczami-o-tworzeniu-i-wspolpracy-o-ludziach-i-zwierzetach\/\",\"url\":\"https:\/\/takbrzmimiasto.pl\/en\/kwiat-jabloni-o-relacjach-z-przyjaciolmi-i-sluchaczami-o-tworzeniu-i-wspolpracy-o-ludziach-i-zwierzetach\/\",\"name\":\"Kwiat Jab\u0142oni o ludziach i relacjach. Wywiad z Kasi\u0105 i Jackiem Sienkiewiczami - Tak Brzmi Miasto\",\"isPartOf\":{\"@id\":\"https:\/\/takbrzmimiasto.pl\/#website\"},\"datePublished\":\"2021-11-08T18:28:14+00:00\",\"dateModified\":\"2022-04-15T09:42:54+00:00\",\"breadcrumb\":{\"@id\":\"https:\/\/takbrzmimiasto.pl\/en\/kwiat-jabloni-o-relacjach-z-przyjaciolmi-i-sluchaczami-o-tworzeniu-i-wspolpracy-o-ludziach-i-zwierzetach\/#breadcrumb\"},\"inLanguage\":\"en-US\",\"potentialAction\":[{\"@type\":\"ReadAction\",\"target\":[\"https:\/\/takbrzmimiasto.pl\/en\/kwiat-jabloni-o-relacjach-z-przyjaciolmi-i-sluchaczami-o-tworzeniu-i-wspolpracy-o-ludziach-i-zwierzetach\/\"]}]},{\"@type\":\"BreadcrumbList\",\"@id\":\"https:\/\/takbrzmimiasto.pl\/en\/kwiat-jabloni-o-relacjach-z-przyjaciolmi-i-sluchaczami-o-tworzeniu-i-wspolpracy-o-ludziach-i-zwierzetach\/#breadcrumb\",\"itemListElement\":[{\"@type\":\"ListItem\",\"position\":1,\"name\":\"Strona g\u0142\u00f3wna\",\"item\":\"https:\/\/takbrzmimiasto.pl\/en\/\"},{\"@type\":\"ListItem\",\"position\":2,\"name\":\"Kwiat Jab\u0142oni o ludziach i relacjach. Wywiad z Kasi\u0105 i Jackiem Sienkiewiczami\"}]},{\"@type\":\"WebSite\",\"@id\":\"https:\/\/takbrzmimiasto.pl\/#website\",\"url\":\"https:\/\/takbrzmimiasto.pl\/\",\"name\":\"Tak Brzmi Miasto\",\"description\":\"Tak Brzmi Miasto to konferencja, festiwal, inkubator dla mened\u017cer\u00f3w i akademia\",\"publisher\":{\"@id\":\"https:\/\/takbrzmimiasto.pl\/#organization\"},\"potentialAction\":[{\"@type\":\"SearchAction\",\"target\":{\"@type\":\"EntryPoint\",\"urlTemplate\":\"https:\/\/takbrzmimiasto.pl\/?s={search_term_string}\"},\"query-input\":\"required name=search_term_string\"}],\"inLanguage\":\"en-US\"},{\"@type\":\"Organization\",\"@id\":\"https:\/\/takbrzmimiasto.pl\/#organization\",\"name\":\"Tak Brzmi Miasto\",\"url\":\"https:\/\/takbrzmimiasto.pl\/\",\"sameAs\":[],\"logo\":{\"@type\":\"ImageObject\",\"inLanguage\":\"en-US\",\"@id\":\"https:\/\/takbrzmimiasto.pl\/#\/schema\/logo\/image\/\",\"url\":\"https:\/\/takbrzmimiasto.pl\/wp-content\/uploads\/2021\/04\/www_miniatura_bezmenu.jpg\",\"contentUrl\":\"https:\/\/takbrzmimiasto.pl\/wp-content\/uploads\/2021\/04\/www_miniatura_bezmenu.jpg\",\"width\":1920,\"height\":1080,\"caption\":\"Tak Brzmi Miasto\"},\"image\":{\"@id\":\"https:\/\/takbrzmimiasto.pl\/#\/schema\/logo\/image\/\"}},{\"@type\":\"Person\",\"@id\":\"https:\/\/takbrzmimiasto.pl\/#\/schema\/person\/2dc972a63547f0129144c9bb4aa44d4b\",\"name\":\"Adrianna Ku\u0107mierz\",\"image\":{\"@type\":\"ImageObject\",\"inLanguage\":\"en-US\",\"@id\":\"https:\/\/takbrzmimiasto.pl\/#\/schema\/person\/image\/\",\"url\":\"https:\/\/secure.gravatar.com\/avatar\/a042c94f8c4d08f584629a8ee778f3c9?s=96&d=mm&r=g\",\"contentUrl\":\"https:\/\/secure.gravatar.com\/avatar\/a042c94f8c4d08f584629a8ee778f3c9?s=96&d=mm&r=g\",\"caption\":\"Adrianna Ku\u0107mierz\"},\"description\":\"Adrianna Ku\u0107mierz - wokalistka, autorka tekst\u00f3w, kompozytorka. Tak\u017ce aktorka i lektorka. Pisze piosenki, \u015bpiewa, gra w teatrze i TV. Kocha natur\u0119 i ceni ka\u017cd\u0105 chwil\u0119 sp\u0119dzon\u0105 na \u0142onie przyrody. Podr\u00f3\u017cuje kiedy si\u0119 da, a kiedy nie - celebruje relacje z lud\u017ami lub samotno\u015bci\u0105. Absolwentka Tak Brzmi Miasto Inkubator 2020.\",\"url\":\"https:\/\/takbrzmimiasto.pl\/en\/author\/adrianna-kucmierz\/\"}]}<\/script>\n<!-- \/ Yoast SEO plugin. -->","yoast_head_json":{"title":"Kwiat Jab\u0142oni o ludziach i relacjach. Wywiad z Kasi\u0105 i Jackiem Sienkiewiczami - Tak Brzmi Miasto","robots":{"index":"index","follow":"follow","max-snippet":"max-snippet:-1","max-image-preview":"max-image-preview:large","max-video-preview":"max-video-preview:-1"},"canonical":"https:\/\/takbrzmimiasto.pl\/en\/kwiat-jabloni-o-relacjach-z-przyjaciolmi-i-sluchaczami-o-tworzeniu-i-wspolpracy-o-ludziach-i-zwierzetach\/","og_locale":"en_US","og_type":"article","og_title":"Kwiat Jab\u0142oni o ludziach i relacjach. Wywiad z Kasi\u0105 i Jackiem Sienkiewiczami - Tak Brzmi Miasto","og_description":"Z Kasi\u0105 i Jackiem z zespo\u0142u Kwiat Jab\u0142oni rozmawia Ada Ku\u0107mierz &nbsp; Jeste\u015bcie ekstrawertykami czy introwertykami? A mo\u017ce ambiwertykami? Kasia Sienkiewicz: Ja zdecydowanie jestem ekstrawertykiem. Najlepiej czuj\u0119 si\u0119 w\u015br\u00f3d ludzi. Od kilku lat wynajmuj\u0119 pok\u00f3j w miejscu, gdzie mieszkaj\u0105 te\u017c inne osoby, konkretnie dwie wspania\u0142e skrzypaczki. Dziewczyny maj\u0105 ten sam rozmiar ubra\u0144, wi\u0119c cz\u0119sto po\u017cyczamy [&hellip;]","og_url":"https:\/\/takbrzmimiasto.pl\/en\/kwiat-jabloni-o-relacjach-z-przyjaciolmi-i-sluchaczami-o-tworzeniu-i-wspolpracy-o-ludziach-i-zwierzetach\/","og_site_name":"Tak Brzmi Miasto","article_published_time":"2021-11-08T18:28:14+00:00","article_modified_time":"2022-04-15T09:42:54+00:00","og_image":[{"width":1920,"height":1080,"url":"https:\/\/takbrzmimiasto.pl\/wp-content\/uploads\/2021\/11\/kj.jpg","type":"image\/jpeg"}],"author":"Adrianna Ku\u0107mierz","twitter_card":"summary_large_image","twitter_misc":{"Written by":"Adrianna Ku\u0107mierz","Est. reading time":"10 minutes"},"schema":{"@context":"https:\/\/schema.org","@graph":[{"@type":"Article","@id":"https:\/\/takbrzmimiasto.pl\/en\/kwiat-jabloni-o-relacjach-z-przyjaciolmi-i-sluchaczami-o-tworzeniu-i-wspolpracy-o-ludziach-i-zwierzetach\/#article","isPartOf":{"@id":"https:\/\/takbrzmimiasto.pl\/en\/kwiat-jabloni-o-relacjach-z-przyjaciolmi-i-sluchaczami-o-tworzeniu-i-wspolpracy-o-ludziach-i-zwierzetach\/"},"author":{"name":"Adrianna Ku\u0107mierz","@id":"https:\/\/takbrzmimiasto.pl\/#\/schema\/person\/2dc972a63547f0129144c9bb4aa44d4b"},"headline":"Kwiat Jab\u0142oni o ludziach i relacjach. Wywiad z Kasi\u0105 i Jackiem Sienkiewiczami","datePublished":"2021-11-08T18:28:14+00:00","dateModified":"2022-04-15T09:42:54+00:00","mainEntityOfPage":{"@id":"https:\/\/takbrzmimiasto.pl\/en\/kwiat-jabloni-o-relacjach-z-przyjaciolmi-i-sluchaczami-o-tworzeniu-i-wspolpracy-o-ludziach-i-zwierzetach\/"},"wordCount":2749,"commentCount":0,"publisher":{"@id":"https:\/\/takbrzmimiasto.pl\/#organization"},"articleSection":["Wywiad"],"inLanguage":"en-US","potentialAction":[{"@type":"CommentAction","name":"Comment","target":["https:\/\/takbrzmimiasto.pl\/en\/kwiat-jabloni-o-relacjach-z-przyjaciolmi-i-sluchaczami-o-tworzeniu-i-wspolpracy-o-ludziach-i-zwierzetach\/#respond"]}]},{"@type":"WebPage","@id":"https:\/\/takbrzmimiasto.pl\/en\/kwiat-jabloni-o-relacjach-z-przyjaciolmi-i-sluchaczami-o-tworzeniu-i-wspolpracy-o-ludziach-i-zwierzetach\/","url":"https:\/\/takbrzmimiasto.pl\/en\/kwiat-jabloni-o-relacjach-z-przyjaciolmi-i-sluchaczami-o-tworzeniu-i-wspolpracy-o-ludziach-i-zwierzetach\/","name":"Kwiat Jab\u0142oni o ludziach i relacjach. Wywiad z Kasi\u0105 i Jackiem Sienkiewiczami - Tak Brzmi Miasto","isPartOf":{"@id":"https:\/\/takbrzmimiasto.pl\/#website"},"datePublished":"2021-11-08T18:28:14+00:00","dateModified":"2022-04-15T09:42:54+00:00","breadcrumb":{"@id":"https:\/\/takbrzmimiasto.pl\/en\/kwiat-jabloni-o-relacjach-z-przyjaciolmi-i-sluchaczami-o-tworzeniu-i-wspolpracy-o-ludziach-i-zwierzetach\/#breadcrumb"},"inLanguage":"en-US","potentialAction":[{"@type":"ReadAction","target":["https:\/\/takbrzmimiasto.pl\/en\/kwiat-jabloni-o-relacjach-z-przyjaciolmi-i-sluchaczami-o-tworzeniu-i-wspolpracy-o-ludziach-i-zwierzetach\/"]}]},{"@type":"BreadcrumbList","@id":"https:\/\/takbrzmimiasto.pl\/en\/kwiat-jabloni-o-relacjach-z-przyjaciolmi-i-sluchaczami-o-tworzeniu-i-wspolpracy-o-ludziach-i-zwierzetach\/#breadcrumb","itemListElement":[{"@type":"ListItem","position":1,"name":"Strona g\u0142\u00f3wna","item":"https:\/\/takbrzmimiasto.pl\/en\/"},{"@type":"ListItem","position":2,"name":"Kwiat Jab\u0142oni o ludziach i relacjach. Wywiad z Kasi\u0105 i Jackiem Sienkiewiczami"}]},{"@type":"WebSite","@id":"https:\/\/takbrzmimiasto.pl\/#website","url":"https:\/\/takbrzmimiasto.pl\/","name":"Tak Brzmi Miasto","description":"Tak Brzmi Miasto to konferencja, festiwal, inkubator dla mened\u017cer\u00f3w i akademia","publisher":{"@id":"https:\/\/takbrzmimiasto.pl\/#organization"},"potentialAction":[{"@type":"SearchAction","target":{"@type":"EntryPoint","urlTemplate":"https:\/\/takbrzmimiasto.pl\/?s={search_term_string}"},"query-input":"required name=search_term_string"}],"inLanguage":"en-US"},{"@type":"Organization","@id":"https:\/\/takbrzmimiasto.pl\/#organization","name":"Tak Brzmi Miasto","url":"https:\/\/takbrzmimiasto.pl\/","sameAs":[],"logo":{"@type":"ImageObject","inLanguage":"en-US","@id":"https:\/\/takbrzmimiasto.pl\/#\/schema\/logo\/image\/","url":"https:\/\/takbrzmimiasto.pl\/wp-content\/uploads\/2021\/04\/www_miniatura_bezmenu.jpg","contentUrl":"https:\/\/takbrzmimiasto.pl\/wp-content\/uploads\/2021\/04\/www_miniatura_bezmenu.jpg","width":1920,"height":1080,"caption":"Tak Brzmi Miasto"},"image":{"@id":"https:\/\/takbrzmimiasto.pl\/#\/schema\/logo\/image\/"}},{"@type":"Person","@id":"https:\/\/takbrzmimiasto.pl\/#\/schema\/person\/2dc972a63547f0129144c9bb4aa44d4b","name":"Adrianna Ku\u0107mierz","image":{"@type":"ImageObject","inLanguage":"en-US","@id":"https:\/\/takbrzmimiasto.pl\/#\/schema\/person\/image\/","url":"https:\/\/secure.gravatar.com\/avatar\/a042c94f8c4d08f584629a8ee778f3c9?s=96&d=mm&r=g","contentUrl":"https:\/\/secure.gravatar.com\/avatar\/a042c94f8c4d08f584629a8ee778f3c9?s=96&d=mm&r=g","caption":"Adrianna Ku\u0107mierz"},"description":"Adrianna Ku\u0107mierz - wokalistka, autorka tekst\u00f3w, kompozytorka. Tak\u017ce aktorka i lektorka. Pisze piosenki, \u015bpiewa, gra w teatrze i TV. Kocha natur\u0119 i ceni ka\u017cd\u0105 chwil\u0119 sp\u0119dzon\u0105 na \u0142onie przyrody. Podr\u00f3\u017cuje kiedy si\u0119 da, a kiedy nie - celebruje relacje z lud\u017ami lub samotno\u015bci\u0105. Absolwentka Tak Brzmi Miasto Inkubator 2020.","url":"https:\/\/takbrzmimiasto.pl\/en\/author\/adrianna-kucmierz\/"}]}},"_links":{"self":[{"href":"https:\/\/takbrzmimiasto.pl\/en\/wp-json\/wp\/v2\/posts\/8499\/"}],"collection":[{"href":"https:\/\/takbrzmimiasto.pl\/en\/wp-json\/wp\/v2\/posts\/"}],"about":[{"href":"https:\/\/takbrzmimiasto.pl\/en\/wp-json\/wp\/v2\/types\/post\/"}],"author":[{"embeddable":true,"href":"https:\/\/takbrzmimiasto.pl\/en\/wp-json\/wp\/v2\/users\/39\/"}],"replies":[{"embeddable":true,"href":"https:\/\/takbrzmimiasto.pl\/en\/wp-json\/wp\/v2\/comments\/?post=8499"}],"version-history":[{"count":4,"href":"https:\/\/takbrzmimiasto.pl\/en\/wp-json\/wp\/v2\/posts\/8499\/revisions\/"}],"predecessor-version":[{"id":11988,"href":"https:\/\/takbrzmimiasto.pl\/en\/wp-json\/wp\/v2\/posts\/8499\/revisions\/11988\/"}],"wp:featuredmedia":[{"embeddable":true,"href":"https:\/\/takbrzmimiasto.pl\/en\/wp-json\/wp\/v2\/media\/8500\/"}],"wp:attachment":[{"href":"https:\/\/takbrzmimiasto.pl\/en\/wp-json\/wp\/v2\/media\/?parent=8499"}],"wp:term":[{"taxonomy":"category","embeddable":true,"href":"https:\/\/takbrzmimiasto.pl\/en\/wp-json\/wp\/v2\/categories\/?post=8499"},{"taxonomy":"post_tag","embeddable":true,"href":"https:\/\/takbrzmimiasto.pl\/en\/wp-json\/wp\/v2\/tags\/?post=8499"}],"curies":[{"name":"wp","href":"https:\/\/api.w.org\/{rel}","templated":true}]}}