{"id":9156,"date":"2021-11-24T15:57:23","date_gmt":"2021-11-24T14:57:23","guid":{"rendered":"https:\/\/takbrzmimiasto.pl\/?p=9156"},"modified":"2022-09-23T15:45:00","modified_gmt":"2022-09-23T13:45:00","slug":"nowosci-muzyka-i-wiesci-ze-spolecznosci-tak-brzmi-miasto-listopad-2021","status":"publish","type":"post","link":"https:\/\/takbrzmimiasto.pl\/en\/nowosci-muzyka-i-wiesci-ze-spolecznosci-tak-brzmi-miasto-listopad-2021\/","title":{"rendered":"Nowo\u015bci, muzyka i wie\u015bci ze Spo\u0142eczno\u015bci Tak Brzmi Miasto [listopad 2021]"},"content":{"rendered":"<p><b>Nowe single, kolaboracje i nab\u00f3r do czeskiego festiwalu \u2013 wie\u015bci od Spo\u0142eczno\u015bci TBM. Polecamy!<\/b><\/p>\n<p>&nbsp;<\/p>\n<h2><strong><i>Ko\u0142ysz\u0105<\/i>. Remix singla Ani Samej<\/strong><\/h2>\n<p><span style=\"font-weight: 400;\">Remix <em>Ko\u0142ysz\u0105<\/em> to zupe\u0142nie inna ods\u0142ona pierwotnie mrocznego singla o zaci\u0119ciu elektroniczno-klubowym. Ta wersja jest jasna, pe\u0142na lata i energii. \u2013 Razem z producentem Bartkiem Brzezi\u0144skim chcieli\u015bmy odda\u0107 pe\u0142en potencja\u0142 tego numeru i postanowili\u015bmy i\u015b\u0107 z nim na imprez\u0119 \u2013 m\u00f3wi Ania Maciejczyk czyli Ania Sama. <\/span>Klip do zremiksowanego singla nagrany zosta\u0142 w konwencji spontanicznego wyj\u015bcia na miasto z kole\u017cank\u0105 \u2013 s\u0105 kolorowe drinki, niezdrowe jedzenie p\u00f3\u017ano w nocy oraz ta\u0144ce w klubie. Wszystko to, by odda\u0107 jak najlepiej klimat tych d\u017awi\u0119k\u00f3w.<\/p>\n<p>\n    <span id=\"arrow-link-0e413831\" class=\"d-inline-block\">\n        <a href=\"https:\/\/youtu.be\/QxTVTTjL45U\" class=\"arrow-link underline\">\n            <span class=\"arrow-link_text\">Ko\u0142ysz\u0105 na YT<\/span>\n            <span class=\"arrow-link_icon\">\n                <i class=\"fa-solid fa-arrow-right\"><\/i><i class=\"fa-solid fa-arrow-right\"><\/i>\n            <\/span>\n        <\/a>\n    <\/span>\n    .<br \/>\n\n    <span id=\"arrow-link-45d9997f\" class=\"d-inline-block\">\n        <a href=\"https:\/\/www.facebook.com\/Ania-Sama-239672103381692\" class=\"arrow-link underline\">\n            <span class=\"arrow-link_text\">Ania Sama na FB<\/span>\n            <span class=\"arrow-link_icon\">\n                <i class=\"fa-solid fa-arrow-right\"><\/i><i class=\"fa-solid fa-arrow-right\"><\/i>\n            <\/span>\n        <\/a>\n    <\/span>\n    .<\/p>\n<p><img loading=\"lazy\" decoding=\"async\" class=\"alignnone wp-image-9175 size-large\" src=\"https:\/\/takbrzmimiasto.pl\/wp-content\/uploads\/2021\/11\/Ania-Sama-cover-artwork-Kolysza-bARTek-remix-1080px-800x800.jpg\" alt=\"\" width=\"800\" height=\"800\" data-wp-pid=\"4361\" srcset=\"https:\/\/takbrzmimiasto.pl\/wp-content\/uploads\/2021\/11\/Ania-Sama-cover-artwork-Kolysza-bARTek-remix-1080px-800x800.jpg 800w, https:\/\/takbrzmimiasto.pl\/wp-content\/uploads\/2021\/11\/Ania-Sama-cover-artwork-Kolysza-bARTek-remix-1080px-350x350.jpg 350w, https:\/\/takbrzmimiasto.pl\/wp-content\/uploads\/2021\/11\/Ania-Sama-cover-artwork-Kolysza-bARTek-remix-1080px-100x100.jpg 100w, https:\/\/takbrzmimiasto.pl\/wp-content\/uploads\/2021\/11\/Ania-Sama-cover-artwork-Kolysza-bARTek-remix-1080px-1000x1000.jpg 1000w, https:\/\/takbrzmimiasto.pl\/wp-content\/uploads\/2021\/11\/Ania-Sama-cover-artwork-Kolysza-bARTek-remix-1080px-768x768.jpg 768w, https:\/\/takbrzmimiasto.pl\/wp-content\/uploads\/2021\/11\/Ania-Sama-cover-artwork-Kolysza-bARTek-remix-1080px.jpg 1080w\" sizes=\"(max-width: 800px) 100vw, 800px\" \/><\/p>\n<p>&nbsp;<\/p>\n<h2><strong>Kiev Office z nowym albumem\u00a0<em>Gjinjenj\u00e9\u00a0<\/em>i koncertow\u0105 premier\u0105<\/strong><\/h2>\n<p><span style=\"font-weight: 400;\">Kiev Office to gdy\u0144ska formacja wykonuj\u0105ca maria\u017c post-punku, psychodelii i rocka <\/span><span style=\"font-weight: 400;\">alternatywnego nawi\u0105zuj\u0105cy zar\u00f3wno do tradycji Tr\u00f3jmiejskiej Sceny Alternatywnej jak i mitologii kaszubskiej. Grupa, muzycznie i tekstowo, eksploruje to, co le\u017cy na styku wsp\u00f3\u0142czesno\u015bci, przysz\u0142o\u015bci oraz miejskich i regionalnych legend.<\/span><\/p>\n<p><span style=\"font-weight: 400;\">\u00d3smy album formacji, o tytule <\/span><i><span style=\"font-weight: 400;\">Gjinjenj\u00e9<\/span><\/i><span style=\"font-weight: 400;\"> (z j. kaszubskiego \u2013 zanikanie) to concept album <\/span><span style=\"font-weight: 400;\">po\u015bwi\u0119cony historii S\u0142owi\u0144c\u00f3w \u2013 ludno\u015bci kaszubskiej z okolic Jeziora \u0141ebsko i Jeziora Gardno. <\/span><span style=\"font-weight: 400;\">Muzyka oraz teksty na p\u0142ycie odnosz\u0105 si\u0119 do niepewno\u015bci egzystencjalnej S\u0142owi\u0144c\u00f3w, kt\u00f3rych j\u0119zyk, to\u017csamo\u015b\u0107 i kultura znajdowa\u0142y si\u0119 na skraju bytu i niebytu zar\u00f3wno w czasach pruskich, jak i polskich.<\/span><\/p>\n<p>W czwartek, 29 grudnia w Gdyni (Podw\u00f3rko.art\/Klub Muzyczny Ucho) zesp\u00f3\u0142 zaprezentuje p\u0142yt\u0119 premierowo w towarzystwie go\u015bci\u0144: Joanny Gostkowskiej i Alice.<\/p>\n\n    <span id=\"arrow-link-3a4c5dab\" class=\"d-inline-block\">\n        <a href=\"https:\/\/www.facebook.com\/kievoffice\" class=\"arrow-link underline\">\n            <span class=\"arrow-link_text\">Kiev Office na FB<\/span>\n            <span class=\"arrow-link_icon\">\n                <i class=\"fa-solid fa-arrow-right\"><\/i><i class=\"fa-solid fa-arrow-right\"><\/i>\n            <\/span>\n        <\/a>\n    <\/span>\n    \n<p><img loading=\"lazy\" decoding=\"async\" class=\"aligncenter wp-image-9173 size-large\" src=\"https:\/\/takbrzmimiasto.pl\/wp-content\/uploads\/2021\/11\/Untitled_Artwork-2-800x800.jpg\" alt=\"\" width=\"800\" height=\"800\" data-wp-pid=\"4369\" srcset=\"https:\/\/takbrzmimiasto.pl\/wp-content\/uploads\/2021\/11\/Untitled_Artwork-2-800x800.jpg 800w, https:\/\/takbrzmimiasto.pl\/wp-content\/uploads\/2021\/11\/Untitled_Artwork-2-350x350.jpg 350w, https:\/\/takbrzmimiasto.pl\/wp-content\/uploads\/2021\/11\/Untitled_Artwork-2-scaled-100x100.jpg 100w, https:\/\/takbrzmimiasto.pl\/wp-content\/uploads\/2021\/11\/Untitled_Artwork-2-1000x1000.jpg 1000w, https:\/\/takbrzmimiasto.pl\/wp-content\/uploads\/2021\/11\/Untitled_Artwork-2-768x768.jpg 768w, https:\/\/takbrzmimiasto.pl\/wp-content\/uploads\/2021\/11\/Untitled_Artwork-2-1536x1536.jpg 1536w, https:\/\/takbrzmimiasto.pl\/wp-content\/uploads\/2021\/11\/Untitled_Artwork-2-2048x2048.jpg 2048w\" sizes=\"(max-width: 800px) 100vw, 800px\" \/><\/p>\n<p>&nbsp;<\/p>\n<h2>Roman Wr\u00f3blewski rusza w tras\u0119 z trio. Etno, klasyka i improwizacja<\/h2>\n<p><span style=\"font-weight: 400;\">Tr\u00f3jmiejski pianista Roman Wr\u00f3blewski powraca na Pomorze ze swoim nowym projektem. W trakcie 5 koncert\u00f3w, kt\u00f3re odb\u0119d\u0105 si\u0119 w Ustce, Lidzbarku Warmi\u0144skim, Sopocie, Elbl\u0105gu oraz w Radiu Gda\u0144sk zostan\u0105 zaprezentowane nowe kompozycje oraz kilka utwor\u00f3w z jego debiutanckiej p\u0142yty <em>3:47 AM<\/em> w nowych aran\u017cacjach.<br \/>\n<\/span><\/p>\n<p><span style=\"font-weight: 400;\">Roman Wr\u00f3blewski Trio to intryguj\u0105ca mieszanka muzyki etnicznej, klasycznej oraz improwizacji. Niekonwencjonalny zestaw instrument\u00f3w oraz odmienno\u015b\u0107 styl\u00f3w, w jakich na co dzie\u0144 poruszaj\u0105 si\u0119 muzycy zespo\u0142u, ju\u017c na wst\u0119pie jest obietnic\u0105 wyj\u0105tkowej podr\u00f3\u017cy w\u015br\u00f3d nieznanych dotychczas brzmie\u0144. Do wsp\u00f3\u0142pracy przy tworzeniu nowego materia\u0142u zosta\u0142 zaproszony hiszpa\u0144ski perkusista Luati Gonzalez z Lizbony oraz Weronika Kulpa, wiolonczelistka wsp\u00f3\u0142czesna i barokowa.<\/span><\/p>\n<p><span style=\"font-weight: 400;\">Nowe utwory i aran\u017cacje, inspirowane tradycyjnymi rytmami z Brazylii, Senegalu, Nowej Gwinei oraz Turcji, granymi przez hiszpa\u0144skiego perkusist\u0119 flamenco Luatiego Gonzalesa, w po\u0142\u0105czeniu z klasycznym wykszta\u0142ceniem Romana Wr\u00f3blewskiego oraz Weroniki Kulpy, jest ciekaw\u0105 i bardzo rzadko spotykan\u0105 pr\u00f3b\u0105 po\u0142\u0105czenia kilku, zupe\u0142nie innych \u015bwiat\u00f3w muzycznych.<\/span><\/p>\n<blockquote><p><span style=\"font-weight: 400;\">Daty i miejsca koncert\u00f3w:<br \/>\n<\/span><span style=\"font-weight: 400;\">20.11.2021 &#8211; Ustka, Kino Delfin<br \/>\n<\/span>21.11.2021 &#8211; Lidzbark Warmi\u0144ski, Oran\u017ceria Kultury<br \/>\n<span style=\"font-weight: 400;\">25.11.2021 &#8211; Sopot, Teatr Boto<br \/>\n<\/span>26.11.2021 &#8211; Elbl\u0105g, Galeria El<br \/>\n<span style=\"font-weight: 400;\">28.11.2021 &#8211; Gda\u0144sk, Radio Gda\u0144sk<\/span><\/p><\/blockquote>\n<p><span style=\"font-weight: 400;\">\n    <span id=\"arrow-link-10a12a58\" class=\"d-inline-block\">\n        <a href=\"http:\/\/hyperurl.co\/rw347am\" class=\"arrow-link underline\">\n            <span class=\"arrow-link_text\">3:47 AM<\/span>\n            <span class=\"arrow-link_icon\">\n                <i class=\"fa-solid fa-arrow-right\"><\/i><i class=\"fa-solid fa-arrow-right\"><\/i>\n            <\/span>\n        <\/a>\n    <\/span>\n    <br \/>\n<\/span><span style=\"font-weight: 400;\">\n    <span id=\"arrow-link-dbbb5b13\" class=\"d-inline-block\">\n        <a href=\"https:\/\/www.facebook.com\/romanthepianist\" class=\"arrow-link underline\">\n            <span class=\"arrow-link_text\">Roman Wr\u00f3blewski na FB<\/span>\n            <span class=\"arrow-link_icon\">\n                <i class=\"fa-solid fa-arrow-right\"><\/i><i class=\"fa-solid fa-arrow-right\"><\/i>\n            <\/span>\n        <\/a>\n    <\/span>\n    <\/span><\/p>\n<p><img loading=\"lazy\" decoding=\"async\" class=\"alignnone wp-image-9165 size-full\" src=\"https:\/\/takbrzmimiasto.pl\/wp-content\/uploads\/2021\/11\/Cover_3000x3000.jpg\" alt=\"\" width=\"750\" height=\"750\" data-wp-pid=\"4371\" srcset=\"https:\/\/takbrzmimiasto.pl\/wp-content\/uploads\/2021\/11\/Cover_3000x3000.jpg 750w, https:\/\/takbrzmimiasto.pl\/wp-content\/uploads\/2021\/11\/Cover_3000x3000-350x350.jpg 350w, https:\/\/takbrzmimiasto.pl\/wp-content\/uploads\/2021\/11\/Cover_3000x3000-100x100.jpg 100w\" sizes=\"(max-width: 750px) 100vw, 750px\" \/><\/p>\n<p>&nbsp;<\/p>\n<h2><em>Czerwone Korale:<\/em> Marisol i Ola Bird reinterpretuj\u0105 hit Brathank\u00f3w<\/h2>\n<h2><\/h2>\n<h2><\/h2>\n<p><span style=\"font-weight: 400;\"><em>Czerwone Korale<\/em> to interpretacja znanego utworu zespo\u0142u Brathanki z 2000, kt\u00f3ry z kolei opiera si\u0119 na ludowej melodii skomponowanej przez w\u0119gierskiego kompozytora Ferenca Sebo. 20 lat p\u00f3\u017aniej tej klasyczna opowie\u015b\u0107 o zawodzie mi\u0142osnym nadal wybrzmiewa tak samo prawdziwie, a dzi\u0119ki rytmicznemu, electro beatowi ta folkowa piosenka zyskuje nowe \u017cycie. Inspiruj\u0105c si\u0119 muzyk\u0105 Nao, BANKS czy Sevdalizy, Ola Bird i Marisol przekszta\u0142ci\u0142y ludow\u0105 pie\u015b\u0144 we wsp\u00f3\u0142czesn\u0105 opowie\u015b\u0107. <\/span><\/p>\n\n    <span id=\"arrow-link-a28207e5\" class=\"d-inline-block\">\n        <a href=\"https:\/\/www.youtube.com\/watch?v=jyJRVKF35g0\" class=\"arrow-link underline\">\n            <span class=\"arrow-link_text\">Czerwone Korale<\/span>\n            <span class=\"arrow-link_icon\">\n                <i class=\"fa-solid fa-arrow-right\"><\/i><i class=\"fa-solid fa-arrow-right\"><\/i>\n            <\/span>\n        <\/a>\n    <\/span>\n    \n<p><img loading=\"lazy\" decoding=\"async\" class=\"alignnone wp-image-9163 size-large\" src=\"https:\/\/takbrzmimiasto.pl\/wp-content\/uploads\/2021\/11\/Marisol-X-Ola-Bird-800x671.jpg\" alt=\"\" width=\"800\" height=\"671\" data-wp-pid=\"4373\" \/><\/p>\n<p>&nbsp;<\/p>\n<h2>Last Christmas I gave you my <em>Karp<\/em> \u2013 nowy singiel zespo\u0142u brodach<b>\u00e8<\/b><\/h2>\n<p><span style=\"font-weight: 400;\">Najnowszy singiel zapowiadaj\u0105cy drugi kr\u0105\u017cek zespo\u0142u b\u0119dzie \u015bwi\u0105teczn\u0105 uczt\u0105 zar\u00f3wno dla audiofili, jak i klipoman\u00f3w \u2013 prezentuj\u0105c si\u0119 kolejno w ods\u0142onie audio (19.11) i wideo (26.11).<\/span><\/p>\n<p><span style=\"font-weight: 400;\"><em>Karp<\/em> to numer si\u0119gaj\u0105cy potrzeby bycia tu i teraz. Zw\u0142aszcza, gdy coraz cz\u0119\u015bciej bywamy odklejeni od rzeczywisto\u015bci, zawieszeni w smartfonach, zanurzeni w zmartwieniach. Nie m\u00f3wimy \u017ce nie ma si\u0119 czym martwi\u0107 ale czy taki stan ducha w czym\u015b pomaga?<\/span><\/p>\n\n    <span id=\"arrow-link-5a23e31e\" class=\"d-inline-block\">\n        <a href=\"https:\/\/www.facebook.com\/brodache\" class=\"arrow-link underline\">\n            <span class=\"arrow-link_text\">brodach\u00e8 na FB<\/span>\n            <span class=\"arrow-link_icon\">\n                <i class=\"fa-solid fa-arrow-right\"><\/i><i class=\"fa-solid fa-arrow-right\"><\/i>\n            <\/span>\n        <\/a>\n    <\/span>\n    \n<p><img loading=\"lazy\" decoding=\"async\" class=\"alignnone wp-image-9159 size-large\" src=\"https:\/\/takbrzmimiasto.pl\/wp-content\/uploads\/2021\/11\/brodache-spotify-okladka-800x800.jpg\" alt=\"\" width=\"800\" height=\"800\" data-wp-pid=\"4373\" srcset=\"https:\/\/takbrzmimiasto.pl\/wp-content\/uploads\/2021\/11\/brodache-spotify-okladka-800x800.jpg 800w, https:\/\/takbrzmimiasto.pl\/wp-content\/uploads\/2021\/11\/brodache-spotify-okladka-350x350.jpg 350w, https:\/\/takbrzmimiasto.pl\/wp-content\/uploads\/2021\/11\/brodache-spotify-okladka-scaled-100x100.jpg 100w, https:\/\/takbrzmimiasto.pl\/wp-content\/uploads\/2021\/11\/brodache-spotify-okladka-1000x1000.jpg 1000w, https:\/\/takbrzmimiasto.pl\/wp-content\/uploads\/2021\/11\/brodache-spotify-okladka-768x768.jpg 768w, https:\/\/takbrzmimiasto.pl\/wp-content\/uploads\/2021\/11\/brodache-spotify-okladka-1536x1536.jpg 1536w, https:\/\/takbrzmimiasto.pl\/wp-content\/uploads\/2021\/11\/brodache-spotify-okladka-2048x2048.jpg 2048w\" sizes=\"(max-width: 800px) 100vw, 800px\" \/><\/p>\n<p>&nbsp;<\/p>\n<h2><strong>Muzyczny i obrazkowy<i> M\u00f3j grudzie\u0144<\/i>\u00a0zespo\u0142u OBRASQi<\/strong><\/h2>\n<p><span style=\"font-weight: 400;\"><em>Dopowiedzenia<\/em>, ostatnia p\u0142yta zespo\u0142u Obrasqi, to 12 przestrzennych kompozycji osadzonych gdzie\u015b pomi\u0119dzy rockiem, indie pop i art progresj\u0105. Zesp\u00f3\u0142 si\u0119ga zar\u00f3wno do akustycznych instrument\u00f3w jak i nowoczesnych popowych brzmie\u0144 elektronicznych, tworz\u0105c obok kr\u00f3tkich piosenek, wielominutowe utwory, kt\u00f3re \u0142\u0105czy delikatny kobiecy g\u0142os.\u00a0<\/span><\/p>\n<p><span style=\"font-weight: 400;\">I, cho\u0107 to podsumowanie nowo\u015bci listopadowych, ju\u017c teraz zapraszamy na muzyczn\u0105 i obrazkow\u0105 opowie\u015b\u0107 <em>M\u00f3j grudzie\u0144<\/em>. Premiera: 1 grudnia.<\/span><\/p>\n\n    <span id=\"arrow-link-c27006c6\" class=\"d-inline-block\">\n        <a href=\"https:\/\/www.facebook.com\/obrasqi\" class=\"arrow-link underline\">\n            <span class=\"arrow-link_text\">OBRASQI na FB<\/span>\n            <span class=\"arrow-link_icon\">\n                <i class=\"fa-solid fa-arrow-right\"><\/i><i class=\"fa-solid fa-arrow-right\"><\/i>\n            <\/span>\n        <\/a>\n    <\/span>\n    \n<p><img loading=\"lazy\" decoding=\"async\" class=\"alignnone wp-image-9157 size-large\" src=\"https:\/\/takbrzmimiasto.pl\/wp-content\/uploads\/2021\/11\/obrasqi-800x800.jpg\" alt=\"\" width=\"800\" height=\"800\" data-wp-pid=\"4373\" srcset=\"https:\/\/takbrzmimiasto.pl\/wp-content\/uploads\/2021\/11\/obrasqi-800x800.jpg 800w, https:\/\/takbrzmimiasto.pl\/wp-content\/uploads\/2021\/11\/obrasqi-350x350.jpg 350w, https:\/\/takbrzmimiasto.pl\/wp-content\/uploads\/2021\/11\/obrasqi-100x100.jpg 100w, https:\/\/takbrzmimiasto.pl\/wp-content\/uploads\/2021\/11\/obrasqi-1000x1000.jpg 1000w, https:\/\/takbrzmimiasto.pl\/wp-content\/uploads\/2021\/11\/obrasqi-768x768.jpg 768w, https:\/\/takbrzmimiasto.pl\/wp-content\/uploads\/2021\/11\/obrasqi.jpg 1080w\" sizes=\"(max-width: 800px) 100vw, 800px\" \/><\/p>\n<p>&nbsp;<\/p>\n<h2><strong>Hradeck\u00fd slunovrat zaprasza polskie zespo\u0142y!<\/strong><\/h2>\n<p><span style=\"font-weight: 400;\">Z pewnych \u017ar\u00f3de\u0142 wiemy, \u017ce czeski festiwal Hradeck\u00fd slunovrat jest bardzo otwarty na polsk\u0105 muzyk\u0119. Do 31 grudnia organizatorzy prowadz\u0105 nab\u00f3r zg\u0142osze\u0144 zespo\u0142\u00f3w ch\u0119tnych, \u017ceby wyst\u0105pi\u0107 na scenie\u00a0<em>Welcome <\/em>podczas wydarzenia, kt\u00f3re odb\u0119dzie si\u0119 mi\u0119dzy 23 a 26 czerwca 2022 r. w Opawie. Najp\u00f3\u017aniej 17 stycznia dowiemy si\u0119, kogo zaprosz\u0105 organizatorzy. Liczymy na mocn\u0105 reprezentacj\u0119 Spo\u0142eczno\u015bci TBM!\u00a0<\/span><\/p>\n<p>Poza samym koncertem jest sporo zalet przej\u015bcia eliminacji: <span style=\"font-weight: 400;\">Hradeck\u00fd slunovrat wsp\u00f3\u0142pracuje z innymi festiwalami w Czechach, polecaj\u0105c im artyst\u00f3w; wszyscy wykonawcy b\u0119d\u0105 mieli okazj\u0119 zaprezentowa\u0107 swoj\u0105 tw\u00f3rczo\u015b\u0107 w Radiu Proglas w formie koncertu w studiu lub wywiadu, a szefem jury jest Milan Tesa\u0159, koordynator World Music Charts Europe.<\/span><\/p>\n<p>\n    <span id=\"arrow-link-11e2a01a\" class=\"d-inline-block\">\n        <a href=\"https:\/\/hradeckyslunovrat.cz\/welcome-scena\/\" class=\"arrow-link underline\">\n            <span class=\"arrow-link_text\">Zg\u0142oszenia na Welcome sc\u00e9n\u011b<\/span>\n            <span class=\"arrow-link_icon\">\n                <i class=\"fa-solid fa-arrow-right\"><\/i><i class=\"fa-solid fa-arrow-right\"><\/i>\n            <\/span>\n        <\/a>\n    <\/span>\n    <br \/>\n\n    <span id=\"arrow-link-e8c531ea\" class=\"d-inline-block\">\n        <a href=\"https:\/\/www.facebook.com\/hradeckyslunovrat\/\" class=\"arrow-link underline\">\n            <span class=\"arrow-link_text\">Hradeck\u00fd slunovrat na FB<\/span>\n            <span class=\"arrow-link_icon\">\n                <i class=\"fa-solid fa-arrow-right\"><\/i><i class=\"fa-solid fa-arrow-right\"><\/i>\n            <\/span>\n        <\/a>\n    <\/span>\n    <\/p>\n<p><img loading=\"lazy\" decoding=\"async\" class=\"alignnone wp-image-9161 size-large\" src=\"https:\/\/takbrzmimiasto.pl\/wp-content\/uploads\/2021\/11\/czesqi-fest-800x534.jpg\" alt=\"\" width=\"800\" height=\"534\" data-wp-pid=\"4373\" srcset=\"https:\/\/takbrzmimiasto.pl\/wp-content\/uploads\/2021\/11\/czesqi-fest-800x534.jpg 800w, https:\/\/takbrzmimiasto.pl\/wp-content\/uploads\/2021\/11\/czesqi-fest-1000x667.jpg 1000w, https:\/\/takbrzmimiasto.pl\/wp-content\/uploads\/2021\/11\/czesqi-fest-350x234.jpg 350w, https:\/\/takbrzmimiasto.pl\/wp-content\/uploads\/2021\/11\/czesqi-fest-768x512.jpg 768w, https:\/\/takbrzmimiasto.pl\/wp-content\/uploads\/2021\/11\/czesqi-fest.jpg 1400w\" sizes=\"(max-width: 800px) 100vw, 800px\" \/><\/p>\n<p>&nbsp;<\/p>\n<p>&nbsp;<\/p>\n","protected":false},"excerpt":{"rendered":"<p>Nowe single, kolaboracje i nab\u00f3r do czeskiego festiwalu \u2013 wie\u015bci od Spo\u0142eczno\u015bci TBM. Polecamy! &nbsp; Ko\u0142ysz\u0105. Remix singla Ani Samej Remix Ko\u0142ysz\u0105 to zupe\u0142nie inna ods\u0142ona pierwotnie mrocznego singla o zaci\u0119ciu elektroniczno-klubowym. Ta wersja jest jasna, pe\u0142na lata i energii. \u2013 Razem z producentem Bartkiem Brzezi\u0144skim chcieli\u015bmy odda\u0107 pe\u0142en potencja\u0142 tego numeru i postanowili\u015bmy i\u015b\u0107 [&hellip;]<\/p>\n","protected":false},"author":60,"featured_media":9184,"comment_status":"open","ping_status":"open","sticky":false,"template":"","format":"standard","meta":{"inline_featured_image":false,"footnotes":""},"categories":[308],"tags":[],"class_list":["post-9156","post","type-post","status-publish","format-standard","has-post-thumbnail","hentry","category-aktualnosci"],"acf":[],"yoast_head":"<!-- This site is optimized with the Yoast SEO plugin v19.7.1 - https:\/\/yoast.com\/wordpress\/plugins\/seo\/ -->\n<title>Nowo\u015bci, muzyka i wie\u015bci ze Spo\u0142eczno\u015bci Tak Brzmi Miasto [listopad 2021] - Tak Brzmi Miasto<\/title>\n<meta name=\"robots\" content=\"index, follow, max-snippet:-1, max-image-preview:large, max-video-preview:-1\" \/>\n<link rel=\"canonical\" href=\"https:\/\/takbrzmimiasto.pl\/en\/nowosci-muzyka-i-wiesci-ze-spolecznosci-tak-brzmi-miasto-listopad-2021\/\" \/>\n<meta property=\"og:locale\" content=\"en_US\" \/>\n<meta property=\"og:type\" content=\"article\" \/>\n<meta property=\"og:title\" content=\"Nowo\u015bci, muzyka i wie\u015bci ze Spo\u0142eczno\u015bci Tak Brzmi Miasto [listopad 2021] - Tak Brzmi Miasto\" \/>\n<meta property=\"og:description\" content=\"Nowe single, kolaboracje i nab\u00f3r do czeskiego festiwalu \u2013 wie\u015bci od Spo\u0142eczno\u015bci TBM. Polecamy! &nbsp; Ko\u0142ysz\u0105. Remix singla Ani Samej Remix Ko\u0142ysz\u0105 to zupe\u0142nie inna ods\u0142ona pierwotnie mrocznego singla o zaci\u0119ciu elektroniczno-klubowym. Ta wersja jest jasna, pe\u0142na lata i energii. \u2013 Razem z producentem Bartkiem Brzezi\u0144skim chcieli\u015bmy odda\u0107 pe\u0142en potencja\u0142 tego numeru i postanowili\u015bmy i\u015b\u0107 [&hellip;]\" \/>\n<meta property=\"og:url\" content=\"https:\/\/takbrzmimiasto.pl\/en\/nowosci-muzyka-i-wiesci-ze-spolecznosci-tak-brzmi-miasto-listopad-2021\/\" \/>\n<meta property=\"og:site_name\" content=\"Tak Brzmi Miasto\" \/>\n<meta property=\"article:published_time\" content=\"2021-11-24T14:57:23+00:00\" \/>\n<meta property=\"article:modified_time\" content=\"2022-09-23T13:45:00+00:00\" \/>\n<meta property=\"og:image\" content=\"https:\/\/takbrzmimiasto.pl\/wp-content\/uploads\/2021\/11\/mw.jpg\" \/>\n\t<meta property=\"og:image:width\" content=\"1920\" \/>\n\t<meta property=\"og:image:height\" content=\"1080\" \/>\n\t<meta property=\"og:image:type\" content=\"image\/jpeg\" \/>\n<meta name=\"author\" content=\"Ewelina Krawczyk\" \/>\n<meta name=\"twitter:card\" content=\"summary_large_image\" \/>\n<meta name=\"twitter:label1\" content=\"Written by\" \/>\n\t<meta name=\"twitter:data1\" content=\"Ewelina Krawczyk\" \/>\n\t<meta name=\"twitter:label2\" content=\"Est. reading time\" \/>\n\t<meta name=\"twitter:data2\" content=\"5 minutes\" \/>\n<script type=\"application\/ld+json\" class=\"yoast-schema-graph\">{\"@context\":\"https:\/\/schema.org\",\"@graph\":[{\"@type\":\"Article\",\"@id\":\"https:\/\/takbrzmimiasto.pl\/en\/nowosci-muzyka-i-wiesci-ze-spolecznosci-tak-brzmi-miasto-listopad-2021\/#article\",\"isPartOf\":{\"@id\":\"https:\/\/takbrzmimiasto.pl\/en\/nowosci-muzyka-i-wiesci-ze-spolecznosci-tak-brzmi-miasto-listopad-2021\/\"},\"author\":{\"name\":\"Ewelina Krawczyk\",\"@id\":\"https:\/\/takbrzmimiasto.pl\/#\/schema\/person\/1c946f5380dc2c5faa442dcd9665f577\"},\"headline\":\"Nowo\u015bci, muzyka i wie\u015bci ze Spo\u0142eczno\u015bci Tak Brzmi Miasto [listopad 2021]\",\"datePublished\":\"2021-11-24T14:57:23+00:00\",\"dateModified\":\"2022-09-23T13:45:00+00:00\",\"mainEntityOfPage\":{\"@id\":\"https:\/\/takbrzmimiasto.pl\/en\/nowosci-muzyka-i-wiesci-ze-spolecznosci-tak-brzmi-miasto-listopad-2021\/\"},\"wordCount\":1012,\"commentCount\":0,\"publisher\":{\"@id\":\"https:\/\/takbrzmimiasto.pl\/#organization\"},\"articleSection\":[\"Aktualno\u015bci\"],\"inLanguage\":\"en-US\",\"potentialAction\":[{\"@type\":\"CommentAction\",\"name\":\"Comment\",\"target\":[\"https:\/\/takbrzmimiasto.pl\/en\/nowosci-muzyka-i-wiesci-ze-spolecznosci-tak-brzmi-miasto-listopad-2021\/#respond\"]}]},{\"@type\":\"WebPage\",\"@id\":\"https:\/\/takbrzmimiasto.pl\/en\/nowosci-muzyka-i-wiesci-ze-spolecznosci-tak-brzmi-miasto-listopad-2021\/\",\"url\":\"https:\/\/takbrzmimiasto.pl\/en\/nowosci-muzyka-i-wiesci-ze-spolecznosci-tak-brzmi-miasto-listopad-2021\/\",\"name\":\"Nowo\u015bci, muzyka i wie\u015bci ze Spo\u0142eczno\u015bci Tak Brzmi Miasto [listopad 2021] - Tak Brzmi Miasto\",\"isPartOf\":{\"@id\":\"https:\/\/takbrzmimiasto.pl\/#website\"},\"datePublished\":\"2021-11-24T14:57:23+00:00\",\"dateModified\":\"2022-09-23T13:45:00+00:00\",\"breadcrumb\":{\"@id\":\"https:\/\/takbrzmimiasto.pl\/en\/nowosci-muzyka-i-wiesci-ze-spolecznosci-tak-brzmi-miasto-listopad-2021\/#breadcrumb\"},\"inLanguage\":\"en-US\",\"potentialAction\":[{\"@type\":\"ReadAction\",\"target\":[\"https:\/\/takbrzmimiasto.pl\/en\/nowosci-muzyka-i-wiesci-ze-spolecznosci-tak-brzmi-miasto-listopad-2021\/\"]}]},{\"@type\":\"BreadcrumbList\",\"@id\":\"https:\/\/takbrzmimiasto.pl\/en\/nowosci-muzyka-i-wiesci-ze-spolecznosci-tak-brzmi-miasto-listopad-2021\/#breadcrumb\",\"itemListElement\":[{\"@type\":\"ListItem\",\"position\":1,\"name\":\"Strona g\u0142\u00f3wna\",\"item\":\"https:\/\/takbrzmimiasto.pl\/en\/\"},{\"@type\":\"ListItem\",\"position\":2,\"name\":\"Nowo\u015bci, muzyka i wie\u015bci ze Spo\u0142eczno\u015bci Tak Brzmi Miasto [listopad 2021]\"}]},{\"@type\":\"WebSite\",\"@id\":\"https:\/\/takbrzmimiasto.pl\/#website\",\"url\":\"https:\/\/takbrzmimiasto.pl\/\",\"name\":\"Tak Brzmi Miasto\",\"description\":\"Tak Brzmi Miasto to konferencja, festiwal, inkubator dla mened\u017cer\u00f3w i akademia\",\"publisher\":{\"@id\":\"https:\/\/takbrzmimiasto.pl\/#organization\"},\"potentialAction\":[{\"@type\":\"SearchAction\",\"target\":{\"@type\":\"EntryPoint\",\"urlTemplate\":\"https:\/\/takbrzmimiasto.pl\/?s={search_term_string}\"},\"query-input\":\"required name=search_term_string\"}],\"inLanguage\":\"en-US\"},{\"@type\":\"Organization\",\"@id\":\"https:\/\/takbrzmimiasto.pl\/#organization\",\"name\":\"Tak Brzmi Miasto\",\"url\":\"https:\/\/takbrzmimiasto.pl\/\",\"sameAs\":[],\"logo\":{\"@type\":\"ImageObject\",\"inLanguage\":\"en-US\",\"@id\":\"https:\/\/takbrzmimiasto.pl\/#\/schema\/logo\/image\/\",\"url\":\"https:\/\/takbrzmimiasto.pl\/wp-content\/uploads\/2021\/04\/www_miniatura_bezmenu.jpg\",\"contentUrl\":\"https:\/\/takbrzmimiasto.pl\/wp-content\/uploads\/2021\/04\/www_miniatura_bezmenu.jpg\",\"width\":1920,\"height\":1080,\"caption\":\"Tak Brzmi Miasto\"},\"image\":{\"@id\":\"https:\/\/takbrzmimiasto.pl\/#\/schema\/logo\/image\/\"}},{\"@type\":\"Person\",\"@id\":\"https:\/\/takbrzmimiasto.pl\/#\/schema\/person\/1c946f5380dc2c5faa442dcd9665f577\",\"name\":\"Ewelina Krawczyk\",\"image\":{\"@type\":\"ImageObject\",\"inLanguage\":\"en-US\",\"@id\":\"https:\/\/takbrzmimiasto.pl\/#\/schema\/person\/image\/\",\"url\":\"https:\/\/secure.gravatar.com\/avatar\/03e1748f22765fb67ad17a1be9f9214e?s=96&d=mm&r=g\",\"contentUrl\":\"https:\/\/secure.gravatar.com\/avatar\/03e1748f22765fb67ad17a1be9f9214e?s=96&d=mm&r=g\",\"caption\":\"Ewelina Krawczyk\"},\"description\":\"Organizatorka, promotorka i mened\u017cerka kultury. Dyrektorka Festiwalu Wschody promuj\u0105cego now\u0105 muzyk\u0119 artystyczn\u0105. Dotychczas m.in. specjalistka ds. promocji w Wydawnictwie Znak, dziennikarka w Polska Press, wsp\u00f3\u0142prowadz\u0105ca projekty rekrutacyjne i kreatywne. Z wykszta\u0142cenia psycholo\u017cka, prowadzi\u0142a zaj\u0119cia m.in. z psychologii osobowo\u015bci i tw\u00f3rczo\u015bci. Tworzy swoj\u0105 jednoosobow\u0105 agencj\u0119 kreatywn\u0105, Si\u0119 tworzy - promocyjny pomost mi\u0119dzy tw\u00f3rcami a reszt\u0105 \u015bwiata.\",\"url\":\"https:\/\/takbrzmimiasto.pl\/en\/author\/ewelina-krawczyk\/\"}]}<\/script>\n<!-- \/ Yoast SEO plugin. -->","yoast_head_json":{"title":"Nowo\u015bci, muzyka i wie\u015bci ze Spo\u0142eczno\u015bci Tak Brzmi Miasto [listopad 2021] - Tak Brzmi Miasto","robots":{"index":"index","follow":"follow","max-snippet":"max-snippet:-1","max-image-preview":"max-image-preview:large","max-video-preview":"max-video-preview:-1"},"canonical":"https:\/\/takbrzmimiasto.pl\/en\/nowosci-muzyka-i-wiesci-ze-spolecznosci-tak-brzmi-miasto-listopad-2021\/","og_locale":"en_US","og_type":"article","og_title":"Nowo\u015bci, muzyka i wie\u015bci ze Spo\u0142eczno\u015bci Tak Brzmi Miasto [listopad 2021] - Tak Brzmi Miasto","og_description":"Nowe single, kolaboracje i nab\u00f3r do czeskiego festiwalu \u2013 wie\u015bci od Spo\u0142eczno\u015bci TBM. Polecamy! &nbsp; Ko\u0142ysz\u0105. Remix singla Ani Samej Remix Ko\u0142ysz\u0105 to zupe\u0142nie inna ods\u0142ona pierwotnie mrocznego singla o zaci\u0119ciu elektroniczno-klubowym. Ta wersja jest jasna, pe\u0142na lata i energii. \u2013 Razem z producentem Bartkiem Brzezi\u0144skim chcieli\u015bmy odda\u0107 pe\u0142en potencja\u0142 tego numeru i postanowili\u015bmy i\u015b\u0107 [&hellip;]","og_url":"https:\/\/takbrzmimiasto.pl\/en\/nowosci-muzyka-i-wiesci-ze-spolecznosci-tak-brzmi-miasto-listopad-2021\/","og_site_name":"Tak Brzmi Miasto","article_published_time":"2021-11-24T14:57:23+00:00","article_modified_time":"2022-09-23T13:45:00+00:00","og_image":[{"width":1920,"height":1080,"url":"https:\/\/takbrzmimiasto.pl\/wp-content\/uploads\/2021\/11\/mw.jpg","type":"image\/jpeg"}],"author":"Ewelina Krawczyk","twitter_card":"summary_large_image","twitter_misc":{"Written by":"Ewelina Krawczyk","Est. reading time":"5 minutes"},"schema":{"@context":"https:\/\/schema.org","@graph":[{"@type":"Article","@id":"https:\/\/takbrzmimiasto.pl\/en\/nowosci-muzyka-i-wiesci-ze-spolecznosci-tak-brzmi-miasto-listopad-2021\/#article","isPartOf":{"@id":"https:\/\/takbrzmimiasto.pl\/en\/nowosci-muzyka-i-wiesci-ze-spolecznosci-tak-brzmi-miasto-listopad-2021\/"},"author":{"name":"Ewelina Krawczyk","@id":"https:\/\/takbrzmimiasto.pl\/#\/schema\/person\/1c946f5380dc2c5faa442dcd9665f577"},"headline":"Nowo\u015bci, muzyka i wie\u015bci ze Spo\u0142eczno\u015bci Tak Brzmi Miasto [listopad 2021]","datePublished":"2021-11-24T14:57:23+00:00","dateModified":"2022-09-23T13:45:00+00:00","mainEntityOfPage":{"@id":"https:\/\/takbrzmimiasto.pl\/en\/nowosci-muzyka-i-wiesci-ze-spolecznosci-tak-brzmi-miasto-listopad-2021\/"},"wordCount":1012,"commentCount":0,"publisher":{"@id":"https:\/\/takbrzmimiasto.pl\/#organization"},"articleSection":["Aktualno\u015bci"],"inLanguage":"en-US","potentialAction":[{"@type":"CommentAction","name":"Comment","target":["https:\/\/takbrzmimiasto.pl\/en\/nowosci-muzyka-i-wiesci-ze-spolecznosci-tak-brzmi-miasto-listopad-2021\/#respond"]}]},{"@type":"WebPage","@id":"https:\/\/takbrzmimiasto.pl\/en\/nowosci-muzyka-i-wiesci-ze-spolecznosci-tak-brzmi-miasto-listopad-2021\/","url":"https:\/\/takbrzmimiasto.pl\/en\/nowosci-muzyka-i-wiesci-ze-spolecznosci-tak-brzmi-miasto-listopad-2021\/","name":"Nowo\u015bci, muzyka i wie\u015bci ze Spo\u0142eczno\u015bci Tak Brzmi Miasto [listopad 2021] - Tak Brzmi Miasto","isPartOf":{"@id":"https:\/\/takbrzmimiasto.pl\/#website"},"datePublished":"2021-11-24T14:57:23+00:00","dateModified":"2022-09-23T13:45:00+00:00","breadcrumb":{"@id":"https:\/\/takbrzmimiasto.pl\/en\/nowosci-muzyka-i-wiesci-ze-spolecznosci-tak-brzmi-miasto-listopad-2021\/#breadcrumb"},"inLanguage":"en-US","potentialAction":[{"@type":"ReadAction","target":["https:\/\/takbrzmimiasto.pl\/en\/nowosci-muzyka-i-wiesci-ze-spolecznosci-tak-brzmi-miasto-listopad-2021\/"]}]},{"@type":"BreadcrumbList","@id":"https:\/\/takbrzmimiasto.pl\/en\/nowosci-muzyka-i-wiesci-ze-spolecznosci-tak-brzmi-miasto-listopad-2021\/#breadcrumb","itemListElement":[{"@type":"ListItem","position":1,"name":"Strona g\u0142\u00f3wna","item":"https:\/\/takbrzmimiasto.pl\/en\/"},{"@type":"ListItem","position":2,"name":"Nowo\u015bci, muzyka i wie\u015bci ze Spo\u0142eczno\u015bci Tak Brzmi Miasto [listopad 2021]"}]},{"@type":"WebSite","@id":"https:\/\/takbrzmimiasto.pl\/#website","url":"https:\/\/takbrzmimiasto.pl\/","name":"Tak Brzmi Miasto","description":"Tak Brzmi Miasto to konferencja, festiwal, inkubator dla mened\u017cer\u00f3w i akademia","publisher":{"@id":"https:\/\/takbrzmimiasto.pl\/#organization"},"potentialAction":[{"@type":"SearchAction","target":{"@type":"EntryPoint","urlTemplate":"https:\/\/takbrzmimiasto.pl\/?s={search_term_string}"},"query-input":"required name=search_term_string"}],"inLanguage":"en-US"},{"@type":"Organization","@id":"https:\/\/takbrzmimiasto.pl\/#organization","name":"Tak Brzmi Miasto","url":"https:\/\/takbrzmimiasto.pl\/","sameAs":[],"logo":{"@type":"ImageObject","inLanguage":"en-US","@id":"https:\/\/takbrzmimiasto.pl\/#\/schema\/logo\/image\/","url":"https:\/\/takbrzmimiasto.pl\/wp-content\/uploads\/2021\/04\/www_miniatura_bezmenu.jpg","contentUrl":"https:\/\/takbrzmimiasto.pl\/wp-content\/uploads\/2021\/04\/www_miniatura_bezmenu.jpg","width":1920,"height":1080,"caption":"Tak Brzmi Miasto"},"image":{"@id":"https:\/\/takbrzmimiasto.pl\/#\/schema\/logo\/image\/"}},{"@type":"Person","@id":"https:\/\/takbrzmimiasto.pl\/#\/schema\/person\/1c946f5380dc2c5faa442dcd9665f577","name":"Ewelina Krawczyk","image":{"@type":"ImageObject","inLanguage":"en-US","@id":"https:\/\/takbrzmimiasto.pl\/#\/schema\/person\/image\/","url":"https:\/\/secure.gravatar.com\/avatar\/03e1748f22765fb67ad17a1be9f9214e?s=96&d=mm&r=g","contentUrl":"https:\/\/secure.gravatar.com\/avatar\/03e1748f22765fb67ad17a1be9f9214e?s=96&d=mm&r=g","caption":"Ewelina Krawczyk"},"description":"Organizatorka, promotorka i mened\u017cerka kultury. Dyrektorka Festiwalu Wschody promuj\u0105cego now\u0105 muzyk\u0119 artystyczn\u0105. Dotychczas m.in. specjalistka ds. promocji w Wydawnictwie Znak, dziennikarka w Polska Press, wsp\u00f3\u0142prowadz\u0105ca projekty rekrutacyjne i kreatywne. Z wykszta\u0142cenia psycholo\u017cka, prowadzi\u0142a zaj\u0119cia m.in. z psychologii osobowo\u015bci i tw\u00f3rczo\u015bci. Tworzy swoj\u0105 jednoosobow\u0105 agencj\u0119 kreatywn\u0105, Si\u0119 tworzy - promocyjny pomost mi\u0119dzy tw\u00f3rcami a reszt\u0105 \u015bwiata.","url":"https:\/\/takbrzmimiasto.pl\/en\/author\/ewelina-krawczyk\/"}]}},"_links":{"self":[{"href":"https:\/\/takbrzmimiasto.pl\/en\/wp-json\/wp\/v2\/posts\/9156\/"}],"collection":[{"href":"https:\/\/takbrzmimiasto.pl\/en\/wp-json\/wp\/v2\/posts\/"}],"about":[{"href":"https:\/\/takbrzmimiasto.pl\/en\/wp-json\/wp\/v2\/types\/post\/"}],"author":[{"embeddable":true,"href":"https:\/\/takbrzmimiasto.pl\/en\/wp-json\/wp\/v2\/users\/60\/"}],"replies":[{"embeddable":true,"href":"https:\/\/takbrzmimiasto.pl\/en\/wp-json\/wp\/v2\/comments\/?post=9156"}],"version-history":[{"count":2,"href":"https:\/\/takbrzmimiasto.pl\/en\/wp-json\/wp\/v2\/posts\/9156\/revisions\/"}],"predecessor-version":[{"id":15348,"href":"https:\/\/takbrzmimiasto.pl\/en\/wp-json\/wp\/v2\/posts\/9156\/revisions\/15348\/"}],"wp:featuredmedia":[{"embeddable":true,"href":"https:\/\/takbrzmimiasto.pl\/en\/wp-json\/wp\/v2\/media\/9184\/"}],"wp:attachment":[{"href":"https:\/\/takbrzmimiasto.pl\/en\/wp-json\/wp\/v2\/media\/?parent=9156"}],"wp:term":[{"taxonomy":"category","embeddable":true,"href":"https:\/\/takbrzmimiasto.pl\/en\/wp-json\/wp\/v2\/categories\/?post=9156"},{"taxonomy":"post_tag","embeddable":true,"href":"https:\/\/takbrzmimiasto.pl\/en\/wp-json\/wp\/v2\/tags\/?post=9156"}],"curies":[{"name":"wp","href":"https:\/\/api.w.org\/{rel}","templated":true}]}}